{"id":43410,"date":"2018-06-25T15:52:42","date_gmt":"2018-06-25T15:52:42","guid":{"rendered":"http:\/\/copealcoi.es\/new\/?p=43410"},"modified":"2018-06-26T13:51:41","modified_gmt":"2018-06-26T13:51:41","slug":"compromis-rompe-el-pacto-de-gobierno-con-eu-en-muro","status":"publish","type":"post","link":"https:\/\/www.copealcoy.es\/es\/compromis-rompe-el-pacto-de-gobierno-con-eu-en-muro\/","title":{"rendered":"Comprom\u00eds rompe el Pacto de Gobierno con EU en Muro"},"content":{"rendered":"<p style=\"text-align: justify;\">Comprom\u00eds <strong>ha roto el Pacto de Gobierno suscrito con Esquerra Unida<\/strong> en junio de 2015 y que permiti\u00f3<strong> iniciar la actual legislatura<\/strong> en el Ayuntamiento de Muro con <strong>un Ejecutivo Municipal de siete ediles<\/strong>, a los que se sum\u00f3 el PSOE en los dos primeros a\u00f1os, as\u00ed como con la condici\u00f3n de <strong>una alcald\u00eda rotatoria<\/strong> entre las dos primeras formaciones pol\u00edticas.<\/p>\n<p style=\"text-align: justify;\">La alcaldesa de esta localidad del Comtat, <strong>Jacquel\u00edn Cerd\u00e0<\/strong>, compareci\u00f3 este lunes ante los medios de comunicaci\u00f3n para <strong>explicar las razones<\/strong> que han llevado a esta situaci\u00f3n y destac\u00f3 que <strong>desde que accedi\u00f3 a la alcald\u00eda<\/strong>, hace ahora poco m\u00e1s de un a\u00f1o, <strong>ha sido imposible<\/strong> trabajar con los hasta ahora sus socios de Gobierno de EU. Adem\u00e1s Cerd\u00e0 enumer\u00f3 que <strong>los concejales de Esquerra Unida han negociado a espaldas de la primera edil temas importantes<\/strong> como la cesi\u00f3n del \u2018Patronat\u2019 o el Cementerio con la parroquia, el Plan de Obras y Servicios con la Diputaci\u00f3n de Alicante y las cuestiones relativas a conseguir la gesti\u00f3n p\u00fablica del agua potable del municipio. De igual forma la alcaldesa de Muro asegur\u00f3 que <strong>EU lanz\u00f3 recientemente informaciones junto al PP sobre un posible riesgo de contaminaci\u00f3n<\/strong> en los barracones del colegio El Bracal a ra\u00edz de un problema con la red de agua potable de estas instalaciones \u201c<em>mienten por buscar un r\u00e9dito electoral y fomentan la crispaci\u00f3n as\u00ed como el enfrentamiento social. Ha llegado el punto en que no podemos soportar ver tanta hipocres\u00eda, tantas mentiras, y tantas estrategias de Esquerra Unida encaminadas, \u00fanicamente, a cargar contra Comprom\u00eds y menospreciar nuestra gesti\u00f3n de cara al pueblo de Muro<\/em>\u201d, dijo <strong>Jacquel\u00edn Cerd\u00e0<\/strong>.<\/p>\n<p style=\"text-align: justify;\">Por \u00faltimo la alcaldesa murera dej\u00f3 claro que <strong>Comprom\u00eds gobernar\u00e1 en minor\u00eda con cuatro concejales<\/strong> en lo que resta de legislatura hasta los comicios municipales de 2019 y <strong>tendi\u00f3 la mano al resto de grupos pol\u00edticos<\/strong> para alcanzar acuerdos que permitan trabajar por la mejora de Muro.<\/p>\n<p><strong>EU defiende su gesti\u00f3n y pide dimisiones en Comprom\u00eds<\/strong><\/p>\n<p style=\"text-align: justify;\">Por su parte el Grupo Municipal de <strong>Esquerra Unida<\/strong> ha valorado los acontecimientos ocurridos en las \u00faltimas horas y ha asegurado que <strong>Comprom\u00eds ha roto el Pacto de Gobierno de forma<\/strong> \u201c<em>unilateral. Ni nos han convocado a una reuni\u00f3n ni nos han dicho nada al respecto<\/em>\u201d, afirmaba en COPE ALCOY el portavoz, <strong>Francesc Valls<\/strong>.\u00a0 Asimismo Valls defend\u00eda <strong>la gesti\u00f3n realizada por su partido en la cuesti\u00f3n del tubo del agua potable del Bracal<\/strong> y explicaba que en todo momento <strong>han tratado de dar informaci\u00f3n sobre este asunto<\/strong> a partidos de la oposici\u00f3n que lo solicitaron como es el caso del PP. Finalmente desde Esquerra Unida consideran que ha habido en los \u00faltimos d\u00edas <strong>un uso partidista de los medios del Ayuntamiento a la hora de cargar con el partido<\/strong> \u201c<em>creemos que deber\u00eda haber dimisiones\u00a0 de ipso facto porque \u00a0en Comprom\u00eds no saben diferenciar entre la formaci\u00f3n pol\u00edtica y la instituci\u00f3n, un hecho que perjudica y mucho a nuestro pueblo<\/em>\u201d, concluy\u00f3 Francesc Valls.<\/p>\n","protected":false},"excerpt":{"rendered":"<p>Comprom\u00eds ha roto el Pacto de Gobierno suscrito con Esquerra Unida en junio de 2015 y que permiti\u00f3 iniciar la&#8230;<\/p>\n","protected":false},"author":1,"featured_media":0,"comment_status":"open","ping_status":"open","sticky":false,"template":"","format":"standard","meta":{"footnotes":""},"categories":[98,75,125],"tags":[152,421,135,5899,5898],"class_list":["post-43410","post","type-post","status-publish","format-standard","hentry","category-comarcas","category-noticias","category-portada","tag-compromis","tag-eu","tag-muro","tag-pacto-de-gobierno","tag-rompe"],"yoast_head":"<!-- This site is optimized with the Yoast SEO plugin v27.3 - https:\/\/yoast.com\/product\/yoast-seo-wordpress\/ -->\n<title>Comprom\u00eds rompe el Pacto de Gobierno con EU en Muro - COPE Alcoy<\/title>\n<meta name=\"robots\" content=\"index, follow, max-snippet:-1, max-image-preview:large, max-video-preview:-1\" \/>\n<link rel=\"canonical\" href=\"https:\/\/www.copealcoy.es\/es\/compromis-rompe-el-pacto-de-gobierno-con-eu-en-muro\/\" \/>\n<meta property=\"og:locale\" content=\"es_ES\" \/>\n<meta property=\"og:type\" content=\"article\" \/>\n<meta property=\"og:title\" content=\"Comprom\u00eds rompe el Pacto de Gobierno con EU en Muro - COPE Alcoy\" \/>\n<meta property=\"og:description\" content=\"Comprom\u00eds ha roto el Pacto de Gobierno suscrito con Esquerra Unida en junio de 2015 y que permiti\u00f3 iniciar la...\" \/>\n<meta property=\"og:url\" content=\"https:\/\/www.copealcoy.es\/es\/compromis-rompe-el-pacto-de-gobierno-con-eu-en-muro\/\" \/>\n<meta property=\"og:site_name\" content=\"COPE Alcoy\" \/>\n<meta property=\"article:published_time\" content=\"2018-06-25T15:52:42+00:00\" \/>\n<meta property=\"article:modified_time\" content=\"2018-06-26T13:51:41+00:00\" \/>\n<meta property=\"og:image\" content=\"https:\/\/www.copealcoy.es\/wp-content\/uploads\/2018\/06\/14-La-alcaldesa-con-algunos-de-los-concejales-de-Comprom\u00eds-ayer-lunes-Foto-Gabriel-Pascual-e1529941657377.jpg\" \/>\n\t<meta property=\"og:image:width\" content=\"4021\" \/>\n\t<meta property=\"og:image:height\" content=\"2197\" \/>\n\t<meta property=\"og:image:type\" content=\"image\/jpeg\" \/>\n<meta name=\"author\" content=\"Cope Alcoy\" \/>\n<meta name=\"twitter:label1\" content=\"Escrito por\" \/>\n\t<meta name=\"twitter:data1\" content=\"Cope Alcoy\" \/>\n\t<meta name=\"twitter:label2\" content=\"Tiempo de lectura\" \/>\n\t<meta name=\"twitter:data2\" content=\"3 minutos\" \/>\n<script type=\"application\/ld+json\" class=\"yoast-schema-graph\">{\"@context\":\"https:\\\/\\\/schema.org\",\"@graph\":[{\"@type\":\"Article\",\"@id\":\"https:\\\/\\\/www.copealcoy.es\\\/es\\\/compromis-rompe-el-pacto-de-gobierno-con-eu-en-muro\\\/#article\",\"isPartOf\":{\"@id\":\"https:\\\/\\\/www.copealcoy.es\\\/es\\\/compromis-rompe-el-pacto-de-gobierno-con-eu-en-muro\\\/\"},\"author\":{\"name\":\"Cope Alcoy\",\"@id\":\"https:\\\/\\\/www.copealcoy.es\\\/es\\\/#\\\/schema\\\/person\\\/e777c87fa024e57d40170af9df39882c\"},\"headline\":\"Comprom\u00eds rompe el Pacto de Gobierno con EU en Muro\",\"datePublished\":\"2018-06-25T15:52:42+00:00\",\"dateModified\":\"2018-06-26T13:51:41+00:00\",\"mainEntityOfPage\":{\"@id\":\"https:\\\/\\\/www.copealcoy.es\\\/es\\\/compromis-rompe-el-pacto-de-gobierno-con-eu-en-muro\\\/\"},\"wordCount\":539,\"commentCount\":0,\"keywords\":[\"Comprom\u00eds\",\"EU\",\"Muro\",\"Pacto de Gobierno\",\"rompe\"],\"articleSection\":[\"Comarcas\",\"Noticias\",\"Portada\"],\"inLanguage\":\"es\"},{\"@type\":\"WebPage\",\"@id\":\"https:\\\/\\\/www.copealcoy.es\\\/es\\\/compromis-rompe-el-pacto-de-gobierno-con-eu-en-muro\\\/\",\"url\":\"https:\\\/\\\/www.copealcoy.es\\\/es\\\/compromis-rompe-el-pacto-de-gobierno-con-eu-en-muro\\\/\",\"name\":\"Comprom\u00eds rompe el Pacto de Gobierno con EU en Muro - COPE Alcoy\",\"isPartOf\":{\"@id\":\"https:\\\/\\\/www.copealcoy.es\\\/es\\\/#website\"},\"datePublished\":\"2018-06-25T15:52:42+00:00\",\"dateModified\":\"2018-06-26T13:51:41+00:00\",\"author\":{\"@id\":\"https:\\\/\\\/www.copealcoy.es\\\/es\\\/#\\\/schema\\\/person\\\/e777c87fa024e57d40170af9df39882c\"},\"breadcrumb\":{\"@id\":\"https:\\\/\\\/www.copealcoy.es\\\/es\\\/compromis-rompe-el-pacto-de-gobierno-con-eu-en-muro\\\/#breadcrumb\"},\"inLanguage\":\"es\",\"potentialAction\":[{\"@type\":\"ReadAction\",\"target\":[\"https:\\\/\\\/www.copealcoy.es\\\/es\\\/compromis-rompe-el-pacto-de-gobierno-con-eu-en-muro\\\/\"]}]},{\"@type\":\"BreadcrumbList\",\"@id\":\"https:\\\/\\\/www.copealcoy.es\\\/es\\\/compromis-rompe-el-pacto-de-gobierno-con-eu-en-muro\\\/#breadcrumb\",\"itemListElement\":[{\"@type\":\"ListItem\",\"position\":1,\"name\":\"Portada\",\"item\":\"https:\\\/\\\/www.copealcoy.es\\\/es\\\/\"},{\"@type\":\"ListItem\",\"position\":2,\"name\":\"Comprom\u00eds rompe el Pacto de Gobierno con EU en Muro\"}]},{\"@type\":\"WebSite\",\"@id\":\"https:\\\/\\\/www.copealcoy.es\\\/es\\\/#website\",\"url\":\"https:\\\/\\\/www.copealcoy.es\\\/es\\\/\",\"name\":\"COPE Alcoy\",\"description\":\"Emisora COPE de radio local con emisi\u00f3n online. Pont de Sant Jordi 8-10 03803 Alcoy\",\"potentialAction\":[{\"@type\":\"SearchAction\",\"target\":{\"@type\":\"EntryPoint\",\"urlTemplate\":\"https:\\\/\\\/www.copealcoy.es\\\/es\\\/?s={search_term_string}\"},\"query-input\":{\"@type\":\"PropertyValueSpecification\",\"valueRequired\":true,\"valueName\":\"search_term_string\"}}],\"inLanguage\":\"es\"},{\"@type\":\"Person\",\"@id\":\"https:\\\/\\\/www.copealcoy.es\\\/es\\\/#\\\/schema\\\/person\\\/e777c87fa024e57d40170af9df39882c\",\"name\":\"Cope Alcoy\",\"image\":{\"@type\":\"ImageObject\",\"inLanguage\":\"es\",\"@id\":\"https:\\\/\\\/secure.gravatar.com\\\/avatar\\\/bb65d0283347e303893ba14f0692005417c1e0e690a325a4c5d8bb2b3943ee14?s=96&d=mm&r=g\",\"url\":\"https:\\\/\\\/secure.gravatar.com\\\/avatar\\\/bb65d0283347e303893ba14f0692005417c1e0e690a325a4c5d8bb2b3943ee14?s=96&d=mm&r=g\",\"contentUrl\":\"https:\\\/\\\/secure.gravatar.com\\\/avatar\\\/bb65d0283347e303893ba14f0692005417c1e0e690a325a4c5d8bb2b3943ee14?s=96&d=mm&r=g\",\"caption\":\"Cope Alcoy\"}}]}<\/script>\n<!-- \/ Yoast SEO plugin. -->","yoast_head_json":{"title":"Comprom\u00eds rompe el Pacto de Gobierno con EU en Muro - COPE Alcoy","robots":{"index":"index","follow":"follow","max-snippet":"max-snippet:-1","max-image-preview":"max-image-preview:large","max-video-preview":"max-video-preview:-1"},"canonical":"https:\/\/www.copealcoy.es\/es\/compromis-rompe-el-pacto-de-gobierno-con-eu-en-muro\/","og_locale":"es_ES","og_type":"article","og_title":"Comprom\u00eds rompe el Pacto de Gobierno con EU en Muro - COPE Alcoy","og_description":"Comprom\u00eds ha roto el Pacto de Gobierno suscrito con Esquerra Unida en junio de 2015 y que permiti\u00f3 iniciar la...","og_url":"https:\/\/www.copealcoy.es\/es\/compromis-rompe-el-pacto-de-gobierno-con-eu-en-muro\/","og_site_name":"COPE Alcoy","article_published_time":"2018-06-25T15:52:42+00:00","article_modified_time":"2018-06-26T13:51:41+00:00","og_image":[{"width":4021,"height":2197,"url":"https:\/\/www.copealcoy.es\/wp-content\/uploads\/2018\/06\/14-La-alcaldesa-con-algunos-de-los-concejales-de-Comprom\u00eds-ayer-lunes-Foto-Gabriel-Pascual-e1529941657377.jpg","type":"image\/jpeg"}],"author":"Cope Alcoy","twitter_misc":{"Escrito por":"Cope Alcoy","Tiempo de lectura":"3 minutos"},"schema":{"@context":"https:\/\/schema.org","@graph":[{"@type":"Article","@id":"https:\/\/www.copealcoy.es\/es\/compromis-rompe-el-pacto-de-gobierno-con-eu-en-muro\/#article","isPartOf":{"@id":"https:\/\/www.copealcoy.es\/es\/compromis-rompe-el-pacto-de-gobierno-con-eu-en-muro\/"},"author":{"name":"Cope Alcoy","@id":"https:\/\/www.copealcoy.es\/es\/#\/schema\/person\/e777c87fa024e57d40170af9df39882c"},"headline":"Comprom\u00eds rompe el Pacto de Gobierno con EU en Muro","datePublished":"2018-06-25T15:52:42+00:00","dateModified":"2018-06-26T13:51:41+00:00","mainEntityOfPage":{"@id":"https:\/\/www.copealcoy.es\/es\/compromis-rompe-el-pacto-de-gobierno-con-eu-en-muro\/"},"wordCount":539,"commentCount":0,"keywords":["Comprom\u00eds","EU","Muro","Pacto de Gobierno","rompe"],"articleSection":["Comarcas","Noticias","Portada"],"inLanguage":"es"},{"@type":"WebPage","@id":"https:\/\/www.copealcoy.es\/es\/compromis-rompe-el-pacto-de-gobierno-con-eu-en-muro\/","url":"https:\/\/www.copealcoy.es\/es\/compromis-rompe-el-pacto-de-gobierno-con-eu-en-muro\/","name":"Comprom\u00eds rompe el Pacto de Gobierno con EU en Muro - COPE Alcoy","isPartOf":{"@id":"https:\/\/www.copealcoy.es\/es\/#website"},"datePublished":"2018-06-25T15:52:42+00:00","dateModified":"2018-06-26T13:51:41+00:00","author":{"@id":"https:\/\/www.copealcoy.es\/es\/#\/schema\/person\/e777c87fa024e57d40170af9df39882c"},"breadcrumb":{"@id":"https:\/\/www.copealcoy.es\/es\/compromis-rompe-el-pacto-de-gobierno-con-eu-en-muro\/#breadcrumb"},"inLanguage":"es","potentialAction":[{"@type":"ReadAction","target":["https:\/\/www.copealcoy.es\/es\/compromis-rompe-el-pacto-de-gobierno-con-eu-en-muro\/"]}]},{"@type":"BreadcrumbList","@id":"https:\/\/www.copealcoy.es\/es\/compromis-rompe-el-pacto-de-gobierno-con-eu-en-muro\/#breadcrumb","itemListElement":[{"@type":"ListItem","position":1,"name":"Portada","item":"https:\/\/www.copealcoy.es\/es\/"},{"@type":"ListItem","position":2,"name":"Comprom\u00eds rompe el Pacto de Gobierno con EU en Muro"}]},{"@type":"WebSite","@id":"https:\/\/www.copealcoy.es\/es\/#website","url":"https:\/\/www.copealcoy.es\/es\/","name":"COPE Alcoy","description":"Emisora COPE de radio local con emisi\u00f3n online. Pont de Sant Jordi 8-10 03803 Alcoy","potentialAction":[{"@type":"SearchAction","target":{"@type":"EntryPoint","urlTemplate":"https:\/\/www.copealcoy.es\/es\/?s={search_term_string}"},"query-input":{"@type":"PropertyValueSpecification","valueRequired":true,"valueName":"search_term_string"}}],"inLanguage":"es"},{"@type":"Person","@id":"https:\/\/www.copealcoy.es\/es\/#\/schema\/person\/e777c87fa024e57d40170af9df39882c","name":"Cope Alcoy","image":{"@type":"ImageObject","inLanguage":"es","@id":"https:\/\/secure.gravatar.com\/avatar\/bb65d0283347e303893ba14f0692005417c1e0e690a325a4c5d8bb2b3943ee14?s=96&d=mm&r=g","url":"https:\/\/secure.gravatar.com\/avatar\/bb65d0283347e303893ba14f0692005417c1e0e690a325a4c5d8bb2b3943ee14?s=96&d=mm&r=g","contentUrl":"https:\/\/secure.gravatar.com\/avatar\/bb65d0283347e303893ba14f0692005417c1e0e690a325a4c5d8bb2b3943ee14?s=96&d=mm&r=g","caption":"Cope Alcoy"}}]}},"_links":{"self":[{"href":"https:\/\/www.copealcoy.es\/es\/wp-json\/wp\/v2\/posts\/43410","targetHints":{"allow":["GET"]}}],"collection":[{"href":"https:\/\/www.copealcoy.es\/es\/wp-json\/wp\/v2\/posts"}],"about":[{"href":"https:\/\/www.copealcoy.es\/es\/wp-json\/wp\/v2\/types\/post"}],"author":[{"embeddable":true,"href":"https:\/\/www.copealcoy.es\/es\/wp-json\/wp\/v2\/users\/1"}],"replies":[{"embeddable":true,"href":"https:\/\/www.copealcoy.es\/es\/wp-json\/wp\/v2\/comments?post=43410"}],"version-history":[{"count":0,"href":"https:\/\/www.copealcoy.es\/es\/wp-json\/wp\/v2\/posts\/43410\/revisions"}],"wp:attachment":[{"href":"https:\/\/www.copealcoy.es\/es\/wp-json\/wp\/v2\/media?parent=43410"}],"wp:term":[{"taxonomy":"category","embeddable":true,"href":"https:\/\/www.copealcoy.es\/es\/wp-json\/wp\/v2\/categories?post=43410"},{"taxonomy":"post_tag","embeddable":true,"href":"https:\/\/www.copealcoy.es\/es\/wp-json\/wp\/v2\/tags?post=43410"}],"curies":[{"name":"wp","href":"https:\/\/api.w.org\/{rel}","templated":true}]}}