{"id":43377,"date":"2018-06-22T21:15:33","date_gmt":"2018-06-22T21:15:33","guid":{"rendered":"http:\/\/copealcoi.es\/new\/?p=43377"},"modified":"2018-06-22T21:15:33","modified_gmt":"2018-06-22T21:15:33","slug":"exito-del-xviii-trofeo-de-gimnasia-ritmica-de-muro","status":"publish","type":"post","link":"https:\/\/www.copealcoy.es\/es\/exito-del-xviii-trofeo-de-gimnasia-ritmica-de-muro\/","title":{"rendered":"\u00c9xito del XVIII Trofeo de Gimnasia R\u00edtmica de Muro"},"content":{"rendered":"<p style=\"text-align: justify;\">El <strong>viernes 15 de junio<\/strong> se celebr\u00f3 en el Pabell\u00f3n Cubierto del Polideportivo Municipal de Muro <strong>la 18\u00aa Edici\u00f3n del Trofeo de Gimnasia Art\u00edstica &#8211; R\u00edtmica<\/strong>, el cual cont\u00f3 con la presencia de <strong>47 \u00e1giles<\/strong> y esforzadas participantes, que ante la atenta mirada de <strong>un numeroso p\u00fablico<\/strong> deleitaron a la concurrencia con sus<strong> trabajados ejercicios de elasticidad, coordinaci\u00f3n y plasticidad<\/strong>.<\/p>\n<p style=\"text-align: justify;\">El concejal de Deportes en el Ayuntamiento de Muro, <strong>Kike Pascual<\/strong>, ha destacado <strong>la importancia<\/strong> de este evento y la <strong>alta calidad demostrada en la competici\u00f3n<\/strong> &#8220;n<em>os hemos quedado boquiabiertos con la capacidad t\u00e9cnica y art\u00edstica de las competidoras, fruto de un minucioso trabajo realizado durante todo el a\u00f1o con su profesora Patri Molina<\/em>&#8220;, afirma.<\/p>\n<p style=\"text-align: justify;\">Adem\u00e1s de preparar con \u00e9xito este tradicional trofeo, hay que resaltar que <strong>la escuela de Gimnasia Art\u00edstica y R\u00edtmica de Muro<\/strong> est\u00e1 iniciando los tr\u00e1mites para poder <strong>competir como Club<\/strong>, siendo este hecho primordial para que <strong>las chicas puedan adquirir mayor nivel<\/strong> y se animan a participar en competiciones auton\u00f3micas.<\/p>\n","protected":false},"excerpt":{"rendered":"<p>El viernes 15 de junio se celebr\u00f3 en el Pabell\u00f3n Cubierto del Polideportivo Municipal de Muro la 18\u00aa Edici\u00f3n del&#8230;<\/p>\n","protected":false},"author":1,"featured_media":43378,"comment_status":"open","ping_status":"open","sticky":false,"template":"","format":"standard","meta":{"footnotes":""},"categories":[92,75],"tags":[2650,5892,135,4117,5891],"class_list":["post-43377","post","type-post","status-publish","format-standard","has-post-thumbnail","hentry","category-deportes","category-noticias","tag-exito","tag-gimnasia-ritmica","tag-muro","tag-trofeo","tag-xviii"],"yoast_head":"<!-- This site is optimized with the Yoast SEO plugin v27.3 - https:\/\/yoast.com\/product\/yoast-seo-wordpress\/ -->\n<title>\u00c9xito del XVIII Trofeo de Gimnasia R\u00edtmica de Muro - COPE Alcoy<\/title>\n<meta name=\"robots\" content=\"index, follow, max-snippet:-1, max-image-preview:large, max-video-preview:-1\" \/>\n<link rel=\"canonical\" href=\"https:\/\/www.copealcoy.es\/es\/exito-del-xviii-trofeo-de-gimnasia-ritmica-de-muro\/\" \/>\n<meta property=\"og:locale\" content=\"es_ES\" \/>\n<meta property=\"og:type\" content=\"article\" \/>\n<meta property=\"og:title\" content=\"\u00c9xito del XVIII Trofeo de Gimnasia R\u00edtmica de Muro - COPE Alcoy\" \/>\n<meta property=\"og:description\" content=\"El viernes 15 de junio se celebr\u00f3 en el Pabell\u00f3n Cubierto del Polideportivo Municipal de Muro la 18\u00aa Edici\u00f3n del...\" \/>\n<meta property=\"og:url\" content=\"https:\/\/www.copealcoy.es\/es\/exito-del-xviii-trofeo-de-gimnasia-ritmica-de-muro\/\" \/>\n<meta property=\"og:site_name\" content=\"COPE Alcoy\" \/>\n<meta property=\"article:published_time\" content=\"2018-06-22T21:15:33+00:00\" \/>\n<meta property=\"og:image\" content=\"https:\/\/www.copealcoy.es\/wp-content\/uploads\/2018\/06\/IMG-20180618-WA0005.jpg\" \/>\n\t<meta property=\"og:image:width\" content=\"1600\" \/>\n\t<meta property=\"og:image:height\" content=\"1200\" \/>\n\t<meta property=\"og:image:type\" content=\"image\/jpeg\" \/>\n<meta name=\"author\" content=\"Cope Alcoy\" \/>\n<meta name=\"twitter:label1\" content=\"Escrito por\" \/>\n\t<meta name=\"twitter:data1\" content=\"Cope Alcoy\" \/>\n\t<meta name=\"twitter:label2\" content=\"Tiempo de lectura\" \/>\n\t<meta name=\"twitter:data2\" content=\"1 minuto\" \/>\n<script type=\"application\/ld+json\" class=\"yoast-schema-graph\">{\"@context\":\"https:\\\/\\\/schema.org\",\"@graph\":[{\"@type\":\"Article\",\"@id\":\"https:\\\/\\\/www.copealcoy.es\\\/es\\\/exito-del-xviii-trofeo-de-gimnasia-ritmica-de-muro\\\/#article\",\"isPartOf\":{\"@id\":\"https:\\\/\\\/www.copealcoy.es\\\/es\\\/exito-del-xviii-trofeo-de-gimnasia-ritmica-de-muro\\\/\"},\"author\":{\"name\":\"Cope Alcoy\",\"@id\":\"https:\\\/\\\/www.copealcoy.es\\\/es\\\/#\\\/schema\\\/person\\\/e777c87fa024e57d40170af9df39882c\"},\"headline\":\"\u00c9xito del XVIII Trofeo de Gimnasia R\u00edtmica de Muro\",\"datePublished\":\"2018-06-22T21:15:33+00:00\",\"mainEntityOfPage\":{\"@id\":\"https:\\\/\\\/www.copealcoy.es\\\/es\\\/exito-del-xviii-trofeo-de-gimnasia-ritmica-de-muro\\\/\"},\"wordCount\":187,\"commentCount\":0,\"image\":{\"@id\":\"https:\\\/\\\/www.copealcoy.es\\\/es\\\/exito-del-xviii-trofeo-de-gimnasia-ritmica-de-muro\\\/#primaryimage\"},\"thumbnailUrl\":\"https:\\\/\\\/www.copealcoy.es\\\/wp-content\\\/uploads\\\/2018\\\/06\\\/IMG-20180618-WA0005.jpg\",\"keywords\":[\"\u00c9xito\",\"Gimnasia R\u00edtmica\",\"Muro\",\"Trofeo\",\"XVIII\"],\"articleSection\":[\"Deportes\",\"Noticias\"],\"inLanguage\":\"es\"},{\"@type\":\"WebPage\",\"@id\":\"https:\\\/\\\/www.copealcoy.es\\\/es\\\/exito-del-xviii-trofeo-de-gimnasia-ritmica-de-muro\\\/\",\"url\":\"https:\\\/\\\/www.copealcoy.es\\\/es\\\/exito-del-xviii-trofeo-de-gimnasia-ritmica-de-muro\\\/\",\"name\":\"\u00c9xito del XVIII Trofeo de Gimnasia R\u00edtmica de Muro - COPE Alcoy\",\"isPartOf\":{\"@id\":\"https:\\\/\\\/www.copealcoy.es\\\/es\\\/#website\"},\"primaryImageOfPage\":{\"@id\":\"https:\\\/\\\/www.copealcoy.es\\\/es\\\/exito-del-xviii-trofeo-de-gimnasia-ritmica-de-muro\\\/#primaryimage\"},\"image\":{\"@id\":\"https:\\\/\\\/www.copealcoy.es\\\/es\\\/exito-del-xviii-trofeo-de-gimnasia-ritmica-de-muro\\\/#primaryimage\"},\"thumbnailUrl\":\"https:\\\/\\\/www.copealcoy.es\\\/wp-content\\\/uploads\\\/2018\\\/06\\\/IMG-20180618-WA0005.jpg\",\"datePublished\":\"2018-06-22T21:15:33+00:00\",\"author\":{\"@id\":\"https:\\\/\\\/www.copealcoy.es\\\/es\\\/#\\\/schema\\\/person\\\/e777c87fa024e57d40170af9df39882c\"},\"breadcrumb\":{\"@id\":\"https:\\\/\\\/www.copealcoy.es\\\/es\\\/exito-del-xviii-trofeo-de-gimnasia-ritmica-de-muro\\\/#breadcrumb\"},\"inLanguage\":\"es\",\"potentialAction\":[{\"@type\":\"ReadAction\",\"target\":[\"https:\\\/\\\/www.copealcoy.es\\\/es\\\/exito-del-xviii-trofeo-de-gimnasia-ritmica-de-muro\\\/\"]}]},{\"@type\":\"ImageObject\",\"inLanguage\":\"es\",\"@id\":\"https:\\\/\\\/www.copealcoy.es\\\/es\\\/exito-del-xviii-trofeo-de-gimnasia-ritmica-de-muro\\\/#primaryimage\",\"url\":\"https:\\\/\\\/www.copealcoy.es\\\/wp-content\\\/uploads\\\/2018\\\/06\\\/IMG-20180618-WA0005.jpg\",\"contentUrl\":\"https:\\\/\\\/www.copealcoy.es\\\/wp-content\\\/uploads\\\/2018\\\/06\\\/IMG-20180618-WA0005.jpg\",\"width\":1600,\"height\":1200},{\"@type\":\"BreadcrumbList\",\"@id\":\"https:\\\/\\\/www.copealcoy.es\\\/es\\\/exito-del-xviii-trofeo-de-gimnasia-ritmica-de-muro\\\/#breadcrumb\",\"itemListElement\":[{\"@type\":\"ListItem\",\"position\":1,\"name\":\"Portada\",\"item\":\"https:\\\/\\\/www.copealcoy.es\\\/es\\\/\"},{\"@type\":\"ListItem\",\"position\":2,\"name\":\"\u00c9xito del XVIII Trofeo de Gimnasia R\u00edtmica de Muro\"}]},{\"@type\":\"WebSite\",\"@id\":\"https:\\\/\\\/www.copealcoy.es\\\/es\\\/#website\",\"url\":\"https:\\\/\\\/www.copealcoy.es\\\/es\\\/\",\"name\":\"COPE Alcoy\",\"description\":\"Emisora COPE de radio local con emisi\u00f3n online. Pont de Sant Jordi 8-10 03803 Alcoy\",\"potentialAction\":[{\"@type\":\"SearchAction\",\"target\":{\"@type\":\"EntryPoint\",\"urlTemplate\":\"https:\\\/\\\/www.copealcoy.es\\\/es\\\/?s={search_term_string}\"},\"query-input\":{\"@type\":\"PropertyValueSpecification\",\"valueRequired\":true,\"valueName\":\"search_term_string\"}}],\"inLanguage\":\"es\"},{\"@type\":\"Person\",\"@id\":\"https:\\\/\\\/www.copealcoy.es\\\/es\\\/#\\\/schema\\\/person\\\/e777c87fa024e57d40170af9df39882c\",\"name\":\"Cope Alcoy\",\"image\":{\"@type\":\"ImageObject\",\"inLanguage\":\"es\",\"@id\":\"https:\\\/\\\/secure.gravatar.com\\\/avatar\\\/bb65d0283347e303893ba14f0692005417c1e0e690a325a4c5d8bb2b3943ee14?s=96&d=mm&r=g\",\"url\":\"https:\\\/\\\/secure.gravatar.com\\\/avatar\\\/bb65d0283347e303893ba14f0692005417c1e0e690a325a4c5d8bb2b3943ee14?s=96&d=mm&r=g\",\"contentUrl\":\"https:\\\/\\\/secure.gravatar.com\\\/avatar\\\/bb65d0283347e303893ba14f0692005417c1e0e690a325a4c5d8bb2b3943ee14?s=96&d=mm&r=g\",\"caption\":\"Cope Alcoy\"}}]}<\/script>\n<!-- \/ Yoast SEO plugin. -->","yoast_head_json":{"title":"\u00c9xito del XVIII Trofeo de Gimnasia R\u00edtmica de Muro - COPE Alcoy","robots":{"index":"index","follow":"follow","max-snippet":"max-snippet:-1","max-image-preview":"max-image-preview:large","max-video-preview":"max-video-preview:-1"},"canonical":"https:\/\/www.copealcoy.es\/es\/exito-del-xviii-trofeo-de-gimnasia-ritmica-de-muro\/","og_locale":"es_ES","og_type":"article","og_title":"\u00c9xito del XVIII Trofeo de Gimnasia R\u00edtmica de Muro - COPE Alcoy","og_description":"El viernes 15 de junio se celebr\u00f3 en el Pabell\u00f3n Cubierto del Polideportivo Municipal de Muro la 18\u00aa Edici\u00f3n del...","og_url":"https:\/\/www.copealcoy.es\/es\/exito-del-xviii-trofeo-de-gimnasia-ritmica-de-muro\/","og_site_name":"COPE Alcoy","article_published_time":"2018-06-22T21:15:33+00:00","og_image":[{"width":1600,"height":1200,"url":"https:\/\/www.copealcoy.es\/wp-content\/uploads\/2018\/06\/IMG-20180618-WA0005.jpg","type":"image\/jpeg"}],"author":"Cope Alcoy","twitter_misc":{"Escrito por":"Cope Alcoy","Tiempo de lectura":"1 minuto"},"schema":{"@context":"https:\/\/schema.org","@graph":[{"@type":"Article","@id":"https:\/\/www.copealcoy.es\/es\/exito-del-xviii-trofeo-de-gimnasia-ritmica-de-muro\/#article","isPartOf":{"@id":"https:\/\/www.copealcoy.es\/es\/exito-del-xviii-trofeo-de-gimnasia-ritmica-de-muro\/"},"author":{"name":"Cope Alcoy","@id":"https:\/\/www.copealcoy.es\/es\/#\/schema\/person\/e777c87fa024e57d40170af9df39882c"},"headline":"\u00c9xito del XVIII Trofeo de Gimnasia R\u00edtmica de Muro","datePublished":"2018-06-22T21:15:33+00:00","mainEntityOfPage":{"@id":"https:\/\/www.copealcoy.es\/es\/exito-del-xviii-trofeo-de-gimnasia-ritmica-de-muro\/"},"wordCount":187,"commentCount":0,"image":{"@id":"https:\/\/www.copealcoy.es\/es\/exito-del-xviii-trofeo-de-gimnasia-ritmica-de-muro\/#primaryimage"},"thumbnailUrl":"https:\/\/www.copealcoy.es\/wp-content\/uploads\/2018\/06\/IMG-20180618-WA0005.jpg","keywords":["\u00c9xito","Gimnasia R\u00edtmica","Muro","Trofeo","XVIII"],"articleSection":["Deportes","Noticias"],"inLanguage":"es"},{"@type":"WebPage","@id":"https:\/\/www.copealcoy.es\/es\/exito-del-xviii-trofeo-de-gimnasia-ritmica-de-muro\/","url":"https:\/\/www.copealcoy.es\/es\/exito-del-xviii-trofeo-de-gimnasia-ritmica-de-muro\/","name":"\u00c9xito del XVIII Trofeo de Gimnasia R\u00edtmica de Muro - COPE Alcoy","isPartOf":{"@id":"https:\/\/www.copealcoy.es\/es\/#website"},"primaryImageOfPage":{"@id":"https:\/\/www.copealcoy.es\/es\/exito-del-xviii-trofeo-de-gimnasia-ritmica-de-muro\/#primaryimage"},"image":{"@id":"https:\/\/www.copealcoy.es\/es\/exito-del-xviii-trofeo-de-gimnasia-ritmica-de-muro\/#primaryimage"},"thumbnailUrl":"https:\/\/www.copealcoy.es\/wp-content\/uploads\/2018\/06\/IMG-20180618-WA0005.jpg","datePublished":"2018-06-22T21:15:33+00:00","author":{"@id":"https:\/\/www.copealcoy.es\/es\/#\/schema\/person\/e777c87fa024e57d40170af9df39882c"},"breadcrumb":{"@id":"https:\/\/www.copealcoy.es\/es\/exito-del-xviii-trofeo-de-gimnasia-ritmica-de-muro\/#breadcrumb"},"inLanguage":"es","potentialAction":[{"@type":"ReadAction","target":["https:\/\/www.copealcoy.es\/es\/exito-del-xviii-trofeo-de-gimnasia-ritmica-de-muro\/"]}]},{"@type":"ImageObject","inLanguage":"es","@id":"https:\/\/www.copealcoy.es\/es\/exito-del-xviii-trofeo-de-gimnasia-ritmica-de-muro\/#primaryimage","url":"https:\/\/www.copealcoy.es\/wp-content\/uploads\/2018\/06\/IMG-20180618-WA0005.jpg","contentUrl":"https:\/\/www.copealcoy.es\/wp-content\/uploads\/2018\/06\/IMG-20180618-WA0005.jpg","width":1600,"height":1200},{"@type":"BreadcrumbList","@id":"https:\/\/www.copealcoy.es\/es\/exito-del-xviii-trofeo-de-gimnasia-ritmica-de-muro\/#breadcrumb","itemListElement":[{"@type":"ListItem","position":1,"name":"Portada","item":"https:\/\/www.copealcoy.es\/es\/"},{"@type":"ListItem","position":2,"name":"\u00c9xito del XVIII Trofeo de Gimnasia R\u00edtmica de Muro"}]},{"@type":"WebSite","@id":"https:\/\/www.copealcoy.es\/es\/#website","url":"https:\/\/www.copealcoy.es\/es\/","name":"COPE Alcoy","description":"Emisora COPE de radio local con emisi\u00f3n online. Pont de Sant Jordi 8-10 03803 Alcoy","potentialAction":[{"@type":"SearchAction","target":{"@type":"EntryPoint","urlTemplate":"https:\/\/www.copealcoy.es\/es\/?s={search_term_string}"},"query-input":{"@type":"PropertyValueSpecification","valueRequired":true,"valueName":"search_term_string"}}],"inLanguage":"es"},{"@type":"Person","@id":"https:\/\/www.copealcoy.es\/es\/#\/schema\/person\/e777c87fa024e57d40170af9df39882c","name":"Cope Alcoy","image":{"@type":"ImageObject","inLanguage":"es","@id":"https:\/\/secure.gravatar.com\/avatar\/bb65d0283347e303893ba14f0692005417c1e0e690a325a4c5d8bb2b3943ee14?s=96&d=mm&r=g","url":"https:\/\/secure.gravatar.com\/avatar\/bb65d0283347e303893ba14f0692005417c1e0e690a325a4c5d8bb2b3943ee14?s=96&d=mm&r=g","contentUrl":"https:\/\/secure.gravatar.com\/avatar\/bb65d0283347e303893ba14f0692005417c1e0e690a325a4c5d8bb2b3943ee14?s=96&d=mm&r=g","caption":"Cope Alcoy"}}]}},"_links":{"self":[{"href":"https:\/\/www.copealcoy.es\/es\/wp-json\/wp\/v2\/posts\/43377","targetHints":{"allow":["GET"]}}],"collection":[{"href":"https:\/\/www.copealcoy.es\/es\/wp-json\/wp\/v2\/posts"}],"about":[{"href":"https:\/\/www.copealcoy.es\/es\/wp-json\/wp\/v2\/types\/post"}],"author":[{"embeddable":true,"href":"https:\/\/www.copealcoy.es\/es\/wp-json\/wp\/v2\/users\/1"}],"replies":[{"embeddable":true,"href":"https:\/\/www.copealcoy.es\/es\/wp-json\/wp\/v2\/comments?post=43377"}],"version-history":[{"count":0,"href":"https:\/\/www.copealcoy.es\/es\/wp-json\/wp\/v2\/posts\/43377\/revisions"}],"wp:featuredmedia":[{"embeddable":true,"href":"https:\/\/www.copealcoy.es\/es\/wp-json\/wp\/v2\/media\/43378"}],"wp:attachment":[{"href":"https:\/\/www.copealcoy.es\/es\/wp-json\/wp\/v2\/media?parent=43377"}],"wp:term":[{"taxonomy":"category","embeddable":true,"href":"https:\/\/www.copealcoy.es\/es\/wp-json\/wp\/v2\/categories?post=43377"},{"taxonomy":"post_tag","embeddable":true,"href":"https:\/\/www.copealcoy.es\/es\/wp-json\/wp\/v2\/tags?post=43377"}],"curies":[{"name":"wp","href":"https:\/\/api.w.org\/{rel}","templated":true}]}}