{"id":43330,"date":"2018-06-22T15:32:28","date_gmt":"2018-06-22T15:32:28","guid":{"rendered":"http:\/\/copealcoi.es\/new\/?p=43330"},"modified":"2018-06-22T15:36:12","modified_gmt":"2018-06-22T15:36:12","slug":"muro-inicia-una-nueva-campana-de-presupuestos-participativos","status":"publish","type":"post","link":"https:\/\/www.copealcoy.es\/es\/muro-inicia-una-nueva-campana-de-presupuestos-participativos\/","title":{"rendered":"Muro inicia una nueva campa\u00f1a de Presupuestos Participativos"},"content":{"rendered":"<p style=\"text-align: justify;\">El <strong>Ayuntamiento de Muro<\/strong> lanza <strong>una nueva campa\u00f1a de Presupuestos Participativos<\/strong> y vuelve a destinar <strong>70.000 euros<\/strong> para las iniciativas que plantean los ciudadanos. Hasta el <strong>12 de julio<\/strong> los vecinos que lo deseen podr\u00e1n plantear sus proyectos en el Ayuntamiento, el Centro Social Matzem y la Biblioteca municipal a trav\u00e9s de urnas as\u00ed como por Internet en <a href=\"http:\/\/www.muroparticipa.com\/\">www.muroparticipa.com<\/a>. Entre el <strong>13 de julio y el 6 de septiembre<\/strong> los t\u00e9cnicos del Ayuntamiento determinar\u00e1n si estas propuestas son viables y <strong>el d\u00eda 7<\/strong> se har\u00e1 una asamblea participativa para explicar las que pueden o no pueden votarse. El concejal de Participaci\u00f3n Ciudadana en el Consistorio de esta localidad del Comtat, <strong>Kike Pascual<\/strong>, destaca<strong> la consolidaci\u00f3n que han adquirido estas campa\u00f1as con el paso de los a\u00f1os<\/strong> &#8220;<em>estamos contentos de constatar el grado de implicaci\u00f3n de la ciudadan\u00eda en este procedimiento, lo que nos indica que somos una sociedad con anhelos colaborativos, madura y preparada para asumir m\u00e1s protagonismo dentro del funcionamiento colectivo que nos dan las sociedad democr\u00e1ticas<\/em>&#8220;, afirma.<\/p>\n<p style=\"text-align: justify;\">Finalmente <strong>del 10 al 21 del mismo mes de septiembre<\/strong> se podr\u00e1n votar las iniciativas seleccionadas tanto en el Ayuntamiento como digitalmente. Para ello <strong>ser\u00e1 necesario<\/strong> tener m\u00e1s de 16 a\u00f1os y estar empadronado en Muro.<\/p>\n","protected":false},"excerpt":{"rendered":"<p>El Ayuntamiento de Muro lanza una nueva campa\u00f1a de Presupuestos Participativos y vuelve a destinar 70.000 euros para las iniciativas&#8230;<\/p>\n","protected":false},"author":1,"featured_media":15032,"comment_status":"open","ping_status":"open","sticky":false,"template":"","format":"standard","meta":{"footnotes":""},"categories":[98,75],"tags":[291,135,5880,819],"class_list":["post-43330","post","type-post","status-publish","format-standard","has-post-thumbnail","hentry","category-comarcas","category-noticias","tag-inicia","tag-muro","tag-nueva-campana","tag-presupuestos-participativos"],"yoast_head":"<!-- This site is optimized with the Yoast SEO plugin v27.3 - https:\/\/yoast.com\/product\/yoast-seo-wordpress\/ -->\n<title>Muro inicia una nueva campa\u00f1a de Presupuestos Participativos - COPE Alcoy<\/title>\n<meta name=\"robots\" content=\"index, follow, max-snippet:-1, max-image-preview:large, max-video-preview:-1\" \/>\n<link rel=\"canonical\" href=\"https:\/\/www.copealcoy.es\/es\/muro-inicia-una-nueva-campana-de-presupuestos-participativos\/\" \/>\n<meta property=\"og:locale\" content=\"es_ES\" \/>\n<meta property=\"og:type\" content=\"article\" \/>\n<meta property=\"og:title\" content=\"Muro inicia una nueva campa\u00f1a de Presupuestos Participativos - COPE Alcoy\" \/>\n<meta property=\"og:description\" content=\"El Ayuntamiento de Muro lanza una nueva campa\u00f1a de Presupuestos Participativos y vuelve a destinar 70.000 euros para las iniciativas...\" \/>\n<meta property=\"og:url\" content=\"https:\/\/www.copealcoy.es\/es\/muro-inicia-una-nueva-campana-de-presupuestos-participativos\/\" \/>\n<meta property=\"og:site_name\" content=\"COPE Alcoy\" \/>\n<meta property=\"article:published_time\" content=\"2018-06-22T15:32:28+00:00\" \/>\n<meta property=\"article:modified_time\" content=\"2018-06-22T15:36:12+00:00\" \/>\n<meta property=\"og:image\" content=\"https:\/\/www.copealcoy.es\/wp-content\/uploads\/2015\/08\/22240726.jpg\" \/>\n\t<meta property=\"og:image:width\" content=\"1280\" \/>\n\t<meta property=\"og:image:height\" content=\"853\" \/>\n\t<meta property=\"og:image:type\" content=\"image\/jpeg\" \/>\n<meta name=\"author\" content=\"Cope Alcoy\" \/>\n<meta name=\"twitter:label1\" content=\"Escrito por\" \/>\n\t<meta name=\"twitter:data1\" content=\"Cope Alcoy\" \/>\n\t<meta name=\"twitter:label2\" content=\"Tiempo de lectura\" \/>\n\t<meta name=\"twitter:data2\" content=\"1 minuto\" \/>\n<script type=\"application\/ld+json\" class=\"yoast-schema-graph\">{\"@context\":\"https:\\\/\\\/schema.org\",\"@graph\":[{\"@type\":\"Article\",\"@id\":\"https:\\\/\\\/www.copealcoy.es\\\/es\\\/muro-inicia-una-nueva-campana-de-presupuestos-participativos\\\/#article\",\"isPartOf\":{\"@id\":\"https:\\\/\\\/www.copealcoy.es\\\/es\\\/muro-inicia-una-nueva-campana-de-presupuestos-participativos\\\/\"},\"author\":{\"name\":\"Cope Alcoy\",\"@id\":\"https:\\\/\\\/www.copealcoy.es\\\/es\\\/#\\\/schema\\\/person\\\/e777c87fa024e57d40170af9df39882c\"},\"headline\":\"Muro inicia una nueva campa\u00f1a de Presupuestos Participativos\",\"datePublished\":\"2018-06-22T15:32:28+00:00\",\"dateModified\":\"2018-06-22T15:36:12+00:00\",\"mainEntityOfPage\":{\"@id\":\"https:\\\/\\\/www.copealcoy.es\\\/es\\\/muro-inicia-una-nueva-campana-de-presupuestos-participativos\\\/\"},\"wordCount\":225,\"commentCount\":0,\"image\":{\"@id\":\"https:\\\/\\\/www.copealcoy.es\\\/es\\\/muro-inicia-una-nueva-campana-de-presupuestos-participativos\\\/#primaryimage\"},\"thumbnailUrl\":\"https:\\\/\\\/www.copealcoy.es\\\/wp-content\\\/uploads\\\/2015\\\/08\\\/22240726.jpg\",\"keywords\":[\"Inicia\",\"Muro\",\"nueva campa\u00f1a\",\"Presupuestos participativos\"],\"articleSection\":[\"Comarcas\",\"Noticias\"],\"inLanguage\":\"es\"},{\"@type\":\"WebPage\",\"@id\":\"https:\\\/\\\/www.copealcoy.es\\\/es\\\/muro-inicia-una-nueva-campana-de-presupuestos-participativos\\\/\",\"url\":\"https:\\\/\\\/www.copealcoy.es\\\/es\\\/muro-inicia-una-nueva-campana-de-presupuestos-participativos\\\/\",\"name\":\"Muro inicia una nueva campa\u00f1a de Presupuestos Participativos - COPE Alcoy\",\"isPartOf\":{\"@id\":\"https:\\\/\\\/www.copealcoy.es\\\/es\\\/#website\"},\"primaryImageOfPage\":{\"@id\":\"https:\\\/\\\/www.copealcoy.es\\\/es\\\/muro-inicia-una-nueva-campana-de-presupuestos-participativos\\\/#primaryimage\"},\"image\":{\"@id\":\"https:\\\/\\\/www.copealcoy.es\\\/es\\\/muro-inicia-una-nueva-campana-de-presupuestos-participativos\\\/#primaryimage\"},\"thumbnailUrl\":\"https:\\\/\\\/www.copealcoy.es\\\/wp-content\\\/uploads\\\/2015\\\/08\\\/22240726.jpg\",\"datePublished\":\"2018-06-22T15:32:28+00:00\",\"dateModified\":\"2018-06-22T15:36:12+00:00\",\"author\":{\"@id\":\"https:\\\/\\\/www.copealcoy.es\\\/es\\\/#\\\/schema\\\/person\\\/e777c87fa024e57d40170af9df39882c\"},\"breadcrumb\":{\"@id\":\"https:\\\/\\\/www.copealcoy.es\\\/es\\\/muro-inicia-una-nueva-campana-de-presupuestos-participativos\\\/#breadcrumb\"},\"inLanguage\":\"es\",\"potentialAction\":[{\"@type\":\"ReadAction\",\"target\":[\"https:\\\/\\\/www.copealcoy.es\\\/es\\\/muro-inicia-una-nueva-campana-de-presupuestos-participativos\\\/\"]}]},{\"@type\":\"ImageObject\",\"inLanguage\":\"es\",\"@id\":\"https:\\\/\\\/www.copealcoy.es\\\/es\\\/muro-inicia-una-nueva-campana-de-presupuestos-participativos\\\/#primaryimage\",\"url\":\"https:\\\/\\\/www.copealcoy.es\\\/wp-content\\\/uploads\\\/2015\\\/08\\\/22240726.jpg\",\"contentUrl\":\"https:\\\/\\\/www.copealcoy.es\\\/wp-content\\\/uploads\\\/2015\\\/08\\\/22240726.jpg\",\"width\":1280,\"height\":853},{\"@type\":\"BreadcrumbList\",\"@id\":\"https:\\\/\\\/www.copealcoy.es\\\/es\\\/muro-inicia-una-nueva-campana-de-presupuestos-participativos\\\/#breadcrumb\",\"itemListElement\":[{\"@type\":\"ListItem\",\"position\":1,\"name\":\"Portada\",\"item\":\"https:\\\/\\\/www.copealcoy.es\\\/es\\\/\"},{\"@type\":\"ListItem\",\"position\":2,\"name\":\"Muro inicia una nueva campa\u00f1a de Presupuestos Participativos\"}]},{\"@type\":\"WebSite\",\"@id\":\"https:\\\/\\\/www.copealcoy.es\\\/es\\\/#website\",\"url\":\"https:\\\/\\\/www.copealcoy.es\\\/es\\\/\",\"name\":\"COPE Alcoy\",\"description\":\"Emisora COPE de radio local con emisi\u00f3n online. Pont de Sant Jordi 8-10 03803 Alcoy\",\"potentialAction\":[{\"@type\":\"SearchAction\",\"target\":{\"@type\":\"EntryPoint\",\"urlTemplate\":\"https:\\\/\\\/www.copealcoy.es\\\/es\\\/?s={search_term_string}\"},\"query-input\":{\"@type\":\"PropertyValueSpecification\",\"valueRequired\":true,\"valueName\":\"search_term_string\"}}],\"inLanguage\":\"es\"},{\"@type\":\"Person\",\"@id\":\"https:\\\/\\\/www.copealcoy.es\\\/es\\\/#\\\/schema\\\/person\\\/e777c87fa024e57d40170af9df39882c\",\"name\":\"Cope Alcoy\",\"image\":{\"@type\":\"ImageObject\",\"inLanguage\":\"es\",\"@id\":\"https:\\\/\\\/secure.gravatar.com\\\/avatar\\\/bb65d0283347e303893ba14f0692005417c1e0e690a325a4c5d8bb2b3943ee14?s=96&d=mm&r=g\",\"url\":\"https:\\\/\\\/secure.gravatar.com\\\/avatar\\\/bb65d0283347e303893ba14f0692005417c1e0e690a325a4c5d8bb2b3943ee14?s=96&d=mm&r=g\",\"contentUrl\":\"https:\\\/\\\/secure.gravatar.com\\\/avatar\\\/bb65d0283347e303893ba14f0692005417c1e0e690a325a4c5d8bb2b3943ee14?s=96&d=mm&r=g\",\"caption\":\"Cope Alcoy\"}}]}<\/script>\n<!-- \/ Yoast SEO plugin. -->","yoast_head_json":{"title":"Muro inicia una nueva campa\u00f1a de Presupuestos Participativos - COPE Alcoy","robots":{"index":"index","follow":"follow","max-snippet":"max-snippet:-1","max-image-preview":"max-image-preview:large","max-video-preview":"max-video-preview:-1"},"canonical":"https:\/\/www.copealcoy.es\/es\/muro-inicia-una-nueva-campana-de-presupuestos-participativos\/","og_locale":"es_ES","og_type":"article","og_title":"Muro inicia una nueva campa\u00f1a de Presupuestos Participativos - COPE Alcoy","og_description":"El Ayuntamiento de Muro lanza una nueva campa\u00f1a de Presupuestos Participativos y vuelve a destinar 70.000 euros para las iniciativas...","og_url":"https:\/\/www.copealcoy.es\/es\/muro-inicia-una-nueva-campana-de-presupuestos-participativos\/","og_site_name":"COPE Alcoy","article_published_time":"2018-06-22T15:32:28+00:00","article_modified_time":"2018-06-22T15:36:12+00:00","og_image":[{"width":1280,"height":853,"url":"https:\/\/www.copealcoy.es\/wp-content\/uploads\/2015\/08\/22240726.jpg","type":"image\/jpeg"}],"author":"Cope Alcoy","twitter_misc":{"Escrito por":"Cope Alcoy","Tiempo de lectura":"1 minuto"},"schema":{"@context":"https:\/\/schema.org","@graph":[{"@type":"Article","@id":"https:\/\/www.copealcoy.es\/es\/muro-inicia-una-nueva-campana-de-presupuestos-participativos\/#article","isPartOf":{"@id":"https:\/\/www.copealcoy.es\/es\/muro-inicia-una-nueva-campana-de-presupuestos-participativos\/"},"author":{"name":"Cope Alcoy","@id":"https:\/\/www.copealcoy.es\/es\/#\/schema\/person\/e777c87fa024e57d40170af9df39882c"},"headline":"Muro inicia una nueva campa\u00f1a de Presupuestos Participativos","datePublished":"2018-06-22T15:32:28+00:00","dateModified":"2018-06-22T15:36:12+00:00","mainEntityOfPage":{"@id":"https:\/\/www.copealcoy.es\/es\/muro-inicia-una-nueva-campana-de-presupuestos-participativos\/"},"wordCount":225,"commentCount":0,"image":{"@id":"https:\/\/www.copealcoy.es\/es\/muro-inicia-una-nueva-campana-de-presupuestos-participativos\/#primaryimage"},"thumbnailUrl":"https:\/\/www.copealcoy.es\/wp-content\/uploads\/2015\/08\/22240726.jpg","keywords":["Inicia","Muro","nueva campa\u00f1a","Presupuestos participativos"],"articleSection":["Comarcas","Noticias"],"inLanguage":"es"},{"@type":"WebPage","@id":"https:\/\/www.copealcoy.es\/es\/muro-inicia-una-nueva-campana-de-presupuestos-participativos\/","url":"https:\/\/www.copealcoy.es\/es\/muro-inicia-una-nueva-campana-de-presupuestos-participativos\/","name":"Muro inicia una nueva campa\u00f1a de Presupuestos Participativos - COPE Alcoy","isPartOf":{"@id":"https:\/\/www.copealcoy.es\/es\/#website"},"primaryImageOfPage":{"@id":"https:\/\/www.copealcoy.es\/es\/muro-inicia-una-nueva-campana-de-presupuestos-participativos\/#primaryimage"},"image":{"@id":"https:\/\/www.copealcoy.es\/es\/muro-inicia-una-nueva-campana-de-presupuestos-participativos\/#primaryimage"},"thumbnailUrl":"https:\/\/www.copealcoy.es\/wp-content\/uploads\/2015\/08\/22240726.jpg","datePublished":"2018-06-22T15:32:28+00:00","dateModified":"2018-06-22T15:36:12+00:00","author":{"@id":"https:\/\/www.copealcoy.es\/es\/#\/schema\/person\/e777c87fa024e57d40170af9df39882c"},"breadcrumb":{"@id":"https:\/\/www.copealcoy.es\/es\/muro-inicia-una-nueva-campana-de-presupuestos-participativos\/#breadcrumb"},"inLanguage":"es","potentialAction":[{"@type":"ReadAction","target":["https:\/\/www.copealcoy.es\/es\/muro-inicia-una-nueva-campana-de-presupuestos-participativos\/"]}]},{"@type":"ImageObject","inLanguage":"es","@id":"https:\/\/www.copealcoy.es\/es\/muro-inicia-una-nueva-campana-de-presupuestos-participativos\/#primaryimage","url":"https:\/\/www.copealcoy.es\/wp-content\/uploads\/2015\/08\/22240726.jpg","contentUrl":"https:\/\/www.copealcoy.es\/wp-content\/uploads\/2015\/08\/22240726.jpg","width":1280,"height":853},{"@type":"BreadcrumbList","@id":"https:\/\/www.copealcoy.es\/es\/muro-inicia-una-nueva-campana-de-presupuestos-participativos\/#breadcrumb","itemListElement":[{"@type":"ListItem","position":1,"name":"Portada","item":"https:\/\/www.copealcoy.es\/es\/"},{"@type":"ListItem","position":2,"name":"Muro inicia una nueva campa\u00f1a de Presupuestos Participativos"}]},{"@type":"WebSite","@id":"https:\/\/www.copealcoy.es\/es\/#website","url":"https:\/\/www.copealcoy.es\/es\/","name":"COPE Alcoy","description":"Emisora COPE de radio local con emisi\u00f3n online. Pont de Sant Jordi 8-10 03803 Alcoy","potentialAction":[{"@type":"SearchAction","target":{"@type":"EntryPoint","urlTemplate":"https:\/\/www.copealcoy.es\/es\/?s={search_term_string}"},"query-input":{"@type":"PropertyValueSpecification","valueRequired":true,"valueName":"search_term_string"}}],"inLanguage":"es"},{"@type":"Person","@id":"https:\/\/www.copealcoy.es\/es\/#\/schema\/person\/e777c87fa024e57d40170af9df39882c","name":"Cope Alcoy","image":{"@type":"ImageObject","inLanguage":"es","@id":"https:\/\/secure.gravatar.com\/avatar\/bb65d0283347e303893ba14f0692005417c1e0e690a325a4c5d8bb2b3943ee14?s=96&d=mm&r=g","url":"https:\/\/secure.gravatar.com\/avatar\/bb65d0283347e303893ba14f0692005417c1e0e690a325a4c5d8bb2b3943ee14?s=96&d=mm&r=g","contentUrl":"https:\/\/secure.gravatar.com\/avatar\/bb65d0283347e303893ba14f0692005417c1e0e690a325a4c5d8bb2b3943ee14?s=96&d=mm&r=g","caption":"Cope Alcoy"}}]}},"_links":{"self":[{"href":"https:\/\/www.copealcoy.es\/es\/wp-json\/wp\/v2\/posts\/43330","targetHints":{"allow":["GET"]}}],"collection":[{"href":"https:\/\/www.copealcoy.es\/es\/wp-json\/wp\/v2\/posts"}],"about":[{"href":"https:\/\/www.copealcoy.es\/es\/wp-json\/wp\/v2\/types\/post"}],"author":[{"embeddable":true,"href":"https:\/\/www.copealcoy.es\/es\/wp-json\/wp\/v2\/users\/1"}],"replies":[{"embeddable":true,"href":"https:\/\/www.copealcoy.es\/es\/wp-json\/wp\/v2\/comments?post=43330"}],"version-history":[{"count":0,"href":"https:\/\/www.copealcoy.es\/es\/wp-json\/wp\/v2\/posts\/43330\/revisions"}],"wp:featuredmedia":[{"embeddable":true,"href":"https:\/\/www.copealcoy.es\/es\/wp-json\/wp\/v2\/media\/15032"}],"wp:attachment":[{"href":"https:\/\/www.copealcoy.es\/es\/wp-json\/wp\/v2\/media?parent=43330"}],"wp:term":[{"taxonomy":"category","embeddable":true,"href":"https:\/\/www.copealcoy.es\/es\/wp-json\/wp\/v2\/categories?post=43330"},{"taxonomy":"post_tag","embeddable":true,"href":"https:\/\/www.copealcoy.es\/es\/wp-json\/wp\/v2\/tags?post=43330"}],"curies":[{"name":"wp","href":"https:\/\/api.w.org\/{rel}","templated":true}]}}