{"id":43308,"date":"2018-06-21T16:04:44","date_gmt":"2018-06-21T16:04:44","guid":{"rendered":"http:\/\/copealcoi.es\/new\/?p=43308"},"modified":"2018-06-21T16:09:00","modified_gmt":"2018-06-21T16:09:00","slug":"exito-de-las-jornadas-gastronomicas-fira-de-tots-sants-de-cocentaina","status":"publish","type":"post","link":"https:\/\/www.copealcoy.es\/es\/exito-de-las-jornadas-gastronomicas-fira-de-tots-sants-de-cocentaina\/","title":{"rendered":"\u00c9xito de las Jornadas Gastron\u00f3micas Fira de Tots Sants de Cocentaina"},"content":{"rendered":"<p style=\"text-align: justify;\">Las <strong>Jornadas Gastron\u00f3micas Fira de Tots Sants de Cocentaina<\/strong>, celebradas el pasado mes de mayo, <strong>finalizaron con \u00e9xito<\/strong> y contaron con la participaci\u00f3n de <strong>un total de 21 establecimientos<\/strong> en su <strong>edici\u00f3n n\u00famero XIII<\/strong>. El evento ha generado adem\u00e1s <strong>un volumen de negocio de m\u00e1s de 65.000 euros<\/strong> y en cuanto al consumo hay que destacar<strong> cifras del 77% en cuanto a la cerveza y del 23% en el vino<\/strong>. El evento ha incluido en esta ocasi\u00f3n\u00a0<strong>rutas de tapas<\/strong> por los establecimientos participantes cada fin de semana, animaci\u00f3n, conciertos, una muestra de coches y motos cl\u00e1sicos o la recuperaci\u00f3n de iniciativas como los men\u00fas de mediod\u00eda. De igual forma <strong>se han repartido unos tres mil euros en premios<\/strong> entre todos los participantes en las Jornadas.<\/p>\n<p style=\"text-align: justify;\">La edil de Promoci\u00f3n Econ\u00f3mica, <strong>Mariona Carbonell<\/strong>, expresa su satisfacci\u00f3n por el <strong>buen desarrollo de las Jornadas Gastron\u00f3micas<\/strong> e indica que<strong> ya se trabaja en las de 2019<\/strong> &#8220;<em>es de admirar el esfuerzo que hacen los establecimientos para promocionar nuestra gastronom\u00eda y nuestros productos. Estamos muy contentos por el resultado obtenido en 2019 y estamos muy ilusionados por comenzar a planificar el pr\u00f3ximo a\u00f1o<\/em>&#8220;, asegura. Tambi\u00e9n <strong>Andr\u00e9s Pascual<\/strong>, como representante del sector hostelero en la Asociaci\u00f3n de Comercio El Comtat, <strong>valora positivamente las iniciativas que se han realizado<\/strong> junto al ciclo #CocentainaDeTapes &#8220;<em>ha sido un resultado muy satisfactorio a pesar de que part\u00edamos con cierta prudencia por el incremento de los precios de las tapas. Los complementos incorporados, como la m\u00fasica en directo, los conciertos y la animaci\u00f3n de calle; han funcionado muy bien y ha servido para que la gente quedara contenta junto al aumento de la calidad de las tapas en general<\/em>&#8220;, afirma.<\/p>\n<p style=\"text-align: justify;\">Recordar que en el perfil oficial de Facebook de #CocentainaDeTapes <strong>se pueden consultar los ganadores de los diferentes premios<\/strong> que hab\u00eda previstos en esta edici\u00f3n.<\/p>\n","protected":false},"excerpt":{"rendered":"<p>Las Jornadas Gastron\u00f3micas Fira de Tots Sants de Cocentaina, celebradas el pasado mes de mayo, finalizaron con \u00e9xito y contaron&#8230;<\/p>\n","protected":false},"author":1,"featured_media":43309,"comment_status":"open","ping_status":"open","sticky":false,"template":"","format":"standard","meta":{"footnotes":""},"categories":[98,75],"tags":[132,2650,635,4070],"class_list":["post-43308","post","type-post","status-publish","format-standard","has-post-thumbnail","hentry","category-comarcas","category-noticias","tag-cocentaina","tag-exito","tag-fira-de-tots-sants","tag-jornadas-gastronomicas"],"yoast_head":"<!-- This site is optimized with the Yoast SEO plugin v27.3 - https:\/\/yoast.com\/product\/yoast-seo-wordpress\/ -->\n<title>\u00c9xito de las Jornadas Gastron\u00f3micas Fira de Tots Sants de Cocentaina - COPE Alcoy<\/title>\n<meta name=\"robots\" content=\"index, follow, max-snippet:-1, max-image-preview:large, max-video-preview:-1\" \/>\n<link rel=\"canonical\" href=\"https:\/\/www.copealcoy.es\/es\/exito-de-las-jornadas-gastronomicas-fira-de-tots-sants-de-cocentaina\/\" \/>\n<meta property=\"og:locale\" content=\"es_ES\" \/>\n<meta property=\"og:type\" content=\"article\" \/>\n<meta property=\"og:title\" content=\"\u00c9xito de las Jornadas Gastron\u00f3micas Fira de Tots Sants de Cocentaina - COPE Alcoy\" \/>\n<meta property=\"og:description\" content=\"Las Jornadas Gastron\u00f3micas Fira de Tots Sants de Cocentaina, celebradas el pasado mes de mayo, finalizaron con \u00e9xito y contaron...\" \/>\n<meta property=\"og:url\" content=\"https:\/\/www.copealcoy.es\/es\/exito-de-las-jornadas-gastronomicas-fira-de-tots-sants-de-cocentaina\/\" \/>\n<meta property=\"og:site_name\" content=\"COPE Alcoy\" \/>\n<meta property=\"article:published_time\" content=\"2018-06-21T16:04:44+00:00\" \/>\n<meta property=\"article:modified_time\" content=\"2018-06-21T16:09:00+00:00\" \/>\n<meta property=\"og:image\" content=\"https:\/\/www.copealcoy.es\/wp-content\/uploads\/2018\/06\/180615_foto_jornades_gast_20180616103402.jpg\" \/>\n\t<meta property=\"og:image:width\" content=\"1024\" \/>\n\t<meta property=\"og:image:height\" content=\"685\" \/>\n\t<meta property=\"og:image:type\" content=\"image\/jpeg\" \/>\n<meta name=\"author\" content=\"Cope Alcoy\" \/>\n<meta name=\"twitter:label1\" content=\"Escrito por\" \/>\n\t<meta name=\"twitter:data1\" content=\"Cope Alcoy\" \/>\n\t<meta name=\"twitter:label2\" content=\"Tiempo de lectura\" \/>\n\t<meta name=\"twitter:data2\" content=\"2 minutos\" \/>\n<script type=\"application\/ld+json\" class=\"yoast-schema-graph\">{\"@context\":\"https:\\\/\\\/schema.org\",\"@graph\":[{\"@type\":\"Article\",\"@id\":\"https:\\\/\\\/www.copealcoy.es\\\/es\\\/exito-de-las-jornadas-gastronomicas-fira-de-tots-sants-de-cocentaina\\\/#article\",\"isPartOf\":{\"@id\":\"https:\\\/\\\/www.copealcoy.es\\\/es\\\/exito-de-las-jornadas-gastronomicas-fira-de-tots-sants-de-cocentaina\\\/\"},\"author\":{\"name\":\"Cope Alcoy\",\"@id\":\"https:\\\/\\\/www.copealcoy.es\\\/es\\\/#\\\/schema\\\/person\\\/e777c87fa024e57d40170af9df39882c\"},\"headline\":\"\u00c9xito de las Jornadas Gastron\u00f3micas Fira de Tots Sants de Cocentaina\",\"datePublished\":\"2018-06-21T16:04:44+00:00\",\"dateModified\":\"2018-06-21T16:09:00+00:00\",\"mainEntityOfPage\":{\"@id\":\"https:\\\/\\\/www.copealcoy.es\\\/es\\\/exito-de-las-jornadas-gastronomicas-fira-de-tots-sants-de-cocentaina\\\/\"},\"wordCount\":339,\"commentCount\":0,\"image\":{\"@id\":\"https:\\\/\\\/www.copealcoy.es\\\/es\\\/exito-de-las-jornadas-gastronomicas-fira-de-tots-sants-de-cocentaina\\\/#primaryimage\"},\"thumbnailUrl\":\"https:\\\/\\\/www.copealcoy.es\\\/wp-content\\\/uploads\\\/2018\\\/06\\\/180615_foto_jornades_gast_20180616103402.jpg\",\"keywords\":[\"Cocentaina\",\"\u00c9xito\",\"Fira de Tots Sants\",\"Jornadas Gastron\u00f3micas\"],\"articleSection\":[\"Comarcas\",\"Noticias\"],\"inLanguage\":\"es\"},{\"@type\":\"WebPage\",\"@id\":\"https:\\\/\\\/www.copealcoy.es\\\/es\\\/exito-de-las-jornadas-gastronomicas-fira-de-tots-sants-de-cocentaina\\\/\",\"url\":\"https:\\\/\\\/www.copealcoy.es\\\/es\\\/exito-de-las-jornadas-gastronomicas-fira-de-tots-sants-de-cocentaina\\\/\",\"name\":\"\u00c9xito de las Jornadas Gastron\u00f3micas Fira de Tots Sants de Cocentaina - COPE Alcoy\",\"isPartOf\":{\"@id\":\"https:\\\/\\\/www.copealcoy.es\\\/es\\\/#website\"},\"primaryImageOfPage\":{\"@id\":\"https:\\\/\\\/www.copealcoy.es\\\/es\\\/exito-de-las-jornadas-gastronomicas-fira-de-tots-sants-de-cocentaina\\\/#primaryimage\"},\"image\":{\"@id\":\"https:\\\/\\\/www.copealcoy.es\\\/es\\\/exito-de-las-jornadas-gastronomicas-fira-de-tots-sants-de-cocentaina\\\/#primaryimage\"},\"thumbnailUrl\":\"https:\\\/\\\/www.copealcoy.es\\\/wp-content\\\/uploads\\\/2018\\\/06\\\/180615_foto_jornades_gast_20180616103402.jpg\",\"datePublished\":\"2018-06-21T16:04:44+00:00\",\"dateModified\":\"2018-06-21T16:09:00+00:00\",\"author\":{\"@id\":\"https:\\\/\\\/www.copealcoy.es\\\/es\\\/#\\\/schema\\\/person\\\/e777c87fa024e57d40170af9df39882c\"},\"breadcrumb\":{\"@id\":\"https:\\\/\\\/www.copealcoy.es\\\/es\\\/exito-de-las-jornadas-gastronomicas-fira-de-tots-sants-de-cocentaina\\\/#breadcrumb\"},\"inLanguage\":\"es\",\"potentialAction\":[{\"@type\":\"ReadAction\",\"target\":[\"https:\\\/\\\/www.copealcoy.es\\\/es\\\/exito-de-las-jornadas-gastronomicas-fira-de-tots-sants-de-cocentaina\\\/\"]}]},{\"@type\":\"ImageObject\",\"inLanguage\":\"es\",\"@id\":\"https:\\\/\\\/www.copealcoy.es\\\/es\\\/exito-de-las-jornadas-gastronomicas-fira-de-tots-sants-de-cocentaina\\\/#primaryimage\",\"url\":\"https:\\\/\\\/www.copealcoy.es\\\/wp-content\\\/uploads\\\/2018\\\/06\\\/180615_foto_jornades_gast_20180616103402.jpg\",\"contentUrl\":\"https:\\\/\\\/www.copealcoy.es\\\/wp-content\\\/uploads\\\/2018\\\/06\\\/180615_foto_jornades_gast_20180616103402.jpg\",\"width\":1024,\"height\":685},{\"@type\":\"BreadcrumbList\",\"@id\":\"https:\\\/\\\/www.copealcoy.es\\\/es\\\/exito-de-las-jornadas-gastronomicas-fira-de-tots-sants-de-cocentaina\\\/#breadcrumb\",\"itemListElement\":[{\"@type\":\"ListItem\",\"position\":1,\"name\":\"Portada\",\"item\":\"https:\\\/\\\/www.copealcoy.es\\\/es\\\/\"},{\"@type\":\"ListItem\",\"position\":2,\"name\":\"\u00c9xito de las Jornadas Gastron\u00f3micas Fira de Tots Sants de Cocentaina\"}]},{\"@type\":\"WebSite\",\"@id\":\"https:\\\/\\\/www.copealcoy.es\\\/es\\\/#website\",\"url\":\"https:\\\/\\\/www.copealcoy.es\\\/es\\\/\",\"name\":\"COPE Alcoy\",\"description\":\"Emisora COPE de radio local con emisi\u00f3n online. Pont de Sant Jordi 8-10 03803 Alcoy\",\"potentialAction\":[{\"@type\":\"SearchAction\",\"target\":{\"@type\":\"EntryPoint\",\"urlTemplate\":\"https:\\\/\\\/www.copealcoy.es\\\/es\\\/?s={search_term_string}\"},\"query-input\":{\"@type\":\"PropertyValueSpecification\",\"valueRequired\":true,\"valueName\":\"search_term_string\"}}],\"inLanguage\":\"es\"},{\"@type\":\"Person\",\"@id\":\"https:\\\/\\\/www.copealcoy.es\\\/es\\\/#\\\/schema\\\/person\\\/e777c87fa024e57d40170af9df39882c\",\"name\":\"Cope Alcoy\",\"image\":{\"@type\":\"ImageObject\",\"inLanguage\":\"es\",\"@id\":\"https:\\\/\\\/secure.gravatar.com\\\/avatar\\\/bb65d0283347e303893ba14f0692005417c1e0e690a325a4c5d8bb2b3943ee14?s=96&d=mm&r=g\",\"url\":\"https:\\\/\\\/secure.gravatar.com\\\/avatar\\\/bb65d0283347e303893ba14f0692005417c1e0e690a325a4c5d8bb2b3943ee14?s=96&d=mm&r=g\",\"contentUrl\":\"https:\\\/\\\/secure.gravatar.com\\\/avatar\\\/bb65d0283347e303893ba14f0692005417c1e0e690a325a4c5d8bb2b3943ee14?s=96&d=mm&r=g\",\"caption\":\"Cope Alcoy\"}}]}<\/script>\n<!-- \/ Yoast SEO plugin. -->","yoast_head_json":{"title":"\u00c9xito de las Jornadas Gastron\u00f3micas Fira de Tots Sants de Cocentaina - COPE Alcoy","robots":{"index":"index","follow":"follow","max-snippet":"max-snippet:-1","max-image-preview":"max-image-preview:large","max-video-preview":"max-video-preview:-1"},"canonical":"https:\/\/www.copealcoy.es\/es\/exito-de-las-jornadas-gastronomicas-fira-de-tots-sants-de-cocentaina\/","og_locale":"es_ES","og_type":"article","og_title":"\u00c9xito de las Jornadas Gastron\u00f3micas Fira de Tots Sants de Cocentaina - COPE Alcoy","og_description":"Las Jornadas Gastron\u00f3micas Fira de Tots Sants de Cocentaina, celebradas el pasado mes de mayo, finalizaron con \u00e9xito y contaron...","og_url":"https:\/\/www.copealcoy.es\/es\/exito-de-las-jornadas-gastronomicas-fira-de-tots-sants-de-cocentaina\/","og_site_name":"COPE Alcoy","article_published_time":"2018-06-21T16:04:44+00:00","article_modified_time":"2018-06-21T16:09:00+00:00","og_image":[{"width":1024,"height":685,"url":"https:\/\/www.copealcoy.es\/wp-content\/uploads\/2018\/06\/180615_foto_jornades_gast_20180616103402.jpg","type":"image\/jpeg"}],"author":"Cope Alcoy","twitter_misc":{"Escrito por":"Cope Alcoy","Tiempo de lectura":"2 minutos"},"schema":{"@context":"https:\/\/schema.org","@graph":[{"@type":"Article","@id":"https:\/\/www.copealcoy.es\/es\/exito-de-las-jornadas-gastronomicas-fira-de-tots-sants-de-cocentaina\/#article","isPartOf":{"@id":"https:\/\/www.copealcoy.es\/es\/exito-de-las-jornadas-gastronomicas-fira-de-tots-sants-de-cocentaina\/"},"author":{"name":"Cope Alcoy","@id":"https:\/\/www.copealcoy.es\/es\/#\/schema\/person\/e777c87fa024e57d40170af9df39882c"},"headline":"\u00c9xito de las Jornadas Gastron\u00f3micas Fira de Tots Sants de Cocentaina","datePublished":"2018-06-21T16:04:44+00:00","dateModified":"2018-06-21T16:09:00+00:00","mainEntityOfPage":{"@id":"https:\/\/www.copealcoy.es\/es\/exito-de-las-jornadas-gastronomicas-fira-de-tots-sants-de-cocentaina\/"},"wordCount":339,"commentCount":0,"image":{"@id":"https:\/\/www.copealcoy.es\/es\/exito-de-las-jornadas-gastronomicas-fira-de-tots-sants-de-cocentaina\/#primaryimage"},"thumbnailUrl":"https:\/\/www.copealcoy.es\/wp-content\/uploads\/2018\/06\/180615_foto_jornades_gast_20180616103402.jpg","keywords":["Cocentaina","\u00c9xito","Fira de Tots Sants","Jornadas Gastron\u00f3micas"],"articleSection":["Comarcas","Noticias"],"inLanguage":"es"},{"@type":"WebPage","@id":"https:\/\/www.copealcoy.es\/es\/exito-de-las-jornadas-gastronomicas-fira-de-tots-sants-de-cocentaina\/","url":"https:\/\/www.copealcoy.es\/es\/exito-de-las-jornadas-gastronomicas-fira-de-tots-sants-de-cocentaina\/","name":"\u00c9xito de las Jornadas Gastron\u00f3micas Fira de Tots Sants de Cocentaina - COPE Alcoy","isPartOf":{"@id":"https:\/\/www.copealcoy.es\/es\/#website"},"primaryImageOfPage":{"@id":"https:\/\/www.copealcoy.es\/es\/exito-de-las-jornadas-gastronomicas-fira-de-tots-sants-de-cocentaina\/#primaryimage"},"image":{"@id":"https:\/\/www.copealcoy.es\/es\/exito-de-las-jornadas-gastronomicas-fira-de-tots-sants-de-cocentaina\/#primaryimage"},"thumbnailUrl":"https:\/\/www.copealcoy.es\/wp-content\/uploads\/2018\/06\/180615_foto_jornades_gast_20180616103402.jpg","datePublished":"2018-06-21T16:04:44+00:00","dateModified":"2018-06-21T16:09:00+00:00","author":{"@id":"https:\/\/www.copealcoy.es\/es\/#\/schema\/person\/e777c87fa024e57d40170af9df39882c"},"breadcrumb":{"@id":"https:\/\/www.copealcoy.es\/es\/exito-de-las-jornadas-gastronomicas-fira-de-tots-sants-de-cocentaina\/#breadcrumb"},"inLanguage":"es","potentialAction":[{"@type":"ReadAction","target":["https:\/\/www.copealcoy.es\/es\/exito-de-las-jornadas-gastronomicas-fira-de-tots-sants-de-cocentaina\/"]}]},{"@type":"ImageObject","inLanguage":"es","@id":"https:\/\/www.copealcoy.es\/es\/exito-de-las-jornadas-gastronomicas-fira-de-tots-sants-de-cocentaina\/#primaryimage","url":"https:\/\/www.copealcoy.es\/wp-content\/uploads\/2018\/06\/180615_foto_jornades_gast_20180616103402.jpg","contentUrl":"https:\/\/www.copealcoy.es\/wp-content\/uploads\/2018\/06\/180615_foto_jornades_gast_20180616103402.jpg","width":1024,"height":685},{"@type":"BreadcrumbList","@id":"https:\/\/www.copealcoy.es\/es\/exito-de-las-jornadas-gastronomicas-fira-de-tots-sants-de-cocentaina\/#breadcrumb","itemListElement":[{"@type":"ListItem","position":1,"name":"Portada","item":"https:\/\/www.copealcoy.es\/es\/"},{"@type":"ListItem","position":2,"name":"\u00c9xito de las Jornadas Gastron\u00f3micas Fira de Tots Sants de Cocentaina"}]},{"@type":"WebSite","@id":"https:\/\/www.copealcoy.es\/es\/#website","url":"https:\/\/www.copealcoy.es\/es\/","name":"COPE Alcoy","description":"Emisora COPE de radio local con emisi\u00f3n online. Pont de Sant Jordi 8-10 03803 Alcoy","potentialAction":[{"@type":"SearchAction","target":{"@type":"EntryPoint","urlTemplate":"https:\/\/www.copealcoy.es\/es\/?s={search_term_string}"},"query-input":{"@type":"PropertyValueSpecification","valueRequired":true,"valueName":"search_term_string"}}],"inLanguage":"es"},{"@type":"Person","@id":"https:\/\/www.copealcoy.es\/es\/#\/schema\/person\/e777c87fa024e57d40170af9df39882c","name":"Cope Alcoy","image":{"@type":"ImageObject","inLanguage":"es","@id":"https:\/\/secure.gravatar.com\/avatar\/bb65d0283347e303893ba14f0692005417c1e0e690a325a4c5d8bb2b3943ee14?s=96&d=mm&r=g","url":"https:\/\/secure.gravatar.com\/avatar\/bb65d0283347e303893ba14f0692005417c1e0e690a325a4c5d8bb2b3943ee14?s=96&d=mm&r=g","contentUrl":"https:\/\/secure.gravatar.com\/avatar\/bb65d0283347e303893ba14f0692005417c1e0e690a325a4c5d8bb2b3943ee14?s=96&d=mm&r=g","caption":"Cope Alcoy"}}]}},"_links":{"self":[{"href":"https:\/\/www.copealcoy.es\/es\/wp-json\/wp\/v2\/posts\/43308","targetHints":{"allow":["GET"]}}],"collection":[{"href":"https:\/\/www.copealcoy.es\/es\/wp-json\/wp\/v2\/posts"}],"about":[{"href":"https:\/\/www.copealcoy.es\/es\/wp-json\/wp\/v2\/types\/post"}],"author":[{"embeddable":true,"href":"https:\/\/www.copealcoy.es\/es\/wp-json\/wp\/v2\/users\/1"}],"replies":[{"embeddable":true,"href":"https:\/\/www.copealcoy.es\/es\/wp-json\/wp\/v2\/comments?post=43308"}],"version-history":[{"count":0,"href":"https:\/\/www.copealcoy.es\/es\/wp-json\/wp\/v2\/posts\/43308\/revisions"}],"wp:featuredmedia":[{"embeddable":true,"href":"https:\/\/www.copealcoy.es\/es\/wp-json\/wp\/v2\/media\/43309"}],"wp:attachment":[{"href":"https:\/\/www.copealcoy.es\/es\/wp-json\/wp\/v2\/media?parent=43308"}],"wp:term":[{"taxonomy":"category","embeddable":true,"href":"https:\/\/www.copealcoy.es\/es\/wp-json\/wp\/v2\/categories?post=43308"},{"taxonomy":"post_tag","embeddable":true,"href":"https:\/\/www.copealcoy.es\/es\/wp-json\/wp\/v2\/tags?post=43308"}],"curies":[{"name":"wp","href":"https:\/\/api.w.org\/{rel}","templated":true}]}}