{"id":43219,"date":"2018-06-18T14:04:56","date_gmt":"2018-06-18T14:04:56","guid":{"rendered":"http:\/\/copealcoi.es\/new\/?p=43219"},"modified":"2018-06-18T15:36:33","modified_gmt":"2018-06-18T15:36:33","slug":"la-diputacion-escoge-a-alcoy-para-implantar-su-proyecto-de-smart-cities","status":"publish","type":"post","link":"https:\/\/www.copealcoy.es\/es\/la-diputacion-escoge-a-alcoy-para-implantar-su-proyecto-de-smart-cities\/","title":{"rendered":"La Diputaci\u00f3n escoge a Alcoy para implantar su proyecto de Smart Cities"},"content":{"rendered":"<p style=\"text-align: justify;\">La <strong>Diputaci\u00f3n Provincial de Alicante<\/strong> ha escogido Alcoy para <strong>desarrollar el proyecto piloto <em>Smart Cities<\/em><\/strong> que lidera la instituci\u00f3n provincial. El vicepresidente y diputado de Buen Gobierno as\u00ed como Agenda Digital, <strong>Adri\u00e1n Ballester<\/strong>, ha explicado este lunes en La Ma\u00f1ana de COPE ALCOY que el pasado mes de enero <strong>el pleno de la Diputaci\u00f3n aprob\u00f3 por unanimidad<\/strong> el <em>\u2018Plan Estrategia Alicante Smart Province, &#8220;una interesante iniciativa que busca convertir la provincia en un territorio innovador, interconectado e inteligente<\/em>&#8220;, destac\u00f3. Adem\u00e1s ha apuntado que <strong>Alcoy ha sido la ciudad escogida<\/strong> para poner en marcha <strong>esta novedosa propuesta<\/strong> teniendo en cuenta <strong>todas las iniciativas que la misma est\u00e1 desarrollando<\/strong> en materia Smart City &#8220;<em>posteriormente\u00a0se exportar\u00e1n todas las ideas y propuestas al resto de nuestros municipios<\/em>&#8220;, \u00a0asegur\u00f3.<\/p>\n<p style=\"text-align: justify;\">Por \u00faltimo indic\u00f3 que <strong>esta acci\u00f3n pretende<\/strong> impulsar la digitalizaci\u00f3n de los servicios p\u00fablicos, incidir en \u00e1mbitos como la gobernanza p\u00fablica, el medio ambiente, el ahorro energ\u00e9tico, la eficiencia h\u00eddrica o el turismo, creando destinos tur\u00edsticos inteligentes.<\/p>\n<p style=\"text-align: justify;\">Recordar que Pleno Municipal aprob\u00f3<strong> el \u00abPlan Director Alcoi Smart City\u00bb<\/strong>, un instrumento que debe dirigir, de forma continuada,<strong> las acciones de Gobierno<\/strong> para concretar y definir un modelo de ciudad inteligente as\u00ed como <strong>los retos futuros<\/strong> a los que tiene que hacer frente Alcoy en este \u00e1mbito.<\/p>\n","protected":false},"excerpt":{"rendered":"<p>La Diputaci\u00f3n Provincial de Alicante ha escogido Alcoy para desarrollar el proyecto piloto Smart Cities que lidera la instituci\u00f3n provincial&#8230;.<\/p>\n","protected":false},"author":1,"featured_media":0,"comment_status":"open","ping_status":"open","sticky":false,"template":"","format":"standard","meta":{"footnotes":""},"categories":[97,75,125],"tags":[1494,234,5855,4928,525,5229],"class_list":["post-43219","post","type-post","status-publish","format-standard","hentry","category-alcoy","category-noticias","category-portada","tag-alcoy","tag-diputacion","tag-escoge","tag-implantar","tag-proyecto","tag-smart-cities"],"yoast_head":"<!-- This site is optimized with the Yoast SEO plugin v27.3 - https:\/\/yoast.com\/product\/yoast-seo-wordpress\/ -->\n<title>La Diputaci\u00f3n escoge a Alcoy para implantar su proyecto de Smart Cities - COPE Alcoy<\/title>\n<meta name=\"robots\" content=\"index, follow, max-snippet:-1, max-image-preview:large, max-video-preview:-1\" \/>\n<link rel=\"canonical\" href=\"https:\/\/www.copealcoy.es\/es\/la-diputacion-escoge-a-alcoy-para-implantar-su-proyecto-de-smart-cities\/\" \/>\n<meta property=\"og:locale\" content=\"es_ES\" \/>\n<meta property=\"og:type\" content=\"article\" \/>\n<meta property=\"og:title\" content=\"La Diputaci\u00f3n escoge a Alcoy para implantar su proyecto de Smart Cities - COPE Alcoy\" \/>\n<meta property=\"og:description\" content=\"La Diputaci\u00f3n Provincial de Alicante ha escogido Alcoy para desarrollar el proyecto piloto Smart Cities que lidera la instituci\u00f3n provincial....\" \/>\n<meta property=\"og:url\" content=\"https:\/\/www.copealcoy.es\/es\/la-diputacion-escoge-a-alcoy-para-implantar-su-proyecto-de-smart-cities\/\" \/>\n<meta property=\"og:site_name\" content=\"COPE Alcoy\" \/>\n<meta property=\"article:published_time\" content=\"2018-06-18T14:04:56+00:00\" \/>\n<meta property=\"article:modified_time\" content=\"2018-06-18T15:36:33+00:00\" \/>\n<meta property=\"og:image\" content=\"https:\/\/www.copealcoy.es\/wp-content\/uploads\/2018\/06\/060618_reunion_alcalde_alcoy_20180606060637-e1529330371888.jpg\" \/>\n\t<meta property=\"og:image:width\" content=\"942\" \/>\n\t<meta property=\"og:image:height\" content=\"532\" \/>\n\t<meta property=\"og:image:type\" content=\"image\/jpeg\" \/>\n<meta name=\"author\" content=\"Cope Alcoy\" \/>\n<meta name=\"twitter:label1\" content=\"Escrito por\" \/>\n\t<meta name=\"twitter:data1\" content=\"Cope Alcoy\" \/>\n\t<meta name=\"twitter:label2\" content=\"Tiempo de lectura\" \/>\n\t<meta name=\"twitter:data2\" content=\"1 minuto\" \/>\n<script type=\"application\/ld+json\" class=\"yoast-schema-graph\">{\"@context\":\"https:\\\/\\\/schema.org\",\"@graph\":[{\"@type\":\"Article\",\"@id\":\"https:\\\/\\\/www.copealcoy.es\\\/es\\\/la-diputacion-escoge-a-alcoy-para-implantar-su-proyecto-de-smart-cities\\\/#article\",\"isPartOf\":{\"@id\":\"https:\\\/\\\/www.copealcoy.es\\\/es\\\/la-diputacion-escoge-a-alcoy-para-implantar-su-proyecto-de-smart-cities\\\/\"},\"author\":{\"name\":\"Cope Alcoy\",\"@id\":\"https:\\\/\\\/www.copealcoy.es\\\/es\\\/#\\\/schema\\\/person\\\/e777c87fa024e57d40170af9df39882c\"},\"headline\":\"La Diputaci\u00f3n escoge a Alcoy para implantar su proyecto de Smart Cities\",\"datePublished\":\"2018-06-18T14:04:56+00:00\",\"dateModified\":\"2018-06-18T15:36:33+00:00\",\"mainEntityOfPage\":{\"@id\":\"https:\\\/\\\/www.copealcoy.es\\\/es\\\/la-diputacion-escoge-a-alcoy-para-implantar-su-proyecto-de-smart-cities\\\/\"},\"wordCount\":237,\"commentCount\":0,\"keywords\":[\"Alcoy\",\"Diputaci\u00f3n\",\"escoge\",\"implantar\",\"Proyecto\",\"Smart Cities\"],\"articleSection\":[\"Alcoy\",\"Noticias\",\"Portada\"],\"inLanguage\":\"es\"},{\"@type\":\"WebPage\",\"@id\":\"https:\\\/\\\/www.copealcoy.es\\\/es\\\/la-diputacion-escoge-a-alcoy-para-implantar-su-proyecto-de-smart-cities\\\/\",\"url\":\"https:\\\/\\\/www.copealcoy.es\\\/es\\\/la-diputacion-escoge-a-alcoy-para-implantar-su-proyecto-de-smart-cities\\\/\",\"name\":\"La Diputaci\u00f3n escoge a Alcoy para implantar su proyecto de Smart Cities - COPE Alcoy\",\"isPartOf\":{\"@id\":\"https:\\\/\\\/www.copealcoy.es\\\/es\\\/#website\"},\"datePublished\":\"2018-06-18T14:04:56+00:00\",\"dateModified\":\"2018-06-18T15:36:33+00:00\",\"author\":{\"@id\":\"https:\\\/\\\/www.copealcoy.es\\\/es\\\/#\\\/schema\\\/person\\\/e777c87fa024e57d40170af9df39882c\"},\"breadcrumb\":{\"@id\":\"https:\\\/\\\/www.copealcoy.es\\\/es\\\/la-diputacion-escoge-a-alcoy-para-implantar-su-proyecto-de-smart-cities\\\/#breadcrumb\"},\"inLanguage\":\"es\",\"potentialAction\":[{\"@type\":\"ReadAction\",\"target\":[\"https:\\\/\\\/www.copealcoy.es\\\/es\\\/la-diputacion-escoge-a-alcoy-para-implantar-su-proyecto-de-smart-cities\\\/\"]}]},{\"@type\":\"BreadcrumbList\",\"@id\":\"https:\\\/\\\/www.copealcoy.es\\\/es\\\/la-diputacion-escoge-a-alcoy-para-implantar-su-proyecto-de-smart-cities\\\/#breadcrumb\",\"itemListElement\":[{\"@type\":\"ListItem\",\"position\":1,\"name\":\"Portada\",\"item\":\"https:\\\/\\\/www.copealcoy.es\\\/es\\\/\"},{\"@type\":\"ListItem\",\"position\":2,\"name\":\"La Diputaci\u00f3n escoge a Alcoy para implantar su proyecto de Smart Cities\"}]},{\"@type\":\"WebSite\",\"@id\":\"https:\\\/\\\/www.copealcoy.es\\\/es\\\/#website\",\"url\":\"https:\\\/\\\/www.copealcoy.es\\\/es\\\/\",\"name\":\"COPE Alcoy\",\"description\":\"Emisora COPE de radio local con emisi\u00f3n online. Pont de Sant Jordi 8-10 03803 Alcoy\",\"potentialAction\":[{\"@type\":\"SearchAction\",\"target\":{\"@type\":\"EntryPoint\",\"urlTemplate\":\"https:\\\/\\\/www.copealcoy.es\\\/es\\\/?s={search_term_string}\"},\"query-input\":{\"@type\":\"PropertyValueSpecification\",\"valueRequired\":true,\"valueName\":\"search_term_string\"}}],\"inLanguage\":\"es\"},{\"@type\":\"Person\",\"@id\":\"https:\\\/\\\/www.copealcoy.es\\\/es\\\/#\\\/schema\\\/person\\\/e777c87fa024e57d40170af9df39882c\",\"name\":\"Cope Alcoy\",\"image\":{\"@type\":\"ImageObject\",\"inLanguage\":\"es\",\"@id\":\"https:\\\/\\\/secure.gravatar.com\\\/avatar\\\/bb65d0283347e303893ba14f0692005417c1e0e690a325a4c5d8bb2b3943ee14?s=96&d=mm&r=g\",\"url\":\"https:\\\/\\\/secure.gravatar.com\\\/avatar\\\/bb65d0283347e303893ba14f0692005417c1e0e690a325a4c5d8bb2b3943ee14?s=96&d=mm&r=g\",\"contentUrl\":\"https:\\\/\\\/secure.gravatar.com\\\/avatar\\\/bb65d0283347e303893ba14f0692005417c1e0e690a325a4c5d8bb2b3943ee14?s=96&d=mm&r=g\",\"caption\":\"Cope Alcoy\"}}]}<\/script>\n<!-- \/ Yoast SEO plugin. -->","yoast_head_json":{"title":"La Diputaci\u00f3n escoge a Alcoy para implantar su proyecto de Smart Cities - COPE Alcoy","robots":{"index":"index","follow":"follow","max-snippet":"max-snippet:-1","max-image-preview":"max-image-preview:large","max-video-preview":"max-video-preview:-1"},"canonical":"https:\/\/www.copealcoy.es\/es\/la-diputacion-escoge-a-alcoy-para-implantar-su-proyecto-de-smart-cities\/","og_locale":"es_ES","og_type":"article","og_title":"La Diputaci\u00f3n escoge a Alcoy para implantar su proyecto de Smart Cities - COPE Alcoy","og_description":"La Diputaci\u00f3n Provincial de Alicante ha escogido Alcoy para desarrollar el proyecto piloto Smart Cities que lidera la instituci\u00f3n provincial....","og_url":"https:\/\/www.copealcoy.es\/es\/la-diputacion-escoge-a-alcoy-para-implantar-su-proyecto-de-smart-cities\/","og_site_name":"COPE Alcoy","article_published_time":"2018-06-18T14:04:56+00:00","article_modified_time":"2018-06-18T15:36:33+00:00","og_image":[{"width":942,"height":532,"url":"https:\/\/www.copealcoy.es\/wp-content\/uploads\/2018\/06\/060618_reunion_alcalde_alcoy_20180606060637-e1529330371888.jpg","type":"image\/jpeg"}],"author":"Cope Alcoy","twitter_misc":{"Escrito por":"Cope Alcoy","Tiempo de lectura":"1 minuto"},"schema":{"@context":"https:\/\/schema.org","@graph":[{"@type":"Article","@id":"https:\/\/www.copealcoy.es\/es\/la-diputacion-escoge-a-alcoy-para-implantar-su-proyecto-de-smart-cities\/#article","isPartOf":{"@id":"https:\/\/www.copealcoy.es\/es\/la-diputacion-escoge-a-alcoy-para-implantar-su-proyecto-de-smart-cities\/"},"author":{"name":"Cope Alcoy","@id":"https:\/\/www.copealcoy.es\/es\/#\/schema\/person\/e777c87fa024e57d40170af9df39882c"},"headline":"La Diputaci\u00f3n escoge a Alcoy para implantar su proyecto de Smart Cities","datePublished":"2018-06-18T14:04:56+00:00","dateModified":"2018-06-18T15:36:33+00:00","mainEntityOfPage":{"@id":"https:\/\/www.copealcoy.es\/es\/la-diputacion-escoge-a-alcoy-para-implantar-su-proyecto-de-smart-cities\/"},"wordCount":237,"commentCount":0,"keywords":["Alcoy","Diputaci\u00f3n","escoge","implantar","Proyecto","Smart Cities"],"articleSection":["Alcoy","Noticias","Portada"],"inLanguage":"es"},{"@type":"WebPage","@id":"https:\/\/www.copealcoy.es\/es\/la-diputacion-escoge-a-alcoy-para-implantar-su-proyecto-de-smart-cities\/","url":"https:\/\/www.copealcoy.es\/es\/la-diputacion-escoge-a-alcoy-para-implantar-su-proyecto-de-smart-cities\/","name":"La Diputaci\u00f3n escoge a Alcoy para implantar su proyecto de Smart Cities - COPE Alcoy","isPartOf":{"@id":"https:\/\/www.copealcoy.es\/es\/#website"},"datePublished":"2018-06-18T14:04:56+00:00","dateModified":"2018-06-18T15:36:33+00:00","author":{"@id":"https:\/\/www.copealcoy.es\/es\/#\/schema\/person\/e777c87fa024e57d40170af9df39882c"},"breadcrumb":{"@id":"https:\/\/www.copealcoy.es\/es\/la-diputacion-escoge-a-alcoy-para-implantar-su-proyecto-de-smart-cities\/#breadcrumb"},"inLanguage":"es","potentialAction":[{"@type":"ReadAction","target":["https:\/\/www.copealcoy.es\/es\/la-diputacion-escoge-a-alcoy-para-implantar-su-proyecto-de-smart-cities\/"]}]},{"@type":"BreadcrumbList","@id":"https:\/\/www.copealcoy.es\/es\/la-diputacion-escoge-a-alcoy-para-implantar-su-proyecto-de-smart-cities\/#breadcrumb","itemListElement":[{"@type":"ListItem","position":1,"name":"Portada","item":"https:\/\/www.copealcoy.es\/es\/"},{"@type":"ListItem","position":2,"name":"La Diputaci\u00f3n escoge a Alcoy para implantar su proyecto de Smart Cities"}]},{"@type":"WebSite","@id":"https:\/\/www.copealcoy.es\/es\/#website","url":"https:\/\/www.copealcoy.es\/es\/","name":"COPE Alcoy","description":"Emisora COPE de radio local con emisi\u00f3n online. Pont de Sant Jordi 8-10 03803 Alcoy","potentialAction":[{"@type":"SearchAction","target":{"@type":"EntryPoint","urlTemplate":"https:\/\/www.copealcoy.es\/es\/?s={search_term_string}"},"query-input":{"@type":"PropertyValueSpecification","valueRequired":true,"valueName":"search_term_string"}}],"inLanguage":"es"},{"@type":"Person","@id":"https:\/\/www.copealcoy.es\/es\/#\/schema\/person\/e777c87fa024e57d40170af9df39882c","name":"Cope Alcoy","image":{"@type":"ImageObject","inLanguage":"es","@id":"https:\/\/secure.gravatar.com\/avatar\/bb65d0283347e303893ba14f0692005417c1e0e690a325a4c5d8bb2b3943ee14?s=96&d=mm&r=g","url":"https:\/\/secure.gravatar.com\/avatar\/bb65d0283347e303893ba14f0692005417c1e0e690a325a4c5d8bb2b3943ee14?s=96&d=mm&r=g","contentUrl":"https:\/\/secure.gravatar.com\/avatar\/bb65d0283347e303893ba14f0692005417c1e0e690a325a4c5d8bb2b3943ee14?s=96&d=mm&r=g","caption":"Cope Alcoy"}}]}},"_links":{"self":[{"href":"https:\/\/www.copealcoy.es\/es\/wp-json\/wp\/v2\/posts\/43219","targetHints":{"allow":["GET"]}}],"collection":[{"href":"https:\/\/www.copealcoy.es\/es\/wp-json\/wp\/v2\/posts"}],"about":[{"href":"https:\/\/www.copealcoy.es\/es\/wp-json\/wp\/v2\/types\/post"}],"author":[{"embeddable":true,"href":"https:\/\/www.copealcoy.es\/es\/wp-json\/wp\/v2\/users\/1"}],"replies":[{"embeddable":true,"href":"https:\/\/www.copealcoy.es\/es\/wp-json\/wp\/v2\/comments?post=43219"}],"version-history":[{"count":0,"href":"https:\/\/www.copealcoy.es\/es\/wp-json\/wp\/v2\/posts\/43219\/revisions"}],"wp:attachment":[{"href":"https:\/\/www.copealcoy.es\/es\/wp-json\/wp\/v2\/media?parent=43219"}],"wp:term":[{"taxonomy":"category","embeddable":true,"href":"https:\/\/www.copealcoy.es\/es\/wp-json\/wp\/v2\/categories?post=43219"},{"taxonomy":"post_tag","embeddable":true,"href":"https:\/\/www.copealcoy.es\/es\/wp-json\/wp\/v2\/tags?post=43219"}],"curies":[{"name":"wp","href":"https:\/\/api.w.org\/{rel}","templated":true}]}}