{"id":43156,"date":"2018-06-15T19:41:14","date_gmt":"2018-06-15T19:41:14","guid":{"rendered":"http:\/\/copealcoi.es\/new\/?p=43156"},"modified":"2018-06-15T19:50:34","modified_gmt":"2018-06-15T19:50:34","slug":"arranca-la-temporada-de-piscinas-en-alcoy","status":"publish","type":"post","link":"https:\/\/www.copealcoy.es\/es\/arranca-la-temporada-de-piscinas-en-alcoy\/","title":{"rendered":"Arranca la temporada de piscinas en Alcoy"},"content":{"rendered":"<p style=\"text-align: justify;\">Alcoy ha iniciado en este viernes 15 de junio<strong> la temporada de piscinas<\/strong> con la apertura de las instalaciones municipales<strong> Jos\u00e9 Trenzano, Batoy y Caramanchel<\/strong>. Todas ellas <strong>prestar\u00e1n servicio durante el verano<\/strong> hasta su cierre previsto para el 2 de septiembre.<\/p>\n<p style=\"text-align: justify;\">El concejal de Deportes, <strong>Alberto Belda<\/strong>, ha explicado que para esta campa\u00f1a <strong>se han invertido m\u00e1s de 10.000 euros<\/strong> para mejorar las piscinas de la ciudad al mismo tiempo que ha indicado que se espera <strong>una afluencia de unas 45.000 personas<\/strong> durante estos casi tres meses, unas cifras similares a las del pasado a\u00f1o &#8220;<em>cada a\u00f1o apostamos por hacer nuevas inversiones para que nuestras piscinas municipales ganen en calidad y para que los usuarios dispongan de unas instalaciones inmejorables<\/em>&#8220;, asevera. Adem\u00e1s el mun\u00edcipe ha detallado que en la piscina <strong>Jos\u00e9 Trenzano Al\u00f3s<\/strong> se han instalado tres p\u00e9rgolas para la protecci\u00f3n solar, se ha acondicionado el bar, se ha mejorado el suelo del \u00e1rea infantil y se ha colocado c\u00e9sped artificial en la zona de las playas. Tambi\u00e9n se ha adecuado el filtro de la piscina y se ha informatizado el control de acceso que hasta ahora era manual. De igual forma <strong>se han realizado actuaciones de mantenimiento<\/strong> en las otras dos piscinas restantes, unos trabajos que han culminado antes de esta apertura oficial de las instalaciones.<\/p>\n<p style=\"text-align: justify;\">Recordar que la entrada general a las piscinas<strong> tiene un precio de tres euros<\/strong> <strong>para adultos<\/strong> mientras que <strong>los menores de 16 a\u00f1os, jubilados y discapacitados<\/strong> pagar\u00e1n 1&#8217;5 euros. Los peque\u00f1os<strong> hasta seis a\u00f1os<\/strong> entrar\u00e1n gratis. Hay tambi\u00e9n previstos <strong>varios bonos<\/strong>, como cada a\u00f1o, adaptados al n\u00famero de ba\u00f1os, a si son individuales o colectivos e incluso familiares.<\/p>\n","protected":false},"excerpt":{"rendered":"<p>Alcoy ha iniciado en este viernes 15 de junio la temporada de piscinas con la apertura de las instalaciones municipales&#8230;<\/p>\n","protected":false},"author":1,"featured_media":43158,"comment_status":"open","ping_status":"open","sticky":false,"template":"","format":"standard","meta":{"footnotes":""},"categories":[97,92,75],"tags":[1494,1131,1133,1132],"class_list":["post-43156","post","type-post","status-publish","format-standard","has-post-thumbnail","hentry","category-alcoy","category-deportes","category-noticias","tag-alcoy","tag-arranca","tag-piscinas","tag-temporada"],"yoast_head":"<!-- This site is optimized with the Yoast SEO plugin v27.3 - https:\/\/yoast.com\/product\/yoast-seo-wordpress\/ -->\n<title>Arranca la temporada de piscinas en Alcoy - COPE Alcoy<\/title>\n<meta name=\"robots\" content=\"index, follow, max-snippet:-1, max-image-preview:large, max-video-preview:-1\" \/>\n<link rel=\"canonical\" href=\"https:\/\/www.copealcoy.es\/es\/arranca-la-temporada-de-piscinas-en-alcoy\/\" \/>\n<meta property=\"og:locale\" content=\"es_ES\" \/>\n<meta property=\"og:type\" content=\"article\" \/>\n<meta property=\"og:title\" content=\"Arranca la temporada de piscinas en Alcoy - COPE Alcoy\" \/>\n<meta property=\"og:description\" content=\"Alcoy ha iniciado en este viernes 15 de junio la temporada de piscinas con la apertura de las instalaciones municipales...\" \/>\n<meta property=\"og:url\" content=\"https:\/\/www.copealcoy.es\/es\/arranca-la-temporada-de-piscinas-en-alcoy\/\" \/>\n<meta property=\"og:site_name\" content=\"COPE Alcoy\" \/>\n<meta property=\"article:published_time\" content=\"2018-06-15T19:41:14+00:00\" \/>\n<meta property=\"article:modified_time\" content=\"2018-06-15T19:50:34+00:00\" \/>\n<meta property=\"og:image\" content=\"https:\/\/www.copealcoy.es\/wp-content\/uploads\/2018\/06\/IMG-9511-e1529091742476.jpg\" \/>\n\t<meta property=\"og:image:width\" content=\"3769\" \/>\n\t<meta property=\"og:image:height\" content=\"2147\" \/>\n\t<meta property=\"og:image:type\" content=\"image\/jpeg\" \/>\n<meta name=\"author\" content=\"Cope Alcoy\" \/>\n<meta name=\"twitter:label1\" content=\"Escrito por\" \/>\n\t<meta name=\"twitter:data1\" content=\"Cope Alcoy\" \/>\n\t<meta name=\"twitter:label2\" content=\"Tiempo de lectura\" \/>\n\t<meta name=\"twitter:data2\" content=\"1 minuto\" \/>\n<script type=\"application\/ld+json\" class=\"yoast-schema-graph\">{\"@context\":\"https:\\\/\\\/schema.org\",\"@graph\":[{\"@type\":\"Article\",\"@id\":\"https:\\\/\\\/www.copealcoy.es\\\/es\\\/arranca-la-temporada-de-piscinas-en-alcoy\\\/#article\",\"isPartOf\":{\"@id\":\"https:\\\/\\\/www.copealcoy.es\\\/es\\\/arranca-la-temporada-de-piscinas-en-alcoy\\\/\"},\"author\":{\"name\":\"Cope Alcoy\",\"@id\":\"https:\\\/\\\/www.copealcoy.es\\\/es\\\/#\\\/schema\\\/person\\\/e777c87fa024e57d40170af9df39882c\"},\"headline\":\"Arranca la temporada de piscinas en Alcoy\",\"datePublished\":\"2018-06-15T19:41:14+00:00\",\"dateModified\":\"2018-06-15T19:50:34+00:00\",\"mainEntityOfPage\":{\"@id\":\"https:\\\/\\\/www.copealcoy.es\\\/es\\\/arranca-la-temporada-de-piscinas-en-alcoy\\\/\"},\"wordCount\":297,\"commentCount\":0,\"image\":{\"@id\":\"https:\\\/\\\/www.copealcoy.es\\\/es\\\/arranca-la-temporada-de-piscinas-en-alcoy\\\/#primaryimage\"},\"thumbnailUrl\":\"https:\\\/\\\/www.copealcoy.es\\\/wp-content\\\/uploads\\\/2018\\\/06\\\/IMG-9511-e1529091742476.jpg\",\"keywords\":[\"Alcoy\",\"arranca\",\"piscinas\",\"temporada\"],\"articleSection\":[\"Alcoy\",\"Deportes\",\"Noticias\"],\"inLanguage\":\"es\"},{\"@type\":\"WebPage\",\"@id\":\"https:\\\/\\\/www.copealcoy.es\\\/es\\\/arranca-la-temporada-de-piscinas-en-alcoy\\\/\",\"url\":\"https:\\\/\\\/www.copealcoy.es\\\/es\\\/arranca-la-temporada-de-piscinas-en-alcoy\\\/\",\"name\":\"Arranca la temporada de piscinas en Alcoy - COPE Alcoy\",\"isPartOf\":{\"@id\":\"https:\\\/\\\/www.copealcoy.es\\\/es\\\/#website\"},\"primaryImageOfPage\":{\"@id\":\"https:\\\/\\\/www.copealcoy.es\\\/es\\\/arranca-la-temporada-de-piscinas-en-alcoy\\\/#primaryimage\"},\"image\":{\"@id\":\"https:\\\/\\\/www.copealcoy.es\\\/es\\\/arranca-la-temporada-de-piscinas-en-alcoy\\\/#primaryimage\"},\"thumbnailUrl\":\"https:\\\/\\\/www.copealcoy.es\\\/wp-content\\\/uploads\\\/2018\\\/06\\\/IMG-9511-e1529091742476.jpg\",\"datePublished\":\"2018-06-15T19:41:14+00:00\",\"dateModified\":\"2018-06-15T19:50:34+00:00\",\"author\":{\"@id\":\"https:\\\/\\\/www.copealcoy.es\\\/es\\\/#\\\/schema\\\/person\\\/e777c87fa024e57d40170af9df39882c\"},\"breadcrumb\":{\"@id\":\"https:\\\/\\\/www.copealcoy.es\\\/es\\\/arranca-la-temporada-de-piscinas-en-alcoy\\\/#breadcrumb\"},\"inLanguage\":\"es\",\"potentialAction\":[{\"@type\":\"ReadAction\",\"target\":[\"https:\\\/\\\/www.copealcoy.es\\\/es\\\/arranca-la-temporada-de-piscinas-en-alcoy\\\/\"]}]},{\"@type\":\"ImageObject\",\"inLanguage\":\"es\",\"@id\":\"https:\\\/\\\/www.copealcoy.es\\\/es\\\/arranca-la-temporada-de-piscinas-en-alcoy\\\/#primaryimage\",\"url\":\"https:\\\/\\\/www.copealcoy.es\\\/wp-content\\\/uploads\\\/2018\\\/06\\\/IMG-9511-e1529091742476.jpg\",\"contentUrl\":\"https:\\\/\\\/www.copealcoy.es\\\/wp-content\\\/uploads\\\/2018\\\/06\\\/IMG-9511-e1529091742476.jpg\",\"width\":3769,\"height\":2147},{\"@type\":\"BreadcrumbList\",\"@id\":\"https:\\\/\\\/www.copealcoy.es\\\/es\\\/arranca-la-temporada-de-piscinas-en-alcoy\\\/#breadcrumb\",\"itemListElement\":[{\"@type\":\"ListItem\",\"position\":1,\"name\":\"Portada\",\"item\":\"https:\\\/\\\/www.copealcoy.es\\\/es\\\/\"},{\"@type\":\"ListItem\",\"position\":2,\"name\":\"Arranca la temporada de piscinas en Alcoy\"}]},{\"@type\":\"WebSite\",\"@id\":\"https:\\\/\\\/www.copealcoy.es\\\/es\\\/#website\",\"url\":\"https:\\\/\\\/www.copealcoy.es\\\/es\\\/\",\"name\":\"COPE Alcoy\",\"description\":\"Emisora COPE de radio local con emisi\u00f3n online. Pont de Sant Jordi 8-10 03803 Alcoy\",\"potentialAction\":[{\"@type\":\"SearchAction\",\"target\":{\"@type\":\"EntryPoint\",\"urlTemplate\":\"https:\\\/\\\/www.copealcoy.es\\\/es\\\/?s={search_term_string}\"},\"query-input\":{\"@type\":\"PropertyValueSpecification\",\"valueRequired\":true,\"valueName\":\"search_term_string\"}}],\"inLanguage\":\"es\"},{\"@type\":\"Person\",\"@id\":\"https:\\\/\\\/www.copealcoy.es\\\/es\\\/#\\\/schema\\\/person\\\/e777c87fa024e57d40170af9df39882c\",\"name\":\"Cope Alcoy\",\"image\":{\"@type\":\"ImageObject\",\"inLanguage\":\"es\",\"@id\":\"https:\\\/\\\/secure.gravatar.com\\\/avatar\\\/bb65d0283347e303893ba14f0692005417c1e0e690a325a4c5d8bb2b3943ee14?s=96&d=mm&r=g\",\"url\":\"https:\\\/\\\/secure.gravatar.com\\\/avatar\\\/bb65d0283347e303893ba14f0692005417c1e0e690a325a4c5d8bb2b3943ee14?s=96&d=mm&r=g\",\"contentUrl\":\"https:\\\/\\\/secure.gravatar.com\\\/avatar\\\/bb65d0283347e303893ba14f0692005417c1e0e690a325a4c5d8bb2b3943ee14?s=96&d=mm&r=g\",\"caption\":\"Cope Alcoy\"}}]}<\/script>\n<!-- \/ Yoast SEO plugin. -->","yoast_head_json":{"title":"Arranca la temporada de piscinas en Alcoy - COPE Alcoy","robots":{"index":"index","follow":"follow","max-snippet":"max-snippet:-1","max-image-preview":"max-image-preview:large","max-video-preview":"max-video-preview:-1"},"canonical":"https:\/\/www.copealcoy.es\/es\/arranca-la-temporada-de-piscinas-en-alcoy\/","og_locale":"es_ES","og_type":"article","og_title":"Arranca la temporada de piscinas en Alcoy - COPE Alcoy","og_description":"Alcoy ha iniciado en este viernes 15 de junio la temporada de piscinas con la apertura de las instalaciones municipales...","og_url":"https:\/\/www.copealcoy.es\/es\/arranca-la-temporada-de-piscinas-en-alcoy\/","og_site_name":"COPE Alcoy","article_published_time":"2018-06-15T19:41:14+00:00","article_modified_time":"2018-06-15T19:50:34+00:00","og_image":[{"width":3769,"height":2147,"url":"https:\/\/www.copealcoy.es\/wp-content\/uploads\/2018\/06\/IMG-9511-e1529091742476.jpg","type":"image\/jpeg"}],"author":"Cope Alcoy","twitter_misc":{"Escrito por":"Cope Alcoy","Tiempo de lectura":"1 minuto"},"schema":{"@context":"https:\/\/schema.org","@graph":[{"@type":"Article","@id":"https:\/\/www.copealcoy.es\/es\/arranca-la-temporada-de-piscinas-en-alcoy\/#article","isPartOf":{"@id":"https:\/\/www.copealcoy.es\/es\/arranca-la-temporada-de-piscinas-en-alcoy\/"},"author":{"name":"Cope Alcoy","@id":"https:\/\/www.copealcoy.es\/es\/#\/schema\/person\/e777c87fa024e57d40170af9df39882c"},"headline":"Arranca la temporada de piscinas en Alcoy","datePublished":"2018-06-15T19:41:14+00:00","dateModified":"2018-06-15T19:50:34+00:00","mainEntityOfPage":{"@id":"https:\/\/www.copealcoy.es\/es\/arranca-la-temporada-de-piscinas-en-alcoy\/"},"wordCount":297,"commentCount":0,"image":{"@id":"https:\/\/www.copealcoy.es\/es\/arranca-la-temporada-de-piscinas-en-alcoy\/#primaryimage"},"thumbnailUrl":"https:\/\/www.copealcoy.es\/wp-content\/uploads\/2018\/06\/IMG-9511-e1529091742476.jpg","keywords":["Alcoy","arranca","piscinas","temporada"],"articleSection":["Alcoy","Deportes","Noticias"],"inLanguage":"es"},{"@type":"WebPage","@id":"https:\/\/www.copealcoy.es\/es\/arranca-la-temporada-de-piscinas-en-alcoy\/","url":"https:\/\/www.copealcoy.es\/es\/arranca-la-temporada-de-piscinas-en-alcoy\/","name":"Arranca la temporada de piscinas en Alcoy - COPE Alcoy","isPartOf":{"@id":"https:\/\/www.copealcoy.es\/es\/#website"},"primaryImageOfPage":{"@id":"https:\/\/www.copealcoy.es\/es\/arranca-la-temporada-de-piscinas-en-alcoy\/#primaryimage"},"image":{"@id":"https:\/\/www.copealcoy.es\/es\/arranca-la-temporada-de-piscinas-en-alcoy\/#primaryimage"},"thumbnailUrl":"https:\/\/www.copealcoy.es\/wp-content\/uploads\/2018\/06\/IMG-9511-e1529091742476.jpg","datePublished":"2018-06-15T19:41:14+00:00","dateModified":"2018-06-15T19:50:34+00:00","author":{"@id":"https:\/\/www.copealcoy.es\/es\/#\/schema\/person\/e777c87fa024e57d40170af9df39882c"},"breadcrumb":{"@id":"https:\/\/www.copealcoy.es\/es\/arranca-la-temporada-de-piscinas-en-alcoy\/#breadcrumb"},"inLanguage":"es","potentialAction":[{"@type":"ReadAction","target":["https:\/\/www.copealcoy.es\/es\/arranca-la-temporada-de-piscinas-en-alcoy\/"]}]},{"@type":"ImageObject","inLanguage":"es","@id":"https:\/\/www.copealcoy.es\/es\/arranca-la-temporada-de-piscinas-en-alcoy\/#primaryimage","url":"https:\/\/www.copealcoy.es\/wp-content\/uploads\/2018\/06\/IMG-9511-e1529091742476.jpg","contentUrl":"https:\/\/www.copealcoy.es\/wp-content\/uploads\/2018\/06\/IMG-9511-e1529091742476.jpg","width":3769,"height":2147},{"@type":"BreadcrumbList","@id":"https:\/\/www.copealcoy.es\/es\/arranca-la-temporada-de-piscinas-en-alcoy\/#breadcrumb","itemListElement":[{"@type":"ListItem","position":1,"name":"Portada","item":"https:\/\/www.copealcoy.es\/es\/"},{"@type":"ListItem","position":2,"name":"Arranca la temporada de piscinas en Alcoy"}]},{"@type":"WebSite","@id":"https:\/\/www.copealcoy.es\/es\/#website","url":"https:\/\/www.copealcoy.es\/es\/","name":"COPE Alcoy","description":"Emisora COPE de radio local con emisi\u00f3n online. Pont de Sant Jordi 8-10 03803 Alcoy","potentialAction":[{"@type":"SearchAction","target":{"@type":"EntryPoint","urlTemplate":"https:\/\/www.copealcoy.es\/es\/?s={search_term_string}"},"query-input":{"@type":"PropertyValueSpecification","valueRequired":true,"valueName":"search_term_string"}}],"inLanguage":"es"},{"@type":"Person","@id":"https:\/\/www.copealcoy.es\/es\/#\/schema\/person\/e777c87fa024e57d40170af9df39882c","name":"Cope Alcoy","image":{"@type":"ImageObject","inLanguage":"es","@id":"https:\/\/secure.gravatar.com\/avatar\/bb65d0283347e303893ba14f0692005417c1e0e690a325a4c5d8bb2b3943ee14?s=96&d=mm&r=g","url":"https:\/\/secure.gravatar.com\/avatar\/bb65d0283347e303893ba14f0692005417c1e0e690a325a4c5d8bb2b3943ee14?s=96&d=mm&r=g","contentUrl":"https:\/\/secure.gravatar.com\/avatar\/bb65d0283347e303893ba14f0692005417c1e0e690a325a4c5d8bb2b3943ee14?s=96&d=mm&r=g","caption":"Cope Alcoy"}}]}},"_links":{"self":[{"href":"https:\/\/www.copealcoy.es\/es\/wp-json\/wp\/v2\/posts\/43156","targetHints":{"allow":["GET"]}}],"collection":[{"href":"https:\/\/www.copealcoy.es\/es\/wp-json\/wp\/v2\/posts"}],"about":[{"href":"https:\/\/www.copealcoy.es\/es\/wp-json\/wp\/v2\/types\/post"}],"author":[{"embeddable":true,"href":"https:\/\/www.copealcoy.es\/es\/wp-json\/wp\/v2\/users\/1"}],"replies":[{"embeddable":true,"href":"https:\/\/www.copealcoy.es\/es\/wp-json\/wp\/v2\/comments?post=43156"}],"version-history":[{"count":0,"href":"https:\/\/www.copealcoy.es\/es\/wp-json\/wp\/v2\/posts\/43156\/revisions"}],"wp:featuredmedia":[{"embeddable":true,"href":"https:\/\/www.copealcoy.es\/es\/wp-json\/wp\/v2\/media\/43158"}],"wp:attachment":[{"href":"https:\/\/www.copealcoy.es\/es\/wp-json\/wp\/v2\/media?parent=43156"}],"wp:term":[{"taxonomy":"category","embeddable":true,"href":"https:\/\/www.copealcoy.es\/es\/wp-json\/wp\/v2\/categories?post=43156"},{"taxonomy":"post_tag","embeddable":true,"href":"https:\/\/www.copealcoy.es\/es\/wp-json\/wp\/v2\/tags?post=43156"}],"curies":[{"name":"wp","href":"https:\/\/api.w.org\/{rel}","templated":true}]}}