{"id":43079,"date":"2018-06-13T17:33:34","date_gmt":"2018-06-13T17:33:34","guid":{"rendered":"http:\/\/copealcoi.es\/new\/?p=43079"},"modified":"2018-06-14T08:23:04","modified_gmt":"2018-06-14T08:23:04","slug":"licitada-la-pasarela-que-conectara-alcoy-y-cocentaina","status":"publish","type":"post","link":"https:\/\/www.copealcoy.es\/es\/licitada-la-pasarela-que-conectara-alcoy-y-cocentaina\/","title":{"rendered":"Licitada la pasarela que conectar\u00e1 Alcoy y Cocentaina"},"content":{"rendered":"<p style=\"text-align: justify;\">La <strong>Junta de Gobierno Local del Ayuntamiento de Alcoy<\/strong>, celebrada el pasado viernes, aprob\u00f3 el <strong>expediente de contrataci\u00f3n<\/strong> para convocar el <strong>concurso<\/strong> que permitir\u00e1 <strong>adjudicar las obras<\/strong> de construcci\u00f3n de <strong>la pasarela<\/strong> que unir\u00e1 <strong>los t\u00e9rminos de Alcoy y Cocentaina<\/strong> a la altura de Gormaig.<\/p>\n<p style=\"text-align: justify;\">La mencionada pasarela, que se ubicar\u00e1 sobre el conocido Barranc Fondo, <strong>tiene un coste inicial en torno a los 110.000 euros<\/strong> y est\u00e1 previsto que el mismo lo asuma en <strong>un 70% el Ayuntamiento de Alcoy y el 30% restante el de Consistorio de Cocentaina<\/strong>. La misma tendr\u00e1 <strong>car\u00e1cter peatonal<\/strong> y pondr\u00e1 <strong>fin al problema<\/strong> que se gener\u00f3 cuando se ampli\u00f3 en su d\u00eda la actual Nacional 340 y que provoc\u00f3 que <strong>tan solo exista un peque\u00f1o paso entre el vial y el puente<\/strong> que provoca que los peatones circulen a escasos cent\u00edmetros de los coches.<\/p>\n<p style=\"text-align: justify;\">El plazo para presentar ofertas <strong>ser\u00e1 de 20 d\u00edas naturales<\/strong> a partir del siguiente a la publicaci\u00f3n en la plataforma de contrataci\u00f3n y cuando se firme la correspondiente acta de replanteo el <strong>plazo de ejecuci\u00f3n del proyecto<\/strong> ser\u00e1 de dos meses.<\/p>\n","protected":false},"excerpt":{"rendered":"<p>La Junta de Gobierno Local del Ayuntamiento de Alcoy, celebrada el pasado viernes, aprob\u00f3 el expediente de contrataci\u00f3n para convocar&#8230;<\/p>\n","protected":false},"author":1,"featured_media":37015,"comment_status":"open","ping_status":"open","sticky":false,"template":"","format":"standard","meta":{"footnotes":""},"categories":[97,75,125],"tags":[1494,132,5256,5821,1931],"class_list":["post-43079","post","type-post","status-publish","format-standard","has-post-thumbnail","hentry","category-alcoy","category-noticias","category-portada","tag-alcoy","tag-cocentaina","tag-conectara","tag-licitada","tag-pasarela"],"yoast_head":"<!-- This site is optimized with the Yoast SEO plugin v27.3 - https:\/\/yoast.com\/product\/yoast-seo-wordpress\/ -->\n<title>Licitada la pasarela que conectar\u00e1 Alcoy y Cocentaina - COPE Alcoy<\/title>\n<meta name=\"robots\" content=\"index, follow, max-snippet:-1, max-image-preview:large, max-video-preview:-1\" \/>\n<link rel=\"canonical\" href=\"https:\/\/www.copealcoy.es\/es\/licitada-la-pasarela-que-conectara-alcoy-y-cocentaina\/\" \/>\n<meta property=\"og:locale\" content=\"es_ES\" \/>\n<meta property=\"og:type\" content=\"article\" \/>\n<meta property=\"og:title\" content=\"Licitada la pasarela que conectar\u00e1 Alcoy y Cocentaina - COPE Alcoy\" \/>\n<meta property=\"og:description\" content=\"La Junta de Gobierno Local del Ayuntamiento de Alcoy, celebrada el pasado viernes, aprob\u00f3 el expediente de contrataci\u00f3n para convocar...\" \/>\n<meta property=\"og:url\" content=\"https:\/\/www.copealcoy.es\/es\/licitada-la-pasarela-que-conectara-alcoy-y-cocentaina\/\" \/>\n<meta property=\"og:site_name\" content=\"COPE Alcoy\" \/>\n<meta property=\"article:published_time\" content=\"2018-06-13T17:33:34+00:00\" \/>\n<meta property=\"article:modified_time\" content=\"2018-06-14T08:23:04+00:00\" \/>\n<meta property=\"og:image\" content=\"https:\/\/www.copealcoy.es\/wp-content\/uploads\/2017\/11\/Imagen-de-una-de-las-zonas-que-conectar\u00e1-la-pasarela-a-la-entrada-de-Alcoy-e1511801797537.jpg\" \/>\n\t<meta property=\"og:image:width\" content=\"3346\" \/>\n\t<meta property=\"og:image:height\" content=\"2147\" \/>\n\t<meta property=\"og:image:type\" content=\"image\/jpeg\" \/>\n<meta name=\"author\" content=\"Cope Alcoy\" \/>\n<meta name=\"twitter:label1\" content=\"Escrito por\" \/>\n\t<meta name=\"twitter:data1\" content=\"Cope Alcoy\" \/>\n\t<meta name=\"twitter:label2\" content=\"Tiempo de lectura\" \/>\n\t<meta name=\"twitter:data2\" content=\"1 minuto\" \/>\n<script type=\"application\/ld+json\" class=\"yoast-schema-graph\">{\"@context\":\"https:\\\/\\\/schema.org\",\"@graph\":[{\"@type\":\"Article\",\"@id\":\"https:\\\/\\\/www.copealcoy.es\\\/es\\\/licitada-la-pasarela-que-conectara-alcoy-y-cocentaina\\\/#article\",\"isPartOf\":{\"@id\":\"https:\\\/\\\/www.copealcoy.es\\\/es\\\/licitada-la-pasarela-que-conectara-alcoy-y-cocentaina\\\/\"},\"author\":{\"name\":\"Cope Alcoy\",\"@id\":\"https:\\\/\\\/www.copealcoy.es\\\/es\\\/#\\\/schema\\\/person\\\/e777c87fa024e57d40170af9df39882c\"},\"headline\":\"Licitada la pasarela que conectar\u00e1 Alcoy y Cocentaina\",\"datePublished\":\"2018-06-13T17:33:34+00:00\",\"dateModified\":\"2018-06-14T08:23:04+00:00\",\"mainEntityOfPage\":{\"@id\":\"https:\\\/\\\/www.copealcoy.es\\\/es\\\/licitada-la-pasarela-que-conectara-alcoy-y-cocentaina\\\/\"},\"wordCount\":196,\"commentCount\":0,\"image\":{\"@id\":\"https:\\\/\\\/www.copealcoy.es\\\/es\\\/licitada-la-pasarela-que-conectara-alcoy-y-cocentaina\\\/#primaryimage\"},\"thumbnailUrl\":\"https:\\\/\\\/www.copealcoy.es\\\/wp-content\\\/uploads\\\/2017\\\/11\\\/Imagen-de-una-de-las-zonas-que-conectar\u00e1-la-pasarela-a-la-entrada-de-Alcoy-e1511801797537.jpg\",\"keywords\":[\"Alcoy\",\"Cocentaina\",\"conectar\u00e1\",\"Licitada\",\"Pasarela\"],\"articleSection\":[\"Alcoy\",\"Noticias\",\"Portada\"],\"inLanguage\":\"es\"},{\"@type\":\"WebPage\",\"@id\":\"https:\\\/\\\/www.copealcoy.es\\\/es\\\/licitada-la-pasarela-que-conectara-alcoy-y-cocentaina\\\/\",\"url\":\"https:\\\/\\\/www.copealcoy.es\\\/es\\\/licitada-la-pasarela-que-conectara-alcoy-y-cocentaina\\\/\",\"name\":\"Licitada la pasarela que conectar\u00e1 Alcoy y Cocentaina - COPE Alcoy\",\"isPartOf\":{\"@id\":\"https:\\\/\\\/www.copealcoy.es\\\/es\\\/#website\"},\"primaryImageOfPage\":{\"@id\":\"https:\\\/\\\/www.copealcoy.es\\\/es\\\/licitada-la-pasarela-que-conectara-alcoy-y-cocentaina\\\/#primaryimage\"},\"image\":{\"@id\":\"https:\\\/\\\/www.copealcoy.es\\\/es\\\/licitada-la-pasarela-que-conectara-alcoy-y-cocentaina\\\/#primaryimage\"},\"thumbnailUrl\":\"https:\\\/\\\/www.copealcoy.es\\\/wp-content\\\/uploads\\\/2017\\\/11\\\/Imagen-de-una-de-las-zonas-que-conectar\u00e1-la-pasarela-a-la-entrada-de-Alcoy-e1511801797537.jpg\",\"datePublished\":\"2018-06-13T17:33:34+00:00\",\"dateModified\":\"2018-06-14T08:23:04+00:00\",\"author\":{\"@id\":\"https:\\\/\\\/www.copealcoy.es\\\/es\\\/#\\\/schema\\\/person\\\/e777c87fa024e57d40170af9df39882c\"},\"breadcrumb\":{\"@id\":\"https:\\\/\\\/www.copealcoy.es\\\/es\\\/licitada-la-pasarela-que-conectara-alcoy-y-cocentaina\\\/#breadcrumb\"},\"inLanguage\":\"es\",\"potentialAction\":[{\"@type\":\"ReadAction\",\"target\":[\"https:\\\/\\\/www.copealcoy.es\\\/es\\\/licitada-la-pasarela-que-conectara-alcoy-y-cocentaina\\\/\"]}]},{\"@type\":\"ImageObject\",\"inLanguage\":\"es\",\"@id\":\"https:\\\/\\\/www.copealcoy.es\\\/es\\\/licitada-la-pasarela-que-conectara-alcoy-y-cocentaina\\\/#primaryimage\",\"url\":\"https:\\\/\\\/www.copealcoy.es\\\/wp-content\\\/uploads\\\/2017\\\/11\\\/Imagen-de-una-de-las-zonas-que-conectar\u00e1-la-pasarela-a-la-entrada-de-Alcoy-e1511801797537.jpg\",\"contentUrl\":\"https:\\\/\\\/www.copealcoy.es\\\/wp-content\\\/uploads\\\/2017\\\/11\\\/Imagen-de-una-de-las-zonas-que-conectar\u00e1-la-pasarela-a-la-entrada-de-Alcoy-e1511801797537.jpg\",\"width\":3346,\"height\":2147,\"caption\":\"La Pasarela conectar\u00e1 Alcoy y Cocentaina por el acceso norte de la ciudad \\\/ Foto: G. Pascual\"},{\"@type\":\"BreadcrumbList\",\"@id\":\"https:\\\/\\\/www.copealcoy.es\\\/es\\\/licitada-la-pasarela-que-conectara-alcoy-y-cocentaina\\\/#breadcrumb\",\"itemListElement\":[{\"@type\":\"ListItem\",\"position\":1,\"name\":\"Portada\",\"item\":\"https:\\\/\\\/www.copealcoy.es\\\/es\\\/\"},{\"@type\":\"ListItem\",\"position\":2,\"name\":\"Licitada la pasarela que conectar\u00e1 Alcoy y Cocentaina\"}]},{\"@type\":\"WebSite\",\"@id\":\"https:\\\/\\\/www.copealcoy.es\\\/es\\\/#website\",\"url\":\"https:\\\/\\\/www.copealcoy.es\\\/es\\\/\",\"name\":\"COPE Alcoy\",\"description\":\"Emisora COPE de radio local con emisi\u00f3n online. Pont de Sant Jordi 8-10 03803 Alcoy\",\"potentialAction\":[{\"@type\":\"SearchAction\",\"target\":{\"@type\":\"EntryPoint\",\"urlTemplate\":\"https:\\\/\\\/www.copealcoy.es\\\/es\\\/?s={search_term_string}\"},\"query-input\":{\"@type\":\"PropertyValueSpecification\",\"valueRequired\":true,\"valueName\":\"search_term_string\"}}],\"inLanguage\":\"es\"},{\"@type\":\"Person\",\"@id\":\"https:\\\/\\\/www.copealcoy.es\\\/es\\\/#\\\/schema\\\/person\\\/e777c87fa024e57d40170af9df39882c\",\"name\":\"Cope Alcoy\",\"image\":{\"@type\":\"ImageObject\",\"inLanguage\":\"es\",\"@id\":\"https:\\\/\\\/secure.gravatar.com\\\/avatar\\\/bb65d0283347e303893ba14f0692005417c1e0e690a325a4c5d8bb2b3943ee14?s=96&d=mm&r=g\",\"url\":\"https:\\\/\\\/secure.gravatar.com\\\/avatar\\\/bb65d0283347e303893ba14f0692005417c1e0e690a325a4c5d8bb2b3943ee14?s=96&d=mm&r=g\",\"contentUrl\":\"https:\\\/\\\/secure.gravatar.com\\\/avatar\\\/bb65d0283347e303893ba14f0692005417c1e0e690a325a4c5d8bb2b3943ee14?s=96&d=mm&r=g\",\"caption\":\"Cope Alcoy\"}}]}<\/script>\n<!-- \/ Yoast SEO plugin. -->","yoast_head_json":{"title":"Licitada la pasarela que conectar\u00e1 Alcoy y Cocentaina - COPE Alcoy","robots":{"index":"index","follow":"follow","max-snippet":"max-snippet:-1","max-image-preview":"max-image-preview:large","max-video-preview":"max-video-preview:-1"},"canonical":"https:\/\/www.copealcoy.es\/es\/licitada-la-pasarela-que-conectara-alcoy-y-cocentaina\/","og_locale":"es_ES","og_type":"article","og_title":"Licitada la pasarela que conectar\u00e1 Alcoy y Cocentaina - COPE Alcoy","og_description":"La Junta de Gobierno Local del Ayuntamiento de Alcoy, celebrada el pasado viernes, aprob\u00f3 el expediente de contrataci\u00f3n para convocar...","og_url":"https:\/\/www.copealcoy.es\/es\/licitada-la-pasarela-que-conectara-alcoy-y-cocentaina\/","og_site_name":"COPE Alcoy","article_published_time":"2018-06-13T17:33:34+00:00","article_modified_time":"2018-06-14T08:23:04+00:00","og_image":[{"width":3346,"height":2147,"url":"https:\/\/www.copealcoy.es\/wp-content\/uploads\/2017\/11\/Imagen-de-una-de-las-zonas-que-conectar\u00e1-la-pasarela-a-la-entrada-de-Alcoy-e1511801797537.jpg","type":"image\/jpeg"}],"author":"Cope Alcoy","twitter_misc":{"Escrito por":"Cope Alcoy","Tiempo de lectura":"1 minuto"},"schema":{"@context":"https:\/\/schema.org","@graph":[{"@type":"Article","@id":"https:\/\/www.copealcoy.es\/es\/licitada-la-pasarela-que-conectara-alcoy-y-cocentaina\/#article","isPartOf":{"@id":"https:\/\/www.copealcoy.es\/es\/licitada-la-pasarela-que-conectara-alcoy-y-cocentaina\/"},"author":{"name":"Cope Alcoy","@id":"https:\/\/www.copealcoy.es\/es\/#\/schema\/person\/e777c87fa024e57d40170af9df39882c"},"headline":"Licitada la pasarela que conectar\u00e1 Alcoy y Cocentaina","datePublished":"2018-06-13T17:33:34+00:00","dateModified":"2018-06-14T08:23:04+00:00","mainEntityOfPage":{"@id":"https:\/\/www.copealcoy.es\/es\/licitada-la-pasarela-que-conectara-alcoy-y-cocentaina\/"},"wordCount":196,"commentCount":0,"image":{"@id":"https:\/\/www.copealcoy.es\/es\/licitada-la-pasarela-que-conectara-alcoy-y-cocentaina\/#primaryimage"},"thumbnailUrl":"https:\/\/www.copealcoy.es\/wp-content\/uploads\/2017\/11\/Imagen-de-una-de-las-zonas-que-conectar\u00e1-la-pasarela-a-la-entrada-de-Alcoy-e1511801797537.jpg","keywords":["Alcoy","Cocentaina","conectar\u00e1","Licitada","Pasarela"],"articleSection":["Alcoy","Noticias","Portada"],"inLanguage":"es"},{"@type":"WebPage","@id":"https:\/\/www.copealcoy.es\/es\/licitada-la-pasarela-que-conectara-alcoy-y-cocentaina\/","url":"https:\/\/www.copealcoy.es\/es\/licitada-la-pasarela-que-conectara-alcoy-y-cocentaina\/","name":"Licitada la pasarela que conectar\u00e1 Alcoy y Cocentaina - COPE Alcoy","isPartOf":{"@id":"https:\/\/www.copealcoy.es\/es\/#website"},"primaryImageOfPage":{"@id":"https:\/\/www.copealcoy.es\/es\/licitada-la-pasarela-que-conectara-alcoy-y-cocentaina\/#primaryimage"},"image":{"@id":"https:\/\/www.copealcoy.es\/es\/licitada-la-pasarela-que-conectara-alcoy-y-cocentaina\/#primaryimage"},"thumbnailUrl":"https:\/\/www.copealcoy.es\/wp-content\/uploads\/2017\/11\/Imagen-de-una-de-las-zonas-que-conectar\u00e1-la-pasarela-a-la-entrada-de-Alcoy-e1511801797537.jpg","datePublished":"2018-06-13T17:33:34+00:00","dateModified":"2018-06-14T08:23:04+00:00","author":{"@id":"https:\/\/www.copealcoy.es\/es\/#\/schema\/person\/e777c87fa024e57d40170af9df39882c"},"breadcrumb":{"@id":"https:\/\/www.copealcoy.es\/es\/licitada-la-pasarela-que-conectara-alcoy-y-cocentaina\/#breadcrumb"},"inLanguage":"es","potentialAction":[{"@type":"ReadAction","target":["https:\/\/www.copealcoy.es\/es\/licitada-la-pasarela-que-conectara-alcoy-y-cocentaina\/"]}]},{"@type":"ImageObject","inLanguage":"es","@id":"https:\/\/www.copealcoy.es\/es\/licitada-la-pasarela-que-conectara-alcoy-y-cocentaina\/#primaryimage","url":"https:\/\/www.copealcoy.es\/wp-content\/uploads\/2017\/11\/Imagen-de-una-de-las-zonas-que-conectar\u00e1-la-pasarela-a-la-entrada-de-Alcoy-e1511801797537.jpg","contentUrl":"https:\/\/www.copealcoy.es\/wp-content\/uploads\/2017\/11\/Imagen-de-una-de-las-zonas-que-conectar\u00e1-la-pasarela-a-la-entrada-de-Alcoy-e1511801797537.jpg","width":3346,"height":2147,"caption":"La Pasarela conectar\u00e1 Alcoy y Cocentaina por el acceso norte de la ciudad \/ Foto: G. Pascual"},{"@type":"BreadcrumbList","@id":"https:\/\/www.copealcoy.es\/es\/licitada-la-pasarela-que-conectara-alcoy-y-cocentaina\/#breadcrumb","itemListElement":[{"@type":"ListItem","position":1,"name":"Portada","item":"https:\/\/www.copealcoy.es\/es\/"},{"@type":"ListItem","position":2,"name":"Licitada la pasarela que conectar\u00e1 Alcoy y Cocentaina"}]},{"@type":"WebSite","@id":"https:\/\/www.copealcoy.es\/es\/#website","url":"https:\/\/www.copealcoy.es\/es\/","name":"COPE Alcoy","description":"Emisora COPE de radio local con emisi\u00f3n online. Pont de Sant Jordi 8-10 03803 Alcoy","potentialAction":[{"@type":"SearchAction","target":{"@type":"EntryPoint","urlTemplate":"https:\/\/www.copealcoy.es\/es\/?s={search_term_string}"},"query-input":{"@type":"PropertyValueSpecification","valueRequired":true,"valueName":"search_term_string"}}],"inLanguage":"es"},{"@type":"Person","@id":"https:\/\/www.copealcoy.es\/es\/#\/schema\/person\/e777c87fa024e57d40170af9df39882c","name":"Cope Alcoy","image":{"@type":"ImageObject","inLanguage":"es","@id":"https:\/\/secure.gravatar.com\/avatar\/bb65d0283347e303893ba14f0692005417c1e0e690a325a4c5d8bb2b3943ee14?s=96&d=mm&r=g","url":"https:\/\/secure.gravatar.com\/avatar\/bb65d0283347e303893ba14f0692005417c1e0e690a325a4c5d8bb2b3943ee14?s=96&d=mm&r=g","contentUrl":"https:\/\/secure.gravatar.com\/avatar\/bb65d0283347e303893ba14f0692005417c1e0e690a325a4c5d8bb2b3943ee14?s=96&d=mm&r=g","caption":"Cope Alcoy"}}]}},"_links":{"self":[{"href":"https:\/\/www.copealcoy.es\/es\/wp-json\/wp\/v2\/posts\/43079","targetHints":{"allow":["GET"]}}],"collection":[{"href":"https:\/\/www.copealcoy.es\/es\/wp-json\/wp\/v2\/posts"}],"about":[{"href":"https:\/\/www.copealcoy.es\/es\/wp-json\/wp\/v2\/types\/post"}],"author":[{"embeddable":true,"href":"https:\/\/www.copealcoy.es\/es\/wp-json\/wp\/v2\/users\/1"}],"replies":[{"embeddable":true,"href":"https:\/\/www.copealcoy.es\/es\/wp-json\/wp\/v2\/comments?post=43079"}],"version-history":[{"count":0,"href":"https:\/\/www.copealcoy.es\/es\/wp-json\/wp\/v2\/posts\/43079\/revisions"}],"wp:featuredmedia":[{"embeddable":true,"href":"https:\/\/www.copealcoy.es\/es\/wp-json\/wp\/v2\/media\/37015"}],"wp:attachment":[{"href":"https:\/\/www.copealcoy.es\/es\/wp-json\/wp\/v2\/media?parent=43079"}],"wp:term":[{"taxonomy":"category","embeddable":true,"href":"https:\/\/www.copealcoy.es\/es\/wp-json\/wp\/v2\/categories?post=43079"},{"taxonomy":"post_tag","embeddable":true,"href":"https:\/\/www.copealcoy.es\/es\/wp-json\/wp\/v2\/tags?post=43079"}],"curies":[{"name":"wp","href":"https:\/\/api.w.org\/{rel}","templated":true}]}}