{"id":42783,"date":"2018-06-04T15:36:09","date_gmt":"2018-06-04T15:36:09","guid":{"rendered":"http:\/\/copealcoi.es\/new\/?p=42783"},"modified":"2018-06-04T15:40:04","modified_gmt":"2018-06-04T15:40:04","slug":"el-campus-de-alcoy-lanza-su-campana-de-matriculaciones-para-el-proximo-curso","status":"publish","type":"post","link":"https:\/\/www.copealcoy.es\/es\/el-campus-de-alcoy-lanza-su-campana-de-matriculaciones-para-el-proximo-curso\/","title":{"rendered":"El Campus de Alcoy lanza su campa\u00f1a de matriculaciones para el pr\u00f3ximo curso"},"content":{"rendered":"<p style=\"text-align: justify;\">El <strong>Campus de Alcoy<\/strong> de la Universidad Polit\u00e9cnica de Valencia ha presentado este lunes <strong>su campa\u00f1a de matriculaciones\u00a0<\/strong>para el pr\u00f3ximo curso acad\u00e9mico, una iniciativa que <strong>lleva por lema<\/strong> &#8216;No necesitas promesas. Necesitas escoger la mejor universidad posible&#8217; y que se va a desarrollar a trav\u00e9s de <strong>diferentes acciones por Internet<\/strong> as\u00ed como en <strong>los medios de comunicaci\u00f3n locales<\/strong> de la ciudad. Adem\u00e1s <strong>se dar\u00e1 a conocer f\u00edsicamente la oferta del Campus\u00a0<\/strong>\u00a0en el \u00e1mbito de la Comunidad Valenciana y en nuestras comarcas vecinas.<\/p>\n<p style=\"text-align: justify;\">El jefe de secci\u00f3n del \u00c1rea de Comunicaci\u00f3n de la UPV, <strong>Antonio P\u00e9rez<\/strong>, ha explicado que el objetivo principal que persigue la citada campa\u00f1a <strong>pasa por difundir las posiciones en las que se encuentra la universidad<\/strong> en diferentes rankings nacionales e internacionales de investigaci\u00f3n, docencia o excelencia educativa. De igual forma se quiere dar a conocer <strong>el alto nivel de empleabilidad de los alumnos<\/strong> <strong>de la polit\u00e9cnica<\/strong> &#8220;<em>queremos dirigirnos a las generaciones m\u00e1s formadas y que buscan un puesto de empleo que se identifique plenamente con su personalidad y ganas de emprender nuevos proyectos<\/em>&#8220;, asegura. Tambi\u00e9n <strong>Manolo Llorca<\/strong>, Subdirector de Comunicaci\u00f3n y Promoci\u00f3n del Campus alcoyano, se ha referido a <strong>los valores que se quieren transmitir a trav\u00e9s de esta campa\u00f1a<\/strong> &#8220;<em>es una iniciativa potente que muestra nuestra personalidad y que refuerza aspectos como la cercan\u00eda, la proximidad o nuestra relaci\u00f3n con el entorno<\/em>&#8220;, indic\u00f3. Por \u00faltimo el Director del Campus, <strong>Juan Ignacio Torregrosa<\/strong>, ha apuntado que el Campus quiere a partir de ahora <strong>hacer patentes los buenos resultados que le avalan<\/strong> &#8220;<em>quien nos conoce al final nos elige. El 40% de los alumnos que en estos momentos pr\u00e1cticas remuneradas se acaban quedando a trabajar en la empresa, un dato que demuestra la demanda que tienen nuestros t\u00edtulos en Alcoy y nuestro entorno<\/em>&#8220;, apostill\u00f3.<\/p>\n<p style=\"text-align: justify;\">Indicar que para el pr\u00f3ximo curso acad\u00e9mico <strong>el Campus de Alcoy de la UPV oferta 470 plazas de grado y 90 de m\u00e1steres<\/strong> en las especialidades de Ingenier\u00eda Mec\u00e1nica, Dise\u00f1o, Administraci\u00f3n y Direcci\u00f3n de Empresas, Inform\u00e1tica, Electr\u00f3nica y Qu\u00edmica. Tambi\u00e9n destacan los dobles grados de Administraci\u00f3n de Empresas e Inform\u00e1tica as\u00ed como Direcci\u00f3n de Empresas y Gesti\u00f3n Tur\u00edstica.<\/p>\n","protected":false},"excerpt":{"rendered":"<p>El Campus de Alcoy de la Universidad Polit\u00e9cnica de Valencia ha presentado este lunes su campa\u00f1a de matriculaciones\u00a0para el pr\u00f3ximo&#8230;<\/p>\n","protected":false},"author":1,"featured_media":42784,"comment_status":"open","ping_status":"open","sticky":false,"template":"","format":"standard","meta":{"footnotes":""},"categories":[97,5374,900,75],"tags":[199,1732,5748,4240],"class_list":["post-42783","post","type-post","status-publish","format-standard","has-post-thumbnail","hentry","category-alcoy","category-campus-de-alcoy","category-educacion","category-noticias","tag-campana","tag-campus-alcoy","tag-matriculaciones","tag-proximo-curso"],"yoast_head":"<!-- This site is optimized with the Yoast SEO plugin v27.3 - https:\/\/yoast.com\/product\/yoast-seo-wordpress\/ -->\n<title>El Campus de Alcoy lanza su campa\u00f1a de matriculaciones para el pr\u00f3ximo curso - COPE Alcoy<\/title>\n<meta name=\"robots\" content=\"index, follow, max-snippet:-1, max-image-preview:large, max-video-preview:-1\" \/>\n<link rel=\"canonical\" href=\"https:\/\/www.copealcoy.es\/es\/el-campus-de-alcoy-lanza-su-campana-de-matriculaciones-para-el-proximo-curso\/\" \/>\n<meta property=\"og:locale\" content=\"es_ES\" \/>\n<meta property=\"og:type\" content=\"article\" \/>\n<meta property=\"og:title\" content=\"El Campus de Alcoy lanza su campa\u00f1a de matriculaciones para el pr\u00f3ximo curso - COPE Alcoy\" \/>\n<meta property=\"og:description\" content=\"El Campus de Alcoy de la Universidad Polit\u00e9cnica de Valencia ha presentado este lunes su campa\u00f1a de matriculaciones\u00a0para el pr\u00f3ximo...\" \/>\n<meta property=\"og:url\" content=\"https:\/\/www.copealcoy.es\/es\/el-campus-de-alcoy-lanza-su-campana-de-matriculaciones-para-el-proximo-curso\/\" \/>\n<meta property=\"og:site_name\" content=\"COPE Alcoy\" \/>\n<meta property=\"article:published_time\" content=\"2018-06-04T15:36:09+00:00\" \/>\n<meta property=\"article:modified_time\" content=\"2018-06-04T15:40:04+00:00\" \/>\n<meta property=\"og:image\" content=\"https:\/\/www.copealcoy.es\/wp-content\/uploads\/2018\/06\/De1Z8psWsAAp2HT-e1528126547379.jpg\" \/>\n\t<meta property=\"og:image:width\" content=\"1166\" \/>\n\t<meta property=\"og:image:height\" content=\"605\" \/>\n\t<meta property=\"og:image:type\" content=\"image\/jpeg\" \/>\n<meta name=\"author\" content=\"Cope Alcoy\" \/>\n<meta name=\"twitter:label1\" content=\"Escrito por\" \/>\n\t<meta name=\"twitter:data1\" content=\"Cope Alcoy\" \/>\n\t<meta name=\"twitter:label2\" content=\"Tiempo de lectura\" \/>\n\t<meta name=\"twitter:data2\" content=\"2 minutos\" \/>\n<script type=\"application\/ld+json\" class=\"yoast-schema-graph\">{\"@context\":\"https:\\\/\\\/schema.org\",\"@graph\":[{\"@type\":\"Article\",\"@id\":\"https:\\\/\\\/www.copealcoy.es\\\/es\\\/el-campus-de-alcoy-lanza-su-campana-de-matriculaciones-para-el-proximo-curso\\\/#article\",\"isPartOf\":{\"@id\":\"https:\\\/\\\/www.copealcoy.es\\\/es\\\/el-campus-de-alcoy-lanza-su-campana-de-matriculaciones-para-el-proximo-curso\\\/\"},\"author\":{\"name\":\"Cope Alcoy\",\"@id\":\"https:\\\/\\\/www.copealcoy.es\\\/es\\\/#\\\/schema\\\/person\\\/e777c87fa024e57d40170af9df39882c\"},\"headline\":\"El Campus de Alcoy lanza su campa\u00f1a de matriculaciones para el pr\u00f3ximo curso\",\"datePublished\":\"2018-06-04T15:36:09+00:00\",\"dateModified\":\"2018-06-04T15:40:04+00:00\",\"mainEntityOfPage\":{\"@id\":\"https:\\\/\\\/www.copealcoy.es\\\/es\\\/el-campus-de-alcoy-lanza-su-campana-de-matriculaciones-para-el-proximo-curso\\\/\"},\"wordCount\":409,\"commentCount\":0,\"image\":{\"@id\":\"https:\\\/\\\/www.copealcoy.es\\\/es\\\/el-campus-de-alcoy-lanza-su-campana-de-matriculaciones-para-el-proximo-curso\\\/#primaryimage\"},\"thumbnailUrl\":\"https:\\\/\\\/www.copealcoy.es\\\/wp-content\\\/uploads\\\/2018\\\/06\\\/De1Z8psWsAAp2HT-e1528126547379.jpg\",\"keywords\":[\"Campa\u00f1a\",\"Campus Alcoy\",\"matriculaciones\",\"pr\u00f3ximo curso\"],\"articleSection\":[\"Alcoy\",\"Campus de Alcoy\",\"Educaci\u00f3n\",\"Noticias\"],\"inLanguage\":\"es\"},{\"@type\":\"WebPage\",\"@id\":\"https:\\\/\\\/www.copealcoy.es\\\/es\\\/el-campus-de-alcoy-lanza-su-campana-de-matriculaciones-para-el-proximo-curso\\\/\",\"url\":\"https:\\\/\\\/www.copealcoy.es\\\/es\\\/el-campus-de-alcoy-lanza-su-campana-de-matriculaciones-para-el-proximo-curso\\\/\",\"name\":\"El Campus de Alcoy lanza su campa\u00f1a de matriculaciones para el pr\u00f3ximo curso - COPE Alcoy\",\"isPartOf\":{\"@id\":\"https:\\\/\\\/www.copealcoy.es\\\/es\\\/#website\"},\"primaryImageOfPage\":{\"@id\":\"https:\\\/\\\/www.copealcoy.es\\\/es\\\/el-campus-de-alcoy-lanza-su-campana-de-matriculaciones-para-el-proximo-curso\\\/#primaryimage\"},\"image\":{\"@id\":\"https:\\\/\\\/www.copealcoy.es\\\/es\\\/el-campus-de-alcoy-lanza-su-campana-de-matriculaciones-para-el-proximo-curso\\\/#primaryimage\"},\"thumbnailUrl\":\"https:\\\/\\\/www.copealcoy.es\\\/wp-content\\\/uploads\\\/2018\\\/06\\\/De1Z8psWsAAp2HT-e1528126547379.jpg\",\"datePublished\":\"2018-06-04T15:36:09+00:00\",\"dateModified\":\"2018-06-04T15:40:04+00:00\",\"author\":{\"@id\":\"https:\\\/\\\/www.copealcoy.es\\\/es\\\/#\\\/schema\\\/person\\\/e777c87fa024e57d40170af9df39882c\"},\"breadcrumb\":{\"@id\":\"https:\\\/\\\/www.copealcoy.es\\\/es\\\/el-campus-de-alcoy-lanza-su-campana-de-matriculaciones-para-el-proximo-curso\\\/#breadcrumb\"},\"inLanguage\":\"es\",\"potentialAction\":[{\"@type\":\"ReadAction\",\"target\":[\"https:\\\/\\\/www.copealcoy.es\\\/es\\\/el-campus-de-alcoy-lanza-su-campana-de-matriculaciones-para-el-proximo-curso\\\/\"]}]},{\"@type\":\"ImageObject\",\"inLanguage\":\"es\",\"@id\":\"https:\\\/\\\/www.copealcoy.es\\\/es\\\/el-campus-de-alcoy-lanza-su-campana-de-matriculaciones-para-el-proximo-curso\\\/#primaryimage\",\"url\":\"https:\\\/\\\/www.copealcoy.es\\\/wp-content\\\/uploads\\\/2018\\\/06\\\/De1Z8psWsAAp2HT-e1528126547379.jpg\",\"contentUrl\":\"https:\\\/\\\/www.copealcoy.es\\\/wp-content\\\/uploads\\\/2018\\\/06\\\/De1Z8psWsAAp2HT-e1528126547379.jpg\",\"width\":1166,\"height\":605,\"caption\":\"La campa\u00f1a se ha presentado este lunes en las instalaciones del Campus \\\/ Foto: G. Pascual\"},{\"@type\":\"BreadcrumbList\",\"@id\":\"https:\\\/\\\/www.copealcoy.es\\\/es\\\/el-campus-de-alcoy-lanza-su-campana-de-matriculaciones-para-el-proximo-curso\\\/#breadcrumb\",\"itemListElement\":[{\"@type\":\"ListItem\",\"position\":1,\"name\":\"Portada\",\"item\":\"https:\\\/\\\/www.copealcoy.es\\\/es\\\/\"},{\"@type\":\"ListItem\",\"position\":2,\"name\":\"El Campus de Alcoy lanza su campa\u00f1a de matriculaciones para el pr\u00f3ximo curso\"}]},{\"@type\":\"WebSite\",\"@id\":\"https:\\\/\\\/www.copealcoy.es\\\/es\\\/#website\",\"url\":\"https:\\\/\\\/www.copealcoy.es\\\/es\\\/\",\"name\":\"COPE Alcoy\",\"description\":\"Emisora COPE de radio local con emisi\u00f3n online. Pont de Sant Jordi 8-10 03803 Alcoy\",\"potentialAction\":[{\"@type\":\"SearchAction\",\"target\":{\"@type\":\"EntryPoint\",\"urlTemplate\":\"https:\\\/\\\/www.copealcoy.es\\\/es\\\/?s={search_term_string}\"},\"query-input\":{\"@type\":\"PropertyValueSpecification\",\"valueRequired\":true,\"valueName\":\"search_term_string\"}}],\"inLanguage\":\"es\"},{\"@type\":\"Person\",\"@id\":\"https:\\\/\\\/www.copealcoy.es\\\/es\\\/#\\\/schema\\\/person\\\/e777c87fa024e57d40170af9df39882c\",\"name\":\"Cope Alcoy\",\"image\":{\"@type\":\"ImageObject\",\"inLanguage\":\"es\",\"@id\":\"https:\\\/\\\/secure.gravatar.com\\\/avatar\\\/bb65d0283347e303893ba14f0692005417c1e0e690a325a4c5d8bb2b3943ee14?s=96&d=mm&r=g\",\"url\":\"https:\\\/\\\/secure.gravatar.com\\\/avatar\\\/bb65d0283347e303893ba14f0692005417c1e0e690a325a4c5d8bb2b3943ee14?s=96&d=mm&r=g\",\"contentUrl\":\"https:\\\/\\\/secure.gravatar.com\\\/avatar\\\/bb65d0283347e303893ba14f0692005417c1e0e690a325a4c5d8bb2b3943ee14?s=96&d=mm&r=g\",\"caption\":\"Cope Alcoy\"}}]}<\/script>\n<!-- \/ Yoast SEO plugin. -->","yoast_head_json":{"title":"El Campus de Alcoy lanza su campa\u00f1a de matriculaciones para el pr\u00f3ximo curso - COPE Alcoy","robots":{"index":"index","follow":"follow","max-snippet":"max-snippet:-1","max-image-preview":"max-image-preview:large","max-video-preview":"max-video-preview:-1"},"canonical":"https:\/\/www.copealcoy.es\/es\/el-campus-de-alcoy-lanza-su-campana-de-matriculaciones-para-el-proximo-curso\/","og_locale":"es_ES","og_type":"article","og_title":"El Campus de Alcoy lanza su campa\u00f1a de matriculaciones para el pr\u00f3ximo curso - COPE Alcoy","og_description":"El Campus de Alcoy de la Universidad Polit\u00e9cnica de Valencia ha presentado este lunes su campa\u00f1a de matriculaciones\u00a0para el pr\u00f3ximo...","og_url":"https:\/\/www.copealcoy.es\/es\/el-campus-de-alcoy-lanza-su-campana-de-matriculaciones-para-el-proximo-curso\/","og_site_name":"COPE Alcoy","article_published_time":"2018-06-04T15:36:09+00:00","article_modified_time":"2018-06-04T15:40:04+00:00","og_image":[{"width":1166,"height":605,"url":"https:\/\/www.copealcoy.es\/wp-content\/uploads\/2018\/06\/De1Z8psWsAAp2HT-e1528126547379.jpg","type":"image\/jpeg"}],"author":"Cope Alcoy","twitter_misc":{"Escrito por":"Cope Alcoy","Tiempo de lectura":"2 minutos"},"schema":{"@context":"https:\/\/schema.org","@graph":[{"@type":"Article","@id":"https:\/\/www.copealcoy.es\/es\/el-campus-de-alcoy-lanza-su-campana-de-matriculaciones-para-el-proximo-curso\/#article","isPartOf":{"@id":"https:\/\/www.copealcoy.es\/es\/el-campus-de-alcoy-lanza-su-campana-de-matriculaciones-para-el-proximo-curso\/"},"author":{"name":"Cope Alcoy","@id":"https:\/\/www.copealcoy.es\/es\/#\/schema\/person\/e777c87fa024e57d40170af9df39882c"},"headline":"El Campus de Alcoy lanza su campa\u00f1a de matriculaciones para el pr\u00f3ximo curso","datePublished":"2018-06-04T15:36:09+00:00","dateModified":"2018-06-04T15:40:04+00:00","mainEntityOfPage":{"@id":"https:\/\/www.copealcoy.es\/es\/el-campus-de-alcoy-lanza-su-campana-de-matriculaciones-para-el-proximo-curso\/"},"wordCount":409,"commentCount":0,"image":{"@id":"https:\/\/www.copealcoy.es\/es\/el-campus-de-alcoy-lanza-su-campana-de-matriculaciones-para-el-proximo-curso\/#primaryimage"},"thumbnailUrl":"https:\/\/www.copealcoy.es\/wp-content\/uploads\/2018\/06\/De1Z8psWsAAp2HT-e1528126547379.jpg","keywords":["Campa\u00f1a","Campus Alcoy","matriculaciones","pr\u00f3ximo curso"],"articleSection":["Alcoy","Campus de Alcoy","Educaci\u00f3n","Noticias"],"inLanguage":"es"},{"@type":"WebPage","@id":"https:\/\/www.copealcoy.es\/es\/el-campus-de-alcoy-lanza-su-campana-de-matriculaciones-para-el-proximo-curso\/","url":"https:\/\/www.copealcoy.es\/es\/el-campus-de-alcoy-lanza-su-campana-de-matriculaciones-para-el-proximo-curso\/","name":"El Campus de Alcoy lanza su campa\u00f1a de matriculaciones para el pr\u00f3ximo curso - COPE Alcoy","isPartOf":{"@id":"https:\/\/www.copealcoy.es\/es\/#website"},"primaryImageOfPage":{"@id":"https:\/\/www.copealcoy.es\/es\/el-campus-de-alcoy-lanza-su-campana-de-matriculaciones-para-el-proximo-curso\/#primaryimage"},"image":{"@id":"https:\/\/www.copealcoy.es\/es\/el-campus-de-alcoy-lanza-su-campana-de-matriculaciones-para-el-proximo-curso\/#primaryimage"},"thumbnailUrl":"https:\/\/www.copealcoy.es\/wp-content\/uploads\/2018\/06\/De1Z8psWsAAp2HT-e1528126547379.jpg","datePublished":"2018-06-04T15:36:09+00:00","dateModified":"2018-06-04T15:40:04+00:00","author":{"@id":"https:\/\/www.copealcoy.es\/es\/#\/schema\/person\/e777c87fa024e57d40170af9df39882c"},"breadcrumb":{"@id":"https:\/\/www.copealcoy.es\/es\/el-campus-de-alcoy-lanza-su-campana-de-matriculaciones-para-el-proximo-curso\/#breadcrumb"},"inLanguage":"es","potentialAction":[{"@type":"ReadAction","target":["https:\/\/www.copealcoy.es\/es\/el-campus-de-alcoy-lanza-su-campana-de-matriculaciones-para-el-proximo-curso\/"]}]},{"@type":"ImageObject","inLanguage":"es","@id":"https:\/\/www.copealcoy.es\/es\/el-campus-de-alcoy-lanza-su-campana-de-matriculaciones-para-el-proximo-curso\/#primaryimage","url":"https:\/\/www.copealcoy.es\/wp-content\/uploads\/2018\/06\/De1Z8psWsAAp2HT-e1528126547379.jpg","contentUrl":"https:\/\/www.copealcoy.es\/wp-content\/uploads\/2018\/06\/De1Z8psWsAAp2HT-e1528126547379.jpg","width":1166,"height":605,"caption":"La campa\u00f1a se ha presentado este lunes en las instalaciones del Campus \/ Foto: G. Pascual"},{"@type":"BreadcrumbList","@id":"https:\/\/www.copealcoy.es\/es\/el-campus-de-alcoy-lanza-su-campana-de-matriculaciones-para-el-proximo-curso\/#breadcrumb","itemListElement":[{"@type":"ListItem","position":1,"name":"Portada","item":"https:\/\/www.copealcoy.es\/es\/"},{"@type":"ListItem","position":2,"name":"El Campus de Alcoy lanza su campa\u00f1a de matriculaciones para el pr\u00f3ximo curso"}]},{"@type":"WebSite","@id":"https:\/\/www.copealcoy.es\/es\/#website","url":"https:\/\/www.copealcoy.es\/es\/","name":"COPE Alcoy","description":"Emisora COPE de radio local con emisi\u00f3n online. Pont de Sant Jordi 8-10 03803 Alcoy","potentialAction":[{"@type":"SearchAction","target":{"@type":"EntryPoint","urlTemplate":"https:\/\/www.copealcoy.es\/es\/?s={search_term_string}"},"query-input":{"@type":"PropertyValueSpecification","valueRequired":true,"valueName":"search_term_string"}}],"inLanguage":"es"},{"@type":"Person","@id":"https:\/\/www.copealcoy.es\/es\/#\/schema\/person\/e777c87fa024e57d40170af9df39882c","name":"Cope Alcoy","image":{"@type":"ImageObject","inLanguage":"es","@id":"https:\/\/secure.gravatar.com\/avatar\/bb65d0283347e303893ba14f0692005417c1e0e690a325a4c5d8bb2b3943ee14?s=96&d=mm&r=g","url":"https:\/\/secure.gravatar.com\/avatar\/bb65d0283347e303893ba14f0692005417c1e0e690a325a4c5d8bb2b3943ee14?s=96&d=mm&r=g","contentUrl":"https:\/\/secure.gravatar.com\/avatar\/bb65d0283347e303893ba14f0692005417c1e0e690a325a4c5d8bb2b3943ee14?s=96&d=mm&r=g","caption":"Cope Alcoy"}}]}},"_links":{"self":[{"href":"https:\/\/www.copealcoy.es\/es\/wp-json\/wp\/v2\/posts\/42783","targetHints":{"allow":["GET"]}}],"collection":[{"href":"https:\/\/www.copealcoy.es\/es\/wp-json\/wp\/v2\/posts"}],"about":[{"href":"https:\/\/www.copealcoy.es\/es\/wp-json\/wp\/v2\/types\/post"}],"author":[{"embeddable":true,"href":"https:\/\/www.copealcoy.es\/es\/wp-json\/wp\/v2\/users\/1"}],"replies":[{"embeddable":true,"href":"https:\/\/www.copealcoy.es\/es\/wp-json\/wp\/v2\/comments?post=42783"}],"version-history":[{"count":0,"href":"https:\/\/www.copealcoy.es\/es\/wp-json\/wp\/v2\/posts\/42783\/revisions"}],"wp:featuredmedia":[{"embeddable":true,"href":"https:\/\/www.copealcoy.es\/es\/wp-json\/wp\/v2\/media\/42784"}],"wp:attachment":[{"href":"https:\/\/www.copealcoy.es\/es\/wp-json\/wp\/v2\/media?parent=42783"}],"wp:term":[{"taxonomy":"category","embeddable":true,"href":"https:\/\/www.copealcoy.es\/es\/wp-json\/wp\/v2\/categories?post=42783"},{"taxonomy":"post_tag","embeddable":true,"href":"https:\/\/www.copealcoy.es\/es\/wp-json\/wp\/v2\/tags?post=42783"}],"curies":[{"name":"wp","href":"https:\/\/api.w.org\/{rel}","templated":true}]}}