{"id":42645,"date":"2018-05-31T14:27:01","date_gmt":"2018-05-31T14:27:01","guid":{"rendered":"http:\/\/copealcoi.es\/new\/?p=42645"},"modified":"2018-05-31T14:42:28","modified_gmt":"2018-05-31T14:42:28","slug":"la-mostra-de-teatre-de-alcoy-se-adentra-en-la-recta-final","status":"publish","type":"post","link":"https:\/\/www.copealcoy.es\/es\/la-mostra-de-teatre-de-alcoy-se-adentra-en-la-recta-final\/","title":{"rendered":"La Mostra de Teatre de Alcoy se adentra en la recta final"},"content":{"rendered":"<p style=\"text-align: justify;\">La <strong>Mostra de Teatre de Alcoy s<\/strong>e adentra en la <strong>recta final<\/strong> este jueves tras el <strong>completo cartel<\/strong> que dio forma a la jornada de ayer.<\/p>\n<p style=\"text-align: justify;\">El d\u00eda comenz\u00f3 con un espect\u00e1culo que gust\u00f3 mucho, tanto al p\u00fablico infantil como a los programadores. Se trata de <strong>Teatro Gorakada<\/strong> y su <strong>&#8216;Viaje de Ulises&#8217;<\/strong>. Adem\u00e1s <strong>Bambalina<\/strong> volvi\u00f3 a ganarse el p\u00fablico del Centro Cultural Mario Silvestre con su versi\u00f3n de <strong>&#8216;La Celestina&#8217;<\/strong>. Y ya por la tarde, pendientes del tiempo, el teatro clown de <strong>A Saco Producciones<\/strong> hizo <strong>las delicias de grandes y peque\u00f1os<\/strong> con su <strong>&#8216;Tanque Gurug\u00fa&#8217;<\/strong> que tom\u00f3 el breve trayecto del Paseo de Cervantes. En la recta final del mi\u00e9rcoles\u00a0<strong>Lucas Escobedo<\/strong>, y su cuidada puesta en escena de <strong>&#8216;Habitaci\u00f3n 108&#8217;<\/strong>, despert\u00f3 de nuevo el inter\u00e9s del p\u00fablico mientras que la jornada en la actividad de sala lleg\u00f3 a su fin con uno de los espect\u00e1culos m\u00e1s esperados de la Feria valenciana: la representaci\u00f3n de &#8216;<strong>Moby Dick&#8217;<\/strong>. Se trata de la \u00faltima producci\u00f3n de <strong>Focus<\/strong> protagonizada por<strong> Josep Mar\u00eda Pou<\/strong>, que encarna el capit\u00e1n Ahab, una adaptaci\u00f3n de Juan Cavestany de la novela de Herman Melville.<\/p>\n<p style=\"text-align: justify;\">Finalmente, entrada ya la noche, la Pla\u00e7a de Dins recibi\u00f3 desde Madrid <strong>&#8216;Musicadores de Objetos&#8217;<\/strong> de la compa\u00f1\u00eda <strong>Toom Pak<\/strong>, una propuesta musical a golpe de percusi\u00f3n, comedia visual y un ritmo desbordante.<\/p>\n<p><strong>Intensa actividad para este jueves<\/strong><\/p>\n<p style=\"text-align: justify;\">La jornada de hoy ha comenzado en el <strong>Teatro de los Salesianos<\/strong> esta ma\u00f1ana con la puesta en escena de &#8216;<strong>Les Set Difer\u00e8ncies&#8217;<\/strong>\u00a0a cargo de <strong>El Pont Flotant\/Teatre Escalante<\/strong>. Adem\u00e1s en el Centre Cultural <strong>El Ball de San Vito<\/strong> ha ofrecido &#8216;<strong>El Rei Mides i les Metamorfosis&#8217;<\/strong>\u00a0mientras que han seguido las <strong>actividades profesionales<\/strong> en el espacio <strong>\u00c0gora Esc\u00e8nica<\/strong>. Esta tarde a las seis en el <strong>Paseo Cervantes<\/strong> <strong>La Fam C\u00eda Teatre<\/strong> nos ofrece <strong>&#8216;The Wolves&#8217;<\/strong> a las seis y a una hora despu\u00e9s aterriza en <strong>El Principal<\/strong>\u00a0<strong>La Dependent<\/strong> con <strong>&#8216;Separeu-vos Junts&#8217;<\/strong>. Posteriormente, a las 21:00h, la compa\u00f1\u00eda de danza de<strong> Sol Pic\u00f2<\/strong> presentar\u00e1 &#8216;<strong>Dancing with frogs&#8217;<\/strong>. Por \u00faltimo en la <strong>Pla\u00e7a de Dins<\/strong> ser\u00e1 el turno a las 10 de la noche de <strong>Teatre Che y Moche<\/strong> con <strong>&#8216;El Funeral&#8217;<\/strong>.<\/p>\n","protected":false},"excerpt":{"rendered":"<p>La Mostra de Teatre de Alcoy se adentra en la recta final este jueves tras el completo cartel que dio&#8230;<\/p>\n","protected":false},"author":1,"featured_media":42646,"comment_status":"open","ping_status":"open","sticky":false,"template":"","format":"standard","meta":{"footnotes":""},"categories":[97,78,75],"tags":[5599,1494,1076,5445],"class_list":["post-42645","post","type-post","status-publish","format-standard","has-post-thumbnail","hentry","category-alcoy","category-fiestaycultura","category-noticias","tag-adentra","tag-alcoy","tag-mostra-de-teatre","tag-recta-final"],"yoast_head":"<!-- This site is optimized with the Yoast SEO plugin v27.3 - https:\/\/yoast.com\/product\/yoast-seo-wordpress\/ -->\n<title>La Mostra de Teatre de Alcoy se adentra en la recta final - COPE Alcoy<\/title>\n<meta name=\"robots\" content=\"index, follow, max-snippet:-1, max-image-preview:large, max-video-preview:-1\" \/>\n<link rel=\"canonical\" href=\"https:\/\/www.copealcoy.es\/es\/la-mostra-de-teatre-de-alcoy-se-adentra-en-la-recta-final\/\" \/>\n<meta property=\"og:locale\" content=\"es_ES\" \/>\n<meta property=\"og:type\" content=\"article\" \/>\n<meta property=\"og:title\" content=\"La Mostra de Teatre de Alcoy se adentra en la recta final - COPE Alcoy\" \/>\n<meta property=\"og:description\" content=\"La Mostra de Teatre de Alcoy se adentra en la recta final este jueves tras el completo cartel que dio...\" \/>\n<meta property=\"og:url\" content=\"https:\/\/www.copealcoy.es\/es\/la-mostra-de-teatre-de-alcoy-se-adentra-en-la-recta-final\/\" \/>\n<meta property=\"og:site_name\" content=\"COPE Alcoy\" \/>\n<meta property=\"article:published_time\" content=\"2018-05-31T14:27:01+00:00\" \/>\n<meta property=\"article:modified_time\" content=\"2018-05-31T14:42:28+00:00\" \/>\n<meta property=\"og:image\" content=\"https:\/\/www.copealcoy.es\/wp-content\/uploads\/2018\/05\/MobyDick_-7-1024x647.jpg\" \/>\n\t<meta property=\"og:image:width\" content=\"1024\" \/>\n\t<meta property=\"og:image:height\" content=\"647\" \/>\n\t<meta property=\"og:image:type\" content=\"image\/jpeg\" \/>\n<meta name=\"author\" content=\"Cope Alcoy\" \/>\n<meta name=\"twitter:label1\" content=\"Escrito por\" \/>\n\t<meta name=\"twitter:data1\" content=\"Cope Alcoy\" \/>\n\t<meta name=\"twitter:label2\" content=\"Tiempo de lectura\" \/>\n\t<meta name=\"twitter:data2\" content=\"2 minutos\" \/>\n<script type=\"application\/ld+json\" class=\"yoast-schema-graph\">{\"@context\":\"https:\\\/\\\/schema.org\",\"@graph\":[{\"@type\":\"Article\",\"@id\":\"https:\\\/\\\/www.copealcoy.es\\\/es\\\/la-mostra-de-teatre-de-alcoy-se-adentra-en-la-recta-final\\\/#article\",\"isPartOf\":{\"@id\":\"https:\\\/\\\/www.copealcoy.es\\\/es\\\/la-mostra-de-teatre-de-alcoy-se-adentra-en-la-recta-final\\\/\"},\"author\":{\"name\":\"Cope Alcoy\",\"@id\":\"https:\\\/\\\/www.copealcoy.es\\\/es\\\/#\\\/schema\\\/person\\\/e777c87fa024e57d40170af9df39882c\"},\"headline\":\"La Mostra de Teatre de Alcoy se adentra en la recta final\",\"datePublished\":\"2018-05-31T14:27:01+00:00\",\"dateModified\":\"2018-05-31T14:42:28+00:00\",\"mainEntityOfPage\":{\"@id\":\"https:\\\/\\\/www.copealcoy.es\\\/es\\\/la-mostra-de-teatre-de-alcoy-se-adentra-en-la-recta-final\\\/\"},\"wordCount\":399,\"commentCount\":0,\"image\":{\"@id\":\"https:\\\/\\\/www.copealcoy.es\\\/es\\\/la-mostra-de-teatre-de-alcoy-se-adentra-en-la-recta-final\\\/#primaryimage\"},\"thumbnailUrl\":\"https:\\\/\\\/www.copealcoy.es\\\/wp-content\\\/uploads\\\/2018\\\/05\\\/MobyDick_-7.jpg\",\"keywords\":[\"adentra\",\"Alcoy\",\"Mostra de Teatre\",\"recta final\"],\"articleSection\":[\"Alcoy\",\"Fiesta y Cultura\",\"Noticias\"],\"inLanguage\":\"es\"},{\"@type\":\"WebPage\",\"@id\":\"https:\\\/\\\/www.copealcoy.es\\\/es\\\/la-mostra-de-teatre-de-alcoy-se-adentra-en-la-recta-final\\\/\",\"url\":\"https:\\\/\\\/www.copealcoy.es\\\/es\\\/la-mostra-de-teatre-de-alcoy-se-adentra-en-la-recta-final\\\/\",\"name\":\"La Mostra de Teatre de Alcoy se adentra en la recta final - COPE Alcoy\",\"isPartOf\":{\"@id\":\"https:\\\/\\\/www.copealcoy.es\\\/es\\\/#website\"},\"primaryImageOfPage\":{\"@id\":\"https:\\\/\\\/www.copealcoy.es\\\/es\\\/la-mostra-de-teatre-de-alcoy-se-adentra-en-la-recta-final\\\/#primaryimage\"},\"image\":{\"@id\":\"https:\\\/\\\/www.copealcoy.es\\\/es\\\/la-mostra-de-teatre-de-alcoy-se-adentra-en-la-recta-final\\\/#primaryimage\"},\"thumbnailUrl\":\"https:\\\/\\\/www.copealcoy.es\\\/wp-content\\\/uploads\\\/2018\\\/05\\\/MobyDick_-7.jpg\",\"datePublished\":\"2018-05-31T14:27:01+00:00\",\"dateModified\":\"2018-05-31T14:42:28+00:00\",\"author\":{\"@id\":\"https:\\\/\\\/www.copealcoy.es\\\/es\\\/#\\\/schema\\\/person\\\/e777c87fa024e57d40170af9df39882c\"},\"breadcrumb\":{\"@id\":\"https:\\\/\\\/www.copealcoy.es\\\/es\\\/la-mostra-de-teatre-de-alcoy-se-adentra-en-la-recta-final\\\/#breadcrumb\"},\"inLanguage\":\"es\",\"potentialAction\":[{\"@type\":\"ReadAction\",\"target\":[\"https:\\\/\\\/www.copealcoy.es\\\/es\\\/la-mostra-de-teatre-de-alcoy-se-adentra-en-la-recta-final\\\/\"]}]},{\"@type\":\"ImageObject\",\"inLanguage\":\"es\",\"@id\":\"https:\\\/\\\/www.copealcoy.es\\\/es\\\/la-mostra-de-teatre-de-alcoy-se-adentra-en-la-recta-final\\\/#primaryimage\",\"url\":\"https:\\\/\\\/www.copealcoy.es\\\/wp-content\\\/uploads\\\/2018\\\/05\\\/MobyDick_-7.jpg\",\"contentUrl\":\"https:\\\/\\\/www.copealcoy.es\\\/wp-content\\\/uploads\\\/2018\\\/05\\\/MobyDick_-7.jpg\",\"width\":3000,\"height\":1895},{\"@type\":\"BreadcrumbList\",\"@id\":\"https:\\\/\\\/www.copealcoy.es\\\/es\\\/la-mostra-de-teatre-de-alcoy-se-adentra-en-la-recta-final\\\/#breadcrumb\",\"itemListElement\":[{\"@type\":\"ListItem\",\"position\":1,\"name\":\"Portada\",\"item\":\"https:\\\/\\\/www.copealcoy.es\\\/es\\\/\"},{\"@type\":\"ListItem\",\"position\":2,\"name\":\"La Mostra de Teatre de Alcoy se adentra en la recta final\"}]},{\"@type\":\"WebSite\",\"@id\":\"https:\\\/\\\/www.copealcoy.es\\\/es\\\/#website\",\"url\":\"https:\\\/\\\/www.copealcoy.es\\\/es\\\/\",\"name\":\"COPE Alcoy\",\"description\":\"Emisora COPE de radio local con emisi\u00f3n online. Pont de Sant Jordi 8-10 03803 Alcoy\",\"potentialAction\":[{\"@type\":\"SearchAction\",\"target\":{\"@type\":\"EntryPoint\",\"urlTemplate\":\"https:\\\/\\\/www.copealcoy.es\\\/es\\\/?s={search_term_string}\"},\"query-input\":{\"@type\":\"PropertyValueSpecification\",\"valueRequired\":true,\"valueName\":\"search_term_string\"}}],\"inLanguage\":\"es\"},{\"@type\":\"Person\",\"@id\":\"https:\\\/\\\/www.copealcoy.es\\\/es\\\/#\\\/schema\\\/person\\\/e777c87fa024e57d40170af9df39882c\",\"name\":\"Cope Alcoy\",\"image\":{\"@type\":\"ImageObject\",\"inLanguage\":\"es\",\"@id\":\"https:\\\/\\\/secure.gravatar.com\\\/avatar\\\/bb65d0283347e303893ba14f0692005417c1e0e690a325a4c5d8bb2b3943ee14?s=96&d=mm&r=g\",\"url\":\"https:\\\/\\\/secure.gravatar.com\\\/avatar\\\/bb65d0283347e303893ba14f0692005417c1e0e690a325a4c5d8bb2b3943ee14?s=96&d=mm&r=g\",\"contentUrl\":\"https:\\\/\\\/secure.gravatar.com\\\/avatar\\\/bb65d0283347e303893ba14f0692005417c1e0e690a325a4c5d8bb2b3943ee14?s=96&d=mm&r=g\",\"caption\":\"Cope Alcoy\"}}]}<\/script>\n<!-- \/ Yoast SEO plugin. -->","yoast_head_json":{"title":"La Mostra de Teatre de Alcoy se adentra en la recta final - COPE Alcoy","robots":{"index":"index","follow":"follow","max-snippet":"max-snippet:-1","max-image-preview":"max-image-preview:large","max-video-preview":"max-video-preview:-1"},"canonical":"https:\/\/www.copealcoy.es\/es\/la-mostra-de-teatre-de-alcoy-se-adentra-en-la-recta-final\/","og_locale":"es_ES","og_type":"article","og_title":"La Mostra de Teatre de Alcoy se adentra en la recta final - COPE Alcoy","og_description":"La Mostra de Teatre de Alcoy se adentra en la recta final este jueves tras el completo cartel que dio...","og_url":"https:\/\/www.copealcoy.es\/es\/la-mostra-de-teatre-de-alcoy-se-adentra-en-la-recta-final\/","og_site_name":"COPE Alcoy","article_published_time":"2018-05-31T14:27:01+00:00","article_modified_time":"2018-05-31T14:42:28+00:00","og_image":[{"width":1024,"height":647,"url":"https:\/\/www.copealcoy.es\/wp-content\/uploads\/2018\/05\/MobyDick_-7-1024x647.jpg","type":"image\/jpeg"}],"author":"Cope Alcoy","twitter_misc":{"Escrito por":"Cope Alcoy","Tiempo de lectura":"2 minutos"},"schema":{"@context":"https:\/\/schema.org","@graph":[{"@type":"Article","@id":"https:\/\/www.copealcoy.es\/es\/la-mostra-de-teatre-de-alcoy-se-adentra-en-la-recta-final\/#article","isPartOf":{"@id":"https:\/\/www.copealcoy.es\/es\/la-mostra-de-teatre-de-alcoy-se-adentra-en-la-recta-final\/"},"author":{"name":"Cope Alcoy","@id":"https:\/\/www.copealcoy.es\/es\/#\/schema\/person\/e777c87fa024e57d40170af9df39882c"},"headline":"La Mostra de Teatre de Alcoy se adentra en la recta final","datePublished":"2018-05-31T14:27:01+00:00","dateModified":"2018-05-31T14:42:28+00:00","mainEntityOfPage":{"@id":"https:\/\/www.copealcoy.es\/es\/la-mostra-de-teatre-de-alcoy-se-adentra-en-la-recta-final\/"},"wordCount":399,"commentCount":0,"image":{"@id":"https:\/\/www.copealcoy.es\/es\/la-mostra-de-teatre-de-alcoy-se-adentra-en-la-recta-final\/#primaryimage"},"thumbnailUrl":"https:\/\/www.copealcoy.es\/wp-content\/uploads\/2018\/05\/MobyDick_-7.jpg","keywords":["adentra","Alcoy","Mostra de Teatre","recta final"],"articleSection":["Alcoy","Fiesta y Cultura","Noticias"],"inLanguage":"es"},{"@type":"WebPage","@id":"https:\/\/www.copealcoy.es\/es\/la-mostra-de-teatre-de-alcoy-se-adentra-en-la-recta-final\/","url":"https:\/\/www.copealcoy.es\/es\/la-mostra-de-teatre-de-alcoy-se-adentra-en-la-recta-final\/","name":"La Mostra de Teatre de Alcoy se adentra en la recta final - COPE Alcoy","isPartOf":{"@id":"https:\/\/www.copealcoy.es\/es\/#website"},"primaryImageOfPage":{"@id":"https:\/\/www.copealcoy.es\/es\/la-mostra-de-teatre-de-alcoy-se-adentra-en-la-recta-final\/#primaryimage"},"image":{"@id":"https:\/\/www.copealcoy.es\/es\/la-mostra-de-teatre-de-alcoy-se-adentra-en-la-recta-final\/#primaryimage"},"thumbnailUrl":"https:\/\/www.copealcoy.es\/wp-content\/uploads\/2018\/05\/MobyDick_-7.jpg","datePublished":"2018-05-31T14:27:01+00:00","dateModified":"2018-05-31T14:42:28+00:00","author":{"@id":"https:\/\/www.copealcoy.es\/es\/#\/schema\/person\/e777c87fa024e57d40170af9df39882c"},"breadcrumb":{"@id":"https:\/\/www.copealcoy.es\/es\/la-mostra-de-teatre-de-alcoy-se-adentra-en-la-recta-final\/#breadcrumb"},"inLanguage":"es","potentialAction":[{"@type":"ReadAction","target":["https:\/\/www.copealcoy.es\/es\/la-mostra-de-teatre-de-alcoy-se-adentra-en-la-recta-final\/"]}]},{"@type":"ImageObject","inLanguage":"es","@id":"https:\/\/www.copealcoy.es\/es\/la-mostra-de-teatre-de-alcoy-se-adentra-en-la-recta-final\/#primaryimage","url":"https:\/\/www.copealcoy.es\/wp-content\/uploads\/2018\/05\/MobyDick_-7.jpg","contentUrl":"https:\/\/www.copealcoy.es\/wp-content\/uploads\/2018\/05\/MobyDick_-7.jpg","width":3000,"height":1895},{"@type":"BreadcrumbList","@id":"https:\/\/www.copealcoy.es\/es\/la-mostra-de-teatre-de-alcoy-se-adentra-en-la-recta-final\/#breadcrumb","itemListElement":[{"@type":"ListItem","position":1,"name":"Portada","item":"https:\/\/www.copealcoy.es\/es\/"},{"@type":"ListItem","position":2,"name":"La Mostra de Teatre de Alcoy se adentra en la recta final"}]},{"@type":"WebSite","@id":"https:\/\/www.copealcoy.es\/es\/#website","url":"https:\/\/www.copealcoy.es\/es\/","name":"COPE Alcoy","description":"Emisora COPE de radio local con emisi\u00f3n online. Pont de Sant Jordi 8-10 03803 Alcoy","potentialAction":[{"@type":"SearchAction","target":{"@type":"EntryPoint","urlTemplate":"https:\/\/www.copealcoy.es\/es\/?s={search_term_string}"},"query-input":{"@type":"PropertyValueSpecification","valueRequired":true,"valueName":"search_term_string"}}],"inLanguage":"es"},{"@type":"Person","@id":"https:\/\/www.copealcoy.es\/es\/#\/schema\/person\/e777c87fa024e57d40170af9df39882c","name":"Cope Alcoy","image":{"@type":"ImageObject","inLanguage":"es","@id":"https:\/\/secure.gravatar.com\/avatar\/bb65d0283347e303893ba14f0692005417c1e0e690a325a4c5d8bb2b3943ee14?s=96&d=mm&r=g","url":"https:\/\/secure.gravatar.com\/avatar\/bb65d0283347e303893ba14f0692005417c1e0e690a325a4c5d8bb2b3943ee14?s=96&d=mm&r=g","contentUrl":"https:\/\/secure.gravatar.com\/avatar\/bb65d0283347e303893ba14f0692005417c1e0e690a325a4c5d8bb2b3943ee14?s=96&d=mm&r=g","caption":"Cope Alcoy"}}]}},"_links":{"self":[{"href":"https:\/\/www.copealcoy.es\/es\/wp-json\/wp\/v2\/posts\/42645","targetHints":{"allow":["GET"]}}],"collection":[{"href":"https:\/\/www.copealcoy.es\/es\/wp-json\/wp\/v2\/posts"}],"about":[{"href":"https:\/\/www.copealcoy.es\/es\/wp-json\/wp\/v2\/types\/post"}],"author":[{"embeddable":true,"href":"https:\/\/www.copealcoy.es\/es\/wp-json\/wp\/v2\/users\/1"}],"replies":[{"embeddable":true,"href":"https:\/\/www.copealcoy.es\/es\/wp-json\/wp\/v2\/comments?post=42645"}],"version-history":[{"count":0,"href":"https:\/\/www.copealcoy.es\/es\/wp-json\/wp\/v2\/posts\/42645\/revisions"}],"wp:featuredmedia":[{"embeddable":true,"href":"https:\/\/www.copealcoy.es\/es\/wp-json\/wp\/v2\/media\/42646"}],"wp:attachment":[{"href":"https:\/\/www.copealcoy.es\/es\/wp-json\/wp\/v2\/media?parent=42645"}],"wp:term":[{"taxonomy":"category","embeddable":true,"href":"https:\/\/www.copealcoy.es\/es\/wp-json\/wp\/v2\/categories?post=42645"},{"taxonomy":"post_tag","embeddable":true,"href":"https:\/\/www.copealcoy.es\/es\/wp-json\/wp\/v2\/tags?post=42645"}],"curies":[{"name":"wp","href":"https:\/\/api.w.org\/{rel}","templated":true}]}}