{"id":42621,"date":"2018-05-30T15:03:01","date_gmt":"2018-05-30T15:03:01","guid":{"rendered":"http:\/\/copealcoi.es\/new\/?p=42621"},"modified":"2018-05-30T15:05:57","modified_gmt":"2018-05-30T15:05:57","slug":"ciudadanos-defiende-mayor-contratacion-de-personas-con-diversidad-funcional","status":"publish","type":"post","link":"https:\/\/www.copealcoy.es\/es\/ciudadanos-defiende-mayor-contratacion-de-personas-con-diversidad-funcional\/","title":{"rendered":"Ciudadanos defiende mayor contrataci\u00f3n de personas con diversidad funcional"},"content":{"rendered":"<p style=\"text-align: justify;\">El <strong>grupo municipal de Ciudadanos<\/strong> en el Ayuntamiento de Alcoy, <strong>a trav\u00e9s de su portavoz Jorge Sedano<\/strong>, ha instado al Gobierno Local del PSOE a que <strong>fomente la contrataci\u00f3n<\/strong> de <strong>personas con diversidad funcional<\/strong> y que lo incluya en los presupuestos locales. Desde la formaci\u00f3n pol\u00edtica plantean que el Ejecutivo<strong> exija a las empresas<\/strong> con las que tiene contrato por cualquier prestaci\u00f3n &#8220;<em>a que se ajusten a la ley del 7% para la contrataci\u00f3n de personas con diversidad funcional<\/em>&#8220;, afirma Sedano. Tambi\u00e9n<strong> proponen<\/strong> que la plantilla del Ayuntamiento, as\u00ed como las bolsas de empleo del Consistorio, se adapte a esta normativa. Finalmente se\u00f1alan que en el pr\u00f3ximo Plan de Empleo <strong>dotado con 150.000 euros propuesto por Ciudadanos para los Presupuestos Municipales<\/strong> se alcance, e incluso si es posible se supere, el citado porcentaje del 7%.<\/p>\n","protected":false},"excerpt":{"rendered":"<p>El grupo municipal de Ciudadanos en el Ayuntamiento de Alcoy, a trav\u00e9s de su portavoz Jorge Sedano, ha instado al&#8230;<\/p>\n","protected":false},"author":1,"featured_media":0,"comment_status":"open","ping_status":"open","sticky":false,"template":"","format":"standard","meta":{"footnotes":""},"categories":[97,75,79],"tags":[349,5716,1874,5717,5718],"class_list":["post-42621","post","type-post","status-publish","format-standard","hentry","category-alcoy","category-noticias","category-politicayeconomia","tag-ciudadanos","tag-defiende","tag-diversidad-funcional","tag-mayor-contratacion","tag-personas"],"yoast_head":"<!-- This site is optimized with the Yoast SEO plugin v27.3 - https:\/\/yoast.com\/product\/yoast-seo-wordpress\/ -->\n<title>Ciudadanos defiende mayor contrataci\u00f3n de personas con diversidad funcional - COPE Alcoy<\/title>\n<meta name=\"robots\" content=\"index, follow, max-snippet:-1, max-image-preview:large, max-video-preview:-1\" \/>\n<link rel=\"canonical\" href=\"https:\/\/www.copealcoy.es\/es\/ciudadanos-defiende-mayor-contratacion-de-personas-con-diversidad-funcional\/\" \/>\n<meta property=\"og:locale\" content=\"es_ES\" \/>\n<meta property=\"og:type\" content=\"article\" \/>\n<meta property=\"og:title\" content=\"Ciudadanos defiende mayor contrataci\u00f3n de personas con diversidad funcional - COPE Alcoy\" \/>\n<meta property=\"og:description\" content=\"El grupo municipal de Ciudadanos en el Ayuntamiento de Alcoy, a trav\u00e9s de su portavoz Jorge Sedano, ha instado al...\" \/>\n<meta property=\"og:url\" content=\"https:\/\/www.copealcoy.es\/es\/ciudadanos-defiende-mayor-contratacion-de-personas-con-diversidad-funcional\/\" \/>\n<meta property=\"og:site_name\" content=\"COPE Alcoy\" \/>\n<meta property=\"article:published_time\" content=\"2018-05-30T15:03:01+00:00\" \/>\n<meta property=\"article:modified_time\" content=\"2018-05-30T15:05:57+00:00\" \/>\n<meta property=\"og:image\" content=\"https:\/\/www.copealcoy.es\/wp-content\/uploads\/2015\/01\/image85-1.jpg\" \/>\n\t<meta property=\"og:image:width\" content=\"1366\" \/>\n\t<meta property=\"og:image:height\" content=\"827\" \/>\n\t<meta property=\"og:image:type\" content=\"image\/jpeg\" \/>\n<meta name=\"author\" content=\"Cope Alcoy\" \/>\n<meta name=\"twitter:label1\" content=\"Escrito por\" \/>\n\t<meta name=\"twitter:data1\" content=\"Cope Alcoy\" \/>\n\t<meta name=\"twitter:label2\" content=\"Tiempo de lectura\" \/>\n\t<meta name=\"twitter:data2\" content=\"1 minuto\" \/>\n<script type=\"application\/ld+json\" class=\"yoast-schema-graph\">{\"@context\":\"https:\\\/\\\/schema.org\",\"@graph\":[{\"@type\":\"Article\",\"@id\":\"https:\\\/\\\/www.copealcoy.es\\\/es\\\/ciudadanos-defiende-mayor-contratacion-de-personas-con-diversidad-funcional\\\/#article\",\"isPartOf\":{\"@id\":\"https:\\\/\\\/www.copealcoy.es\\\/es\\\/ciudadanos-defiende-mayor-contratacion-de-personas-con-diversidad-funcional\\\/\"},\"author\":{\"name\":\"Cope Alcoy\",\"@id\":\"https:\\\/\\\/www.copealcoy.es\\\/es\\\/#\\\/schema\\\/person\\\/e777c87fa024e57d40170af9df39882c\"},\"headline\":\"Ciudadanos defiende mayor contrataci\u00f3n de personas con diversidad funcional\",\"datePublished\":\"2018-05-30T15:03:01+00:00\",\"dateModified\":\"2018-05-30T15:05:57+00:00\",\"mainEntityOfPage\":{\"@id\":\"https:\\\/\\\/www.copealcoy.es\\\/es\\\/ciudadanos-defiende-mayor-contratacion-de-personas-con-diversidad-funcional\\\/\"},\"wordCount\":151,\"commentCount\":0,\"keywords\":[\"Ciudadanos\",\"defiende\",\"diversidad funcional\",\"mayor contrataci\u00f3n\",\"personas\"],\"articleSection\":[\"Alcoy\",\"Noticias\",\"Pol\u00edtica y Econom\u00eda\"],\"inLanguage\":\"es\"},{\"@type\":\"WebPage\",\"@id\":\"https:\\\/\\\/www.copealcoy.es\\\/es\\\/ciudadanos-defiende-mayor-contratacion-de-personas-con-diversidad-funcional\\\/\",\"url\":\"https:\\\/\\\/www.copealcoy.es\\\/es\\\/ciudadanos-defiende-mayor-contratacion-de-personas-con-diversidad-funcional\\\/\",\"name\":\"Ciudadanos defiende mayor contrataci\u00f3n de personas con diversidad funcional - COPE Alcoy\",\"isPartOf\":{\"@id\":\"https:\\\/\\\/www.copealcoy.es\\\/es\\\/#website\"},\"datePublished\":\"2018-05-30T15:03:01+00:00\",\"dateModified\":\"2018-05-30T15:05:57+00:00\",\"author\":{\"@id\":\"https:\\\/\\\/www.copealcoy.es\\\/es\\\/#\\\/schema\\\/person\\\/e777c87fa024e57d40170af9df39882c\"},\"breadcrumb\":{\"@id\":\"https:\\\/\\\/www.copealcoy.es\\\/es\\\/ciudadanos-defiende-mayor-contratacion-de-personas-con-diversidad-funcional\\\/#breadcrumb\"},\"inLanguage\":\"es\",\"potentialAction\":[{\"@type\":\"ReadAction\",\"target\":[\"https:\\\/\\\/www.copealcoy.es\\\/es\\\/ciudadanos-defiende-mayor-contratacion-de-personas-con-diversidad-funcional\\\/\"]}]},{\"@type\":\"BreadcrumbList\",\"@id\":\"https:\\\/\\\/www.copealcoy.es\\\/es\\\/ciudadanos-defiende-mayor-contratacion-de-personas-con-diversidad-funcional\\\/#breadcrumb\",\"itemListElement\":[{\"@type\":\"ListItem\",\"position\":1,\"name\":\"Portada\",\"item\":\"https:\\\/\\\/www.copealcoy.es\\\/es\\\/\"},{\"@type\":\"ListItem\",\"position\":2,\"name\":\"Ciudadanos defiende mayor contrataci\u00f3n de personas con diversidad funcional\"}]},{\"@type\":\"WebSite\",\"@id\":\"https:\\\/\\\/www.copealcoy.es\\\/es\\\/#website\",\"url\":\"https:\\\/\\\/www.copealcoy.es\\\/es\\\/\",\"name\":\"COPE Alcoy\",\"description\":\"Emisora COPE de radio local con emisi\u00f3n online. Pont de Sant Jordi 8-10 03803 Alcoy\",\"potentialAction\":[{\"@type\":\"SearchAction\",\"target\":{\"@type\":\"EntryPoint\",\"urlTemplate\":\"https:\\\/\\\/www.copealcoy.es\\\/es\\\/?s={search_term_string}\"},\"query-input\":{\"@type\":\"PropertyValueSpecification\",\"valueRequired\":true,\"valueName\":\"search_term_string\"}}],\"inLanguage\":\"es\"},{\"@type\":\"Person\",\"@id\":\"https:\\\/\\\/www.copealcoy.es\\\/es\\\/#\\\/schema\\\/person\\\/e777c87fa024e57d40170af9df39882c\",\"name\":\"Cope Alcoy\",\"image\":{\"@type\":\"ImageObject\",\"inLanguage\":\"es\",\"@id\":\"https:\\\/\\\/secure.gravatar.com\\\/avatar\\\/bb65d0283347e303893ba14f0692005417c1e0e690a325a4c5d8bb2b3943ee14?s=96&d=mm&r=g\",\"url\":\"https:\\\/\\\/secure.gravatar.com\\\/avatar\\\/bb65d0283347e303893ba14f0692005417c1e0e690a325a4c5d8bb2b3943ee14?s=96&d=mm&r=g\",\"contentUrl\":\"https:\\\/\\\/secure.gravatar.com\\\/avatar\\\/bb65d0283347e303893ba14f0692005417c1e0e690a325a4c5d8bb2b3943ee14?s=96&d=mm&r=g\",\"caption\":\"Cope Alcoy\"}}]}<\/script>\n<!-- \/ Yoast SEO plugin. -->","yoast_head_json":{"title":"Ciudadanos defiende mayor contrataci\u00f3n de personas con diversidad funcional - COPE Alcoy","robots":{"index":"index","follow":"follow","max-snippet":"max-snippet:-1","max-image-preview":"max-image-preview:large","max-video-preview":"max-video-preview:-1"},"canonical":"https:\/\/www.copealcoy.es\/es\/ciudadanos-defiende-mayor-contratacion-de-personas-con-diversidad-funcional\/","og_locale":"es_ES","og_type":"article","og_title":"Ciudadanos defiende mayor contrataci\u00f3n de personas con diversidad funcional - COPE Alcoy","og_description":"El grupo municipal de Ciudadanos en el Ayuntamiento de Alcoy, a trav\u00e9s de su portavoz Jorge Sedano, ha instado al...","og_url":"https:\/\/www.copealcoy.es\/es\/ciudadanos-defiende-mayor-contratacion-de-personas-con-diversidad-funcional\/","og_site_name":"COPE Alcoy","article_published_time":"2018-05-30T15:03:01+00:00","article_modified_time":"2018-05-30T15:05:57+00:00","og_image":[{"width":1366,"height":827,"url":"https:\/\/www.copealcoy.es\/wp-content\/uploads\/2015\/01\/image85-1.jpg","type":"image\/jpeg"}],"author":"Cope Alcoy","twitter_misc":{"Escrito por":"Cope Alcoy","Tiempo de lectura":"1 minuto"},"schema":{"@context":"https:\/\/schema.org","@graph":[{"@type":"Article","@id":"https:\/\/www.copealcoy.es\/es\/ciudadanos-defiende-mayor-contratacion-de-personas-con-diversidad-funcional\/#article","isPartOf":{"@id":"https:\/\/www.copealcoy.es\/es\/ciudadanos-defiende-mayor-contratacion-de-personas-con-diversidad-funcional\/"},"author":{"name":"Cope Alcoy","@id":"https:\/\/www.copealcoy.es\/es\/#\/schema\/person\/e777c87fa024e57d40170af9df39882c"},"headline":"Ciudadanos defiende mayor contrataci\u00f3n de personas con diversidad funcional","datePublished":"2018-05-30T15:03:01+00:00","dateModified":"2018-05-30T15:05:57+00:00","mainEntityOfPage":{"@id":"https:\/\/www.copealcoy.es\/es\/ciudadanos-defiende-mayor-contratacion-de-personas-con-diversidad-funcional\/"},"wordCount":151,"commentCount":0,"keywords":["Ciudadanos","defiende","diversidad funcional","mayor contrataci\u00f3n","personas"],"articleSection":["Alcoy","Noticias","Pol\u00edtica y Econom\u00eda"],"inLanguage":"es"},{"@type":"WebPage","@id":"https:\/\/www.copealcoy.es\/es\/ciudadanos-defiende-mayor-contratacion-de-personas-con-diversidad-funcional\/","url":"https:\/\/www.copealcoy.es\/es\/ciudadanos-defiende-mayor-contratacion-de-personas-con-diversidad-funcional\/","name":"Ciudadanos defiende mayor contrataci\u00f3n de personas con diversidad funcional - COPE Alcoy","isPartOf":{"@id":"https:\/\/www.copealcoy.es\/es\/#website"},"datePublished":"2018-05-30T15:03:01+00:00","dateModified":"2018-05-30T15:05:57+00:00","author":{"@id":"https:\/\/www.copealcoy.es\/es\/#\/schema\/person\/e777c87fa024e57d40170af9df39882c"},"breadcrumb":{"@id":"https:\/\/www.copealcoy.es\/es\/ciudadanos-defiende-mayor-contratacion-de-personas-con-diversidad-funcional\/#breadcrumb"},"inLanguage":"es","potentialAction":[{"@type":"ReadAction","target":["https:\/\/www.copealcoy.es\/es\/ciudadanos-defiende-mayor-contratacion-de-personas-con-diversidad-funcional\/"]}]},{"@type":"BreadcrumbList","@id":"https:\/\/www.copealcoy.es\/es\/ciudadanos-defiende-mayor-contratacion-de-personas-con-diversidad-funcional\/#breadcrumb","itemListElement":[{"@type":"ListItem","position":1,"name":"Portada","item":"https:\/\/www.copealcoy.es\/es\/"},{"@type":"ListItem","position":2,"name":"Ciudadanos defiende mayor contrataci\u00f3n de personas con diversidad funcional"}]},{"@type":"WebSite","@id":"https:\/\/www.copealcoy.es\/es\/#website","url":"https:\/\/www.copealcoy.es\/es\/","name":"COPE Alcoy","description":"Emisora COPE de radio local con emisi\u00f3n online. Pont de Sant Jordi 8-10 03803 Alcoy","potentialAction":[{"@type":"SearchAction","target":{"@type":"EntryPoint","urlTemplate":"https:\/\/www.copealcoy.es\/es\/?s={search_term_string}"},"query-input":{"@type":"PropertyValueSpecification","valueRequired":true,"valueName":"search_term_string"}}],"inLanguage":"es"},{"@type":"Person","@id":"https:\/\/www.copealcoy.es\/es\/#\/schema\/person\/e777c87fa024e57d40170af9df39882c","name":"Cope Alcoy","image":{"@type":"ImageObject","inLanguage":"es","@id":"https:\/\/secure.gravatar.com\/avatar\/bb65d0283347e303893ba14f0692005417c1e0e690a325a4c5d8bb2b3943ee14?s=96&d=mm&r=g","url":"https:\/\/secure.gravatar.com\/avatar\/bb65d0283347e303893ba14f0692005417c1e0e690a325a4c5d8bb2b3943ee14?s=96&d=mm&r=g","contentUrl":"https:\/\/secure.gravatar.com\/avatar\/bb65d0283347e303893ba14f0692005417c1e0e690a325a4c5d8bb2b3943ee14?s=96&d=mm&r=g","caption":"Cope Alcoy"}}]}},"_links":{"self":[{"href":"https:\/\/www.copealcoy.es\/es\/wp-json\/wp\/v2\/posts\/42621","targetHints":{"allow":["GET"]}}],"collection":[{"href":"https:\/\/www.copealcoy.es\/es\/wp-json\/wp\/v2\/posts"}],"about":[{"href":"https:\/\/www.copealcoy.es\/es\/wp-json\/wp\/v2\/types\/post"}],"author":[{"embeddable":true,"href":"https:\/\/www.copealcoy.es\/es\/wp-json\/wp\/v2\/users\/1"}],"replies":[{"embeddable":true,"href":"https:\/\/www.copealcoy.es\/es\/wp-json\/wp\/v2\/comments?post=42621"}],"version-history":[{"count":0,"href":"https:\/\/www.copealcoy.es\/es\/wp-json\/wp\/v2\/posts\/42621\/revisions"}],"wp:attachment":[{"href":"https:\/\/www.copealcoy.es\/es\/wp-json\/wp\/v2\/media?parent=42621"}],"wp:term":[{"taxonomy":"category","embeddable":true,"href":"https:\/\/www.copealcoy.es\/es\/wp-json\/wp\/v2\/categories?post=42621"},{"taxonomy":"post_tag","embeddable":true,"href":"https:\/\/www.copealcoy.es\/es\/wp-json\/wp\/v2\/tags?post=42621"}],"curies":[{"name":"wp","href":"https:\/\/api.w.org\/{rel}","templated":true}]}}