{"id":42585,"date":"2018-05-29T14:23:46","date_gmt":"2018-05-29T14:23:46","guid":{"rendered":"http:\/\/copealcoi.es\/new\/?p=42585"},"modified":"2018-05-29T14:33:27","modified_gmt":"2018-05-29T14:33:27","slug":"cocentaina-de-tapes-entra-en-la-recta-final","status":"publish","type":"post","link":"https:\/\/www.copealcoy.es\/es\/cocentaina-de-tapes-entra-en-la-recta-final\/","title":{"rendered":"Cocentaina de Tapes entra en la recta final"},"content":{"rendered":"<p style=\"text-align: justify;\">Las <strong>Jornadas Gastron\u00f3micas Fira de Tots Sants de Cocentaina<\/strong> llegan a su fin este pr\u00f3ximo fin de semanas tras <strong>un intenso mes de mayo<\/strong> repleto de actividad en el que el municipio<strong> ha puesto en valor los atractivos<\/strong> que identifican a su gastronom\u00eda.<\/p>\n<p style=\"text-align: justify;\">El Certamen culminar\u00e1 con <strong>la \u00faltima ruta del Quinto y Tapa<\/strong> que en este caso discurrir\u00e1 por <strong>los establecimientos hosteleros<\/strong> que participan en estas jornadas y que se encuentran ubicados en la parte media de la poblaci\u00f3n. Adem\u00e1s <strong>el s\u00e1bado 2 de junio<\/strong>, como fin de fiesta, habr\u00e1<strong> una ruta nocturna<\/strong> por los pubs locales y <strong>un concierto de &#8216;Trevor Murrell Tr\u00edo&#8217;<\/strong> a partir de las once de la noche. Hay que destacar que siguen en marcha <strong>los concursos para premiar las mejores fotograf\u00edas<\/strong> que se compartan en las redes sociales durante las Jornadas Gastron\u00f3micas <strong>mediante el hastag #CocentainaDeTapes<\/strong>. En esta ocasi\u00f3n hay un <strong>primer premio de 220 euros<\/strong> para la mejor instant\u00e1nea, <strong>un segundo de 160<\/strong>, <strong>un tercero de 120<\/strong> y <strong>un \u00faltimo de 100<\/strong> para la imagen en la que aparezca tambi\u00e9n <strong>el vino<\/strong>. Asimismo <strong>se han previsto 3.000 euros en premios <\/strong>a repartir entre los que <strong>completen todas las rutas<\/strong> y entren en <strong>los diferentes sorteos<\/strong> que se han programado.<\/p>\n<p style=\"text-align: justify;\">Recordar que las <strong>Jornadas Gastron\u00f3micas Fira de Tots Sants de Ccentaina<\/strong> han alcanzado en 2018 su decimotercera edici\u00f3n y las mismas han hecho <strong>un gui\u00f1o a su origen<\/strong> con la recuperaci\u00f3n de los men\u00fas de mediod\u00eda en muchos de los bares y restaurantes participantes. El evento, que cuenta con una gran aceptaci\u00f3n en la Villa Condal, <strong>est\u00e1 organizado<\/strong> por el Ayuntamiento a trav\u00e9s de la concejal\u00eda de Fira y la Asociaci\u00f3n de Comercio El Comtat as\u00ed como la colaboraci\u00f3n del Patronato de Turismo Costa Blanca junto a varias firmas de alimentaci\u00f3n y refrescos.<\/p>\n","protected":false},"excerpt":{"rendered":"<p>Las Jornadas Gastron\u00f3micas Fira de Tots Sants de Cocentaina llegan a su fin este pr\u00f3ximo fin de semanas tras un&#8230;<\/p>\n","protected":false},"author":1,"featured_media":42586,"comment_status":"open","ping_status":"open","sticky":false,"template":"","format":"standard","meta":{"footnotes":""},"categories":[98,75],"tags":[132,5445,2248],"class_list":["post-42585","post","type-post","status-publish","format-standard","has-post-thumbnail","hentry","category-comarcas","category-noticias","tag-cocentaina","tag-recta-final","tag-tapes"],"yoast_head":"<!-- This site is optimized with the Yoast SEO plugin v27.3 - https:\/\/yoast.com\/product\/yoast-seo-wordpress\/ -->\n<title>Cocentaina de Tapes entra en la recta final - COPE Alcoy<\/title>\n<meta name=\"robots\" content=\"index, follow, max-snippet:-1, max-image-preview:large, max-video-preview:-1\" \/>\n<link rel=\"canonical\" href=\"https:\/\/www.copealcoy.es\/es\/cocentaina-de-tapes-entra-en-la-recta-final\/\" \/>\n<meta property=\"og:locale\" content=\"es_ES\" \/>\n<meta property=\"og:type\" content=\"article\" \/>\n<meta property=\"og:title\" content=\"Cocentaina de Tapes entra en la recta final - COPE Alcoy\" \/>\n<meta property=\"og:description\" content=\"Las Jornadas Gastron\u00f3micas Fira de Tots Sants de Cocentaina llegan a su fin este pr\u00f3ximo fin de semanas tras un...\" \/>\n<meta property=\"og:url\" content=\"https:\/\/www.copealcoy.es\/es\/cocentaina-de-tapes-entra-en-la-recta-final\/\" \/>\n<meta property=\"og:site_name\" content=\"COPE Alcoy\" \/>\n<meta property=\"article:published_time\" content=\"2018-05-29T14:23:46+00:00\" \/>\n<meta property=\"article:modified_time\" content=\"2018-05-29T14:33:27+00:00\" \/>\n<meta property=\"og:image\" content=\"https:\/\/www.copealcoy.es\/wp-content\/uploads\/2018\/05\/16-Los-establecimientos-participantes-ofrecen-una-amplia-variedad-de-tapas-Foto-Cocentaina-de-Tapes-e1527603801257.jpg\" \/>\n\t<meta property=\"og:image:width\" content=\"960\" \/>\n\t<meta property=\"og:image:height\" content=\"573\" \/>\n\t<meta property=\"og:image:type\" content=\"image\/jpeg\" \/>\n<meta name=\"author\" content=\"Cope Alcoy\" \/>\n<meta name=\"twitter:label1\" content=\"Escrito por\" \/>\n\t<meta name=\"twitter:data1\" content=\"Cope Alcoy\" \/>\n\t<meta name=\"twitter:label2\" content=\"Tiempo de lectura\" \/>\n\t<meta name=\"twitter:data2\" content=\"2 minutos\" \/>\n<script type=\"application\/ld+json\" class=\"yoast-schema-graph\">{\"@context\":\"https:\\\/\\\/schema.org\",\"@graph\":[{\"@type\":\"Article\",\"@id\":\"https:\\\/\\\/www.copealcoy.es\\\/es\\\/cocentaina-de-tapes-entra-en-la-recta-final\\\/#article\",\"isPartOf\":{\"@id\":\"https:\\\/\\\/www.copealcoy.es\\\/es\\\/cocentaina-de-tapes-entra-en-la-recta-final\\\/\"},\"author\":{\"name\":\"Cope Alcoy\",\"@id\":\"https:\\\/\\\/www.copealcoy.es\\\/es\\\/#\\\/schema\\\/person\\\/e777c87fa024e57d40170af9df39882c\"},\"headline\":\"Cocentaina de Tapes entra en la recta final\",\"datePublished\":\"2018-05-29T14:23:46+00:00\",\"dateModified\":\"2018-05-29T14:33:27+00:00\",\"mainEntityOfPage\":{\"@id\":\"https:\\\/\\\/www.copealcoy.es\\\/es\\\/cocentaina-de-tapes-entra-en-la-recta-final\\\/\"},\"wordCount\":324,\"commentCount\":0,\"image\":{\"@id\":\"https:\\\/\\\/www.copealcoy.es\\\/es\\\/cocentaina-de-tapes-entra-en-la-recta-final\\\/#primaryimage\"},\"thumbnailUrl\":\"https:\\\/\\\/www.copealcoy.es\\\/wp-content\\\/uploads\\\/2018\\\/05\\\/16-Los-establecimientos-participantes-ofrecen-una-amplia-variedad-de-tapas-Foto-Cocentaina-de-Tapes-e1527603801257.jpg\",\"keywords\":[\"Cocentaina\",\"recta final\",\"Tapes\"],\"articleSection\":[\"Comarcas\",\"Noticias\"],\"inLanguage\":\"es\"},{\"@type\":\"WebPage\",\"@id\":\"https:\\\/\\\/www.copealcoy.es\\\/es\\\/cocentaina-de-tapes-entra-en-la-recta-final\\\/\",\"url\":\"https:\\\/\\\/www.copealcoy.es\\\/es\\\/cocentaina-de-tapes-entra-en-la-recta-final\\\/\",\"name\":\"Cocentaina de Tapes entra en la recta final - COPE Alcoy\",\"isPartOf\":{\"@id\":\"https:\\\/\\\/www.copealcoy.es\\\/es\\\/#website\"},\"primaryImageOfPage\":{\"@id\":\"https:\\\/\\\/www.copealcoy.es\\\/es\\\/cocentaina-de-tapes-entra-en-la-recta-final\\\/#primaryimage\"},\"image\":{\"@id\":\"https:\\\/\\\/www.copealcoy.es\\\/es\\\/cocentaina-de-tapes-entra-en-la-recta-final\\\/#primaryimage\"},\"thumbnailUrl\":\"https:\\\/\\\/www.copealcoy.es\\\/wp-content\\\/uploads\\\/2018\\\/05\\\/16-Los-establecimientos-participantes-ofrecen-una-amplia-variedad-de-tapas-Foto-Cocentaina-de-Tapes-e1527603801257.jpg\",\"datePublished\":\"2018-05-29T14:23:46+00:00\",\"dateModified\":\"2018-05-29T14:33:27+00:00\",\"author\":{\"@id\":\"https:\\\/\\\/www.copealcoy.es\\\/es\\\/#\\\/schema\\\/person\\\/e777c87fa024e57d40170af9df39882c\"},\"breadcrumb\":{\"@id\":\"https:\\\/\\\/www.copealcoy.es\\\/es\\\/cocentaina-de-tapes-entra-en-la-recta-final\\\/#breadcrumb\"},\"inLanguage\":\"es\",\"potentialAction\":[{\"@type\":\"ReadAction\",\"target\":[\"https:\\\/\\\/www.copealcoy.es\\\/es\\\/cocentaina-de-tapes-entra-en-la-recta-final\\\/\"]}]},{\"@type\":\"ImageObject\",\"inLanguage\":\"es\",\"@id\":\"https:\\\/\\\/www.copealcoy.es\\\/es\\\/cocentaina-de-tapes-entra-en-la-recta-final\\\/#primaryimage\",\"url\":\"https:\\\/\\\/www.copealcoy.es\\\/wp-content\\\/uploads\\\/2018\\\/05\\\/16-Los-establecimientos-participantes-ofrecen-una-amplia-variedad-de-tapas-Foto-Cocentaina-de-Tapes-e1527603801257.jpg\",\"contentUrl\":\"https:\\\/\\\/www.copealcoy.es\\\/wp-content\\\/uploads\\\/2018\\\/05\\\/16-Los-establecimientos-participantes-ofrecen-una-amplia-variedad-de-tapas-Foto-Cocentaina-de-Tapes-e1527603801257.jpg\",\"width\":960,\"height\":573,\"caption\":\"Los establecimientos participantes ofrecen una amplia variedad de tapas \\\/ Foto Cocentaina de Tapes\"},{\"@type\":\"BreadcrumbList\",\"@id\":\"https:\\\/\\\/www.copealcoy.es\\\/es\\\/cocentaina-de-tapes-entra-en-la-recta-final\\\/#breadcrumb\",\"itemListElement\":[{\"@type\":\"ListItem\",\"position\":1,\"name\":\"Portada\",\"item\":\"https:\\\/\\\/www.copealcoy.es\\\/es\\\/\"},{\"@type\":\"ListItem\",\"position\":2,\"name\":\"Cocentaina de Tapes entra en la recta final\"}]},{\"@type\":\"WebSite\",\"@id\":\"https:\\\/\\\/www.copealcoy.es\\\/es\\\/#website\",\"url\":\"https:\\\/\\\/www.copealcoy.es\\\/es\\\/\",\"name\":\"COPE Alcoy\",\"description\":\"Emisora COPE de radio local con emisi\u00f3n online. Pont de Sant Jordi 8-10 03803 Alcoy\",\"potentialAction\":[{\"@type\":\"SearchAction\",\"target\":{\"@type\":\"EntryPoint\",\"urlTemplate\":\"https:\\\/\\\/www.copealcoy.es\\\/es\\\/?s={search_term_string}\"},\"query-input\":{\"@type\":\"PropertyValueSpecification\",\"valueRequired\":true,\"valueName\":\"search_term_string\"}}],\"inLanguage\":\"es\"},{\"@type\":\"Person\",\"@id\":\"https:\\\/\\\/www.copealcoy.es\\\/es\\\/#\\\/schema\\\/person\\\/e777c87fa024e57d40170af9df39882c\",\"name\":\"Cope Alcoy\",\"image\":{\"@type\":\"ImageObject\",\"inLanguage\":\"es\",\"@id\":\"https:\\\/\\\/secure.gravatar.com\\\/avatar\\\/bb65d0283347e303893ba14f0692005417c1e0e690a325a4c5d8bb2b3943ee14?s=96&d=mm&r=g\",\"url\":\"https:\\\/\\\/secure.gravatar.com\\\/avatar\\\/bb65d0283347e303893ba14f0692005417c1e0e690a325a4c5d8bb2b3943ee14?s=96&d=mm&r=g\",\"contentUrl\":\"https:\\\/\\\/secure.gravatar.com\\\/avatar\\\/bb65d0283347e303893ba14f0692005417c1e0e690a325a4c5d8bb2b3943ee14?s=96&d=mm&r=g\",\"caption\":\"Cope Alcoy\"}}]}<\/script>\n<!-- \/ Yoast SEO plugin. -->","yoast_head_json":{"title":"Cocentaina de Tapes entra en la recta final - COPE Alcoy","robots":{"index":"index","follow":"follow","max-snippet":"max-snippet:-1","max-image-preview":"max-image-preview:large","max-video-preview":"max-video-preview:-1"},"canonical":"https:\/\/www.copealcoy.es\/es\/cocentaina-de-tapes-entra-en-la-recta-final\/","og_locale":"es_ES","og_type":"article","og_title":"Cocentaina de Tapes entra en la recta final - COPE Alcoy","og_description":"Las Jornadas Gastron\u00f3micas Fira de Tots Sants de Cocentaina llegan a su fin este pr\u00f3ximo fin de semanas tras un...","og_url":"https:\/\/www.copealcoy.es\/es\/cocentaina-de-tapes-entra-en-la-recta-final\/","og_site_name":"COPE Alcoy","article_published_time":"2018-05-29T14:23:46+00:00","article_modified_time":"2018-05-29T14:33:27+00:00","og_image":[{"width":960,"height":573,"url":"https:\/\/www.copealcoy.es\/wp-content\/uploads\/2018\/05\/16-Los-establecimientos-participantes-ofrecen-una-amplia-variedad-de-tapas-Foto-Cocentaina-de-Tapes-e1527603801257.jpg","type":"image\/jpeg"}],"author":"Cope Alcoy","twitter_misc":{"Escrito por":"Cope Alcoy","Tiempo de lectura":"2 minutos"},"schema":{"@context":"https:\/\/schema.org","@graph":[{"@type":"Article","@id":"https:\/\/www.copealcoy.es\/es\/cocentaina-de-tapes-entra-en-la-recta-final\/#article","isPartOf":{"@id":"https:\/\/www.copealcoy.es\/es\/cocentaina-de-tapes-entra-en-la-recta-final\/"},"author":{"name":"Cope Alcoy","@id":"https:\/\/www.copealcoy.es\/es\/#\/schema\/person\/e777c87fa024e57d40170af9df39882c"},"headline":"Cocentaina de Tapes entra en la recta final","datePublished":"2018-05-29T14:23:46+00:00","dateModified":"2018-05-29T14:33:27+00:00","mainEntityOfPage":{"@id":"https:\/\/www.copealcoy.es\/es\/cocentaina-de-tapes-entra-en-la-recta-final\/"},"wordCount":324,"commentCount":0,"image":{"@id":"https:\/\/www.copealcoy.es\/es\/cocentaina-de-tapes-entra-en-la-recta-final\/#primaryimage"},"thumbnailUrl":"https:\/\/www.copealcoy.es\/wp-content\/uploads\/2018\/05\/16-Los-establecimientos-participantes-ofrecen-una-amplia-variedad-de-tapas-Foto-Cocentaina-de-Tapes-e1527603801257.jpg","keywords":["Cocentaina","recta final","Tapes"],"articleSection":["Comarcas","Noticias"],"inLanguage":"es"},{"@type":"WebPage","@id":"https:\/\/www.copealcoy.es\/es\/cocentaina-de-tapes-entra-en-la-recta-final\/","url":"https:\/\/www.copealcoy.es\/es\/cocentaina-de-tapes-entra-en-la-recta-final\/","name":"Cocentaina de Tapes entra en la recta final - COPE Alcoy","isPartOf":{"@id":"https:\/\/www.copealcoy.es\/es\/#website"},"primaryImageOfPage":{"@id":"https:\/\/www.copealcoy.es\/es\/cocentaina-de-tapes-entra-en-la-recta-final\/#primaryimage"},"image":{"@id":"https:\/\/www.copealcoy.es\/es\/cocentaina-de-tapes-entra-en-la-recta-final\/#primaryimage"},"thumbnailUrl":"https:\/\/www.copealcoy.es\/wp-content\/uploads\/2018\/05\/16-Los-establecimientos-participantes-ofrecen-una-amplia-variedad-de-tapas-Foto-Cocentaina-de-Tapes-e1527603801257.jpg","datePublished":"2018-05-29T14:23:46+00:00","dateModified":"2018-05-29T14:33:27+00:00","author":{"@id":"https:\/\/www.copealcoy.es\/es\/#\/schema\/person\/e777c87fa024e57d40170af9df39882c"},"breadcrumb":{"@id":"https:\/\/www.copealcoy.es\/es\/cocentaina-de-tapes-entra-en-la-recta-final\/#breadcrumb"},"inLanguage":"es","potentialAction":[{"@type":"ReadAction","target":["https:\/\/www.copealcoy.es\/es\/cocentaina-de-tapes-entra-en-la-recta-final\/"]}]},{"@type":"ImageObject","inLanguage":"es","@id":"https:\/\/www.copealcoy.es\/es\/cocentaina-de-tapes-entra-en-la-recta-final\/#primaryimage","url":"https:\/\/www.copealcoy.es\/wp-content\/uploads\/2018\/05\/16-Los-establecimientos-participantes-ofrecen-una-amplia-variedad-de-tapas-Foto-Cocentaina-de-Tapes-e1527603801257.jpg","contentUrl":"https:\/\/www.copealcoy.es\/wp-content\/uploads\/2018\/05\/16-Los-establecimientos-participantes-ofrecen-una-amplia-variedad-de-tapas-Foto-Cocentaina-de-Tapes-e1527603801257.jpg","width":960,"height":573,"caption":"Los establecimientos participantes ofrecen una amplia variedad de tapas \/ Foto Cocentaina de Tapes"},{"@type":"BreadcrumbList","@id":"https:\/\/www.copealcoy.es\/es\/cocentaina-de-tapes-entra-en-la-recta-final\/#breadcrumb","itemListElement":[{"@type":"ListItem","position":1,"name":"Portada","item":"https:\/\/www.copealcoy.es\/es\/"},{"@type":"ListItem","position":2,"name":"Cocentaina de Tapes entra en la recta final"}]},{"@type":"WebSite","@id":"https:\/\/www.copealcoy.es\/es\/#website","url":"https:\/\/www.copealcoy.es\/es\/","name":"COPE Alcoy","description":"Emisora COPE de radio local con emisi\u00f3n online. Pont de Sant Jordi 8-10 03803 Alcoy","potentialAction":[{"@type":"SearchAction","target":{"@type":"EntryPoint","urlTemplate":"https:\/\/www.copealcoy.es\/es\/?s={search_term_string}"},"query-input":{"@type":"PropertyValueSpecification","valueRequired":true,"valueName":"search_term_string"}}],"inLanguage":"es"},{"@type":"Person","@id":"https:\/\/www.copealcoy.es\/es\/#\/schema\/person\/e777c87fa024e57d40170af9df39882c","name":"Cope Alcoy","image":{"@type":"ImageObject","inLanguage":"es","@id":"https:\/\/secure.gravatar.com\/avatar\/bb65d0283347e303893ba14f0692005417c1e0e690a325a4c5d8bb2b3943ee14?s=96&d=mm&r=g","url":"https:\/\/secure.gravatar.com\/avatar\/bb65d0283347e303893ba14f0692005417c1e0e690a325a4c5d8bb2b3943ee14?s=96&d=mm&r=g","contentUrl":"https:\/\/secure.gravatar.com\/avatar\/bb65d0283347e303893ba14f0692005417c1e0e690a325a4c5d8bb2b3943ee14?s=96&d=mm&r=g","caption":"Cope Alcoy"}}]}},"_links":{"self":[{"href":"https:\/\/www.copealcoy.es\/es\/wp-json\/wp\/v2\/posts\/42585","targetHints":{"allow":["GET"]}}],"collection":[{"href":"https:\/\/www.copealcoy.es\/es\/wp-json\/wp\/v2\/posts"}],"about":[{"href":"https:\/\/www.copealcoy.es\/es\/wp-json\/wp\/v2\/types\/post"}],"author":[{"embeddable":true,"href":"https:\/\/www.copealcoy.es\/es\/wp-json\/wp\/v2\/users\/1"}],"replies":[{"embeddable":true,"href":"https:\/\/www.copealcoy.es\/es\/wp-json\/wp\/v2\/comments?post=42585"}],"version-history":[{"count":0,"href":"https:\/\/www.copealcoy.es\/es\/wp-json\/wp\/v2\/posts\/42585\/revisions"}],"wp:featuredmedia":[{"embeddable":true,"href":"https:\/\/www.copealcoy.es\/es\/wp-json\/wp\/v2\/media\/42586"}],"wp:attachment":[{"href":"https:\/\/www.copealcoy.es\/es\/wp-json\/wp\/v2\/media?parent=42585"}],"wp:term":[{"taxonomy":"category","embeddable":true,"href":"https:\/\/www.copealcoy.es\/es\/wp-json\/wp\/v2\/categories?post=42585"},{"taxonomy":"post_tag","embeddable":true,"href":"https:\/\/www.copealcoy.es\/es\/wp-json\/wp\/v2\/tags?post=42585"}],"curies":[{"name":"wp","href":"https:\/\/api.w.org\/{rel}","templated":true}]}}