{"id":42580,"date":"2018-05-29T14:15:57","date_gmt":"2018-05-29T14:15:57","guid":{"rendered":"http:\/\/copealcoi.es\/new\/?p=42580"},"modified":"2018-05-29T14:21:15","modified_gmt":"2018-05-29T14:21:15","slug":"paso-hacia-adelante-para-hacer-realidad-rodes-y-la-nueva-sede-de-aitex","status":"publish","type":"post","link":"https:\/\/www.copealcoy.es\/es\/paso-hacia-adelante-para-hacer-realidad-rodes-y-la-nueva-sede-de-aitex\/","title":{"rendered":"Paso hacia adelante para hacer realidad Rodes y la nueva sede de AITEX"},"content":{"rendered":"<p style=\"text-align: justify;\">El <strong>pleno del Ayuntamiento de Alcoy<\/strong> aprob\u00f3 ayer por la tarde las <strong>modificaciones del Plan General de Ordenaci\u00f3n Urbana (PGOU)<\/strong> de la ciudad que permitir\u00e1n llevar a cabo <strong>los proyectos<\/strong>\u00a0para transformar el antiguo inmueble de la Fundici\u00f3n Rodes en un <strong>parque tecnol\u00f3gico urbano y cultural<\/strong>. Esta tramitaci\u00f3n tambi\u00e9n facilitar\u00e1 el proceso para ubicar en el barrio de Batoy <strong>la nueva sede del Instituto Tecnol\u00f3gico del Textil (AITEX)<\/strong>, un inmueble que tendr\u00e1 unos 18.000 metros cuadrados edificados.<\/p>\n<p style=\"text-align: justify;\">En lo que respecta a <strong>Rodes<\/strong> la modificaci\u00f3n se ha centrado en <strong>catalogar el suelo de la manzana como espacio dotacional funcional<\/strong>. Por su parte en el proyecto de la nueva sede de<strong> AITEX<\/strong> se ha reconvertido el suelo de la parcela que acoger\u00e1 las instalaciones para que <strong>pase de ser residencial a terciario<\/strong>. De esta forma <strong>se podr\u00e1 hacer realidad una intervenci\u00f3n<\/strong> que permitir\u00e1 reubicar en un solo edificio toda la actividad del Instituto del Textil que ahora <strong>se reparte por cinco ubicaciones<\/strong> diferentes.<\/p>\n<p style=\"text-align: justify;\">El alcalde de Alcoy, <strong>Antonio Franc\u00e9s<\/strong>, valoraba positivamente en COPE ALCOY ambos proyectos e incid\u00eda en <strong>su importancia para la econom\u00eda de la ciudad<\/strong> &#8220;<em>son dos iniciativas importantes y estrat\u00e9gicas\u00a0que nos permiten pensar en futuro y seguir siendo una de las \u00e1reas industriales m\u00e1s importantes de Espa\u00f1a. Hay que recordar que, seg\u00fan el INE, \u00a0la ocupaci\u00f3n en este sector tiene un gran peso<\/em>&#8220;, afirma.<\/p>\n<p style=\"text-align: justify;\">Apuntar que los dos proyectos supondr\u00e1n una inversi\u00f3n en Alcoy, inminente, que <strong>ser\u00e1 superior<\/strong> a los quince millones de euros.<\/p>\n","protected":false},"excerpt":{"rendered":"<p>El pleno del Ayuntamiento de Alcoy aprob\u00f3 ayer por la tarde las modificaciones del Plan General de Ordenaci\u00f3n Urbana (PGOU)&#8230;<\/p>\n","protected":false},"author":1,"featured_media":23182,"comment_status":"open","ping_status":"open","sticky":false,"template":"","format":"standard","meta":{"footnotes":""},"categories":[97,75,125],"tags":[771,1494,5223,5710,803],"class_list":["post-42580","post","type-post","status-publish","format-standard","has-post-thumbnail","hentry","category-alcoy","category-noticias","category-portada","tag-aitex","tag-alcoy","tag-nueva-sede","tag-paso-hacia-adelante","tag-rodes"],"yoast_head":"<!-- This site is optimized with the Yoast SEO plugin v27.3 - https:\/\/yoast.com\/product\/yoast-seo-wordpress\/ -->\n<title>Paso hacia adelante para hacer realidad Rodes y la nueva sede de AITEX - COPE Alcoy<\/title>\n<meta name=\"robots\" content=\"index, follow, max-snippet:-1, max-image-preview:large, max-video-preview:-1\" \/>\n<link rel=\"canonical\" href=\"https:\/\/www.copealcoy.es\/es\/paso-hacia-adelante-para-hacer-realidad-rodes-y-la-nueva-sede-de-aitex\/\" \/>\n<meta property=\"og:locale\" content=\"es_ES\" \/>\n<meta property=\"og:type\" content=\"article\" \/>\n<meta property=\"og:title\" content=\"Paso hacia adelante para hacer realidad Rodes y la nueva sede de AITEX - COPE Alcoy\" \/>\n<meta property=\"og:description\" content=\"El pleno del Ayuntamiento de Alcoy aprob\u00f3 ayer por la tarde las modificaciones del Plan General de Ordenaci\u00f3n Urbana (PGOU)...\" \/>\n<meta property=\"og:url\" content=\"https:\/\/www.copealcoy.es\/es\/paso-hacia-adelante-para-hacer-realidad-rodes-y-la-nueva-sede-de-aitex\/\" \/>\n<meta property=\"og:site_name\" content=\"COPE Alcoy\" \/>\n<meta property=\"article:published_time\" content=\"2018-05-29T14:15:57+00:00\" \/>\n<meta property=\"article:modified_time\" content=\"2018-05-29T14:21:15+00:00\" \/>\n<meta property=\"og:image\" content=\"https:\/\/www.copealcoy.es\/wp-content\/uploads\/2016\/06\/ea94dc685df49050120a9929af835ef6.jpg\" \/>\n\t<meta property=\"og:image:width\" content=\"640\" \/>\n\t<meta property=\"og:image:height\" content=\"357\" \/>\n\t<meta property=\"og:image:type\" content=\"image\/jpeg\" \/>\n<meta name=\"author\" content=\"Cope Alcoy\" \/>\n<meta name=\"twitter:label1\" content=\"Escrito por\" \/>\n\t<meta name=\"twitter:data1\" content=\"Cope Alcoy\" \/>\n\t<meta name=\"twitter:label2\" content=\"Tiempo de lectura\" \/>\n\t<meta name=\"twitter:data2\" content=\"1 minuto\" \/>\n<script type=\"application\/ld+json\" class=\"yoast-schema-graph\">{\"@context\":\"https:\\\/\\\/schema.org\",\"@graph\":[{\"@type\":\"Article\",\"@id\":\"https:\\\/\\\/www.copealcoy.es\\\/es\\\/paso-hacia-adelante-para-hacer-realidad-rodes-y-la-nueva-sede-de-aitex\\\/#article\",\"isPartOf\":{\"@id\":\"https:\\\/\\\/www.copealcoy.es\\\/es\\\/paso-hacia-adelante-para-hacer-realidad-rodes-y-la-nueva-sede-de-aitex\\\/\"},\"author\":{\"name\":\"Cope Alcoy\",\"@id\":\"https:\\\/\\\/www.copealcoy.es\\\/es\\\/#\\\/schema\\\/person\\\/e777c87fa024e57d40170af9df39882c\"},\"headline\":\"Paso hacia adelante para hacer realidad Rodes y la nueva sede de AITEX\",\"datePublished\":\"2018-05-29T14:15:57+00:00\",\"dateModified\":\"2018-05-29T14:21:15+00:00\",\"mainEntityOfPage\":{\"@id\":\"https:\\\/\\\/www.copealcoy.es\\\/es\\\/paso-hacia-adelante-para-hacer-realidad-rodes-y-la-nueva-sede-de-aitex\\\/\"},\"wordCount\":278,\"commentCount\":0,\"image\":{\"@id\":\"https:\\\/\\\/www.copealcoy.es\\\/es\\\/paso-hacia-adelante-para-hacer-realidad-rodes-y-la-nueva-sede-de-aitex\\\/#primaryimage\"},\"thumbnailUrl\":\"https:\\\/\\\/www.copealcoy.es\\\/wp-content\\\/uploads\\\/2016\\\/06\\\/ea94dc685df49050120a9929af835ef6.jpg\",\"keywords\":[\"Aitex\",\"Alcoy\",\"nueva sede\",\"paso hacia adelante\",\"Rodes\"],\"articleSection\":[\"Alcoy\",\"Noticias\",\"Portada\"],\"inLanguage\":\"es\"},{\"@type\":\"WebPage\",\"@id\":\"https:\\\/\\\/www.copealcoy.es\\\/es\\\/paso-hacia-adelante-para-hacer-realidad-rodes-y-la-nueva-sede-de-aitex\\\/\",\"url\":\"https:\\\/\\\/www.copealcoy.es\\\/es\\\/paso-hacia-adelante-para-hacer-realidad-rodes-y-la-nueva-sede-de-aitex\\\/\",\"name\":\"Paso hacia adelante para hacer realidad Rodes y la nueva sede de AITEX - COPE Alcoy\",\"isPartOf\":{\"@id\":\"https:\\\/\\\/www.copealcoy.es\\\/es\\\/#website\"},\"primaryImageOfPage\":{\"@id\":\"https:\\\/\\\/www.copealcoy.es\\\/es\\\/paso-hacia-adelante-para-hacer-realidad-rodes-y-la-nueva-sede-de-aitex\\\/#primaryimage\"},\"image\":{\"@id\":\"https:\\\/\\\/www.copealcoy.es\\\/es\\\/paso-hacia-adelante-para-hacer-realidad-rodes-y-la-nueva-sede-de-aitex\\\/#primaryimage\"},\"thumbnailUrl\":\"https:\\\/\\\/www.copealcoy.es\\\/wp-content\\\/uploads\\\/2016\\\/06\\\/ea94dc685df49050120a9929af835ef6.jpg\",\"datePublished\":\"2018-05-29T14:15:57+00:00\",\"dateModified\":\"2018-05-29T14:21:15+00:00\",\"author\":{\"@id\":\"https:\\\/\\\/www.copealcoy.es\\\/es\\\/#\\\/schema\\\/person\\\/e777c87fa024e57d40170af9df39882c\"},\"breadcrumb\":{\"@id\":\"https:\\\/\\\/www.copealcoy.es\\\/es\\\/paso-hacia-adelante-para-hacer-realidad-rodes-y-la-nueva-sede-de-aitex\\\/#breadcrumb\"},\"inLanguage\":\"es\",\"potentialAction\":[{\"@type\":\"ReadAction\",\"target\":[\"https:\\\/\\\/www.copealcoy.es\\\/es\\\/paso-hacia-adelante-para-hacer-realidad-rodes-y-la-nueva-sede-de-aitex\\\/\"]}]},{\"@type\":\"ImageObject\",\"inLanguage\":\"es\",\"@id\":\"https:\\\/\\\/www.copealcoy.es\\\/es\\\/paso-hacia-adelante-para-hacer-realidad-rodes-y-la-nueva-sede-de-aitex\\\/#primaryimage\",\"url\":\"https:\\\/\\\/www.copealcoy.es\\\/wp-content\\\/uploads\\\/2016\\\/06\\\/ea94dc685df49050120a9929af835ef6.jpg\",\"contentUrl\":\"https:\\\/\\\/www.copealcoy.es\\\/wp-content\\\/uploads\\\/2016\\\/06\\\/ea94dc685df49050120a9929af835ef6.jpg\",\"width\":640,\"height\":357,\"caption\":\"Detalle de la maqueta del proyecto de Rodes \\\/Foto: Ayuntamiento de Alcoy\"},{\"@type\":\"BreadcrumbList\",\"@id\":\"https:\\\/\\\/www.copealcoy.es\\\/es\\\/paso-hacia-adelante-para-hacer-realidad-rodes-y-la-nueva-sede-de-aitex\\\/#breadcrumb\",\"itemListElement\":[{\"@type\":\"ListItem\",\"position\":1,\"name\":\"Portada\",\"item\":\"https:\\\/\\\/www.copealcoy.es\\\/es\\\/\"},{\"@type\":\"ListItem\",\"position\":2,\"name\":\"Paso hacia adelante para hacer realidad Rodes y la nueva sede de AITEX\"}]},{\"@type\":\"WebSite\",\"@id\":\"https:\\\/\\\/www.copealcoy.es\\\/es\\\/#website\",\"url\":\"https:\\\/\\\/www.copealcoy.es\\\/es\\\/\",\"name\":\"COPE Alcoy\",\"description\":\"Emisora COPE de radio local con emisi\u00f3n online. Pont de Sant Jordi 8-10 03803 Alcoy\",\"potentialAction\":[{\"@type\":\"SearchAction\",\"target\":{\"@type\":\"EntryPoint\",\"urlTemplate\":\"https:\\\/\\\/www.copealcoy.es\\\/es\\\/?s={search_term_string}\"},\"query-input\":{\"@type\":\"PropertyValueSpecification\",\"valueRequired\":true,\"valueName\":\"search_term_string\"}}],\"inLanguage\":\"es\"},{\"@type\":\"Person\",\"@id\":\"https:\\\/\\\/www.copealcoy.es\\\/es\\\/#\\\/schema\\\/person\\\/e777c87fa024e57d40170af9df39882c\",\"name\":\"Cope Alcoy\",\"image\":{\"@type\":\"ImageObject\",\"inLanguage\":\"es\",\"@id\":\"https:\\\/\\\/secure.gravatar.com\\\/avatar\\\/bb65d0283347e303893ba14f0692005417c1e0e690a325a4c5d8bb2b3943ee14?s=96&d=mm&r=g\",\"url\":\"https:\\\/\\\/secure.gravatar.com\\\/avatar\\\/bb65d0283347e303893ba14f0692005417c1e0e690a325a4c5d8bb2b3943ee14?s=96&d=mm&r=g\",\"contentUrl\":\"https:\\\/\\\/secure.gravatar.com\\\/avatar\\\/bb65d0283347e303893ba14f0692005417c1e0e690a325a4c5d8bb2b3943ee14?s=96&d=mm&r=g\",\"caption\":\"Cope Alcoy\"}}]}<\/script>\n<!-- \/ Yoast SEO plugin. -->","yoast_head_json":{"title":"Paso hacia adelante para hacer realidad Rodes y la nueva sede de AITEX - COPE Alcoy","robots":{"index":"index","follow":"follow","max-snippet":"max-snippet:-1","max-image-preview":"max-image-preview:large","max-video-preview":"max-video-preview:-1"},"canonical":"https:\/\/www.copealcoy.es\/es\/paso-hacia-adelante-para-hacer-realidad-rodes-y-la-nueva-sede-de-aitex\/","og_locale":"es_ES","og_type":"article","og_title":"Paso hacia adelante para hacer realidad Rodes y la nueva sede de AITEX - COPE Alcoy","og_description":"El pleno del Ayuntamiento de Alcoy aprob\u00f3 ayer por la tarde las modificaciones del Plan General de Ordenaci\u00f3n Urbana (PGOU)...","og_url":"https:\/\/www.copealcoy.es\/es\/paso-hacia-adelante-para-hacer-realidad-rodes-y-la-nueva-sede-de-aitex\/","og_site_name":"COPE Alcoy","article_published_time":"2018-05-29T14:15:57+00:00","article_modified_time":"2018-05-29T14:21:15+00:00","og_image":[{"width":640,"height":357,"url":"https:\/\/www.copealcoy.es\/wp-content\/uploads\/2016\/06\/ea94dc685df49050120a9929af835ef6.jpg","type":"image\/jpeg"}],"author":"Cope Alcoy","twitter_misc":{"Escrito por":"Cope Alcoy","Tiempo de lectura":"1 minuto"},"schema":{"@context":"https:\/\/schema.org","@graph":[{"@type":"Article","@id":"https:\/\/www.copealcoy.es\/es\/paso-hacia-adelante-para-hacer-realidad-rodes-y-la-nueva-sede-de-aitex\/#article","isPartOf":{"@id":"https:\/\/www.copealcoy.es\/es\/paso-hacia-adelante-para-hacer-realidad-rodes-y-la-nueva-sede-de-aitex\/"},"author":{"name":"Cope Alcoy","@id":"https:\/\/www.copealcoy.es\/es\/#\/schema\/person\/e777c87fa024e57d40170af9df39882c"},"headline":"Paso hacia adelante para hacer realidad Rodes y la nueva sede de AITEX","datePublished":"2018-05-29T14:15:57+00:00","dateModified":"2018-05-29T14:21:15+00:00","mainEntityOfPage":{"@id":"https:\/\/www.copealcoy.es\/es\/paso-hacia-adelante-para-hacer-realidad-rodes-y-la-nueva-sede-de-aitex\/"},"wordCount":278,"commentCount":0,"image":{"@id":"https:\/\/www.copealcoy.es\/es\/paso-hacia-adelante-para-hacer-realidad-rodes-y-la-nueva-sede-de-aitex\/#primaryimage"},"thumbnailUrl":"https:\/\/www.copealcoy.es\/wp-content\/uploads\/2016\/06\/ea94dc685df49050120a9929af835ef6.jpg","keywords":["Aitex","Alcoy","nueva sede","paso hacia adelante","Rodes"],"articleSection":["Alcoy","Noticias","Portada"],"inLanguage":"es"},{"@type":"WebPage","@id":"https:\/\/www.copealcoy.es\/es\/paso-hacia-adelante-para-hacer-realidad-rodes-y-la-nueva-sede-de-aitex\/","url":"https:\/\/www.copealcoy.es\/es\/paso-hacia-adelante-para-hacer-realidad-rodes-y-la-nueva-sede-de-aitex\/","name":"Paso hacia adelante para hacer realidad Rodes y la nueva sede de AITEX - COPE Alcoy","isPartOf":{"@id":"https:\/\/www.copealcoy.es\/es\/#website"},"primaryImageOfPage":{"@id":"https:\/\/www.copealcoy.es\/es\/paso-hacia-adelante-para-hacer-realidad-rodes-y-la-nueva-sede-de-aitex\/#primaryimage"},"image":{"@id":"https:\/\/www.copealcoy.es\/es\/paso-hacia-adelante-para-hacer-realidad-rodes-y-la-nueva-sede-de-aitex\/#primaryimage"},"thumbnailUrl":"https:\/\/www.copealcoy.es\/wp-content\/uploads\/2016\/06\/ea94dc685df49050120a9929af835ef6.jpg","datePublished":"2018-05-29T14:15:57+00:00","dateModified":"2018-05-29T14:21:15+00:00","author":{"@id":"https:\/\/www.copealcoy.es\/es\/#\/schema\/person\/e777c87fa024e57d40170af9df39882c"},"breadcrumb":{"@id":"https:\/\/www.copealcoy.es\/es\/paso-hacia-adelante-para-hacer-realidad-rodes-y-la-nueva-sede-de-aitex\/#breadcrumb"},"inLanguage":"es","potentialAction":[{"@type":"ReadAction","target":["https:\/\/www.copealcoy.es\/es\/paso-hacia-adelante-para-hacer-realidad-rodes-y-la-nueva-sede-de-aitex\/"]}]},{"@type":"ImageObject","inLanguage":"es","@id":"https:\/\/www.copealcoy.es\/es\/paso-hacia-adelante-para-hacer-realidad-rodes-y-la-nueva-sede-de-aitex\/#primaryimage","url":"https:\/\/www.copealcoy.es\/wp-content\/uploads\/2016\/06\/ea94dc685df49050120a9929af835ef6.jpg","contentUrl":"https:\/\/www.copealcoy.es\/wp-content\/uploads\/2016\/06\/ea94dc685df49050120a9929af835ef6.jpg","width":640,"height":357,"caption":"Detalle de la maqueta del proyecto de Rodes \/Foto: Ayuntamiento de Alcoy"},{"@type":"BreadcrumbList","@id":"https:\/\/www.copealcoy.es\/es\/paso-hacia-adelante-para-hacer-realidad-rodes-y-la-nueva-sede-de-aitex\/#breadcrumb","itemListElement":[{"@type":"ListItem","position":1,"name":"Portada","item":"https:\/\/www.copealcoy.es\/es\/"},{"@type":"ListItem","position":2,"name":"Paso hacia adelante para hacer realidad Rodes y la nueva sede de AITEX"}]},{"@type":"WebSite","@id":"https:\/\/www.copealcoy.es\/es\/#website","url":"https:\/\/www.copealcoy.es\/es\/","name":"COPE Alcoy","description":"Emisora COPE de radio local con emisi\u00f3n online. Pont de Sant Jordi 8-10 03803 Alcoy","potentialAction":[{"@type":"SearchAction","target":{"@type":"EntryPoint","urlTemplate":"https:\/\/www.copealcoy.es\/es\/?s={search_term_string}"},"query-input":{"@type":"PropertyValueSpecification","valueRequired":true,"valueName":"search_term_string"}}],"inLanguage":"es"},{"@type":"Person","@id":"https:\/\/www.copealcoy.es\/es\/#\/schema\/person\/e777c87fa024e57d40170af9df39882c","name":"Cope Alcoy","image":{"@type":"ImageObject","inLanguage":"es","@id":"https:\/\/secure.gravatar.com\/avatar\/bb65d0283347e303893ba14f0692005417c1e0e690a325a4c5d8bb2b3943ee14?s=96&d=mm&r=g","url":"https:\/\/secure.gravatar.com\/avatar\/bb65d0283347e303893ba14f0692005417c1e0e690a325a4c5d8bb2b3943ee14?s=96&d=mm&r=g","contentUrl":"https:\/\/secure.gravatar.com\/avatar\/bb65d0283347e303893ba14f0692005417c1e0e690a325a4c5d8bb2b3943ee14?s=96&d=mm&r=g","caption":"Cope Alcoy"}}]}},"_links":{"self":[{"href":"https:\/\/www.copealcoy.es\/es\/wp-json\/wp\/v2\/posts\/42580","targetHints":{"allow":["GET"]}}],"collection":[{"href":"https:\/\/www.copealcoy.es\/es\/wp-json\/wp\/v2\/posts"}],"about":[{"href":"https:\/\/www.copealcoy.es\/es\/wp-json\/wp\/v2\/types\/post"}],"author":[{"embeddable":true,"href":"https:\/\/www.copealcoy.es\/es\/wp-json\/wp\/v2\/users\/1"}],"replies":[{"embeddable":true,"href":"https:\/\/www.copealcoy.es\/es\/wp-json\/wp\/v2\/comments?post=42580"}],"version-history":[{"count":0,"href":"https:\/\/www.copealcoy.es\/es\/wp-json\/wp\/v2\/posts\/42580\/revisions"}],"wp:featuredmedia":[{"embeddable":true,"href":"https:\/\/www.copealcoy.es\/es\/wp-json\/wp\/v2\/media\/23182"}],"wp:attachment":[{"href":"https:\/\/www.copealcoy.es\/es\/wp-json\/wp\/v2\/media?parent=42580"}],"wp:term":[{"taxonomy":"category","embeddable":true,"href":"https:\/\/www.copealcoy.es\/es\/wp-json\/wp\/v2\/categories?post=42580"},{"taxonomy":"post_tag","embeddable":true,"href":"https:\/\/www.copealcoy.es\/es\/wp-json\/wp\/v2\/tags?post=42580"}],"curies":[{"name":"wp","href":"https:\/\/api.w.org\/{rel}","templated":true}]}}