{"id":42565,"date":"2018-05-28T15:56:22","date_gmt":"2018-05-28T15:56:22","guid":{"rendered":"http:\/\/copealcoi.es\/new\/?p=42565"},"modified":"2018-05-28T16:08:42","modified_gmt":"2018-05-28T16:08:42","slug":"alcoy-lanza-una-ruta-turistica-sobre-camilo-sesto","status":"publish","type":"post","link":"https:\/\/www.copealcoy.es\/es\/alcoy-lanza-una-ruta-turistica-sobre-camilo-sesto\/","title":{"rendered":"Alcoy lanza una ruta tur\u00edstica sobre Camilo Sesto"},"content":{"rendered":"<p style=\"text-align: justify;\">Alcoy ha creado <strong>una ruta tur\u00edstica<\/strong>, con car\u00e1cter urbano, en la que <strong>la figura del internacional cantante Camilo Sesto<\/strong> es la aut\u00e9ntica protagonista. La iniciativa, que hacen posible el Ayuntamiento y el Club de Fans del artista, busca convertirse en <strong>un nuevo referente tur\u00edstico de la ciudad<\/strong> &#8220;<em>es algo que hac\u00eda falta porque hasta ahora muchos turistas ven\u00edan hasta Alcoy, preguntaban por Camilo Sesto y apenas ten\u00edan nada a su alcance<\/em>&#8220;, asegura el responsable del colectivo; <strong>Gilberto Molina<\/strong>.<\/p>\n<p style=\"text-align: justify;\">El itinerario de la ruta <strong>discurre<\/strong> por <strong>la casa<\/strong> en la que naci\u00f3 Camilo Blanes, <strong>la vivienda<\/strong> en la que residi\u00f3 antes de dar el salto a la fama,\u00a0<strong>la Fil\u00e0 Jud\u00edos<\/strong> a la que perteneci\u00f3, el colegio Salesianos en el que curs\u00f3 sus primeros estudios, <strong>el parque de la Glorieta<\/strong> en el que realiz\u00f3 distintas ocasiones y <strong>la sede<\/strong> de su Club de Fans ubicado en la calle La Cordeta, 19 . Seg\u00fan han explicado los concejales de Cultura y Turismo, <strong>Ra\u00fcl Llopis y Lorena Zamorano<\/strong>, el Ayuntamiento ha editado <strong>unos folletos informativos<\/strong> sobre la ruta que est\u00e1n disponibles en la Tourist Info y a trav\u00e9s de la web \u00a0de la misma. En estos documentos <strong>se encuentra toda la informaci\u00f3n<\/strong> sobre este proyecto.<\/p>\n<p style=\"text-align: justify;\">Recordar que Camilo Sesto, que celebr\u00f3 su setenta aniversario en 2016, <strong><span style=\"color: #0000ff;\"><a style=\"color: #0000ff;\" href=\"https:\/\/www.copealcoy.es\/alcoy-se-entrega-camilo-sesto\/\">fue nombrado<\/a><\/span><\/strong> en noviembre del mismo a\u00f1o <strong>Hijo Predilecto de Alcoy<\/strong> al mismo tiempo que recibi\u00f3<strong> la Medalla de Oro<\/strong> de la ciudad.<\/p>\n<p>https:\/\/www.youtube.com\/watch?v=_gkoBUMBELs<\/p>\n","protected":false},"excerpt":{"rendered":"<p>Alcoy ha creado una ruta tur\u00edstica, con car\u00e1cter urbano, en la que la figura del internacional cantante Camilo Sesto es&#8230;<\/p>\n","protected":false},"author":1,"featured_media":42566,"comment_status":"open","ping_status":"open","sticky":false,"template":"","format":"standard","meta":{"footnotes":""},"categories":[97,78,75],"tags":[1494,2559,5707],"class_list":["post-42565","post","type-post","status-publish","format-standard","has-post-thumbnail","hentry","category-alcoy","category-fiestaycultura","category-noticias","tag-alcoy","tag-camilo-sesto","tag-ruta-turistica"],"yoast_head":"<!-- This site is optimized with the Yoast SEO plugin v27.3 - https:\/\/yoast.com\/product\/yoast-seo-wordpress\/ -->\n<title>Alcoy lanza una ruta tur\u00edstica sobre Camilo Sesto - COPE Alcoy<\/title>\n<meta name=\"robots\" content=\"index, follow, max-snippet:-1, max-image-preview:large, max-video-preview:-1\" \/>\n<link rel=\"canonical\" href=\"https:\/\/www.copealcoy.es\/es\/alcoy-lanza-una-ruta-turistica-sobre-camilo-sesto\/\" \/>\n<meta property=\"og:locale\" content=\"es_ES\" \/>\n<meta property=\"og:type\" content=\"article\" \/>\n<meta property=\"og:title\" content=\"Alcoy lanza una ruta tur\u00edstica sobre Camilo Sesto - COPE Alcoy\" \/>\n<meta property=\"og:description\" content=\"Alcoy ha creado una ruta tur\u00edstica, con car\u00e1cter urbano, en la que la figura del internacional cantante Camilo Sesto es...\" \/>\n<meta property=\"og:url\" content=\"https:\/\/www.copealcoy.es\/es\/alcoy-lanza-una-ruta-turistica-sobre-camilo-sesto\/\" \/>\n<meta property=\"og:site_name\" content=\"COPE Alcoy\" \/>\n<meta property=\"article:published_time\" content=\"2018-05-28T15:56:22+00:00\" \/>\n<meta property=\"article:modified_time\" content=\"2018-05-28T16:08:42+00:00\" \/>\n<meta property=\"og:image\" content=\"https:\/\/www.copealcoy.es\/wp-content\/uploads\/2018\/05\/IMG_1777-1024x683.jpg\" \/>\n\t<meta property=\"og:image:width\" content=\"1024\" \/>\n\t<meta property=\"og:image:height\" content=\"683\" \/>\n\t<meta property=\"og:image:type\" content=\"image\/jpeg\" \/>\n<meta name=\"author\" content=\"Cope Alcoy\" \/>\n<meta name=\"twitter:label1\" content=\"Escrito por\" \/>\n\t<meta name=\"twitter:data1\" content=\"Cope Alcoy\" \/>\n\t<meta name=\"twitter:label2\" content=\"Tiempo de lectura\" \/>\n\t<meta name=\"twitter:data2\" content=\"1 minuto\" \/>\n<script type=\"application\/ld+json\" class=\"yoast-schema-graph\">{\"@context\":\"https:\\\/\\\/schema.org\",\"@graph\":[{\"@type\":\"Article\",\"@id\":\"https:\\\/\\\/www.copealcoy.es\\\/es\\\/alcoy-lanza-una-ruta-turistica-sobre-camilo-sesto\\\/#article\",\"isPartOf\":{\"@id\":\"https:\\\/\\\/www.copealcoy.es\\\/es\\\/alcoy-lanza-una-ruta-turistica-sobre-camilo-sesto\\\/\"},\"author\":{\"name\":\"Cope Alcoy\",\"@id\":\"https:\\\/\\\/www.copealcoy.es\\\/es\\\/#\\\/schema\\\/person\\\/e777c87fa024e57d40170af9df39882c\"},\"headline\":\"Alcoy lanza una ruta tur\u00edstica sobre Camilo Sesto\",\"datePublished\":\"2018-05-28T15:56:22+00:00\",\"dateModified\":\"2018-05-28T16:08:42+00:00\",\"mainEntityOfPage\":{\"@id\":\"https:\\\/\\\/www.copealcoy.es\\\/es\\\/alcoy-lanza-una-ruta-turistica-sobre-camilo-sesto\\\/\"},\"wordCount\":263,\"commentCount\":0,\"image\":{\"@id\":\"https:\\\/\\\/www.copealcoy.es\\\/es\\\/alcoy-lanza-una-ruta-turistica-sobre-camilo-sesto\\\/#primaryimage\"},\"thumbnailUrl\":\"https:\\\/\\\/www.copealcoy.es\\\/wp-content\\\/uploads\\\/2018\\\/05\\\/IMG_1777.jpg\",\"keywords\":[\"Alcoy\",\"Camilo Sesto\",\"ruta tur\u00edstica\"],\"articleSection\":[\"Alcoy\",\"Fiesta y Cultura\",\"Noticias\"],\"inLanguage\":\"es\"},{\"@type\":\"WebPage\",\"@id\":\"https:\\\/\\\/www.copealcoy.es\\\/es\\\/alcoy-lanza-una-ruta-turistica-sobre-camilo-sesto\\\/\",\"url\":\"https:\\\/\\\/www.copealcoy.es\\\/es\\\/alcoy-lanza-una-ruta-turistica-sobre-camilo-sesto\\\/\",\"name\":\"Alcoy lanza una ruta tur\u00edstica sobre Camilo Sesto - COPE Alcoy\",\"isPartOf\":{\"@id\":\"https:\\\/\\\/www.copealcoy.es\\\/es\\\/#website\"},\"primaryImageOfPage\":{\"@id\":\"https:\\\/\\\/www.copealcoy.es\\\/es\\\/alcoy-lanza-una-ruta-turistica-sobre-camilo-sesto\\\/#primaryimage\"},\"image\":{\"@id\":\"https:\\\/\\\/www.copealcoy.es\\\/es\\\/alcoy-lanza-una-ruta-turistica-sobre-camilo-sesto\\\/#primaryimage\"},\"thumbnailUrl\":\"https:\\\/\\\/www.copealcoy.es\\\/wp-content\\\/uploads\\\/2018\\\/05\\\/IMG_1777.jpg\",\"datePublished\":\"2018-05-28T15:56:22+00:00\",\"dateModified\":\"2018-05-28T16:08:42+00:00\",\"author\":{\"@id\":\"https:\\\/\\\/www.copealcoy.es\\\/es\\\/#\\\/schema\\\/person\\\/e777c87fa024e57d40170af9df39882c\"},\"breadcrumb\":{\"@id\":\"https:\\\/\\\/www.copealcoy.es\\\/es\\\/alcoy-lanza-una-ruta-turistica-sobre-camilo-sesto\\\/#breadcrumb\"},\"inLanguage\":\"es\",\"potentialAction\":[{\"@type\":\"ReadAction\",\"target\":[\"https:\\\/\\\/www.copealcoy.es\\\/es\\\/alcoy-lanza-una-ruta-turistica-sobre-camilo-sesto\\\/\"]}]},{\"@type\":\"ImageObject\",\"inLanguage\":\"es\",\"@id\":\"https:\\\/\\\/www.copealcoy.es\\\/es\\\/alcoy-lanza-una-ruta-turistica-sobre-camilo-sesto\\\/#primaryimage\",\"url\":\"https:\\\/\\\/www.copealcoy.es\\\/wp-content\\\/uploads\\\/2018\\\/05\\\/IMG_1777.jpg\",\"contentUrl\":\"https:\\\/\\\/www.copealcoy.es\\\/wp-content\\\/uploads\\\/2018\\\/05\\\/IMG_1777.jpg\",\"width\":4272,\"height\":2848},{\"@type\":\"BreadcrumbList\",\"@id\":\"https:\\\/\\\/www.copealcoy.es\\\/es\\\/alcoy-lanza-una-ruta-turistica-sobre-camilo-sesto\\\/#breadcrumb\",\"itemListElement\":[{\"@type\":\"ListItem\",\"position\":1,\"name\":\"Portada\",\"item\":\"https:\\\/\\\/www.copealcoy.es\\\/es\\\/\"},{\"@type\":\"ListItem\",\"position\":2,\"name\":\"Alcoy lanza una ruta tur\u00edstica sobre Camilo Sesto\"}]},{\"@type\":\"WebSite\",\"@id\":\"https:\\\/\\\/www.copealcoy.es\\\/es\\\/#website\",\"url\":\"https:\\\/\\\/www.copealcoy.es\\\/es\\\/\",\"name\":\"COPE Alcoy\",\"description\":\"Emisora COPE de radio local con emisi\u00f3n online. Pont de Sant Jordi 8-10 03803 Alcoy\",\"potentialAction\":[{\"@type\":\"SearchAction\",\"target\":{\"@type\":\"EntryPoint\",\"urlTemplate\":\"https:\\\/\\\/www.copealcoy.es\\\/es\\\/?s={search_term_string}\"},\"query-input\":{\"@type\":\"PropertyValueSpecification\",\"valueRequired\":true,\"valueName\":\"search_term_string\"}}],\"inLanguage\":\"es\"},{\"@type\":\"Person\",\"@id\":\"https:\\\/\\\/www.copealcoy.es\\\/es\\\/#\\\/schema\\\/person\\\/e777c87fa024e57d40170af9df39882c\",\"name\":\"Cope Alcoy\",\"image\":{\"@type\":\"ImageObject\",\"inLanguage\":\"es\",\"@id\":\"https:\\\/\\\/secure.gravatar.com\\\/avatar\\\/bb65d0283347e303893ba14f0692005417c1e0e690a325a4c5d8bb2b3943ee14?s=96&d=mm&r=g\",\"url\":\"https:\\\/\\\/secure.gravatar.com\\\/avatar\\\/bb65d0283347e303893ba14f0692005417c1e0e690a325a4c5d8bb2b3943ee14?s=96&d=mm&r=g\",\"contentUrl\":\"https:\\\/\\\/secure.gravatar.com\\\/avatar\\\/bb65d0283347e303893ba14f0692005417c1e0e690a325a4c5d8bb2b3943ee14?s=96&d=mm&r=g\",\"caption\":\"Cope Alcoy\"}}]}<\/script>\n<!-- \/ Yoast SEO plugin. -->","yoast_head_json":{"title":"Alcoy lanza una ruta tur\u00edstica sobre Camilo Sesto - COPE Alcoy","robots":{"index":"index","follow":"follow","max-snippet":"max-snippet:-1","max-image-preview":"max-image-preview:large","max-video-preview":"max-video-preview:-1"},"canonical":"https:\/\/www.copealcoy.es\/es\/alcoy-lanza-una-ruta-turistica-sobre-camilo-sesto\/","og_locale":"es_ES","og_type":"article","og_title":"Alcoy lanza una ruta tur\u00edstica sobre Camilo Sesto - COPE Alcoy","og_description":"Alcoy ha creado una ruta tur\u00edstica, con car\u00e1cter urbano, en la que la figura del internacional cantante Camilo Sesto es...","og_url":"https:\/\/www.copealcoy.es\/es\/alcoy-lanza-una-ruta-turistica-sobre-camilo-sesto\/","og_site_name":"COPE Alcoy","article_published_time":"2018-05-28T15:56:22+00:00","article_modified_time":"2018-05-28T16:08:42+00:00","og_image":[{"width":1024,"height":683,"url":"https:\/\/www.copealcoy.es\/wp-content\/uploads\/2018\/05\/IMG_1777-1024x683.jpg","type":"image\/jpeg"}],"author":"Cope Alcoy","twitter_misc":{"Escrito por":"Cope Alcoy","Tiempo de lectura":"1 minuto"},"schema":{"@context":"https:\/\/schema.org","@graph":[{"@type":"Article","@id":"https:\/\/www.copealcoy.es\/es\/alcoy-lanza-una-ruta-turistica-sobre-camilo-sesto\/#article","isPartOf":{"@id":"https:\/\/www.copealcoy.es\/es\/alcoy-lanza-una-ruta-turistica-sobre-camilo-sesto\/"},"author":{"name":"Cope Alcoy","@id":"https:\/\/www.copealcoy.es\/es\/#\/schema\/person\/e777c87fa024e57d40170af9df39882c"},"headline":"Alcoy lanza una ruta tur\u00edstica sobre Camilo Sesto","datePublished":"2018-05-28T15:56:22+00:00","dateModified":"2018-05-28T16:08:42+00:00","mainEntityOfPage":{"@id":"https:\/\/www.copealcoy.es\/es\/alcoy-lanza-una-ruta-turistica-sobre-camilo-sesto\/"},"wordCount":263,"commentCount":0,"image":{"@id":"https:\/\/www.copealcoy.es\/es\/alcoy-lanza-una-ruta-turistica-sobre-camilo-sesto\/#primaryimage"},"thumbnailUrl":"https:\/\/www.copealcoy.es\/wp-content\/uploads\/2018\/05\/IMG_1777.jpg","keywords":["Alcoy","Camilo Sesto","ruta tur\u00edstica"],"articleSection":["Alcoy","Fiesta y Cultura","Noticias"],"inLanguage":"es"},{"@type":"WebPage","@id":"https:\/\/www.copealcoy.es\/es\/alcoy-lanza-una-ruta-turistica-sobre-camilo-sesto\/","url":"https:\/\/www.copealcoy.es\/es\/alcoy-lanza-una-ruta-turistica-sobre-camilo-sesto\/","name":"Alcoy lanza una ruta tur\u00edstica sobre Camilo Sesto - COPE Alcoy","isPartOf":{"@id":"https:\/\/www.copealcoy.es\/es\/#website"},"primaryImageOfPage":{"@id":"https:\/\/www.copealcoy.es\/es\/alcoy-lanza-una-ruta-turistica-sobre-camilo-sesto\/#primaryimage"},"image":{"@id":"https:\/\/www.copealcoy.es\/es\/alcoy-lanza-una-ruta-turistica-sobre-camilo-sesto\/#primaryimage"},"thumbnailUrl":"https:\/\/www.copealcoy.es\/wp-content\/uploads\/2018\/05\/IMG_1777.jpg","datePublished":"2018-05-28T15:56:22+00:00","dateModified":"2018-05-28T16:08:42+00:00","author":{"@id":"https:\/\/www.copealcoy.es\/es\/#\/schema\/person\/e777c87fa024e57d40170af9df39882c"},"breadcrumb":{"@id":"https:\/\/www.copealcoy.es\/es\/alcoy-lanza-una-ruta-turistica-sobre-camilo-sesto\/#breadcrumb"},"inLanguage":"es","potentialAction":[{"@type":"ReadAction","target":["https:\/\/www.copealcoy.es\/es\/alcoy-lanza-una-ruta-turistica-sobre-camilo-sesto\/"]}]},{"@type":"ImageObject","inLanguage":"es","@id":"https:\/\/www.copealcoy.es\/es\/alcoy-lanza-una-ruta-turistica-sobre-camilo-sesto\/#primaryimage","url":"https:\/\/www.copealcoy.es\/wp-content\/uploads\/2018\/05\/IMG_1777.jpg","contentUrl":"https:\/\/www.copealcoy.es\/wp-content\/uploads\/2018\/05\/IMG_1777.jpg","width":4272,"height":2848},{"@type":"BreadcrumbList","@id":"https:\/\/www.copealcoy.es\/es\/alcoy-lanza-una-ruta-turistica-sobre-camilo-sesto\/#breadcrumb","itemListElement":[{"@type":"ListItem","position":1,"name":"Portada","item":"https:\/\/www.copealcoy.es\/es\/"},{"@type":"ListItem","position":2,"name":"Alcoy lanza una ruta tur\u00edstica sobre Camilo Sesto"}]},{"@type":"WebSite","@id":"https:\/\/www.copealcoy.es\/es\/#website","url":"https:\/\/www.copealcoy.es\/es\/","name":"COPE Alcoy","description":"Emisora COPE de radio local con emisi\u00f3n online. Pont de Sant Jordi 8-10 03803 Alcoy","potentialAction":[{"@type":"SearchAction","target":{"@type":"EntryPoint","urlTemplate":"https:\/\/www.copealcoy.es\/es\/?s={search_term_string}"},"query-input":{"@type":"PropertyValueSpecification","valueRequired":true,"valueName":"search_term_string"}}],"inLanguage":"es"},{"@type":"Person","@id":"https:\/\/www.copealcoy.es\/es\/#\/schema\/person\/e777c87fa024e57d40170af9df39882c","name":"Cope Alcoy","image":{"@type":"ImageObject","inLanguage":"es","@id":"https:\/\/secure.gravatar.com\/avatar\/bb65d0283347e303893ba14f0692005417c1e0e690a325a4c5d8bb2b3943ee14?s=96&d=mm&r=g","url":"https:\/\/secure.gravatar.com\/avatar\/bb65d0283347e303893ba14f0692005417c1e0e690a325a4c5d8bb2b3943ee14?s=96&d=mm&r=g","contentUrl":"https:\/\/secure.gravatar.com\/avatar\/bb65d0283347e303893ba14f0692005417c1e0e690a325a4c5d8bb2b3943ee14?s=96&d=mm&r=g","caption":"Cope Alcoy"}}]}},"_links":{"self":[{"href":"https:\/\/www.copealcoy.es\/es\/wp-json\/wp\/v2\/posts\/42565","targetHints":{"allow":["GET"]}}],"collection":[{"href":"https:\/\/www.copealcoy.es\/es\/wp-json\/wp\/v2\/posts"}],"about":[{"href":"https:\/\/www.copealcoy.es\/es\/wp-json\/wp\/v2\/types\/post"}],"author":[{"embeddable":true,"href":"https:\/\/www.copealcoy.es\/es\/wp-json\/wp\/v2\/users\/1"}],"replies":[{"embeddable":true,"href":"https:\/\/www.copealcoy.es\/es\/wp-json\/wp\/v2\/comments?post=42565"}],"version-history":[{"count":0,"href":"https:\/\/www.copealcoy.es\/es\/wp-json\/wp\/v2\/posts\/42565\/revisions"}],"wp:featuredmedia":[{"embeddable":true,"href":"https:\/\/www.copealcoy.es\/es\/wp-json\/wp\/v2\/media\/42566"}],"wp:attachment":[{"href":"https:\/\/www.copealcoy.es\/es\/wp-json\/wp\/v2\/media?parent=42565"}],"wp:term":[{"taxonomy":"category","embeddable":true,"href":"https:\/\/www.copealcoy.es\/es\/wp-json\/wp\/v2\/categories?post=42565"},{"taxonomy":"post_tag","embeddable":true,"href":"https:\/\/www.copealcoy.es\/es\/wp-json\/wp\/v2\/tags?post=42565"}],"curies":[{"name":"wp","href":"https:\/\/api.w.org\/{rel}","templated":true}]}}