{"id":42475,"date":"2018-05-25T15:16:37","date_gmt":"2018-05-25T15:16:37","guid":{"rendered":"http:\/\/copealcoi.es\/new\/?p=42475"},"modified":"2018-05-25T15:21:22","modified_gmt":"2018-05-25T15:21:22","slug":"el-pp-asegura-que-el-ayuntamiento-pagara-finalmente-la-publicidad-del-adn-canino","status":"publish","type":"post","link":"https:\/\/www.copealcoy.es\/es\/el-pp-asegura-que-el-ayuntamiento-pagara-finalmente-la-publicidad-del-adn-canino\/","title":{"rendered":"El PP asegura que el Ayuntamiento pagar\u00e1 finalmente la publicidad del ADN canino"},"content":{"rendered":"<p style=\"text-align: justify;\">El <strong>Partido Popular<\/strong> ha informado que el <strong>Ayuntamiento de Alcoy<\/strong> ser\u00e1 el que <strong>asuma finalmente las facturas<\/strong> de la<strong> campa\u00f1a de publicidad<\/strong> del censo canino que se realiz\u00f3 meses atr\u00e1s en la ciudad.<\/p>\n<p style=\"text-align: justify;\">Los populares explican que los socialistas <strong>dijeron primero<\/strong> que\u00a0las facturas de radio de la campa\u00f1a de radio del censo canino <strong>iban a ser abonadas por el laboratorio de Sevilla<\/strong> que realizar\u00eda las pruebas del ADN y que no ten\u00eda ning\u00fan contrato con el Consistorio. Posteriormente, detallan, se dijo que las mismas facturas <strong>ser\u00edan pagadas por la empresa que ha suministrado el software de gesti\u00f3n<\/strong> de la base de datos del ADN del censo canino. Por \u00faltimo, indican, <strong>ser\u00e1 el mismo Ayuntamiento quien abone las facturas<\/strong> seis meses despu\u00e9s de realizarse el servicio a pesar de, denuncian,\u00a0 no tenerlas debido a la confusi\u00f3n que ha ocasionado a los proveedores esta situaci\u00f3n. Por \u00faltimo el PP local dice que la misma ocasionar\u00e1 que <strong>los medios de comunicaci\u00f3n locales<\/strong>, en los que se hizo esta campa\u00f1a publicitaria del censo canino, <strong>tarden muchos meses en cobrar sus facturas<\/strong> &#8220;<em>desde el Partido Popular hemos denunciado esta situaci\u00f3n de manera continuada, una situaci\u00f3n que consideramos totalmente irregular. La concejal Lorena Zamorano nos dijo que las facturas iba a pagarlas la empresa proveedora del software, pero la realidad es que el nombre de la empresa que iba a pagar las facturas no se ha podido conseguir desde el gobierno socialista, lo que claramente indica que algo ocultan<\/em>&#8220;, afirma el edil popular; <strong>Nacho Palmer<\/strong>.<\/p>\n<p style=\"text-align: justify;\">Finalmente desde el PP <strong>piden responsabilidades<\/strong> por estos hechos &#8220;<em>l<\/em><span lang=\"ES\"><em>o que est\u00e1 claro es que las indicaciones sobre a qui\u00e9n ten\u00edan que facturar los medios de comunicaci\u00f3n, se dieron desde el gobierno socialista. Es por ello que solicitamos al Alcalde Toni Franc\u00e9s que depure responsabilidades ante esta situaci\u00f3n, que desde el Partido Popular\u00a0 describimos como un aut\u00e9ntico desprop\u00f3sito<\/em>&#8220;; concluye Palmer.\u00a0<\/span><\/p>\n","protected":false},"excerpt":{"rendered":"<p>El Partido Popular ha informado que el Ayuntamiento de Alcoy ser\u00e1 el que asuma finalmente las facturas de la campa\u00f1a&#8230;<\/p>\n","protected":false},"author":1,"featured_media":37548,"comment_status":"open","ping_status":"open","sticky":false,"template":"","format":"standard","meta":{"footnotes":""},"categories":[97,75,79],"tags":[5245,229,5692,227,5693],"class_list":["post-42475","post","type-post","status-publish","format-standard","has-post-thumbnail","hentry","category-alcoy","category-noticias","category-politicayeconomia","tag-adn-canino","tag-ayuntamiento","tag-pagara","tag-pp","tag-publicidad"],"yoast_head":"<!-- This site is optimized with the Yoast SEO plugin v27.3 - https:\/\/yoast.com\/product\/yoast-seo-wordpress\/ -->\n<title>El PP asegura que el Ayuntamiento pagar\u00e1 finalmente la publicidad del ADN canino - COPE Alcoy<\/title>\n<meta name=\"robots\" content=\"index, follow, max-snippet:-1, max-image-preview:large, max-video-preview:-1\" \/>\n<link rel=\"canonical\" href=\"https:\/\/www.copealcoy.es\/es\/el-pp-asegura-que-el-ayuntamiento-pagara-finalmente-la-publicidad-del-adn-canino\/\" \/>\n<meta property=\"og:locale\" content=\"es_ES\" \/>\n<meta property=\"og:type\" content=\"article\" \/>\n<meta property=\"og:title\" content=\"El PP asegura que el Ayuntamiento pagar\u00e1 finalmente la publicidad del ADN canino - COPE Alcoy\" \/>\n<meta property=\"og:description\" content=\"El Partido Popular ha informado que el Ayuntamiento de Alcoy ser\u00e1 el que asuma finalmente las facturas de la campa\u00f1a...\" \/>\n<meta property=\"og:url\" content=\"https:\/\/www.copealcoy.es\/es\/el-pp-asegura-que-el-ayuntamiento-pagara-finalmente-la-publicidad-del-adn-canino\/\" \/>\n<meta property=\"og:site_name\" content=\"COPE Alcoy\" \/>\n<meta property=\"article:published_time\" content=\"2018-05-25T15:16:37+00:00\" \/>\n<meta property=\"article:modified_time\" content=\"2018-05-25T15:21:22+00:00\" \/>\n<meta property=\"og:image\" content=\"https:\/\/www.copealcoy.es\/wp-content\/uploads\/2017\/12\/img_41276-e1513541601105.jpg\" \/>\n\t<meta property=\"og:image:width\" content=\"670\" \/>\n\t<meta property=\"og:image:height\" content=\"343\" \/>\n\t<meta property=\"og:image:type\" content=\"image\/jpeg\" \/>\n<meta name=\"author\" content=\"Cope Alcoy\" \/>\n<meta name=\"twitter:label1\" content=\"Escrito por\" \/>\n\t<meta name=\"twitter:data1\" content=\"Cope Alcoy\" \/>\n\t<meta name=\"twitter:label2\" content=\"Tiempo de lectura\" \/>\n\t<meta name=\"twitter:data2\" content=\"2 minutos\" \/>\n<script type=\"application\/ld+json\" class=\"yoast-schema-graph\">{\"@context\":\"https:\\\/\\\/schema.org\",\"@graph\":[{\"@type\":\"Article\",\"@id\":\"https:\\\/\\\/www.copealcoy.es\\\/es\\\/el-pp-asegura-que-el-ayuntamiento-pagara-finalmente-la-publicidad-del-adn-canino\\\/#article\",\"isPartOf\":{\"@id\":\"https:\\\/\\\/www.copealcoy.es\\\/es\\\/el-pp-asegura-que-el-ayuntamiento-pagara-finalmente-la-publicidad-del-adn-canino\\\/\"},\"author\":{\"name\":\"Cope Alcoy\",\"@id\":\"https:\\\/\\\/www.copealcoy.es\\\/es\\\/#\\\/schema\\\/person\\\/e777c87fa024e57d40170af9df39882c\"},\"headline\":\"El PP asegura que el Ayuntamiento pagar\u00e1 finalmente la publicidad del ADN canino\",\"datePublished\":\"2018-05-25T15:16:37+00:00\",\"dateModified\":\"2018-05-25T15:21:22+00:00\",\"mainEntityOfPage\":{\"@id\":\"https:\\\/\\\/www.copealcoy.es\\\/es\\\/el-pp-asegura-que-el-ayuntamiento-pagara-finalmente-la-publicidad-del-adn-canino\\\/\"},\"wordCount\":346,\"commentCount\":0,\"image\":{\"@id\":\"https:\\\/\\\/www.copealcoy.es\\\/es\\\/el-pp-asegura-que-el-ayuntamiento-pagara-finalmente-la-publicidad-del-adn-canino\\\/#primaryimage\"},\"thumbnailUrl\":\"https:\\\/\\\/www.copealcoy.es\\\/wp-content\\\/uploads\\\/2017\\\/12\\\/img_41276-e1513541601105.jpg\",\"keywords\":[\"ADN canino\",\"Ayuntamiento\",\"pagar\u00e1\",\"PP\",\"publicidad\"],\"articleSection\":[\"Alcoy\",\"Noticias\",\"Pol\u00edtica y Econom\u00eda\"],\"inLanguage\":\"es\"},{\"@type\":\"WebPage\",\"@id\":\"https:\\\/\\\/www.copealcoy.es\\\/es\\\/el-pp-asegura-que-el-ayuntamiento-pagara-finalmente-la-publicidad-del-adn-canino\\\/\",\"url\":\"https:\\\/\\\/www.copealcoy.es\\\/es\\\/el-pp-asegura-que-el-ayuntamiento-pagara-finalmente-la-publicidad-del-adn-canino\\\/\",\"name\":\"El PP asegura que el Ayuntamiento pagar\u00e1 finalmente la publicidad del ADN canino - COPE Alcoy\",\"isPartOf\":{\"@id\":\"https:\\\/\\\/www.copealcoy.es\\\/es\\\/#website\"},\"primaryImageOfPage\":{\"@id\":\"https:\\\/\\\/www.copealcoy.es\\\/es\\\/el-pp-asegura-que-el-ayuntamiento-pagara-finalmente-la-publicidad-del-adn-canino\\\/#primaryimage\"},\"image\":{\"@id\":\"https:\\\/\\\/www.copealcoy.es\\\/es\\\/el-pp-asegura-que-el-ayuntamiento-pagara-finalmente-la-publicidad-del-adn-canino\\\/#primaryimage\"},\"thumbnailUrl\":\"https:\\\/\\\/www.copealcoy.es\\\/wp-content\\\/uploads\\\/2017\\\/12\\\/img_41276-e1513541601105.jpg\",\"datePublished\":\"2018-05-25T15:16:37+00:00\",\"dateModified\":\"2018-05-25T15:21:22+00:00\",\"author\":{\"@id\":\"https:\\\/\\\/www.copealcoy.es\\\/es\\\/#\\\/schema\\\/person\\\/e777c87fa024e57d40170af9df39882c\"},\"breadcrumb\":{\"@id\":\"https:\\\/\\\/www.copealcoy.es\\\/es\\\/el-pp-asegura-que-el-ayuntamiento-pagara-finalmente-la-publicidad-del-adn-canino\\\/#breadcrumb\"},\"inLanguage\":\"es\",\"potentialAction\":[{\"@type\":\"ReadAction\",\"target\":[\"https:\\\/\\\/www.copealcoy.es\\\/es\\\/el-pp-asegura-que-el-ayuntamiento-pagara-finalmente-la-publicidad-del-adn-canino\\\/\"]}]},{\"@type\":\"ImageObject\",\"inLanguage\":\"es\",\"@id\":\"https:\\\/\\\/www.copealcoy.es\\\/es\\\/el-pp-asegura-que-el-ayuntamiento-pagara-finalmente-la-publicidad-del-adn-canino\\\/#primaryimage\",\"url\":\"https:\\\/\\\/www.copealcoy.es\\\/wp-content\\\/uploads\\\/2017\\\/12\\\/img_41276-e1513541601105.jpg\",\"contentUrl\":\"https:\\\/\\\/www.copealcoy.es\\\/wp-content\\\/uploads\\\/2017\\\/12\\\/img_41276-e1513541601105.jpg\",\"width\":670,\"height\":343},{\"@type\":\"BreadcrumbList\",\"@id\":\"https:\\\/\\\/www.copealcoy.es\\\/es\\\/el-pp-asegura-que-el-ayuntamiento-pagara-finalmente-la-publicidad-del-adn-canino\\\/#breadcrumb\",\"itemListElement\":[{\"@type\":\"ListItem\",\"position\":1,\"name\":\"Portada\",\"item\":\"https:\\\/\\\/www.copealcoy.es\\\/es\\\/\"},{\"@type\":\"ListItem\",\"position\":2,\"name\":\"El PP asegura que el Ayuntamiento pagar\u00e1 finalmente la publicidad del ADN canino\"}]},{\"@type\":\"WebSite\",\"@id\":\"https:\\\/\\\/www.copealcoy.es\\\/es\\\/#website\",\"url\":\"https:\\\/\\\/www.copealcoy.es\\\/es\\\/\",\"name\":\"COPE Alcoy\",\"description\":\"Emisora COPE de radio local con emisi\u00f3n online. Pont de Sant Jordi 8-10 03803 Alcoy\",\"potentialAction\":[{\"@type\":\"SearchAction\",\"target\":{\"@type\":\"EntryPoint\",\"urlTemplate\":\"https:\\\/\\\/www.copealcoy.es\\\/es\\\/?s={search_term_string}\"},\"query-input\":{\"@type\":\"PropertyValueSpecification\",\"valueRequired\":true,\"valueName\":\"search_term_string\"}}],\"inLanguage\":\"es\"},{\"@type\":\"Person\",\"@id\":\"https:\\\/\\\/www.copealcoy.es\\\/es\\\/#\\\/schema\\\/person\\\/e777c87fa024e57d40170af9df39882c\",\"name\":\"Cope Alcoy\",\"image\":{\"@type\":\"ImageObject\",\"inLanguage\":\"es\",\"@id\":\"https:\\\/\\\/secure.gravatar.com\\\/avatar\\\/bb65d0283347e303893ba14f0692005417c1e0e690a325a4c5d8bb2b3943ee14?s=96&d=mm&r=g\",\"url\":\"https:\\\/\\\/secure.gravatar.com\\\/avatar\\\/bb65d0283347e303893ba14f0692005417c1e0e690a325a4c5d8bb2b3943ee14?s=96&d=mm&r=g\",\"contentUrl\":\"https:\\\/\\\/secure.gravatar.com\\\/avatar\\\/bb65d0283347e303893ba14f0692005417c1e0e690a325a4c5d8bb2b3943ee14?s=96&d=mm&r=g\",\"caption\":\"Cope Alcoy\"}}]}<\/script>\n<!-- \/ Yoast SEO plugin. -->","yoast_head_json":{"title":"El PP asegura que el Ayuntamiento pagar\u00e1 finalmente la publicidad del ADN canino - COPE Alcoy","robots":{"index":"index","follow":"follow","max-snippet":"max-snippet:-1","max-image-preview":"max-image-preview:large","max-video-preview":"max-video-preview:-1"},"canonical":"https:\/\/www.copealcoy.es\/es\/el-pp-asegura-que-el-ayuntamiento-pagara-finalmente-la-publicidad-del-adn-canino\/","og_locale":"es_ES","og_type":"article","og_title":"El PP asegura que el Ayuntamiento pagar\u00e1 finalmente la publicidad del ADN canino - COPE Alcoy","og_description":"El Partido Popular ha informado que el Ayuntamiento de Alcoy ser\u00e1 el que asuma finalmente las facturas de la campa\u00f1a...","og_url":"https:\/\/www.copealcoy.es\/es\/el-pp-asegura-que-el-ayuntamiento-pagara-finalmente-la-publicidad-del-adn-canino\/","og_site_name":"COPE Alcoy","article_published_time":"2018-05-25T15:16:37+00:00","article_modified_time":"2018-05-25T15:21:22+00:00","og_image":[{"width":670,"height":343,"url":"https:\/\/www.copealcoy.es\/wp-content\/uploads\/2017\/12\/img_41276-e1513541601105.jpg","type":"image\/jpeg"}],"author":"Cope Alcoy","twitter_misc":{"Escrito por":"Cope Alcoy","Tiempo de lectura":"2 minutos"},"schema":{"@context":"https:\/\/schema.org","@graph":[{"@type":"Article","@id":"https:\/\/www.copealcoy.es\/es\/el-pp-asegura-que-el-ayuntamiento-pagara-finalmente-la-publicidad-del-adn-canino\/#article","isPartOf":{"@id":"https:\/\/www.copealcoy.es\/es\/el-pp-asegura-que-el-ayuntamiento-pagara-finalmente-la-publicidad-del-adn-canino\/"},"author":{"name":"Cope Alcoy","@id":"https:\/\/www.copealcoy.es\/es\/#\/schema\/person\/e777c87fa024e57d40170af9df39882c"},"headline":"El PP asegura que el Ayuntamiento pagar\u00e1 finalmente la publicidad del ADN canino","datePublished":"2018-05-25T15:16:37+00:00","dateModified":"2018-05-25T15:21:22+00:00","mainEntityOfPage":{"@id":"https:\/\/www.copealcoy.es\/es\/el-pp-asegura-que-el-ayuntamiento-pagara-finalmente-la-publicidad-del-adn-canino\/"},"wordCount":346,"commentCount":0,"image":{"@id":"https:\/\/www.copealcoy.es\/es\/el-pp-asegura-que-el-ayuntamiento-pagara-finalmente-la-publicidad-del-adn-canino\/#primaryimage"},"thumbnailUrl":"https:\/\/www.copealcoy.es\/wp-content\/uploads\/2017\/12\/img_41276-e1513541601105.jpg","keywords":["ADN canino","Ayuntamiento","pagar\u00e1","PP","publicidad"],"articleSection":["Alcoy","Noticias","Pol\u00edtica y Econom\u00eda"],"inLanguage":"es"},{"@type":"WebPage","@id":"https:\/\/www.copealcoy.es\/es\/el-pp-asegura-que-el-ayuntamiento-pagara-finalmente-la-publicidad-del-adn-canino\/","url":"https:\/\/www.copealcoy.es\/es\/el-pp-asegura-que-el-ayuntamiento-pagara-finalmente-la-publicidad-del-adn-canino\/","name":"El PP asegura que el Ayuntamiento pagar\u00e1 finalmente la publicidad del ADN canino - COPE Alcoy","isPartOf":{"@id":"https:\/\/www.copealcoy.es\/es\/#website"},"primaryImageOfPage":{"@id":"https:\/\/www.copealcoy.es\/es\/el-pp-asegura-que-el-ayuntamiento-pagara-finalmente-la-publicidad-del-adn-canino\/#primaryimage"},"image":{"@id":"https:\/\/www.copealcoy.es\/es\/el-pp-asegura-que-el-ayuntamiento-pagara-finalmente-la-publicidad-del-adn-canino\/#primaryimage"},"thumbnailUrl":"https:\/\/www.copealcoy.es\/wp-content\/uploads\/2017\/12\/img_41276-e1513541601105.jpg","datePublished":"2018-05-25T15:16:37+00:00","dateModified":"2018-05-25T15:21:22+00:00","author":{"@id":"https:\/\/www.copealcoy.es\/es\/#\/schema\/person\/e777c87fa024e57d40170af9df39882c"},"breadcrumb":{"@id":"https:\/\/www.copealcoy.es\/es\/el-pp-asegura-que-el-ayuntamiento-pagara-finalmente-la-publicidad-del-adn-canino\/#breadcrumb"},"inLanguage":"es","potentialAction":[{"@type":"ReadAction","target":["https:\/\/www.copealcoy.es\/es\/el-pp-asegura-que-el-ayuntamiento-pagara-finalmente-la-publicidad-del-adn-canino\/"]}]},{"@type":"ImageObject","inLanguage":"es","@id":"https:\/\/www.copealcoy.es\/es\/el-pp-asegura-que-el-ayuntamiento-pagara-finalmente-la-publicidad-del-adn-canino\/#primaryimage","url":"https:\/\/www.copealcoy.es\/wp-content\/uploads\/2017\/12\/img_41276-e1513541601105.jpg","contentUrl":"https:\/\/www.copealcoy.es\/wp-content\/uploads\/2017\/12\/img_41276-e1513541601105.jpg","width":670,"height":343},{"@type":"BreadcrumbList","@id":"https:\/\/www.copealcoy.es\/es\/el-pp-asegura-que-el-ayuntamiento-pagara-finalmente-la-publicidad-del-adn-canino\/#breadcrumb","itemListElement":[{"@type":"ListItem","position":1,"name":"Portada","item":"https:\/\/www.copealcoy.es\/es\/"},{"@type":"ListItem","position":2,"name":"El PP asegura que el Ayuntamiento pagar\u00e1 finalmente la publicidad del ADN canino"}]},{"@type":"WebSite","@id":"https:\/\/www.copealcoy.es\/es\/#website","url":"https:\/\/www.copealcoy.es\/es\/","name":"COPE Alcoy","description":"Emisora COPE de radio local con emisi\u00f3n online. Pont de Sant Jordi 8-10 03803 Alcoy","potentialAction":[{"@type":"SearchAction","target":{"@type":"EntryPoint","urlTemplate":"https:\/\/www.copealcoy.es\/es\/?s={search_term_string}"},"query-input":{"@type":"PropertyValueSpecification","valueRequired":true,"valueName":"search_term_string"}}],"inLanguage":"es"},{"@type":"Person","@id":"https:\/\/www.copealcoy.es\/es\/#\/schema\/person\/e777c87fa024e57d40170af9df39882c","name":"Cope Alcoy","image":{"@type":"ImageObject","inLanguage":"es","@id":"https:\/\/secure.gravatar.com\/avatar\/bb65d0283347e303893ba14f0692005417c1e0e690a325a4c5d8bb2b3943ee14?s=96&d=mm&r=g","url":"https:\/\/secure.gravatar.com\/avatar\/bb65d0283347e303893ba14f0692005417c1e0e690a325a4c5d8bb2b3943ee14?s=96&d=mm&r=g","contentUrl":"https:\/\/secure.gravatar.com\/avatar\/bb65d0283347e303893ba14f0692005417c1e0e690a325a4c5d8bb2b3943ee14?s=96&d=mm&r=g","caption":"Cope Alcoy"}}]}},"_links":{"self":[{"href":"https:\/\/www.copealcoy.es\/es\/wp-json\/wp\/v2\/posts\/42475","targetHints":{"allow":["GET"]}}],"collection":[{"href":"https:\/\/www.copealcoy.es\/es\/wp-json\/wp\/v2\/posts"}],"about":[{"href":"https:\/\/www.copealcoy.es\/es\/wp-json\/wp\/v2\/types\/post"}],"author":[{"embeddable":true,"href":"https:\/\/www.copealcoy.es\/es\/wp-json\/wp\/v2\/users\/1"}],"replies":[{"embeddable":true,"href":"https:\/\/www.copealcoy.es\/es\/wp-json\/wp\/v2\/comments?post=42475"}],"version-history":[{"count":0,"href":"https:\/\/www.copealcoy.es\/es\/wp-json\/wp\/v2\/posts\/42475\/revisions"}],"wp:featuredmedia":[{"embeddable":true,"href":"https:\/\/www.copealcoy.es\/es\/wp-json\/wp\/v2\/media\/37548"}],"wp:attachment":[{"href":"https:\/\/www.copealcoy.es\/es\/wp-json\/wp\/v2\/media?parent=42475"}],"wp:term":[{"taxonomy":"category","embeddable":true,"href":"https:\/\/www.copealcoy.es\/es\/wp-json\/wp\/v2\/categories?post=42475"},{"taxonomy":"post_tag","embeddable":true,"href":"https:\/\/www.copealcoy.es\/es\/wp-json\/wp\/v2\/tags?post=42475"}],"curies":[{"name":"wp","href":"https:\/\/api.w.org\/{rel}","templated":true}]}}