{"id":42466,"date":"2018-05-24T18:18:02","date_gmt":"2018-05-24T18:18:02","guid":{"rendered":"http:\/\/copealcoi.es\/new\/?p=42466"},"modified":"2018-05-24T18:18:02","modified_gmt":"2018-05-24T18:18:02","slug":"san-hipolito-martir-da-forma-a-una-ruta-urbana-por-las-calles-de-cocentaina","status":"publish","type":"post","link":"https:\/\/www.copealcoy.es\/es\/san-hipolito-martir-da-forma-a-una-ruta-urbana-por-las-calles-de-cocentaina\/","title":{"rendered":"San Hip\u00f3lito M\u00e1rtir da forma a una ruta urbana por las calles de Cocentaina"},"content":{"rendered":"<p style=\"text-align: justify;\">La <strong>Federaci\u00f3n Junta de Fiestas de Moros y Cristianos de Cocentaina<\/strong> organiz\u00f3 el pasado domingo 20 de mayo una <strong>ruta urbana<\/strong> que permiti\u00f3 a los participantes <strong>descubrir numerosos aspectos<\/strong> relacionados con la figura del patr\u00f3n de la localidad, <strong>San Hip\u00f3lito M\u00e1rtir<\/strong>.<\/p>\n<p style=\"text-align: justify;\">La actividad estuvo guiada por el historiador local <strong>David Agull\u00f3 Giner<\/strong> y la misma <strong>parti\u00f3 desde la Casa del Fester<\/strong> pasadas las diez y media de la ma\u00f1ana tras contemplar en su interior el molde que sirvi\u00f3 de base para la creaci\u00f3n del <strong>Monumento dedicado a San Hip\u00f3lito<\/strong> que se alza en la Plaza Alcalde Reig. Posteriormente los asistentes visitaron <strong>la imagen principal del patr\u00f3n<\/strong> que procesiona cada mes de agosto y que se ubica en uno de los laterales de la iglesia de Santa Mar\u00eda. Adem\u00e1s se hizo una parada en <strong>la casa propiedad de Carmen Pascual<\/strong>, situada en la calle Sant Crist\u00f2fol n\u00famero 4, en la que precisamente se conserva <strong>la silueta de escayola<\/strong> que dio lugar a la creaci\u00f3n de esta \u00faltima escultura en los a\u00f1os cuarenta. A continuaci\u00f3n la ruta hizo parada\u00a0 en la <strong>calle \u00c1ngel Custodio<\/strong> para\u00a0 contemplar el <strong>panel cer\u00e1mico<\/strong> dedicado a este \u00faltimo y en que el que est\u00e1 representado <strong>San Hip\u00f3lito junto a la Virgen del Milagro<\/strong>. Seguidamente la particular excursi\u00f3n se dirigi\u00f3 al <strong>barrio de San Hip\u00f3lito<\/strong>, una zona de Cocentaina cuyos vecinos celebran <strong>fiestas de Moros y Cristianos<\/strong> en honor al patr\u00f3n de la Villa Condal cada mes de septiembre desde el a\u00f1o 1975. El siguiente destino fue la mencionada Plaza Alcalde Reig ya que aqu\u00ed se alza desde el a\u00f1o 2000 <strong>el Monumento de San Hip\u00f3lito<\/strong>, obra de <strong>Ana Reig Castell\u00f3<\/strong>, y que fue erigido para conmemorar el IV Centenario de la elecci\u00f3n y proclamaci\u00f3n del santo como patr\u00f3n del municipio.<\/p>\n<p style=\"text-align: justify;\">La <strong>Pla\u00e7a del Mercat<\/strong>, junto al Palau Comtal, fue la pen\u00faltima estaci\u00f3n con el fin de ver el <strong><em>taulellet<\/em> de San Hip\u00f3lito<\/strong> al que todas las Filaes le giran las escuadras durante la Diana. La imagen data de los a\u00f1os cincuenta y sustituye a otra que ya exist\u00eda en este emplazamiento antes de la Guerra Civil. Por \u00faltimo la ruta acab\u00f3 en la <strong>capilla de la comuni\u00f3n de la iglesia del Salvador<\/strong> ante la <strong>imagen peque\u00f1a de San Hip\u00f3lito<\/strong>, propiedad de la Fil\u00e0 Manta Roja y creada por el escultor Agull\u00f3 de Cocentaina, que fue estrenada en el a\u00f1o 1954 y que es trasladada cada a\u00f1o al Monasterio de la Mare de D\u00e9u del Miracle en Fiestas para <strong>presidir el acto de Acci\u00f3n de Gracias<\/strong> junto a la patrona el d\u00eda del Alardo y tras concluir el disparo vespertino.<\/p>\n","protected":false},"excerpt":{"rendered":"<p>La Federaci\u00f3n Junta de Fiestas de Moros y Cristianos de Cocentaina organiz\u00f3 el pasado domingo 20 de mayo una ruta&#8230;<\/p>\n","protected":false},"author":1,"featured_media":42467,"comment_status":"open","ping_status":"open","sticky":false,"template":"","format":"standard","meta":{"footnotes":""},"categories":[98,75],"tags":[132,5689,4488],"class_list":["post-42466","post","type-post","status-publish","format-standard","has-post-thumbnail","hentry","category-comarcas","category-noticias","tag-cocentaina","tag-ruta-urbana","tag-san-hipolito-martir"],"yoast_head":"<!-- This site is optimized with the Yoast SEO plugin v27.3 - https:\/\/yoast.com\/product\/yoast-seo-wordpress\/ -->\n<title>San Hip\u00f3lito M\u00e1rtir da forma a una ruta urbana por las calles de Cocentaina - COPE Alcoy<\/title>\n<meta name=\"robots\" content=\"index, follow, max-snippet:-1, max-image-preview:large, max-video-preview:-1\" \/>\n<link rel=\"canonical\" href=\"https:\/\/www.copealcoy.es\/es\/san-hipolito-martir-da-forma-a-una-ruta-urbana-por-las-calles-de-cocentaina\/\" \/>\n<meta property=\"og:locale\" content=\"es_ES\" \/>\n<meta property=\"og:type\" content=\"article\" \/>\n<meta property=\"og:title\" content=\"San Hip\u00f3lito M\u00e1rtir da forma a una ruta urbana por las calles de Cocentaina - COPE Alcoy\" \/>\n<meta property=\"og:description\" content=\"La Federaci\u00f3n Junta de Fiestas de Moros y Cristianos de Cocentaina organiz\u00f3 el pasado domingo 20 de mayo una ruta...\" \/>\n<meta property=\"og:url\" content=\"https:\/\/www.copealcoy.es\/es\/san-hipolito-martir-da-forma-a-una-ruta-urbana-por-las-calles-de-cocentaina\/\" \/>\n<meta property=\"og:site_name\" content=\"COPE Alcoy\" \/>\n<meta property=\"article:published_time\" content=\"2018-05-24T18:18:02+00:00\" \/>\n<meta property=\"og:image\" content=\"https:\/\/www.copealcoy.es\/wp-content\/uploads\/2018\/05\/11-Algunos-de-los-asistentes-a-la-ruta-del-domingo-Foto-Gabriel-Pascual-e1527185686307.jpg\" \/>\n\t<meta property=\"og:image:width\" content=\"3812\" \/>\n\t<meta property=\"og:image:height\" content=\"2241\" \/>\n\t<meta property=\"og:image:type\" content=\"image\/jpeg\" \/>\n<meta name=\"author\" content=\"Cope Alcoy\" \/>\n<meta name=\"twitter:label1\" content=\"Escrito por\" \/>\n\t<meta name=\"twitter:data1\" content=\"Cope Alcoy\" \/>\n\t<meta name=\"twitter:label2\" content=\"Tiempo de lectura\" \/>\n\t<meta name=\"twitter:data2\" content=\"2 minutos\" \/>\n<script type=\"application\/ld+json\" class=\"yoast-schema-graph\">{\"@context\":\"https:\\\/\\\/schema.org\",\"@graph\":[{\"@type\":\"Article\",\"@id\":\"https:\\\/\\\/www.copealcoy.es\\\/es\\\/san-hipolito-martir-da-forma-a-una-ruta-urbana-por-las-calles-de-cocentaina\\\/#article\",\"isPartOf\":{\"@id\":\"https:\\\/\\\/www.copealcoy.es\\\/es\\\/san-hipolito-martir-da-forma-a-una-ruta-urbana-por-las-calles-de-cocentaina\\\/\"},\"author\":{\"name\":\"Cope Alcoy\",\"@id\":\"https:\\\/\\\/www.copealcoy.es\\\/es\\\/#\\\/schema\\\/person\\\/e777c87fa024e57d40170af9df39882c\"},\"headline\":\"San Hip\u00f3lito M\u00e1rtir da forma a una ruta urbana por las calles de Cocentaina\",\"datePublished\":\"2018-05-24T18:18:02+00:00\",\"mainEntityOfPage\":{\"@id\":\"https:\\\/\\\/www.copealcoy.es\\\/es\\\/san-hipolito-martir-da-forma-a-una-ruta-urbana-por-las-calles-de-cocentaina\\\/\"},\"wordCount\":483,\"commentCount\":0,\"image\":{\"@id\":\"https:\\\/\\\/www.copealcoy.es\\\/es\\\/san-hipolito-martir-da-forma-a-una-ruta-urbana-por-las-calles-de-cocentaina\\\/#primaryimage\"},\"thumbnailUrl\":\"https:\\\/\\\/www.copealcoy.es\\\/wp-content\\\/uploads\\\/2018\\\/05\\\/11-Algunos-de-los-asistentes-a-la-ruta-del-domingo-Foto-Gabriel-Pascual-e1527185686307.jpg\",\"keywords\":[\"Cocentaina\",\"ruta urbana\",\"San Hip\u00f3lito M\u00e1rtir\"],\"articleSection\":[\"Comarcas\",\"Noticias\"],\"inLanguage\":\"es\"},{\"@type\":\"WebPage\",\"@id\":\"https:\\\/\\\/www.copealcoy.es\\\/es\\\/san-hipolito-martir-da-forma-a-una-ruta-urbana-por-las-calles-de-cocentaina\\\/\",\"url\":\"https:\\\/\\\/www.copealcoy.es\\\/es\\\/san-hipolito-martir-da-forma-a-una-ruta-urbana-por-las-calles-de-cocentaina\\\/\",\"name\":\"San Hip\u00f3lito M\u00e1rtir da forma a una ruta urbana por las calles de Cocentaina - COPE Alcoy\",\"isPartOf\":{\"@id\":\"https:\\\/\\\/www.copealcoy.es\\\/es\\\/#website\"},\"primaryImageOfPage\":{\"@id\":\"https:\\\/\\\/www.copealcoy.es\\\/es\\\/san-hipolito-martir-da-forma-a-una-ruta-urbana-por-las-calles-de-cocentaina\\\/#primaryimage\"},\"image\":{\"@id\":\"https:\\\/\\\/www.copealcoy.es\\\/es\\\/san-hipolito-martir-da-forma-a-una-ruta-urbana-por-las-calles-de-cocentaina\\\/#primaryimage\"},\"thumbnailUrl\":\"https:\\\/\\\/www.copealcoy.es\\\/wp-content\\\/uploads\\\/2018\\\/05\\\/11-Algunos-de-los-asistentes-a-la-ruta-del-domingo-Foto-Gabriel-Pascual-e1527185686307.jpg\",\"datePublished\":\"2018-05-24T18:18:02+00:00\",\"author\":{\"@id\":\"https:\\\/\\\/www.copealcoy.es\\\/es\\\/#\\\/schema\\\/person\\\/e777c87fa024e57d40170af9df39882c\"},\"breadcrumb\":{\"@id\":\"https:\\\/\\\/www.copealcoy.es\\\/es\\\/san-hipolito-martir-da-forma-a-una-ruta-urbana-por-las-calles-de-cocentaina\\\/#breadcrumb\"},\"inLanguage\":\"es\",\"potentialAction\":[{\"@type\":\"ReadAction\",\"target\":[\"https:\\\/\\\/www.copealcoy.es\\\/es\\\/san-hipolito-martir-da-forma-a-una-ruta-urbana-por-las-calles-de-cocentaina\\\/\"]}]},{\"@type\":\"ImageObject\",\"inLanguage\":\"es\",\"@id\":\"https:\\\/\\\/www.copealcoy.es\\\/es\\\/san-hipolito-martir-da-forma-a-una-ruta-urbana-por-las-calles-de-cocentaina\\\/#primaryimage\",\"url\":\"https:\\\/\\\/www.copealcoy.es\\\/wp-content\\\/uploads\\\/2018\\\/05\\\/11-Algunos-de-los-asistentes-a-la-ruta-del-domingo-Foto-Gabriel-Pascual-e1527185686307.jpg\",\"contentUrl\":\"https:\\\/\\\/www.copealcoy.es\\\/wp-content\\\/uploads\\\/2018\\\/05\\\/11-Algunos-de-los-asistentes-a-la-ruta-del-domingo-Foto-Gabriel-Pascual-e1527185686307.jpg\",\"width\":3812,\"height\":2241,\"caption\":\"Algunos de los asistentes a la ruta del domingo \\\/\\\/ Foto Gabriel Pascual\"},{\"@type\":\"BreadcrumbList\",\"@id\":\"https:\\\/\\\/www.copealcoy.es\\\/es\\\/san-hipolito-martir-da-forma-a-una-ruta-urbana-por-las-calles-de-cocentaina\\\/#breadcrumb\",\"itemListElement\":[{\"@type\":\"ListItem\",\"position\":1,\"name\":\"Portada\",\"item\":\"https:\\\/\\\/www.copealcoy.es\\\/es\\\/\"},{\"@type\":\"ListItem\",\"position\":2,\"name\":\"San Hip\u00f3lito M\u00e1rtir da forma a una ruta urbana por las calles de Cocentaina\"}]},{\"@type\":\"WebSite\",\"@id\":\"https:\\\/\\\/www.copealcoy.es\\\/es\\\/#website\",\"url\":\"https:\\\/\\\/www.copealcoy.es\\\/es\\\/\",\"name\":\"COPE Alcoy\",\"description\":\"Emisora COPE de radio local con emisi\u00f3n online. Pont de Sant Jordi 8-10 03803 Alcoy\",\"potentialAction\":[{\"@type\":\"SearchAction\",\"target\":{\"@type\":\"EntryPoint\",\"urlTemplate\":\"https:\\\/\\\/www.copealcoy.es\\\/es\\\/?s={search_term_string}\"},\"query-input\":{\"@type\":\"PropertyValueSpecification\",\"valueRequired\":true,\"valueName\":\"search_term_string\"}}],\"inLanguage\":\"es\"},{\"@type\":\"Person\",\"@id\":\"https:\\\/\\\/www.copealcoy.es\\\/es\\\/#\\\/schema\\\/person\\\/e777c87fa024e57d40170af9df39882c\",\"name\":\"Cope Alcoy\",\"image\":{\"@type\":\"ImageObject\",\"inLanguage\":\"es\",\"@id\":\"https:\\\/\\\/secure.gravatar.com\\\/avatar\\\/bb65d0283347e303893ba14f0692005417c1e0e690a325a4c5d8bb2b3943ee14?s=96&d=mm&r=g\",\"url\":\"https:\\\/\\\/secure.gravatar.com\\\/avatar\\\/bb65d0283347e303893ba14f0692005417c1e0e690a325a4c5d8bb2b3943ee14?s=96&d=mm&r=g\",\"contentUrl\":\"https:\\\/\\\/secure.gravatar.com\\\/avatar\\\/bb65d0283347e303893ba14f0692005417c1e0e690a325a4c5d8bb2b3943ee14?s=96&d=mm&r=g\",\"caption\":\"Cope Alcoy\"}}]}<\/script>\n<!-- \/ Yoast SEO plugin. -->","yoast_head_json":{"title":"San Hip\u00f3lito M\u00e1rtir da forma a una ruta urbana por las calles de Cocentaina - COPE Alcoy","robots":{"index":"index","follow":"follow","max-snippet":"max-snippet:-1","max-image-preview":"max-image-preview:large","max-video-preview":"max-video-preview:-1"},"canonical":"https:\/\/www.copealcoy.es\/es\/san-hipolito-martir-da-forma-a-una-ruta-urbana-por-las-calles-de-cocentaina\/","og_locale":"es_ES","og_type":"article","og_title":"San Hip\u00f3lito M\u00e1rtir da forma a una ruta urbana por las calles de Cocentaina - COPE Alcoy","og_description":"La Federaci\u00f3n Junta de Fiestas de Moros y Cristianos de Cocentaina organiz\u00f3 el pasado domingo 20 de mayo una ruta...","og_url":"https:\/\/www.copealcoy.es\/es\/san-hipolito-martir-da-forma-a-una-ruta-urbana-por-las-calles-de-cocentaina\/","og_site_name":"COPE Alcoy","article_published_time":"2018-05-24T18:18:02+00:00","og_image":[{"width":3812,"height":2241,"url":"https:\/\/www.copealcoy.es\/wp-content\/uploads\/2018\/05\/11-Algunos-de-los-asistentes-a-la-ruta-del-domingo-Foto-Gabriel-Pascual-e1527185686307.jpg","type":"image\/jpeg"}],"author":"Cope Alcoy","twitter_misc":{"Escrito por":"Cope Alcoy","Tiempo de lectura":"2 minutos"},"schema":{"@context":"https:\/\/schema.org","@graph":[{"@type":"Article","@id":"https:\/\/www.copealcoy.es\/es\/san-hipolito-martir-da-forma-a-una-ruta-urbana-por-las-calles-de-cocentaina\/#article","isPartOf":{"@id":"https:\/\/www.copealcoy.es\/es\/san-hipolito-martir-da-forma-a-una-ruta-urbana-por-las-calles-de-cocentaina\/"},"author":{"name":"Cope Alcoy","@id":"https:\/\/www.copealcoy.es\/es\/#\/schema\/person\/e777c87fa024e57d40170af9df39882c"},"headline":"San Hip\u00f3lito M\u00e1rtir da forma a una ruta urbana por las calles de Cocentaina","datePublished":"2018-05-24T18:18:02+00:00","mainEntityOfPage":{"@id":"https:\/\/www.copealcoy.es\/es\/san-hipolito-martir-da-forma-a-una-ruta-urbana-por-las-calles-de-cocentaina\/"},"wordCount":483,"commentCount":0,"image":{"@id":"https:\/\/www.copealcoy.es\/es\/san-hipolito-martir-da-forma-a-una-ruta-urbana-por-las-calles-de-cocentaina\/#primaryimage"},"thumbnailUrl":"https:\/\/www.copealcoy.es\/wp-content\/uploads\/2018\/05\/11-Algunos-de-los-asistentes-a-la-ruta-del-domingo-Foto-Gabriel-Pascual-e1527185686307.jpg","keywords":["Cocentaina","ruta urbana","San Hip\u00f3lito M\u00e1rtir"],"articleSection":["Comarcas","Noticias"],"inLanguage":"es"},{"@type":"WebPage","@id":"https:\/\/www.copealcoy.es\/es\/san-hipolito-martir-da-forma-a-una-ruta-urbana-por-las-calles-de-cocentaina\/","url":"https:\/\/www.copealcoy.es\/es\/san-hipolito-martir-da-forma-a-una-ruta-urbana-por-las-calles-de-cocentaina\/","name":"San Hip\u00f3lito M\u00e1rtir da forma a una ruta urbana por las calles de Cocentaina - COPE Alcoy","isPartOf":{"@id":"https:\/\/www.copealcoy.es\/es\/#website"},"primaryImageOfPage":{"@id":"https:\/\/www.copealcoy.es\/es\/san-hipolito-martir-da-forma-a-una-ruta-urbana-por-las-calles-de-cocentaina\/#primaryimage"},"image":{"@id":"https:\/\/www.copealcoy.es\/es\/san-hipolito-martir-da-forma-a-una-ruta-urbana-por-las-calles-de-cocentaina\/#primaryimage"},"thumbnailUrl":"https:\/\/www.copealcoy.es\/wp-content\/uploads\/2018\/05\/11-Algunos-de-los-asistentes-a-la-ruta-del-domingo-Foto-Gabriel-Pascual-e1527185686307.jpg","datePublished":"2018-05-24T18:18:02+00:00","author":{"@id":"https:\/\/www.copealcoy.es\/es\/#\/schema\/person\/e777c87fa024e57d40170af9df39882c"},"breadcrumb":{"@id":"https:\/\/www.copealcoy.es\/es\/san-hipolito-martir-da-forma-a-una-ruta-urbana-por-las-calles-de-cocentaina\/#breadcrumb"},"inLanguage":"es","potentialAction":[{"@type":"ReadAction","target":["https:\/\/www.copealcoy.es\/es\/san-hipolito-martir-da-forma-a-una-ruta-urbana-por-las-calles-de-cocentaina\/"]}]},{"@type":"ImageObject","inLanguage":"es","@id":"https:\/\/www.copealcoy.es\/es\/san-hipolito-martir-da-forma-a-una-ruta-urbana-por-las-calles-de-cocentaina\/#primaryimage","url":"https:\/\/www.copealcoy.es\/wp-content\/uploads\/2018\/05\/11-Algunos-de-los-asistentes-a-la-ruta-del-domingo-Foto-Gabriel-Pascual-e1527185686307.jpg","contentUrl":"https:\/\/www.copealcoy.es\/wp-content\/uploads\/2018\/05\/11-Algunos-de-los-asistentes-a-la-ruta-del-domingo-Foto-Gabriel-Pascual-e1527185686307.jpg","width":3812,"height":2241,"caption":"Algunos de los asistentes a la ruta del domingo \/\/ Foto Gabriel Pascual"},{"@type":"BreadcrumbList","@id":"https:\/\/www.copealcoy.es\/es\/san-hipolito-martir-da-forma-a-una-ruta-urbana-por-las-calles-de-cocentaina\/#breadcrumb","itemListElement":[{"@type":"ListItem","position":1,"name":"Portada","item":"https:\/\/www.copealcoy.es\/es\/"},{"@type":"ListItem","position":2,"name":"San Hip\u00f3lito M\u00e1rtir da forma a una ruta urbana por las calles de Cocentaina"}]},{"@type":"WebSite","@id":"https:\/\/www.copealcoy.es\/es\/#website","url":"https:\/\/www.copealcoy.es\/es\/","name":"COPE Alcoy","description":"Emisora COPE de radio local con emisi\u00f3n online. Pont de Sant Jordi 8-10 03803 Alcoy","potentialAction":[{"@type":"SearchAction","target":{"@type":"EntryPoint","urlTemplate":"https:\/\/www.copealcoy.es\/es\/?s={search_term_string}"},"query-input":{"@type":"PropertyValueSpecification","valueRequired":true,"valueName":"search_term_string"}}],"inLanguage":"es"},{"@type":"Person","@id":"https:\/\/www.copealcoy.es\/es\/#\/schema\/person\/e777c87fa024e57d40170af9df39882c","name":"Cope Alcoy","image":{"@type":"ImageObject","inLanguage":"es","@id":"https:\/\/secure.gravatar.com\/avatar\/bb65d0283347e303893ba14f0692005417c1e0e690a325a4c5d8bb2b3943ee14?s=96&d=mm&r=g","url":"https:\/\/secure.gravatar.com\/avatar\/bb65d0283347e303893ba14f0692005417c1e0e690a325a4c5d8bb2b3943ee14?s=96&d=mm&r=g","contentUrl":"https:\/\/secure.gravatar.com\/avatar\/bb65d0283347e303893ba14f0692005417c1e0e690a325a4c5d8bb2b3943ee14?s=96&d=mm&r=g","caption":"Cope Alcoy"}}]}},"_links":{"self":[{"href":"https:\/\/www.copealcoy.es\/es\/wp-json\/wp\/v2\/posts\/42466","targetHints":{"allow":["GET"]}}],"collection":[{"href":"https:\/\/www.copealcoy.es\/es\/wp-json\/wp\/v2\/posts"}],"about":[{"href":"https:\/\/www.copealcoy.es\/es\/wp-json\/wp\/v2\/types\/post"}],"author":[{"embeddable":true,"href":"https:\/\/www.copealcoy.es\/es\/wp-json\/wp\/v2\/users\/1"}],"replies":[{"embeddable":true,"href":"https:\/\/www.copealcoy.es\/es\/wp-json\/wp\/v2\/comments?post=42466"}],"version-history":[{"count":0,"href":"https:\/\/www.copealcoy.es\/es\/wp-json\/wp\/v2\/posts\/42466\/revisions"}],"wp:featuredmedia":[{"embeddable":true,"href":"https:\/\/www.copealcoy.es\/es\/wp-json\/wp\/v2\/media\/42467"}],"wp:attachment":[{"href":"https:\/\/www.copealcoy.es\/es\/wp-json\/wp\/v2\/media?parent=42466"}],"wp:term":[{"taxonomy":"category","embeddable":true,"href":"https:\/\/www.copealcoy.es\/es\/wp-json\/wp\/v2\/categories?post=42466"},{"taxonomy":"post_tag","embeddable":true,"href":"https:\/\/www.copealcoy.es\/es\/wp-json\/wp\/v2\/tags?post=42466"}],"curies":[{"name":"wp","href":"https:\/\/api.w.org\/{rel}","templated":true}]}}