{"id":42398,"date":"2018-05-23T16:53:32","date_gmt":"2018-05-23T16:53:32","guid":{"rendered":"http:\/\/copealcoi.es\/new\/?p=42398"},"modified":"2018-05-23T16:58:22","modified_gmt":"2018-05-23T16:58:22","slug":"ciudadanos-reclama-un-estudio-tecnico-de-las-casas-del-cami-ubicadas-ante-la-glorieta","status":"publish","type":"post","link":"https:\/\/www.copealcoy.es\/es\/ciudadanos-reclama-un-estudio-tecnico-de-las-casas-del-cami-ubicadas-ante-la-glorieta\/","title":{"rendered":"Ciudadanos reclama un estudio t\u00e9cnico de las casas del Cam\u00ed ubicadas ante La Glorieta"},"content":{"rendered":"<p style=\"text-align: justify;\">Ciudadanos Alcoy ha manifestado <strong>su preocupaci\u00f3n<\/strong> por el <strong>estado de deterioro<\/strong> de las casas de la calle <strong>El Cam\u00ed<\/strong> donde, afirman, <strong>tanto en las cubiertas como en las fachadas<\/strong> hay <strong>grandes desperfectos<\/strong> que pueden afectar a la <strong>integridad<\/strong> de las mismas.\u00a0Desde la formaci\u00f3n naranja recuerdan que en la zona <strong>ya se produjeron desprendimientos<\/strong> tras los temporales de lluvia del pasado a\u00f1o 2017 e indican que <strong>van a pedir al Gobierno Local del PSOE<\/strong> que se realice, por parte de los t\u00e9cnicos competentes, una <strong>valoraci\u00f3n del riesgo<\/strong> que puede suponer\u00a0el estado de estas casas. La concejala del partido de Albert Rivera en el Ayuntamiento de Alcoy, <strong>Maribel S\u00e1nchez<\/strong>, insiste en que cuando se realicen estos estudios y se obtengan resultados <strong>se adopten las medidas necesarias en funci\u00f3n de los mismos<\/strong> &#8220;<em>dado el estado en el que se encuentran los inmuebles adyacentes al que se derrumb\u00f3 deber\u00eda vigilarse su estado de manera minuciosa para evitar tener en el futuro episodios similares\u00a0que\u00a0pongan en riesgo para la seguridad<\/em>&#8220;, asevera.<\/p>\n","protected":false},"excerpt":{"rendered":"<p>Ciudadanos Alcoy ha manifestado su preocupaci\u00f3n por el estado de deterioro de las casas de la calle El Cam\u00ed donde,&#8230;<\/p>\n","protected":false},"author":1,"featured_media":42399,"comment_status":"open","ping_status":"open","sticky":false,"template":"","format":"standard","meta":{"footnotes":""},"categories":[97,75,79],"tags":[1494,1110,5680,349,5679,3882],"class_list":["post-42398","post","type-post","status-publish","format-standard","has-post-thumbnail","hentry","category-alcoy","category-noticias","category-politicayeconomia","tag-alcoy","tag-cami","tag-casas","tag-ciudadanos","tag-estudio-tecnico","tag-la-glorieta"],"yoast_head":"<!-- This site is optimized with the Yoast SEO plugin v27.3 - https:\/\/yoast.com\/product\/yoast-seo-wordpress\/ -->\n<title>Ciudadanos reclama un estudio t\u00e9cnico de las casas del Cam\u00ed ubicadas ante La Glorieta - COPE Alcoy<\/title>\n<meta name=\"robots\" content=\"index, follow, max-snippet:-1, max-image-preview:large, max-video-preview:-1\" \/>\n<link rel=\"canonical\" href=\"https:\/\/www.copealcoy.es\/es\/ciudadanos-reclama-un-estudio-tecnico-de-las-casas-del-cami-ubicadas-ante-la-glorieta\/\" \/>\n<meta property=\"og:locale\" content=\"es_ES\" \/>\n<meta property=\"og:type\" content=\"article\" \/>\n<meta property=\"og:title\" content=\"Ciudadanos reclama un estudio t\u00e9cnico de las casas del Cam\u00ed ubicadas ante La Glorieta - COPE Alcoy\" \/>\n<meta property=\"og:description\" content=\"Ciudadanos Alcoy ha manifestado su preocupaci\u00f3n por el estado de deterioro de las casas de la calle El Cam\u00ed donde,...\" \/>\n<meta property=\"og:url\" content=\"https:\/\/www.copealcoy.es\/es\/ciudadanos-reclama-un-estudio-tecnico-de-las-casas-del-cami-ubicadas-ante-la-glorieta\/\" \/>\n<meta property=\"og:site_name\" content=\"COPE Alcoy\" \/>\n<meta property=\"article:published_time\" content=\"2018-05-23T16:53:32+00:00\" \/>\n<meta property=\"article:modified_time\" content=\"2018-05-23T16:58:22+00:00\" \/>\n<meta property=\"og:image\" content=\"https:\/\/www.copealcoy.es\/wp-content\/uploads\/2018\/05\/IMG-20180516-WA0001.jpg\" \/>\n\t<meta property=\"og:image:width\" content=\"1600\" \/>\n\t<meta property=\"og:image:height\" content=\"900\" \/>\n\t<meta property=\"og:image:type\" content=\"image\/jpeg\" \/>\n<meta name=\"author\" content=\"Cope Alcoy\" \/>\n<meta name=\"twitter:label1\" content=\"Escrito por\" \/>\n\t<meta name=\"twitter:data1\" content=\"Cope Alcoy\" \/>\n\t<meta name=\"twitter:label2\" content=\"Tiempo de lectura\" \/>\n\t<meta name=\"twitter:data2\" content=\"1 minuto\" \/>\n<script type=\"application\/ld+json\" class=\"yoast-schema-graph\">{\"@context\":\"https:\\\/\\\/schema.org\",\"@graph\":[{\"@type\":\"Article\",\"@id\":\"https:\\\/\\\/www.copealcoy.es\\\/es\\\/ciudadanos-reclama-un-estudio-tecnico-de-las-casas-del-cami-ubicadas-ante-la-glorieta\\\/#article\",\"isPartOf\":{\"@id\":\"https:\\\/\\\/www.copealcoy.es\\\/es\\\/ciudadanos-reclama-un-estudio-tecnico-de-las-casas-del-cami-ubicadas-ante-la-glorieta\\\/\"},\"author\":{\"name\":\"Cope Alcoy\",\"@id\":\"https:\\\/\\\/www.copealcoy.es\\\/es\\\/#\\\/schema\\\/person\\\/e777c87fa024e57d40170af9df39882c\"},\"headline\":\"Ciudadanos reclama un estudio t\u00e9cnico de las casas del Cam\u00ed ubicadas ante La Glorieta\",\"datePublished\":\"2018-05-23T16:53:32+00:00\",\"dateModified\":\"2018-05-23T16:58:22+00:00\",\"mainEntityOfPage\":{\"@id\":\"https:\\\/\\\/www.copealcoy.es\\\/es\\\/ciudadanos-reclama-un-estudio-tecnico-de-las-casas-del-cami-ubicadas-ante-la-glorieta\\\/\"},\"wordCount\":191,\"commentCount\":0,\"image\":{\"@id\":\"https:\\\/\\\/www.copealcoy.es\\\/es\\\/ciudadanos-reclama-un-estudio-tecnico-de-las-casas-del-cami-ubicadas-ante-la-glorieta\\\/#primaryimage\"},\"thumbnailUrl\":\"https:\\\/\\\/www.copealcoy.es\\\/wp-content\\\/uploads\\\/2018\\\/05\\\/IMG-20180516-WA0001.jpg\",\"keywords\":[\"Alcoy\",\"Cam\u00ed\",\"casas\",\"Ciudadanos\",\"estudio tecnico\",\"La Glorieta\"],\"articleSection\":[\"Alcoy\",\"Noticias\",\"Pol\u00edtica y Econom\u00eda\"],\"inLanguage\":\"es\"},{\"@type\":\"WebPage\",\"@id\":\"https:\\\/\\\/www.copealcoy.es\\\/es\\\/ciudadanos-reclama-un-estudio-tecnico-de-las-casas-del-cami-ubicadas-ante-la-glorieta\\\/\",\"url\":\"https:\\\/\\\/www.copealcoy.es\\\/es\\\/ciudadanos-reclama-un-estudio-tecnico-de-las-casas-del-cami-ubicadas-ante-la-glorieta\\\/\",\"name\":\"Ciudadanos reclama un estudio t\u00e9cnico de las casas del Cam\u00ed ubicadas ante La Glorieta - COPE Alcoy\",\"isPartOf\":{\"@id\":\"https:\\\/\\\/www.copealcoy.es\\\/es\\\/#website\"},\"primaryImageOfPage\":{\"@id\":\"https:\\\/\\\/www.copealcoy.es\\\/es\\\/ciudadanos-reclama-un-estudio-tecnico-de-las-casas-del-cami-ubicadas-ante-la-glorieta\\\/#primaryimage\"},\"image\":{\"@id\":\"https:\\\/\\\/www.copealcoy.es\\\/es\\\/ciudadanos-reclama-un-estudio-tecnico-de-las-casas-del-cami-ubicadas-ante-la-glorieta\\\/#primaryimage\"},\"thumbnailUrl\":\"https:\\\/\\\/www.copealcoy.es\\\/wp-content\\\/uploads\\\/2018\\\/05\\\/IMG-20180516-WA0001.jpg\",\"datePublished\":\"2018-05-23T16:53:32+00:00\",\"dateModified\":\"2018-05-23T16:58:22+00:00\",\"author\":{\"@id\":\"https:\\\/\\\/www.copealcoy.es\\\/es\\\/#\\\/schema\\\/person\\\/e777c87fa024e57d40170af9df39882c\"},\"breadcrumb\":{\"@id\":\"https:\\\/\\\/www.copealcoy.es\\\/es\\\/ciudadanos-reclama-un-estudio-tecnico-de-las-casas-del-cami-ubicadas-ante-la-glorieta\\\/#breadcrumb\"},\"inLanguage\":\"es\",\"potentialAction\":[{\"@type\":\"ReadAction\",\"target\":[\"https:\\\/\\\/www.copealcoy.es\\\/es\\\/ciudadanos-reclama-un-estudio-tecnico-de-las-casas-del-cami-ubicadas-ante-la-glorieta\\\/\"]}]},{\"@type\":\"ImageObject\",\"inLanguage\":\"es\",\"@id\":\"https:\\\/\\\/www.copealcoy.es\\\/es\\\/ciudadanos-reclama-un-estudio-tecnico-de-las-casas-del-cami-ubicadas-ante-la-glorieta\\\/#primaryimage\",\"url\":\"https:\\\/\\\/www.copealcoy.es\\\/wp-content\\\/uploads\\\/2018\\\/05\\\/IMG-20180516-WA0001.jpg\",\"contentUrl\":\"https:\\\/\\\/www.copealcoy.es\\\/wp-content\\\/uploads\\\/2018\\\/05\\\/IMG-20180516-WA0001.jpg\",\"width\":1600,\"height\":900},{\"@type\":\"BreadcrumbList\",\"@id\":\"https:\\\/\\\/www.copealcoy.es\\\/es\\\/ciudadanos-reclama-un-estudio-tecnico-de-las-casas-del-cami-ubicadas-ante-la-glorieta\\\/#breadcrumb\",\"itemListElement\":[{\"@type\":\"ListItem\",\"position\":1,\"name\":\"Portada\",\"item\":\"https:\\\/\\\/www.copealcoy.es\\\/es\\\/\"},{\"@type\":\"ListItem\",\"position\":2,\"name\":\"Ciudadanos reclama un estudio t\u00e9cnico de las casas del Cam\u00ed ubicadas ante La Glorieta\"}]},{\"@type\":\"WebSite\",\"@id\":\"https:\\\/\\\/www.copealcoy.es\\\/es\\\/#website\",\"url\":\"https:\\\/\\\/www.copealcoy.es\\\/es\\\/\",\"name\":\"COPE Alcoy\",\"description\":\"Emisora COPE de radio local con emisi\u00f3n online. Pont de Sant Jordi 8-10 03803 Alcoy\",\"potentialAction\":[{\"@type\":\"SearchAction\",\"target\":{\"@type\":\"EntryPoint\",\"urlTemplate\":\"https:\\\/\\\/www.copealcoy.es\\\/es\\\/?s={search_term_string}\"},\"query-input\":{\"@type\":\"PropertyValueSpecification\",\"valueRequired\":true,\"valueName\":\"search_term_string\"}}],\"inLanguage\":\"es\"},{\"@type\":\"Person\",\"@id\":\"https:\\\/\\\/www.copealcoy.es\\\/es\\\/#\\\/schema\\\/person\\\/e777c87fa024e57d40170af9df39882c\",\"name\":\"Cope Alcoy\",\"image\":{\"@type\":\"ImageObject\",\"inLanguage\":\"es\",\"@id\":\"https:\\\/\\\/secure.gravatar.com\\\/avatar\\\/bb65d0283347e303893ba14f0692005417c1e0e690a325a4c5d8bb2b3943ee14?s=96&d=mm&r=g\",\"url\":\"https:\\\/\\\/secure.gravatar.com\\\/avatar\\\/bb65d0283347e303893ba14f0692005417c1e0e690a325a4c5d8bb2b3943ee14?s=96&d=mm&r=g\",\"contentUrl\":\"https:\\\/\\\/secure.gravatar.com\\\/avatar\\\/bb65d0283347e303893ba14f0692005417c1e0e690a325a4c5d8bb2b3943ee14?s=96&d=mm&r=g\",\"caption\":\"Cope Alcoy\"}}]}<\/script>\n<!-- \/ Yoast SEO plugin. -->","yoast_head_json":{"title":"Ciudadanos reclama un estudio t\u00e9cnico de las casas del Cam\u00ed ubicadas ante La Glorieta - COPE Alcoy","robots":{"index":"index","follow":"follow","max-snippet":"max-snippet:-1","max-image-preview":"max-image-preview:large","max-video-preview":"max-video-preview:-1"},"canonical":"https:\/\/www.copealcoy.es\/es\/ciudadanos-reclama-un-estudio-tecnico-de-las-casas-del-cami-ubicadas-ante-la-glorieta\/","og_locale":"es_ES","og_type":"article","og_title":"Ciudadanos reclama un estudio t\u00e9cnico de las casas del Cam\u00ed ubicadas ante La Glorieta - COPE Alcoy","og_description":"Ciudadanos Alcoy ha manifestado su preocupaci\u00f3n por el estado de deterioro de las casas de la calle El Cam\u00ed donde,...","og_url":"https:\/\/www.copealcoy.es\/es\/ciudadanos-reclama-un-estudio-tecnico-de-las-casas-del-cami-ubicadas-ante-la-glorieta\/","og_site_name":"COPE Alcoy","article_published_time":"2018-05-23T16:53:32+00:00","article_modified_time":"2018-05-23T16:58:22+00:00","og_image":[{"width":1600,"height":900,"url":"https:\/\/www.copealcoy.es\/wp-content\/uploads\/2018\/05\/IMG-20180516-WA0001.jpg","type":"image\/jpeg"}],"author":"Cope Alcoy","twitter_misc":{"Escrito por":"Cope Alcoy","Tiempo de lectura":"1 minuto"},"schema":{"@context":"https:\/\/schema.org","@graph":[{"@type":"Article","@id":"https:\/\/www.copealcoy.es\/es\/ciudadanos-reclama-un-estudio-tecnico-de-las-casas-del-cami-ubicadas-ante-la-glorieta\/#article","isPartOf":{"@id":"https:\/\/www.copealcoy.es\/es\/ciudadanos-reclama-un-estudio-tecnico-de-las-casas-del-cami-ubicadas-ante-la-glorieta\/"},"author":{"name":"Cope Alcoy","@id":"https:\/\/www.copealcoy.es\/es\/#\/schema\/person\/e777c87fa024e57d40170af9df39882c"},"headline":"Ciudadanos reclama un estudio t\u00e9cnico de las casas del Cam\u00ed ubicadas ante La Glorieta","datePublished":"2018-05-23T16:53:32+00:00","dateModified":"2018-05-23T16:58:22+00:00","mainEntityOfPage":{"@id":"https:\/\/www.copealcoy.es\/es\/ciudadanos-reclama-un-estudio-tecnico-de-las-casas-del-cami-ubicadas-ante-la-glorieta\/"},"wordCount":191,"commentCount":0,"image":{"@id":"https:\/\/www.copealcoy.es\/es\/ciudadanos-reclama-un-estudio-tecnico-de-las-casas-del-cami-ubicadas-ante-la-glorieta\/#primaryimage"},"thumbnailUrl":"https:\/\/www.copealcoy.es\/wp-content\/uploads\/2018\/05\/IMG-20180516-WA0001.jpg","keywords":["Alcoy","Cam\u00ed","casas","Ciudadanos","estudio tecnico","La Glorieta"],"articleSection":["Alcoy","Noticias","Pol\u00edtica y Econom\u00eda"],"inLanguage":"es"},{"@type":"WebPage","@id":"https:\/\/www.copealcoy.es\/es\/ciudadanos-reclama-un-estudio-tecnico-de-las-casas-del-cami-ubicadas-ante-la-glorieta\/","url":"https:\/\/www.copealcoy.es\/es\/ciudadanos-reclama-un-estudio-tecnico-de-las-casas-del-cami-ubicadas-ante-la-glorieta\/","name":"Ciudadanos reclama un estudio t\u00e9cnico de las casas del Cam\u00ed ubicadas ante La Glorieta - COPE Alcoy","isPartOf":{"@id":"https:\/\/www.copealcoy.es\/es\/#website"},"primaryImageOfPage":{"@id":"https:\/\/www.copealcoy.es\/es\/ciudadanos-reclama-un-estudio-tecnico-de-las-casas-del-cami-ubicadas-ante-la-glorieta\/#primaryimage"},"image":{"@id":"https:\/\/www.copealcoy.es\/es\/ciudadanos-reclama-un-estudio-tecnico-de-las-casas-del-cami-ubicadas-ante-la-glorieta\/#primaryimage"},"thumbnailUrl":"https:\/\/www.copealcoy.es\/wp-content\/uploads\/2018\/05\/IMG-20180516-WA0001.jpg","datePublished":"2018-05-23T16:53:32+00:00","dateModified":"2018-05-23T16:58:22+00:00","author":{"@id":"https:\/\/www.copealcoy.es\/es\/#\/schema\/person\/e777c87fa024e57d40170af9df39882c"},"breadcrumb":{"@id":"https:\/\/www.copealcoy.es\/es\/ciudadanos-reclama-un-estudio-tecnico-de-las-casas-del-cami-ubicadas-ante-la-glorieta\/#breadcrumb"},"inLanguage":"es","potentialAction":[{"@type":"ReadAction","target":["https:\/\/www.copealcoy.es\/es\/ciudadanos-reclama-un-estudio-tecnico-de-las-casas-del-cami-ubicadas-ante-la-glorieta\/"]}]},{"@type":"ImageObject","inLanguage":"es","@id":"https:\/\/www.copealcoy.es\/es\/ciudadanos-reclama-un-estudio-tecnico-de-las-casas-del-cami-ubicadas-ante-la-glorieta\/#primaryimage","url":"https:\/\/www.copealcoy.es\/wp-content\/uploads\/2018\/05\/IMG-20180516-WA0001.jpg","contentUrl":"https:\/\/www.copealcoy.es\/wp-content\/uploads\/2018\/05\/IMG-20180516-WA0001.jpg","width":1600,"height":900},{"@type":"BreadcrumbList","@id":"https:\/\/www.copealcoy.es\/es\/ciudadanos-reclama-un-estudio-tecnico-de-las-casas-del-cami-ubicadas-ante-la-glorieta\/#breadcrumb","itemListElement":[{"@type":"ListItem","position":1,"name":"Portada","item":"https:\/\/www.copealcoy.es\/es\/"},{"@type":"ListItem","position":2,"name":"Ciudadanos reclama un estudio t\u00e9cnico de las casas del Cam\u00ed ubicadas ante La Glorieta"}]},{"@type":"WebSite","@id":"https:\/\/www.copealcoy.es\/es\/#website","url":"https:\/\/www.copealcoy.es\/es\/","name":"COPE Alcoy","description":"Emisora COPE de radio local con emisi\u00f3n online. Pont de Sant Jordi 8-10 03803 Alcoy","potentialAction":[{"@type":"SearchAction","target":{"@type":"EntryPoint","urlTemplate":"https:\/\/www.copealcoy.es\/es\/?s={search_term_string}"},"query-input":{"@type":"PropertyValueSpecification","valueRequired":true,"valueName":"search_term_string"}}],"inLanguage":"es"},{"@type":"Person","@id":"https:\/\/www.copealcoy.es\/es\/#\/schema\/person\/e777c87fa024e57d40170af9df39882c","name":"Cope Alcoy","image":{"@type":"ImageObject","inLanguage":"es","@id":"https:\/\/secure.gravatar.com\/avatar\/bb65d0283347e303893ba14f0692005417c1e0e690a325a4c5d8bb2b3943ee14?s=96&d=mm&r=g","url":"https:\/\/secure.gravatar.com\/avatar\/bb65d0283347e303893ba14f0692005417c1e0e690a325a4c5d8bb2b3943ee14?s=96&d=mm&r=g","contentUrl":"https:\/\/secure.gravatar.com\/avatar\/bb65d0283347e303893ba14f0692005417c1e0e690a325a4c5d8bb2b3943ee14?s=96&d=mm&r=g","caption":"Cope Alcoy"}}]}},"_links":{"self":[{"href":"https:\/\/www.copealcoy.es\/es\/wp-json\/wp\/v2\/posts\/42398","targetHints":{"allow":["GET"]}}],"collection":[{"href":"https:\/\/www.copealcoy.es\/es\/wp-json\/wp\/v2\/posts"}],"about":[{"href":"https:\/\/www.copealcoy.es\/es\/wp-json\/wp\/v2\/types\/post"}],"author":[{"embeddable":true,"href":"https:\/\/www.copealcoy.es\/es\/wp-json\/wp\/v2\/users\/1"}],"replies":[{"embeddable":true,"href":"https:\/\/www.copealcoy.es\/es\/wp-json\/wp\/v2\/comments?post=42398"}],"version-history":[{"count":0,"href":"https:\/\/www.copealcoy.es\/es\/wp-json\/wp\/v2\/posts\/42398\/revisions"}],"wp:featuredmedia":[{"embeddable":true,"href":"https:\/\/www.copealcoy.es\/es\/wp-json\/wp\/v2\/media\/42399"}],"wp:attachment":[{"href":"https:\/\/www.copealcoy.es\/es\/wp-json\/wp\/v2\/media?parent=42398"}],"wp:term":[{"taxonomy":"category","embeddable":true,"href":"https:\/\/www.copealcoy.es\/es\/wp-json\/wp\/v2\/categories?post=42398"},{"taxonomy":"post_tag","embeddable":true,"href":"https:\/\/www.copealcoy.es\/es\/wp-json\/wp\/v2\/tags?post=42398"}],"curies":[{"name":"wp","href":"https:\/\/api.w.org\/{rel}","templated":true}]}}