{"id":42365,"date":"2018-05-22T17:07:07","date_gmt":"2018-05-22T17:07:07","guid":{"rendered":"http:\/\/copealcoi.es\/new\/?p=42365"},"modified":"2018-05-22T17:07:07","modified_gmt":"2018-05-22T17:07:07","slug":"el-circulo-industrial-propone-nombrar-a-camilo-sesto-como-socio-de-honor","status":"publish","type":"post","link":"https:\/\/www.copealcoy.es\/es\/el-circulo-industrial-propone-nombrar-a-camilo-sesto-como-socio-de-honor\/","title":{"rendered":"El C\u00edrculo Industrial propone nombrar a Camilo Sesto como socio de honor"},"content":{"rendered":"<p style=\"text-align: justify;\">El\u00a0<strong>C\u00edrculo Industrial<\/strong> de Alcoy, a trav\u00e9s de su Junta Directiva, ha propuesto que <strong>el cantante alcoyano Camilo Sesto<\/strong> sea nombrado como<strong> socio de honor<\/strong> de esta entidad. La iniciativa s<span lang=\"es\">er\u00e1 presentada en <strong>la primera Asamblea General<\/strong> que se celebre, para su resoluci\u00f3n definitiva. Hay que destacar que esta propuesta <strong>se suma<\/strong> tambi\u00e9n a la realizada en abril de 2018 por la mencionada instituci\u00f3n y <strong>consistente en nombrar al compositor Jos\u00e9 Mar\u00eda Valls Satorres<\/strong> como tambi\u00e9n socio de honor. Se\u00f1alar que el C\u00edrculo Industrial <strong>celebra en 2018 su 150 aniversario<\/strong> y recibi\u00f3<strong> la Medalla de Oro de Alcoy<\/strong> el pasado mes de marzo.<\/span><\/p>\n","protected":false},"excerpt":{"rendered":"<p>El\u00a0C\u00edrculo Industrial de Alcoy, a trav\u00e9s de su Junta Directiva, ha propuesto que el cantante alcoyano Camilo Sesto sea nombrado&#8230;<\/p>\n","protected":false},"author":1,"featured_media":26675,"comment_status":"open","ping_status":"open","sticky":false,"template":"","format":"standard","meta":{"footnotes":""},"categories":[97,78,75],"tags":[1494,2559,3344,5669],"class_list":["post-42365","post","type-post","status-publish","format-standard","has-post-thumbnail","hentry","category-alcoy","category-fiestaycultura","category-noticias","tag-alcoy","tag-camilo-sesto","tag-circulo-industrial","tag-socio-de-honor"],"yoast_head":"<!-- This site is optimized with the Yoast SEO plugin v27.3 - https:\/\/yoast.com\/product\/yoast-seo-wordpress\/ -->\n<title>El C\u00edrculo Industrial propone nombrar a Camilo Sesto como socio de honor - COPE Alcoy<\/title>\n<meta name=\"robots\" content=\"index, follow, max-snippet:-1, max-image-preview:large, max-video-preview:-1\" \/>\n<link rel=\"canonical\" href=\"https:\/\/www.copealcoy.es\/es\/el-circulo-industrial-propone-nombrar-a-camilo-sesto-como-socio-de-honor\/\" \/>\n<meta property=\"og:locale\" content=\"es_ES\" \/>\n<meta property=\"og:type\" content=\"article\" \/>\n<meta property=\"og:title\" content=\"El C\u00edrculo Industrial propone nombrar a Camilo Sesto como socio de honor - COPE Alcoy\" \/>\n<meta property=\"og:description\" content=\"El\u00a0C\u00edrculo Industrial de Alcoy, a trav\u00e9s de su Junta Directiva, ha propuesto que el cantante alcoyano Camilo Sesto sea nombrado...\" \/>\n<meta property=\"og:url\" content=\"https:\/\/www.copealcoy.es\/es\/el-circulo-industrial-propone-nombrar-a-camilo-sesto-como-socio-de-honor\/\" \/>\n<meta property=\"og:site_name\" content=\"COPE Alcoy\" \/>\n<meta property=\"article:published_time\" content=\"2018-05-22T17:07:07+00:00\" \/>\n<meta property=\"og:image\" content=\"https:\/\/www.copealcoy.es\/wp-content\/uploads\/2016\/11\/IMG_5654.jpg\" \/>\n\t<meta property=\"og:image:width\" content=\"2048\" \/>\n\t<meta property=\"og:image:height\" content=\"1356\" \/>\n\t<meta property=\"og:image:type\" content=\"image\/jpeg\" \/>\n<meta name=\"author\" content=\"Cope Alcoy\" \/>\n<meta name=\"twitter:label1\" content=\"Escrito por\" \/>\n\t<meta name=\"twitter:data1\" content=\"Cope Alcoy\" \/>\n\t<meta name=\"twitter:label2\" content=\"Tiempo de lectura\" \/>\n\t<meta name=\"twitter:data2\" content=\"1 minuto\" \/>\n<script type=\"application\/ld+json\" class=\"yoast-schema-graph\">{\"@context\":\"https:\\\/\\\/schema.org\",\"@graph\":[{\"@type\":\"Article\",\"@id\":\"https:\\\/\\\/www.copealcoy.es\\\/es\\\/el-circulo-industrial-propone-nombrar-a-camilo-sesto-como-socio-de-honor\\\/#article\",\"isPartOf\":{\"@id\":\"https:\\\/\\\/www.copealcoy.es\\\/es\\\/el-circulo-industrial-propone-nombrar-a-camilo-sesto-como-socio-de-honor\\\/\"},\"author\":{\"name\":\"Cope Alcoy\",\"@id\":\"https:\\\/\\\/www.copealcoy.es\\\/es\\\/#\\\/schema\\\/person\\\/e777c87fa024e57d40170af9df39882c\"},\"headline\":\"El C\u00edrculo Industrial propone nombrar a Camilo Sesto como socio de honor\",\"datePublished\":\"2018-05-22T17:07:07+00:00\",\"mainEntityOfPage\":{\"@id\":\"https:\\\/\\\/www.copealcoy.es\\\/es\\\/el-circulo-industrial-propone-nombrar-a-camilo-sesto-como-socio-de-honor\\\/\"},\"wordCount\":122,\"commentCount\":0,\"image\":{\"@id\":\"https:\\\/\\\/www.copealcoy.es\\\/es\\\/el-circulo-industrial-propone-nombrar-a-camilo-sesto-como-socio-de-honor\\\/#primaryimage\"},\"thumbnailUrl\":\"https:\\\/\\\/www.copealcoy.es\\\/wp-content\\\/uploads\\\/2016\\\/11\\\/IMG_5654.jpg\",\"keywords\":[\"Alcoy\",\"Camilo Sesto\",\"C\u00edrculo Industrial\",\"Socio de Honor\"],\"articleSection\":[\"Alcoy\",\"Fiesta y Cultura\",\"Noticias\"],\"inLanguage\":\"es\"},{\"@type\":\"WebPage\",\"@id\":\"https:\\\/\\\/www.copealcoy.es\\\/es\\\/el-circulo-industrial-propone-nombrar-a-camilo-sesto-como-socio-de-honor\\\/\",\"url\":\"https:\\\/\\\/www.copealcoy.es\\\/es\\\/el-circulo-industrial-propone-nombrar-a-camilo-sesto-como-socio-de-honor\\\/\",\"name\":\"El C\u00edrculo Industrial propone nombrar a Camilo Sesto como socio de honor - COPE Alcoy\",\"isPartOf\":{\"@id\":\"https:\\\/\\\/www.copealcoy.es\\\/es\\\/#website\"},\"primaryImageOfPage\":{\"@id\":\"https:\\\/\\\/www.copealcoy.es\\\/es\\\/el-circulo-industrial-propone-nombrar-a-camilo-sesto-como-socio-de-honor\\\/#primaryimage\"},\"image\":{\"@id\":\"https:\\\/\\\/www.copealcoy.es\\\/es\\\/el-circulo-industrial-propone-nombrar-a-camilo-sesto-como-socio-de-honor\\\/#primaryimage\"},\"thumbnailUrl\":\"https:\\\/\\\/www.copealcoy.es\\\/wp-content\\\/uploads\\\/2016\\\/11\\\/IMG_5654.jpg\",\"datePublished\":\"2018-05-22T17:07:07+00:00\",\"author\":{\"@id\":\"https:\\\/\\\/www.copealcoy.es\\\/es\\\/#\\\/schema\\\/person\\\/e777c87fa024e57d40170af9df39882c\"},\"breadcrumb\":{\"@id\":\"https:\\\/\\\/www.copealcoy.es\\\/es\\\/el-circulo-industrial-propone-nombrar-a-camilo-sesto-como-socio-de-honor\\\/#breadcrumb\"},\"inLanguage\":\"es\",\"potentialAction\":[{\"@type\":\"ReadAction\",\"target\":[\"https:\\\/\\\/www.copealcoy.es\\\/es\\\/el-circulo-industrial-propone-nombrar-a-camilo-sesto-como-socio-de-honor\\\/\"]}]},{\"@type\":\"ImageObject\",\"inLanguage\":\"es\",\"@id\":\"https:\\\/\\\/www.copealcoy.es\\\/es\\\/el-circulo-industrial-propone-nombrar-a-camilo-sesto-como-socio-de-honor\\\/#primaryimage\",\"url\":\"https:\\\/\\\/www.copealcoy.es\\\/wp-content\\\/uploads\\\/2016\\\/11\\\/IMG_5654.jpg\",\"contentUrl\":\"https:\\\/\\\/www.copealcoy.es\\\/wp-content\\\/uploads\\\/2016\\\/11\\\/IMG_5654.jpg\",\"width\":2048,\"height\":1356},{\"@type\":\"BreadcrumbList\",\"@id\":\"https:\\\/\\\/www.copealcoy.es\\\/es\\\/el-circulo-industrial-propone-nombrar-a-camilo-sesto-como-socio-de-honor\\\/#breadcrumb\",\"itemListElement\":[{\"@type\":\"ListItem\",\"position\":1,\"name\":\"Portada\",\"item\":\"https:\\\/\\\/www.copealcoy.es\\\/es\\\/\"},{\"@type\":\"ListItem\",\"position\":2,\"name\":\"El C\u00edrculo Industrial propone nombrar a Camilo Sesto como socio de honor\"}]},{\"@type\":\"WebSite\",\"@id\":\"https:\\\/\\\/www.copealcoy.es\\\/es\\\/#website\",\"url\":\"https:\\\/\\\/www.copealcoy.es\\\/es\\\/\",\"name\":\"COPE Alcoy\",\"description\":\"Emisora COPE de radio local con emisi\u00f3n online. Pont de Sant Jordi 8-10 03803 Alcoy\",\"potentialAction\":[{\"@type\":\"SearchAction\",\"target\":{\"@type\":\"EntryPoint\",\"urlTemplate\":\"https:\\\/\\\/www.copealcoy.es\\\/es\\\/?s={search_term_string}\"},\"query-input\":{\"@type\":\"PropertyValueSpecification\",\"valueRequired\":true,\"valueName\":\"search_term_string\"}}],\"inLanguage\":\"es\"},{\"@type\":\"Person\",\"@id\":\"https:\\\/\\\/www.copealcoy.es\\\/es\\\/#\\\/schema\\\/person\\\/e777c87fa024e57d40170af9df39882c\",\"name\":\"Cope Alcoy\",\"image\":{\"@type\":\"ImageObject\",\"inLanguage\":\"es\",\"@id\":\"https:\\\/\\\/secure.gravatar.com\\\/avatar\\\/bb65d0283347e303893ba14f0692005417c1e0e690a325a4c5d8bb2b3943ee14?s=96&d=mm&r=g\",\"url\":\"https:\\\/\\\/secure.gravatar.com\\\/avatar\\\/bb65d0283347e303893ba14f0692005417c1e0e690a325a4c5d8bb2b3943ee14?s=96&d=mm&r=g\",\"contentUrl\":\"https:\\\/\\\/secure.gravatar.com\\\/avatar\\\/bb65d0283347e303893ba14f0692005417c1e0e690a325a4c5d8bb2b3943ee14?s=96&d=mm&r=g\",\"caption\":\"Cope Alcoy\"}}]}<\/script>\n<!-- \/ Yoast SEO plugin. -->","yoast_head_json":{"title":"El C\u00edrculo Industrial propone nombrar a Camilo Sesto como socio de honor - COPE Alcoy","robots":{"index":"index","follow":"follow","max-snippet":"max-snippet:-1","max-image-preview":"max-image-preview:large","max-video-preview":"max-video-preview:-1"},"canonical":"https:\/\/www.copealcoy.es\/es\/el-circulo-industrial-propone-nombrar-a-camilo-sesto-como-socio-de-honor\/","og_locale":"es_ES","og_type":"article","og_title":"El C\u00edrculo Industrial propone nombrar a Camilo Sesto como socio de honor - COPE Alcoy","og_description":"El\u00a0C\u00edrculo Industrial de Alcoy, a trav\u00e9s de su Junta Directiva, ha propuesto que el cantante alcoyano Camilo Sesto sea nombrado...","og_url":"https:\/\/www.copealcoy.es\/es\/el-circulo-industrial-propone-nombrar-a-camilo-sesto-como-socio-de-honor\/","og_site_name":"COPE Alcoy","article_published_time":"2018-05-22T17:07:07+00:00","og_image":[{"width":2048,"height":1356,"url":"https:\/\/www.copealcoy.es\/wp-content\/uploads\/2016\/11\/IMG_5654.jpg","type":"image\/jpeg"}],"author":"Cope Alcoy","twitter_misc":{"Escrito por":"Cope Alcoy","Tiempo de lectura":"1 minuto"},"schema":{"@context":"https:\/\/schema.org","@graph":[{"@type":"Article","@id":"https:\/\/www.copealcoy.es\/es\/el-circulo-industrial-propone-nombrar-a-camilo-sesto-como-socio-de-honor\/#article","isPartOf":{"@id":"https:\/\/www.copealcoy.es\/es\/el-circulo-industrial-propone-nombrar-a-camilo-sesto-como-socio-de-honor\/"},"author":{"name":"Cope Alcoy","@id":"https:\/\/www.copealcoy.es\/es\/#\/schema\/person\/e777c87fa024e57d40170af9df39882c"},"headline":"El C\u00edrculo Industrial propone nombrar a Camilo Sesto como socio de honor","datePublished":"2018-05-22T17:07:07+00:00","mainEntityOfPage":{"@id":"https:\/\/www.copealcoy.es\/es\/el-circulo-industrial-propone-nombrar-a-camilo-sesto-como-socio-de-honor\/"},"wordCount":122,"commentCount":0,"image":{"@id":"https:\/\/www.copealcoy.es\/es\/el-circulo-industrial-propone-nombrar-a-camilo-sesto-como-socio-de-honor\/#primaryimage"},"thumbnailUrl":"https:\/\/www.copealcoy.es\/wp-content\/uploads\/2016\/11\/IMG_5654.jpg","keywords":["Alcoy","Camilo Sesto","C\u00edrculo Industrial","Socio de Honor"],"articleSection":["Alcoy","Fiesta y Cultura","Noticias"],"inLanguage":"es"},{"@type":"WebPage","@id":"https:\/\/www.copealcoy.es\/es\/el-circulo-industrial-propone-nombrar-a-camilo-sesto-como-socio-de-honor\/","url":"https:\/\/www.copealcoy.es\/es\/el-circulo-industrial-propone-nombrar-a-camilo-sesto-como-socio-de-honor\/","name":"El C\u00edrculo Industrial propone nombrar a Camilo Sesto como socio de honor - COPE Alcoy","isPartOf":{"@id":"https:\/\/www.copealcoy.es\/es\/#website"},"primaryImageOfPage":{"@id":"https:\/\/www.copealcoy.es\/es\/el-circulo-industrial-propone-nombrar-a-camilo-sesto-como-socio-de-honor\/#primaryimage"},"image":{"@id":"https:\/\/www.copealcoy.es\/es\/el-circulo-industrial-propone-nombrar-a-camilo-sesto-como-socio-de-honor\/#primaryimage"},"thumbnailUrl":"https:\/\/www.copealcoy.es\/wp-content\/uploads\/2016\/11\/IMG_5654.jpg","datePublished":"2018-05-22T17:07:07+00:00","author":{"@id":"https:\/\/www.copealcoy.es\/es\/#\/schema\/person\/e777c87fa024e57d40170af9df39882c"},"breadcrumb":{"@id":"https:\/\/www.copealcoy.es\/es\/el-circulo-industrial-propone-nombrar-a-camilo-sesto-como-socio-de-honor\/#breadcrumb"},"inLanguage":"es","potentialAction":[{"@type":"ReadAction","target":["https:\/\/www.copealcoy.es\/es\/el-circulo-industrial-propone-nombrar-a-camilo-sesto-como-socio-de-honor\/"]}]},{"@type":"ImageObject","inLanguage":"es","@id":"https:\/\/www.copealcoy.es\/es\/el-circulo-industrial-propone-nombrar-a-camilo-sesto-como-socio-de-honor\/#primaryimage","url":"https:\/\/www.copealcoy.es\/wp-content\/uploads\/2016\/11\/IMG_5654.jpg","contentUrl":"https:\/\/www.copealcoy.es\/wp-content\/uploads\/2016\/11\/IMG_5654.jpg","width":2048,"height":1356},{"@type":"BreadcrumbList","@id":"https:\/\/www.copealcoy.es\/es\/el-circulo-industrial-propone-nombrar-a-camilo-sesto-como-socio-de-honor\/#breadcrumb","itemListElement":[{"@type":"ListItem","position":1,"name":"Portada","item":"https:\/\/www.copealcoy.es\/es\/"},{"@type":"ListItem","position":2,"name":"El C\u00edrculo Industrial propone nombrar a Camilo Sesto como socio de honor"}]},{"@type":"WebSite","@id":"https:\/\/www.copealcoy.es\/es\/#website","url":"https:\/\/www.copealcoy.es\/es\/","name":"COPE Alcoy","description":"Emisora COPE de radio local con emisi\u00f3n online. Pont de Sant Jordi 8-10 03803 Alcoy","potentialAction":[{"@type":"SearchAction","target":{"@type":"EntryPoint","urlTemplate":"https:\/\/www.copealcoy.es\/es\/?s={search_term_string}"},"query-input":{"@type":"PropertyValueSpecification","valueRequired":true,"valueName":"search_term_string"}}],"inLanguage":"es"},{"@type":"Person","@id":"https:\/\/www.copealcoy.es\/es\/#\/schema\/person\/e777c87fa024e57d40170af9df39882c","name":"Cope Alcoy","image":{"@type":"ImageObject","inLanguage":"es","@id":"https:\/\/secure.gravatar.com\/avatar\/bb65d0283347e303893ba14f0692005417c1e0e690a325a4c5d8bb2b3943ee14?s=96&d=mm&r=g","url":"https:\/\/secure.gravatar.com\/avatar\/bb65d0283347e303893ba14f0692005417c1e0e690a325a4c5d8bb2b3943ee14?s=96&d=mm&r=g","contentUrl":"https:\/\/secure.gravatar.com\/avatar\/bb65d0283347e303893ba14f0692005417c1e0e690a325a4c5d8bb2b3943ee14?s=96&d=mm&r=g","caption":"Cope Alcoy"}}]}},"_links":{"self":[{"href":"https:\/\/www.copealcoy.es\/es\/wp-json\/wp\/v2\/posts\/42365","targetHints":{"allow":["GET"]}}],"collection":[{"href":"https:\/\/www.copealcoy.es\/es\/wp-json\/wp\/v2\/posts"}],"about":[{"href":"https:\/\/www.copealcoy.es\/es\/wp-json\/wp\/v2\/types\/post"}],"author":[{"embeddable":true,"href":"https:\/\/www.copealcoy.es\/es\/wp-json\/wp\/v2\/users\/1"}],"replies":[{"embeddable":true,"href":"https:\/\/www.copealcoy.es\/es\/wp-json\/wp\/v2\/comments?post=42365"}],"version-history":[{"count":0,"href":"https:\/\/www.copealcoy.es\/es\/wp-json\/wp\/v2\/posts\/42365\/revisions"}],"wp:featuredmedia":[{"embeddable":true,"href":"https:\/\/www.copealcoy.es\/es\/wp-json\/wp\/v2\/media\/26675"}],"wp:attachment":[{"href":"https:\/\/www.copealcoy.es\/es\/wp-json\/wp\/v2\/media?parent=42365"}],"wp:term":[{"taxonomy":"category","embeddable":true,"href":"https:\/\/www.copealcoy.es\/es\/wp-json\/wp\/v2\/categories?post=42365"},{"taxonomy":"post_tag","embeddable":true,"href":"https:\/\/www.copealcoy.es\/es\/wp-json\/wp\/v2\/tags?post=42365"}],"curies":[{"name":"wp","href":"https:\/\/api.w.org\/{rel}","templated":true}]}}