{"id":42332,"date":"2018-05-22T14:16:56","date_gmt":"2018-05-22T14:16:56","guid":{"rendered":"http:\/\/copealcoi.es\/new\/?p=42332"},"modified":"2018-05-22T14:22:48","modified_gmt":"2018-05-22T14:22:48","slug":"gastronomia-y-coches-clasicos-se-fusionan-en-cocentaina","status":"publish","type":"post","link":"https:\/\/www.copealcoy.es\/es\/gastronomia-y-coches-clasicos-se-fusionan-en-cocentaina\/","title":{"rendered":"Gastronom\u00eda y coches cl\u00e1sicos se fusionan en Cocentaina"},"content":{"rendered":"<p style=\"text-align: justify;\">Las <strong>Jornadas Gastron\u00f3micas Fira de Tots Sants de Cocentaina<\/strong> de este 2018 afrontan ya <strong>su ecuador<\/strong> tras <strong>la ruta del \u2018Quinto y Tapa\u2019<\/strong> celebrada este pasado fin de semana y que ha discurrido por el casco antiguo de la poblaci\u00f3n. En esta ocasi\u00f3n han tenido su protagonismo <strong>los establecimientos hosteleros<\/strong> que participan en este evento y que <strong>se ubican en este punto concreto<\/strong> de la Villa Condal. Todos ellos reunieron a<strong> numerosos comensales<\/strong>, sobre todo en la tarde y la noche del viernes, para degustar de nuevo <strong>una gran variedad de tapas acompa\u00f1adas de cerveza, caf\u00e9 licor o refrescos<\/strong>. La m\u00fasica en directo <strong>fue tambi\u00e9n la perfecta compa\u00f1era<\/strong> y contribuy\u00f3 a crear ambiente mientras los comensales disfrutaban de los placeres que ofrece la gastronom\u00eda contestana.<\/p>\n<p style=\"text-align: justify;\">A las propuestas culinarias se les sum\u00f3 <strong>la concentraci\u00f3n de coches y motos cl\u00e1sicos<\/strong> celebrada el domingo por la ma\u00f1ana, una actividad<strong> ligada a las Jornadas Gastron\u00f3micas<\/strong> y que est\u00e1 <strong>plenamente consolidada<\/strong> tras celebrarse durante doce ediciones. A las ocho de la ma\u00f1ana empez\u00f3 <strong>el estacionamiento de los veh\u00edculos<\/strong> en el Passeig del Comtat y tras <strong>el correspondiente almuerzo<\/strong> los conductores <strong>iniciaron un recorrido<\/strong> por la poblaci\u00f3n, y algunos pueblos de la comarca del Comtat, para regresar de nuevo al punto de partida. En esta ocasi\u00f3n <strong>participaron un centenar de veh\u00edculos<\/strong> entre coches y motos; lo que se traduce en <strong>unas 170 personas asistentes al evento<\/strong> \u201c<em>estamos muy contentos por c\u00f3mo ha transcurrido la ma\u00f1ana y por la gran asistencia de personas.\u00a0 Ha venido gente de poblaciones cercanas como Alcoy, Muro y Banyeres de Mariola e incluso localidades de comarcas vecinas\u00a0 entre las que destacan Benidorm y La Nuc\u00eda. Ha sido un verdadero \u00e9xito<\/em>\u201d, comentaba <strong>Chema Bene\u00efto<\/strong>, Presidente del Club de Coches Antiguos de Cocentaina al finalizar la peculiar carrera al mediod\u00eda.<\/p>\n<p style=\"text-align: justify;\">Se\u00f1alar que las Jornadas Gastron\u00f3micas Fira de Tots Sants, con su correspondiente \u2018Quinto y Tapa\u2019, <strong>se retomar\u00e1n el fin de semana<\/strong> con una nueva ruta; en este caso por los bares de la zona alta de la localidad.<\/p>\n","protected":false},"excerpt":{"rendered":"<p>Las Jornadas Gastron\u00f3micas Fira de Tots Sants de Cocentaina de este 2018 afrontan ya su ecuador tras la ruta del&#8230;<\/p>\n","protected":false},"author":1,"featured_media":42334,"comment_status":"open","ping_status":"open","sticky":false,"template":"","format":"standard","meta":{"footnotes":""},"categories":[98,75],"tags":[132,5662,716],"class_list":["post-42332","post","type-post","status-publish","format-standard","has-post-thumbnail","hentry","category-comarcas","category-noticias","tag-cocentaina","tag-coches-claisicos","tag-gastronomia"],"yoast_head":"<!-- This site is optimized with the Yoast SEO plugin v27.3 - https:\/\/yoast.com\/product\/yoast-seo-wordpress\/ -->\n<title>Gastronom\u00eda y coches cl\u00e1sicos se fusionan en Cocentaina - COPE Alcoy<\/title>\n<meta name=\"robots\" content=\"index, follow, max-snippet:-1, max-image-preview:large, max-video-preview:-1\" \/>\n<link rel=\"canonical\" href=\"https:\/\/www.copealcoy.es\/es\/gastronomia-y-coches-clasicos-se-fusionan-en-cocentaina\/\" \/>\n<meta property=\"og:locale\" content=\"es_ES\" \/>\n<meta property=\"og:type\" content=\"article\" \/>\n<meta property=\"og:title\" content=\"Gastronom\u00eda y coches cl\u00e1sicos se fusionan en Cocentaina - COPE Alcoy\" \/>\n<meta property=\"og:description\" content=\"Las Jornadas Gastron\u00f3micas Fira de Tots Sants de Cocentaina de este 2018 afrontan ya su ecuador tras la ruta del...\" \/>\n<meta property=\"og:url\" content=\"https:\/\/www.copealcoy.es\/es\/gastronomia-y-coches-clasicos-se-fusionan-en-cocentaina\/\" \/>\n<meta property=\"og:site_name\" content=\"COPE Alcoy\" \/>\n<meta property=\"article:published_time\" content=\"2018-05-22T14:16:56+00:00\" \/>\n<meta property=\"article:modified_time\" content=\"2018-05-22T14:22:48+00:00\" \/>\n<meta property=\"og:image\" content=\"https:\/\/www.copealcoy.es\/wp-content\/uploads\/2018\/05\/12-Un-centenar-de-veh\u00edculos-particip\u00f3-en-la-concentraci\u00f3n-Foto-Gabriel-Pascual.jpg\" \/>\n\t<meta property=\"og:image:width\" content=\"960\" \/>\n\t<meta property=\"og:image:height\" content=\"720\" \/>\n\t<meta property=\"og:image:type\" content=\"image\/jpeg\" \/>\n<meta name=\"author\" content=\"Cope Alcoy\" \/>\n<meta name=\"twitter:label1\" content=\"Escrito por\" \/>\n\t<meta name=\"twitter:data1\" content=\"Cope Alcoy\" \/>\n\t<meta name=\"twitter:label2\" content=\"Tiempo de lectura\" \/>\n\t<meta name=\"twitter:data2\" content=\"2 minutos\" \/>\n<script type=\"application\/ld+json\" class=\"yoast-schema-graph\">{\"@context\":\"https:\\\/\\\/schema.org\",\"@graph\":[{\"@type\":\"Article\",\"@id\":\"https:\\\/\\\/www.copealcoy.es\\\/es\\\/gastronomia-y-coches-clasicos-se-fusionan-en-cocentaina\\\/#article\",\"isPartOf\":{\"@id\":\"https:\\\/\\\/www.copealcoy.es\\\/es\\\/gastronomia-y-coches-clasicos-se-fusionan-en-cocentaina\\\/\"},\"author\":{\"name\":\"Cope Alcoy\",\"@id\":\"https:\\\/\\\/www.copealcoy.es\\\/es\\\/#\\\/schema\\\/person\\\/e777c87fa024e57d40170af9df39882c\"},\"headline\":\"Gastronom\u00eda y coches cl\u00e1sicos se fusionan en Cocentaina\",\"datePublished\":\"2018-05-22T14:16:56+00:00\",\"dateModified\":\"2018-05-22T14:22:48+00:00\",\"mainEntityOfPage\":{\"@id\":\"https:\\\/\\\/www.copealcoy.es\\\/es\\\/gastronomia-y-coches-clasicos-se-fusionan-en-cocentaina\\\/\"},\"wordCount\":368,\"commentCount\":0,\"image\":{\"@id\":\"https:\\\/\\\/www.copealcoy.es\\\/es\\\/gastronomia-y-coches-clasicos-se-fusionan-en-cocentaina\\\/#primaryimage\"},\"thumbnailUrl\":\"https:\\\/\\\/www.copealcoy.es\\\/wp-content\\\/uploads\\\/2018\\\/05\\\/12-Un-centenar-de-veh\u00edculos-particip\u00f3-en-la-concentraci\u00f3n-Foto-Gabriel-Pascual.jpg\",\"keywords\":[\"Cocentaina\",\"coches cl\u00e1isicos\",\"Gastronom\u00eda\"],\"articleSection\":[\"Comarcas\",\"Noticias\"],\"inLanguage\":\"es\"},{\"@type\":\"WebPage\",\"@id\":\"https:\\\/\\\/www.copealcoy.es\\\/es\\\/gastronomia-y-coches-clasicos-se-fusionan-en-cocentaina\\\/\",\"url\":\"https:\\\/\\\/www.copealcoy.es\\\/es\\\/gastronomia-y-coches-clasicos-se-fusionan-en-cocentaina\\\/\",\"name\":\"Gastronom\u00eda y coches cl\u00e1sicos se fusionan en Cocentaina - COPE Alcoy\",\"isPartOf\":{\"@id\":\"https:\\\/\\\/www.copealcoy.es\\\/es\\\/#website\"},\"primaryImageOfPage\":{\"@id\":\"https:\\\/\\\/www.copealcoy.es\\\/es\\\/gastronomia-y-coches-clasicos-se-fusionan-en-cocentaina\\\/#primaryimage\"},\"image\":{\"@id\":\"https:\\\/\\\/www.copealcoy.es\\\/es\\\/gastronomia-y-coches-clasicos-se-fusionan-en-cocentaina\\\/#primaryimage\"},\"thumbnailUrl\":\"https:\\\/\\\/www.copealcoy.es\\\/wp-content\\\/uploads\\\/2018\\\/05\\\/12-Un-centenar-de-veh\u00edculos-particip\u00f3-en-la-concentraci\u00f3n-Foto-Gabriel-Pascual.jpg\",\"datePublished\":\"2018-05-22T14:16:56+00:00\",\"dateModified\":\"2018-05-22T14:22:48+00:00\",\"author\":{\"@id\":\"https:\\\/\\\/www.copealcoy.es\\\/es\\\/#\\\/schema\\\/person\\\/e777c87fa024e57d40170af9df39882c\"},\"breadcrumb\":{\"@id\":\"https:\\\/\\\/www.copealcoy.es\\\/es\\\/gastronomia-y-coches-clasicos-se-fusionan-en-cocentaina\\\/#breadcrumb\"},\"inLanguage\":\"es\",\"potentialAction\":[{\"@type\":\"ReadAction\",\"target\":[\"https:\\\/\\\/www.copealcoy.es\\\/es\\\/gastronomia-y-coches-clasicos-se-fusionan-en-cocentaina\\\/\"]}]},{\"@type\":\"ImageObject\",\"inLanguage\":\"es\",\"@id\":\"https:\\\/\\\/www.copealcoy.es\\\/es\\\/gastronomia-y-coches-clasicos-se-fusionan-en-cocentaina\\\/#primaryimage\",\"url\":\"https:\\\/\\\/www.copealcoy.es\\\/wp-content\\\/uploads\\\/2018\\\/05\\\/12-Un-centenar-de-veh\u00edculos-particip\u00f3-en-la-concentraci\u00f3n-Foto-Gabriel-Pascual.jpg\",\"contentUrl\":\"https:\\\/\\\/www.copealcoy.es\\\/wp-content\\\/uploads\\\/2018\\\/05\\\/12-Un-centenar-de-veh\u00edculos-particip\u00f3-en-la-concentraci\u00f3n-Foto-Gabriel-Pascual.jpg\",\"width\":960,\"height\":720,\"caption\":\"Un centenar de veh\u00edculos particip\u00f3 en la concentraci\u00f3n (Foto Gabriel Pascual)\"},{\"@type\":\"BreadcrumbList\",\"@id\":\"https:\\\/\\\/www.copealcoy.es\\\/es\\\/gastronomia-y-coches-clasicos-se-fusionan-en-cocentaina\\\/#breadcrumb\",\"itemListElement\":[{\"@type\":\"ListItem\",\"position\":1,\"name\":\"Portada\",\"item\":\"https:\\\/\\\/www.copealcoy.es\\\/es\\\/\"},{\"@type\":\"ListItem\",\"position\":2,\"name\":\"Gastronom\u00eda y coches cl\u00e1sicos se fusionan en Cocentaina\"}]},{\"@type\":\"WebSite\",\"@id\":\"https:\\\/\\\/www.copealcoy.es\\\/es\\\/#website\",\"url\":\"https:\\\/\\\/www.copealcoy.es\\\/es\\\/\",\"name\":\"COPE Alcoy\",\"description\":\"Emisora COPE de radio local con emisi\u00f3n online. Pont de Sant Jordi 8-10 03803 Alcoy\",\"potentialAction\":[{\"@type\":\"SearchAction\",\"target\":{\"@type\":\"EntryPoint\",\"urlTemplate\":\"https:\\\/\\\/www.copealcoy.es\\\/es\\\/?s={search_term_string}\"},\"query-input\":{\"@type\":\"PropertyValueSpecification\",\"valueRequired\":true,\"valueName\":\"search_term_string\"}}],\"inLanguage\":\"es\"},{\"@type\":\"Person\",\"@id\":\"https:\\\/\\\/www.copealcoy.es\\\/es\\\/#\\\/schema\\\/person\\\/e777c87fa024e57d40170af9df39882c\",\"name\":\"Cope Alcoy\",\"image\":{\"@type\":\"ImageObject\",\"inLanguage\":\"es\",\"@id\":\"https:\\\/\\\/secure.gravatar.com\\\/avatar\\\/bb65d0283347e303893ba14f0692005417c1e0e690a325a4c5d8bb2b3943ee14?s=96&d=mm&r=g\",\"url\":\"https:\\\/\\\/secure.gravatar.com\\\/avatar\\\/bb65d0283347e303893ba14f0692005417c1e0e690a325a4c5d8bb2b3943ee14?s=96&d=mm&r=g\",\"contentUrl\":\"https:\\\/\\\/secure.gravatar.com\\\/avatar\\\/bb65d0283347e303893ba14f0692005417c1e0e690a325a4c5d8bb2b3943ee14?s=96&d=mm&r=g\",\"caption\":\"Cope Alcoy\"}}]}<\/script>\n<!-- \/ Yoast SEO plugin. -->","yoast_head_json":{"title":"Gastronom\u00eda y coches cl\u00e1sicos se fusionan en Cocentaina - COPE Alcoy","robots":{"index":"index","follow":"follow","max-snippet":"max-snippet:-1","max-image-preview":"max-image-preview:large","max-video-preview":"max-video-preview:-1"},"canonical":"https:\/\/www.copealcoy.es\/es\/gastronomia-y-coches-clasicos-se-fusionan-en-cocentaina\/","og_locale":"es_ES","og_type":"article","og_title":"Gastronom\u00eda y coches cl\u00e1sicos se fusionan en Cocentaina - COPE Alcoy","og_description":"Las Jornadas Gastron\u00f3micas Fira de Tots Sants de Cocentaina de este 2018 afrontan ya su ecuador tras la ruta del...","og_url":"https:\/\/www.copealcoy.es\/es\/gastronomia-y-coches-clasicos-se-fusionan-en-cocentaina\/","og_site_name":"COPE Alcoy","article_published_time":"2018-05-22T14:16:56+00:00","article_modified_time":"2018-05-22T14:22:48+00:00","og_image":[{"width":960,"height":720,"url":"https:\/\/www.copealcoy.es\/wp-content\/uploads\/2018\/05\/12-Un-centenar-de-veh\u00edculos-particip\u00f3-en-la-concentraci\u00f3n-Foto-Gabriel-Pascual.jpg","type":"image\/jpeg"}],"author":"Cope Alcoy","twitter_misc":{"Escrito por":"Cope Alcoy","Tiempo de lectura":"2 minutos"},"schema":{"@context":"https:\/\/schema.org","@graph":[{"@type":"Article","@id":"https:\/\/www.copealcoy.es\/es\/gastronomia-y-coches-clasicos-se-fusionan-en-cocentaina\/#article","isPartOf":{"@id":"https:\/\/www.copealcoy.es\/es\/gastronomia-y-coches-clasicos-se-fusionan-en-cocentaina\/"},"author":{"name":"Cope Alcoy","@id":"https:\/\/www.copealcoy.es\/es\/#\/schema\/person\/e777c87fa024e57d40170af9df39882c"},"headline":"Gastronom\u00eda y coches cl\u00e1sicos se fusionan en Cocentaina","datePublished":"2018-05-22T14:16:56+00:00","dateModified":"2018-05-22T14:22:48+00:00","mainEntityOfPage":{"@id":"https:\/\/www.copealcoy.es\/es\/gastronomia-y-coches-clasicos-se-fusionan-en-cocentaina\/"},"wordCount":368,"commentCount":0,"image":{"@id":"https:\/\/www.copealcoy.es\/es\/gastronomia-y-coches-clasicos-se-fusionan-en-cocentaina\/#primaryimage"},"thumbnailUrl":"https:\/\/www.copealcoy.es\/wp-content\/uploads\/2018\/05\/12-Un-centenar-de-veh\u00edculos-particip\u00f3-en-la-concentraci\u00f3n-Foto-Gabriel-Pascual.jpg","keywords":["Cocentaina","coches cl\u00e1isicos","Gastronom\u00eda"],"articleSection":["Comarcas","Noticias"],"inLanguage":"es"},{"@type":"WebPage","@id":"https:\/\/www.copealcoy.es\/es\/gastronomia-y-coches-clasicos-se-fusionan-en-cocentaina\/","url":"https:\/\/www.copealcoy.es\/es\/gastronomia-y-coches-clasicos-se-fusionan-en-cocentaina\/","name":"Gastronom\u00eda y coches cl\u00e1sicos se fusionan en Cocentaina - COPE Alcoy","isPartOf":{"@id":"https:\/\/www.copealcoy.es\/es\/#website"},"primaryImageOfPage":{"@id":"https:\/\/www.copealcoy.es\/es\/gastronomia-y-coches-clasicos-se-fusionan-en-cocentaina\/#primaryimage"},"image":{"@id":"https:\/\/www.copealcoy.es\/es\/gastronomia-y-coches-clasicos-se-fusionan-en-cocentaina\/#primaryimage"},"thumbnailUrl":"https:\/\/www.copealcoy.es\/wp-content\/uploads\/2018\/05\/12-Un-centenar-de-veh\u00edculos-particip\u00f3-en-la-concentraci\u00f3n-Foto-Gabriel-Pascual.jpg","datePublished":"2018-05-22T14:16:56+00:00","dateModified":"2018-05-22T14:22:48+00:00","author":{"@id":"https:\/\/www.copealcoy.es\/es\/#\/schema\/person\/e777c87fa024e57d40170af9df39882c"},"breadcrumb":{"@id":"https:\/\/www.copealcoy.es\/es\/gastronomia-y-coches-clasicos-se-fusionan-en-cocentaina\/#breadcrumb"},"inLanguage":"es","potentialAction":[{"@type":"ReadAction","target":["https:\/\/www.copealcoy.es\/es\/gastronomia-y-coches-clasicos-se-fusionan-en-cocentaina\/"]}]},{"@type":"ImageObject","inLanguage":"es","@id":"https:\/\/www.copealcoy.es\/es\/gastronomia-y-coches-clasicos-se-fusionan-en-cocentaina\/#primaryimage","url":"https:\/\/www.copealcoy.es\/wp-content\/uploads\/2018\/05\/12-Un-centenar-de-veh\u00edculos-particip\u00f3-en-la-concentraci\u00f3n-Foto-Gabriel-Pascual.jpg","contentUrl":"https:\/\/www.copealcoy.es\/wp-content\/uploads\/2018\/05\/12-Un-centenar-de-veh\u00edculos-particip\u00f3-en-la-concentraci\u00f3n-Foto-Gabriel-Pascual.jpg","width":960,"height":720,"caption":"Un centenar de veh\u00edculos particip\u00f3 en la concentraci\u00f3n (Foto Gabriel Pascual)"},{"@type":"BreadcrumbList","@id":"https:\/\/www.copealcoy.es\/es\/gastronomia-y-coches-clasicos-se-fusionan-en-cocentaina\/#breadcrumb","itemListElement":[{"@type":"ListItem","position":1,"name":"Portada","item":"https:\/\/www.copealcoy.es\/es\/"},{"@type":"ListItem","position":2,"name":"Gastronom\u00eda y coches cl\u00e1sicos se fusionan en Cocentaina"}]},{"@type":"WebSite","@id":"https:\/\/www.copealcoy.es\/es\/#website","url":"https:\/\/www.copealcoy.es\/es\/","name":"COPE Alcoy","description":"Emisora COPE de radio local con emisi\u00f3n online. Pont de Sant Jordi 8-10 03803 Alcoy","potentialAction":[{"@type":"SearchAction","target":{"@type":"EntryPoint","urlTemplate":"https:\/\/www.copealcoy.es\/es\/?s={search_term_string}"},"query-input":{"@type":"PropertyValueSpecification","valueRequired":true,"valueName":"search_term_string"}}],"inLanguage":"es"},{"@type":"Person","@id":"https:\/\/www.copealcoy.es\/es\/#\/schema\/person\/e777c87fa024e57d40170af9df39882c","name":"Cope Alcoy","image":{"@type":"ImageObject","inLanguage":"es","@id":"https:\/\/secure.gravatar.com\/avatar\/bb65d0283347e303893ba14f0692005417c1e0e690a325a4c5d8bb2b3943ee14?s=96&d=mm&r=g","url":"https:\/\/secure.gravatar.com\/avatar\/bb65d0283347e303893ba14f0692005417c1e0e690a325a4c5d8bb2b3943ee14?s=96&d=mm&r=g","contentUrl":"https:\/\/secure.gravatar.com\/avatar\/bb65d0283347e303893ba14f0692005417c1e0e690a325a4c5d8bb2b3943ee14?s=96&d=mm&r=g","caption":"Cope Alcoy"}}]}},"_links":{"self":[{"href":"https:\/\/www.copealcoy.es\/es\/wp-json\/wp\/v2\/posts\/42332","targetHints":{"allow":["GET"]}}],"collection":[{"href":"https:\/\/www.copealcoy.es\/es\/wp-json\/wp\/v2\/posts"}],"about":[{"href":"https:\/\/www.copealcoy.es\/es\/wp-json\/wp\/v2\/types\/post"}],"author":[{"embeddable":true,"href":"https:\/\/www.copealcoy.es\/es\/wp-json\/wp\/v2\/users\/1"}],"replies":[{"embeddable":true,"href":"https:\/\/www.copealcoy.es\/es\/wp-json\/wp\/v2\/comments?post=42332"}],"version-history":[{"count":0,"href":"https:\/\/www.copealcoy.es\/es\/wp-json\/wp\/v2\/posts\/42332\/revisions"}],"wp:featuredmedia":[{"embeddable":true,"href":"https:\/\/www.copealcoy.es\/es\/wp-json\/wp\/v2\/media\/42334"}],"wp:attachment":[{"href":"https:\/\/www.copealcoy.es\/es\/wp-json\/wp\/v2\/media?parent=42332"}],"wp:term":[{"taxonomy":"category","embeddable":true,"href":"https:\/\/www.copealcoy.es\/es\/wp-json\/wp\/v2\/categories?post=42332"},{"taxonomy":"post_tag","embeddable":true,"href":"https:\/\/www.copealcoy.es\/es\/wp-json\/wp\/v2\/tags?post=42332"}],"curies":[{"name":"wp","href":"https:\/\/api.w.org\/{rel}","templated":true}]}}