{"id":42270,"date":"2018-05-18T22:33:26","date_gmt":"2018-05-18T22:33:26","guid":{"rendered":"http:\/\/copealcoi.es\/new\/?p=42270"},"modified":"2018-05-18T22:46:05","modified_gmt":"2018-05-18T22:46:05","slug":"la-mejor-gastronomia-sigue-dandose-cita-en-cocentaina","status":"publish","type":"post","link":"https:\/\/www.copealcoy.es\/es\/la-mejor-gastronomia-sigue-dandose-cita-en-cocentaina\/","title":{"rendered":"La mejor gastronom\u00eda sigue d\u00e1ndose cita en Cocentaina"},"content":{"rendered":"<p style=\"text-align: justify;\">Las <strong>Jornadas Gastron\u00f3micas Fira de Tots Sants de Cocentaina<\/strong> contin\u00faan su curso tras <strong>un intenso fin de semana<\/strong> en el que se llev\u00f3 a cabo <strong>la ruta del \u2018Quinto y Tapa\u2019<\/strong> por los establecimientos participantes en este evento y que <strong>se ubican en la parte baja<\/strong> de la poblaci\u00f3n. Numerosas personas, especialmente el viernes por la noche y el s\u00e1bado a mediod\u00eda, <strong>disfrutaron de exquisitas e innovadoras tapas<\/strong> acompa\u00f1adas por una cerveza\u00a0 e incluso de caf\u00e9 licor o refrescos. Adem\u00e1s <strong>no falt\u00f3 la animaci\u00f3n <\/strong>ofrecida por la m\u00fasica en directo y hubo espacio para algunas batucadas ante las mesas en las que los comensales disfrutaban de sus tapas. Recordar que <strong>este a\u00f1o son un total de 21 los bares y restaurantes participantes<\/strong> en este certamen culinario que inici\u00f3 su andadura hace trece a\u00f1os. Tambi\u00e9n, como novedad, algunos de los establecimientos hosteleros participantes <strong>han organizado men\u00fas de mediod\u00eda<\/strong> \u201c<em>en un intento por recuperar el origen que tuvieron estas Jornadas Gastron\u00f3micas en el a\u00f1o 2006<\/em>\u201d, recuerda la edil de Fira y Promoci\u00f3n Econ\u00f3mica; <strong>Mariona Carbonell<\/strong>.<\/p>\n<p style=\"text-align: justify;\">Por otra parte es importante se\u00f1alar que los que completen las rutas de tapas previstas <strong>podr\u00e1n optar a ganar un premio de trescientos euros<\/strong> y tambi\u00e9n <strong>obsequios<\/strong> por parte de las firmas que colaboran en esta iniciativa. De igual forma <strong>hay sorteos de premios econ\u00f3micos<\/strong> entre todos los que <strong>compartan sus fotograf\u00edas<\/strong> en las redes sociales, especialmente Facebook y Twitter, con el hastag #CocentainadeTapes.<\/p>\n<p style=\"text-align: justify;\">Las Jornadas Gastron\u00f3micas Fira de Tots Sants seguir\u00e1n a partir del jueves y en este caso <strong>la ruta del \u2018Quinto y Tapa\u2019 discurrir\u00e1 por el casco antiguo<\/strong> de la Villa Condal.<\/p>\n","protected":false},"excerpt":{"rendered":"<p>Las Jornadas Gastron\u00f3micas Fira de Tots Sants de Cocentaina contin\u00faan su curso tras un intenso fin de semana en el&#8230;<\/p>\n","protected":false},"author":1,"featured_media":42273,"comment_status":"open","ping_status":"open","sticky":false,"template":"","format":"standard","meta":{"footnotes":""},"categories":[98,75],"tags":[132,4070,5647],"class_list":["post-42270","post","type-post","status-publish","format-standard","has-post-thumbnail","hentry","category-comarcas","category-noticias","tag-cocentaina","tag-jornadas-gastronomicas","tag-mejor-gastronomia"],"yoast_head":"<!-- This site is optimized with the Yoast SEO plugin v27.3 - https:\/\/yoast.com\/product\/yoast-seo-wordpress\/ -->\n<title>La mejor gastronom\u00eda sigue d\u00e1ndose cita en Cocentaina - COPE Alcoy<\/title>\n<meta name=\"robots\" content=\"index, follow, max-snippet:-1, max-image-preview:large, max-video-preview:-1\" \/>\n<link rel=\"canonical\" href=\"https:\/\/www.copealcoy.es\/es\/la-mejor-gastronomia-sigue-dandose-cita-en-cocentaina\/\" \/>\n<meta property=\"og:locale\" content=\"es_ES\" \/>\n<meta property=\"og:type\" content=\"article\" \/>\n<meta property=\"og:title\" content=\"La mejor gastronom\u00eda sigue d\u00e1ndose cita en Cocentaina - COPE Alcoy\" \/>\n<meta property=\"og:description\" content=\"Las Jornadas Gastron\u00f3micas Fira de Tots Sants de Cocentaina contin\u00faan su curso tras un intenso fin de semana en el...\" \/>\n<meta property=\"og:url\" content=\"https:\/\/www.copealcoy.es\/es\/la-mejor-gastronomia-sigue-dandose-cita-en-cocentaina\/\" \/>\n<meta property=\"og:site_name\" content=\"COPE Alcoy\" \/>\n<meta property=\"article:published_time\" content=\"2018-05-18T22:33:26+00:00\" \/>\n<meta property=\"article:modified_time\" content=\"2018-05-18T22:46:05+00:00\" \/>\n<meta property=\"og:image\" content=\"https:\/\/www.copealcoy.es\/wp-content\/uploads\/2018\/05\/32267005_861202247397279_7310054369519468544_n.jpg\" \/>\n\t<meta property=\"og:image:width\" content=\"960\" \/>\n\t<meta property=\"og:image:height\" content=\"720\" \/>\n\t<meta property=\"og:image:type\" content=\"image\/jpeg\" \/>\n<meta name=\"author\" content=\"Cope Alcoy\" \/>\n<meta name=\"twitter:label1\" content=\"Escrito por\" \/>\n\t<meta name=\"twitter:data1\" content=\"Cope Alcoy\" \/>\n\t<meta name=\"twitter:label2\" content=\"Tiempo de lectura\" \/>\n\t<meta name=\"twitter:data2\" content=\"1 minuto\" \/>\n<script type=\"application\/ld+json\" class=\"yoast-schema-graph\">{\"@context\":\"https:\\\/\\\/schema.org\",\"@graph\":[{\"@type\":\"Article\",\"@id\":\"https:\\\/\\\/www.copealcoy.es\\\/es\\\/la-mejor-gastronomia-sigue-dandose-cita-en-cocentaina\\\/#article\",\"isPartOf\":{\"@id\":\"https:\\\/\\\/www.copealcoy.es\\\/es\\\/la-mejor-gastronomia-sigue-dandose-cita-en-cocentaina\\\/\"},\"author\":{\"name\":\"Cope Alcoy\",\"@id\":\"https:\\\/\\\/www.copealcoy.es\\\/es\\\/#\\\/schema\\\/person\\\/e777c87fa024e57d40170af9df39882c\"},\"headline\":\"La mejor gastronom\u00eda sigue d\u00e1ndose cita en Cocentaina\",\"datePublished\":\"2018-05-18T22:33:26+00:00\",\"dateModified\":\"2018-05-18T22:46:05+00:00\",\"mainEntityOfPage\":{\"@id\":\"https:\\\/\\\/www.copealcoy.es\\\/es\\\/la-mejor-gastronomia-sigue-dandose-cita-en-cocentaina\\\/\"},\"wordCount\":301,\"commentCount\":0,\"image\":{\"@id\":\"https:\\\/\\\/www.copealcoy.es\\\/es\\\/la-mejor-gastronomia-sigue-dandose-cita-en-cocentaina\\\/#primaryimage\"},\"thumbnailUrl\":\"https:\\\/\\\/www.copealcoy.es\\\/wp-content\\\/uploads\\\/2018\\\/05\\\/32267005_861202247397279_7310054369519468544_n.jpg\",\"keywords\":[\"Cocentaina\",\"Jornadas Gastron\u00f3micas\",\"mejor gastronom\u00eda\"],\"articleSection\":[\"Comarcas\",\"Noticias\"],\"inLanguage\":\"es\"},{\"@type\":\"WebPage\",\"@id\":\"https:\\\/\\\/www.copealcoy.es\\\/es\\\/la-mejor-gastronomia-sigue-dandose-cita-en-cocentaina\\\/\",\"url\":\"https:\\\/\\\/www.copealcoy.es\\\/es\\\/la-mejor-gastronomia-sigue-dandose-cita-en-cocentaina\\\/\",\"name\":\"La mejor gastronom\u00eda sigue d\u00e1ndose cita en Cocentaina - COPE Alcoy\",\"isPartOf\":{\"@id\":\"https:\\\/\\\/www.copealcoy.es\\\/es\\\/#website\"},\"primaryImageOfPage\":{\"@id\":\"https:\\\/\\\/www.copealcoy.es\\\/es\\\/la-mejor-gastronomia-sigue-dandose-cita-en-cocentaina\\\/#primaryimage\"},\"image\":{\"@id\":\"https:\\\/\\\/www.copealcoy.es\\\/es\\\/la-mejor-gastronomia-sigue-dandose-cita-en-cocentaina\\\/#primaryimage\"},\"thumbnailUrl\":\"https:\\\/\\\/www.copealcoy.es\\\/wp-content\\\/uploads\\\/2018\\\/05\\\/32267005_861202247397279_7310054369519468544_n.jpg\",\"datePublished\":\"2018-05-18T22:33:26+00:00\",\"dateModified\":\"2018-05-18T22:46:05+00:00\",\"author\":{\"@id\":\"https:\\\/\\\/www.copealcoy.es\\\/es\\\/#\\\/schema\\\/person\\\/e777c87fa024e57d40170af9df39882c\"},\"breadcrumb\":{\"@id\":\"https:\\\/\\\/www.copealcoy.es\\\/es\\\/la-mejor-gastronomia-sigue-dandose-cita-en-cocentaina\\\/#breadcrumb\"},\"inLanguage\":\"es\",\"potentialAction\":[{\"@type\":\"ReadAction\",\"target\":[\"https:\\\/\\\/www.copealcoy.es\\\/es\\\/la-mejor-gastronomia-sigue-dandose-cita-en-cocentaina\\\/\"]}]},{\"@type\":\"ImageObject\",\"inLanguage\":\"es\",\"@id\":\"https:\\\/\\\/www.copealcoy.es\\\/es\\\/la-mejor-gastronomia-sigue-dandose-cita-en-cocentaina\\\/#primaryimage\",\"url\":\"https:\\\/\\\/www.copealcoy.es\\\/wp-content\\\/uploads\\\/2018\\\/05\\\/32267005_861202247397279_7310054369519468544_n.jpg\",\"contentUrl\":\"https:\\\/\\\/www.copealcoy.es\\\/wp-content\\\/uploads\\\/2018\\\/05\\\/32267005_861202247397279_7310054369519468544_n.jpg\",\"width\":960,\"height\":720},{\"@type\":\"BreadcrumbList\",\"@id\":\"https:\\\/\\\/www.copealcoy.es\\\/es\\\/la-mejor-gastronomia-sigue-dandose-cita-en-cocentaina\\\/#breadcrumb\",\"itemListElement\":[{\"@type\":\"ListItem\",\"position\":1,\"name\":\"Portada\",\"item\":\"https:\\\/\\\/www.copealcoy.es\\\/es\\\/\"},{\"@type\":\"ListItem\",\"position\":2,\"name\":\"La mejor gastronom\u00eda sigue d\u00e1ndose cita en Cocentaina\"}]},{\"@type\":\"WebSite\",\"@id\":\"https:\\\/\\\/www.copealcoy.es\\\/es\\\/#website\",\"url\":\"https:\\\/\\\/www.copealcoy.es\\\/es\\\/\",\"name\":\"COPE Alcoy\",\"description\":\"Emisora COPE de radio local con emisi\u00f3n online. Pont de Sant Jordi 8-10 03803 Alcoy\",\"potentialAction\":[{\"@type\":\"SearchAction\",\"target\":{\"@type\":\"EntryPoint\",\"urlTemplate\":\"https:\\\/\\\/www.copealcoy.es\\\/es\\\/?s={search_term_string}\"},\"query-input\":{\"@type\":\"PropertyValueSpecification\",\"valueRequired\":true,\"valueName\":\"search_term_string\"}}],\"inLanguage\":\"es\"},{\"@type\":\"Person\",\"@id\":\"https:\\\/\\\/www.copealcoy.es\\\/es\\\/#\\\/schema\\\/person\\\/e777c87fa024e57d40170af9df39882c\",\"name\":\"Cope Alcoy\",\"image\":{\"@type\":\"ImageObject\",\"inLanguage\":\"es\",\"@id\":\"https:\\\/\\\/secure.gravatar.com\\\/avatar\\\/bb65d0283347e303893ba14f0692005417c1e0e690a325a4c5d8bb2b3943ee14?s=96&d=mm&r=g\",\"url\":\"https:\\\/\\\/secure.gravatar.com\\\/avatar\\\/bb65d0283347e303893ba14f0692005417c1e0e690a325a4c5d8bb2b3943ee14?s=96&d=mm&r=g\",\"contentUrl\":\"https:\\\/\\\/secure.gravatar.com\\\/avatar\\\/bb65d0283347e303893ba14f0692005417c1e0e690a325a4c5d8bb2b3943ee14?s=96&d=mm&r=g\",\"caption\":\"Cope Alcoy\"}}]}<\/script>\n<!-- \/ Yoast SEO plugin. -->","yoast_head_json":{"title":"La mejor gastronom\u00eda sigue d\u00e1ndose cita en Cocentaina - COPE Alcoy","robots":{"index":"index","follow":"follow","max-snippet":"max-snippet:-1","max-image-preview":"max-image-preview:large","max-video-preview":"max-video-preview:-1"},"canonical":"https:\/\/www.copealcoy.es\/es\/la-mejor-gastronomia-sigue-dandose-cita-en-cocentaina\/","og_locale":"es_ES","og_type":"article","og_title":"La mejor gastronom\u00eda sigue d\u00e1ndose cita en Cocentaina - COPE Alcoy","og_description":"Las Jornadas Gastron\u00f3micas Fira de Tots Sants de Cocentaina contin\u00faan su curso tras un intenso fin de semana en el...","og_url":"https:\/\/www.copealcoy.es\/es\/la-mejor-gastronomia-sigue-dandose-cita-en-cocentaina\/","og_site_name":"COPE Alcoy","article_published_time":"2018-05-18T22:33:26+00:00","article_modified_time":"2018-05-18T22:46:05+00:00","og_image":[{"width":960,"height":720,"url":"https:\/\/www.copealcoy.es\/wp-content\/uploads\/2018\/05\/32267005_861202247397279_7310054369519468544_n.jpg","type":"image\/jpeg"}],"author":"Cope Alcoy","twitter_misc":{"Escrito por":"Cope Alcoy","Tiempo de lectura":"1 minuto"},"schema":{"@context":"https:\/\/schema.org","@graph":[{"@type":"Article","@id":"https:\/\/www.copealcoy.es\/es\/la-mejor-gastronomia-sigue-dandose-cita-en-cocentaina\/#article","isPartOf":{"@id":"https:\/\/www.copealcoy.es\/es\/la-mejor-gastronomia-sigue-dandose-cita-en-cocentaina\/"},"author":{"name":"Cope Alcoy","@id":"https:\/\/www.copealcoy.es\/es\/#\/schema\/person\/e777c87fa024e57d40170af9df39882c"},"headline":"La mejor gastronom\u00eda sigue d\u00e1ndose cita en Cocentaina","datePublished":"2018-05-18T22:33:26+00:00","dateModified":"2018-05-18T22:46:05+00:00","mainEntityOfPage":{"@id":"https:\/\/www.copealcoy.es\/es\/la-mejor-gastronomia-sigue-dandose-cita-en-cocentaina\/"},"wordCount":301,"commentCount":0,"image":{"@id":"https:\/\/www.copealcoy.es\/es\/la-mejor-gastronomia-sigue-dandose-cita-en-cocentaina\/#primaryimage"},"thumbnailUrl":"https:\/\/www.copealcoy.es\/wp-content\/uploads\/2018\/05\/32267005_861202247397279_7310054369519468544_n.jpg","keywords":["Cocentaina","Jornadas Gastron\u00f3micas","mejor gastronom\u00eda"],"articleSection":["Comarcas","Noticias"],"inLanguage":"es"},{"@type":"WebPage","@id":"https:\/\/www.copealcoy.es\/es\/la-mejor-gastronomia-sigue-dandose-cita-en-cocentaina\/","url":"https:\/\/www.copealcoy.es\/es\/la-mejor-gastronomia-sigue-dandose-cita-en-cocentaina\/","name":"La mejor gastronom\u00eda sigue d\u00e1ndose cita en Cocentaina - COPE Alcoy","isPartOf":{"@id":"https:\/\/www.copealcoy.es\/es\/#website"},"primaryImageOfPage":{"@id":"https:\/\/www.copealcoy.es\/es\/la-mejor-gastronomia-sigue-dandose-cita-en-cocentaina\/#primaryimage"},"image":{"@id":"https:\/\/www.copealcoy.es\/es\/la-mejor-gastronomia-sigue-dandose-cita-en-cocentaina\/#primaryimage"},"thumbnailUrl":"https:\/\/www.copealcoy.es\/wp-content\/uploads\/2018\/05\/32267005_861202247397279_7310054369519468544_n.jpg","datePublished":"2018-05-18T22:33:26+00:00","dateModified":"2018-05-18T22:46:05+00:00","author":{"@id":"https:\/\/www.copealcoy.es\/es\/#\/schema\/person\/e777c87fa024e57d40170af9df39882c"},"breadcrumb":{"@id":"https:\/\/www.copealcoy.es\/es\/la-mejor-gastronomia-sigue-dandose-cita-en-cocentaina\/#breadcrumb"},"inLanguage":"es","potentialAction":[{"@type":"ReadAction","target":["https:\/\/www.copealcoy.es\/es\/la-mejor-gastronomia-sigue-dandose-cita-en-cocentaina\/"]}]},{"@type":"ImageObject","inLanguage":"es","@id":"https:\/\/www.copealcoy.es\/es\/la-mejor-gastronomia-sigue-dandose-cita-en-cocentaina\/#primaryimage","url":"https:\/\/www.copealcoy.es\/wp-content\/uploads\/2018\/05\/32267005_861202247397279_7310054369519468544_n.jpg","contentUrl":"https:\/\/www.copealcoy.es\/wp-content\/uploads\/2018\/05\/32267005_861202247397279_7310054369519468544_n.jpg","width":960,"height":720},{"@type":"BreadcrumbList","@id":"https:\/\/www.copealcoy.es\/es\/la-mejor-gastronomia-sigue-dandose-cita-en-cocentaina\/#breadcrumb","itemListElement":[{"@type":"ListItem","position":1,"name":"Portada","item":"https:\/\/www.copealcoy.es\/es\/"},{"@type":"ListItem","position":2,"name":"La mejor gastronom\u00eda sigue d\u00e1ndose cita en Cocentaina"}]},{"@type":"WebSite","@id":"https:\/\/www.copealcoy.es\/es\/#website","url":"https:\/\/www.copealcoy.es\/es\/","name":"COPE Alcoy","description":"Emisora COPE de radio local con emisi\u00f3n online. Pont de Sant Jordi 8-10 03803 Alcoy","potentialAction":[{"@type":"SearchAction","target":{"@type":"EntryPoint","urlTemplate":"https:\/\/www.copealcoy.es\/es\/?s={search_term_string}"},"query-input":{"@type":"PropertyValueSpecification","valueRequired":true,"valueName":"search_term_string"}}],"inLanguage":"es"},{"@type":"Person","@id":"https:\/\/www.copealcoy.es\/es\/#\/schema\/person\/e777c87fa024e57d40170af9df39882c","name":"Cope Alcoy","image":{"@type":"ImageObject","inLanguage":"es","@id":"https:\/\/secure.gravatar.com\/avatar\/bb65d0283347e303893ba14f0692005417c1e0e690a325a4c5d8bb2b3943ee14?s=96&d=mm&r=g","url":"https:\/\/secure.gravatar.com\/avatar\/bb65d0283347e303893ba14f0692005417c1e0e690a325a4c5d8bb2b3943ee14?s=96&d=mm&r=g","contentUrl":"https:\/\/secure.gravatar.com\/avatar\/bb65d0283347e303893ba14f0692005417c1e0e690a325a4c5d8bb2b3943ee14?s=96&d=mm&r=g","caption":"Cope Alcoy"}}]}},"_links":{"self":[{"href":"https:\/\/www.copealcoy.es\/es\/wp-json\/wp\/v2\/posts\/42270","targetHints":{"allow":["GET"]}}],"collection":[{"href":"https:\/\/www.copealcoy.es\/es\/wp-json\/wp\/v2\/posts"}],"about":[{"href":"https:\/\/www.copealcoy.es\/es\/wp-json\/wp\/v2\/types\/post"}],"author":[{"embeddable":true,"href":"https:\/\/www.copealcoy.es\/es\/wp-json\/wp\/v2\/users\/1"}],"replies":[{"embeddable":true,"href":"https:\/\/www.copealcoy.es\/es\/wp-json\/wp\/v2\/comments?post=42270"}],"version-history":[{"count":0,"href":"https:\/\/www.copealcoy.es\/es\/wp-json\/wp\/v2\/posts\/42270\/revisions"}],"wp:featuredmedia":[{"embeddable":true,"href":"https:\/\/www.copealcoy.es\/es\/wp-json\/wp\/v2\/media\/42273"}],"wp:attachment":[{"href":"https:\/\/www.copealcoy.es\/es\/wp-json\/wp\/v2\/media?parent=42270"}],"wp:term":[{"taxonomy":"category","embeddable":true,"href":"https:\/\/www.copealcoy.es\/es\/wp-json\/wp\/v2\/categories?post=42270"},{"taxonomy":"post_tag","embeddable":true,"href":"https:\/\/www.copealcoy.es\/es\/wp-json\/wp\/v2\/tags?post=42270"}],"curies":[{"name":"wp","href":"https:\/\/api.w.org\/{rel}","templated":true}]}}