{"id":42248,"date":"2018-05-18T14:43:51","date_gmt":"2018-05-18T14:43:51","guid":{"rendered":"http:\/\/copealcoi.es\/new\/?p=42248"},"modified":"2018-05-18T14:46:35","modified_gmt":"2018-05-18T14:46:35","slug":"cocentaina-inicia-los-tramites-para-la-construccion-del-nuevo-san-juan-bosco","status":"publish","type":"post","link":"https:\/\/www.copealcoy.es\/es\/cocentaina-inicia-los-tramites-para-la-construccion-del-nuevo-san-juan-bosco\/","title":{"rendered":"Cocentaina inicia los tr\u00e1mites para la construcci\u00f3n del nuevo San Juan Bosco"},"content":{"rendered":"<p style=\"text-align: justify;\">El <strong>Ayuntamiento de Cocentaina<\/strong> aprob\u00f3 en el pleno de ayer <strong>solicitar a la Conselleria de Educaci\u00f3n<\/strong> las correspondientes competencias para poner<strong> iniciar los tr\u00e1mites<\/strong> que permitan <strong>la construcci\u00f3n<\/strong> del nuevo colegio San Juan Bosco. La propuesta sali\u00f3 adelante con <strong>los votos favorables<\/strong> del Gobierno Local del PSOE y de los concejales de Ciudadanos y Guanyar Cocentaina. Por su parte el <strong>Partido Popular y Col\u00b7lectiu 03820-Comprom\u00eds<\/strong> votaron en contra.<\/p>\n<p style=\"text-align: justify;\">La alcaldesa del municipio y tambi\u00e9n concejala de Educaci\u00f3n, <strong>Mireia Estepa<\/strong>, ha lamentado que <strong>estas dos \u00faltimas formaciones pol\u00edticas votaran ayer en contra<\/strong> a esta propuesta &#8220;<em>hubiese querido un apoyo total y un\u00e1nime a la Comunidad Educativa del Bosco. Tras tantos a\u00f1os de lucha pienso que merecen todo nuestro esfuerzo y sentirnos a su lado en todo momento, especialmente en este punto clave para el proyecto de unificaci\u00f3n del Centro Educativo<\/em>&#8220;, afirma.<\/p>\n<p style=\"text-align: justify;\">La primera edil tambi\u00e9n se ha referido en concreto a <strong>la negativa manifestada por Col\u00b7lectiu 0380 &#8211; Comprom\u00eds<\/strong> y desde el Equipo de Gobierno han asegurado que <strong>no entienden qu\u00e9 hay detr\u00e1s de esta decisi\u00f3n<\/strong> &#8220;<em>n<\/em><span lang=\"es\"><em>os estamos acogiendo a un proyecto de la Conseller\u00eda de Educaci\u00f3n -de su mismo color pol\u00edtico, no lo olvidemos- para poder completar un proyecto que es una demanda hist\u00f3rica de todo un pueblo y que afecta directamente a m\u00e1s de 350 alumnos, a \u00a0sus familias y \u00a0a otras tantas personas del equipo docente, administrativo, servicios etc. Un proyecto que tiene el visto bueno de todas estas personas directamente vinculadas. \u00bfComo pueden ahora votar en contra? \u00bfComo puede decir el se\u00f1or Anduix en el pleno, en la cara de la directora, y sobre la solicitud de competencias que &#8220;por desgracia ha salido a favor&#8221;?. Durante todo este tiempo tampoco han hecho absolutamente nada para que el proyecto avanzara, ni siquiera han conseguido una reuni\u00f3n con &#8220;su&#8221; Conseller de Educaci\u00f3n. No sabemos qu\u00e9 estrategia es esta pero ayer qued\u00f3 demostrada su postura y la del PP ante la unificaci\u00f3n del Bosco<\/em> &#8220;, concluye.\u00a0<\/span><\/p>\n<p style=\"text-align: justify;\">Indicar que esta solicitud de competencias para la construcci\u00f3n del nuevo San Juan Bosco<strong> se ha acompa\u00f1ado de una memoria t\u00e9cnica valorada de la arquitecta municipal<\/strong> y que ha sido elaborada en base al programa de necesidades marcados por la Conselleria de Educaci\u00f3n. Tambi\u00e9n <strong>se incluyen<\/strong> los acuerdos favorables del pleno del Ayuntamiento y del Consejo Escolar tanto municipal como del propio Bosco. La citada memoria<strong> ha fijado el coste total de todos los trabajos en 5&#8217;99 millones de euros<\/strong> y la misma ha sido posible tras las reuniones mantenidas entre la alcaldesa, la direcci\u00f3n del Bosco y los representantes de la Delegaci\u00f3n Territorial de Educaci\u00f3n e Infraestructuras Educativas.<\/p>\n<p><strong>Avanzan los tr\u00e1mites para mejorar la accesibilidad del Real Blanc<\/strong><\/p>\n<p style=\"text-align: justify;\">Por \u00faltimo indicar que en la mencionada sesi\u00f3n plenaria, <strong>toda la Corporaci\u00f3n Municipal respald\u00f3 el proceso<\/strong> para iniciar <strong>el proyecto de mejora de la accesibilidad del colegio Real Blanc<\/strong>, una iniciativa incluida tambi\u00e9n en el Plan &#8216;Edificant&#8217; del Consell. Tras este paso el proyecto <strong>seguir\u00e1 su tramitaci\u00f3n pertinente<\/strong>, en un estado m\u00e1s avanzado que el del Bosco y a la espera de la delegaci\u00f3n de competencias.<\/p>\n","protected":false},"excerpt":{"rendered":"<p>El Ayuntamiento de Cocentaina aprob\u00f3 en el pleno de ayer solicitar a la Conselleria de Educaci\u00f3n las correspondientes competencias para&#8230;<\/p>\n","protected":false},"author":1,"featured_media":42250,"comment_status":"open","ping_status":"open","sticky":false,"template":"","format":"standard","meta":{"footnotes":""},"categories":[98,75],"tags":[132,4362,291,1785,3878],"class_list":["post-42248","post","type-post","status-publish","format-standard","has-post-thumbnail","hentry","category-comarcas","category-noticias","tag-cocentaina","tag-construccion","tag-inicia","tag-san-juan-bosco","tag-tramites"],"yoast_head":"<!-- This site is optimized with the Yoast SEO plugin v27.3 - https:\/\/yoast.com\/product\/yoast-seo-wordpress\/ -->\n<title>Cocentaina inicia los tr\u00e1mites para la construcci\u00f3n del nuevo San Juan Bosco - COPE Alcoy<\/title>\n<meta name=\"robots\" content=\"index, follow, max-snippet:-1, max-image-preview:large, max-video-preview:-1\" \/>\n<link rel=\"canonical\" href=\"https:\/\/www.copealcoy.es\/es\/cocentaina-inicia-los-tramites-para-la-construccion-del-nuevo-san-juan-bosco\/\" \/>\n<meta property=\"og:locale\" content=\"es_ES\" \/>\n<meta property=\"og:type\" content=\"article\" \/>\n<meta property=\"og:title\" content=\"Cocentaina inicia los tr\u00e1mites para la construcci\u00f3n del nuevo San Juan Bosco - COPE Alcoy\" \/>\n<meta property=\"og:description\" content=\"El Ayuntamiento de Cocentaina aprob\u00f3 en el pleno de ayer solicitar a la Conselleria de Educaci\u00f3n las correspondientes competencias para...\" \/>\n<meta property=\"og:url\" content=\"https:\/\/www.copealcoy.es\/es\/cocentaina-inicia-los-tramites-para-la-construccion-del-nuevo-san-juan-bosco\/\" \/>\n<meta property=\"og:site_name\" content=\"COPE Alcoy\" \/>\n<meta property=\"article:published_time\" content=\"2018-05-18T14:43:51+00:00\" \/>\n<meta property=\"article:modified_time\" content=\"2018-05-18T14:46:35+00:00\" \/>\n<meta property=\"og:image\" content=\"https:\/\/www.copealcoy.es\/wp-content\/uploads\/2018\/05\/180518-BOSCO-EDIFICANT-e1526654650145.jpg\" \/>\n\t<meta property=\"og:image:width\" content=\"4608\" \/>\n\t<meta property=\"og:image:height\" content=\"3456\" \/>\n\t<meta property=\"og:image:type\" content=\"image\/jpeg\" \/>\n<meta name=\"author\" content=\"Cope Alcoy\" \/>\n<meta name=\"twitter:label1\" content=\"Escrito por\" \/>\n\t<meta name=\"twitter:data1\" content=\"Cope Alcoy\" \/>\n\t<meta name=\"twitter:label2\" content=\"Tiempo de lectura\" \/>\n\t<meta name=\"twitter:data2\" content=\"3 minutos\" \/>\n<script type=\"application\/ld+json\" class=\"yoast-schema-graph\">{\"@context\":\"https:\\\/\\\/schema.org\",\"@graph\":[{\"@type\":\"Article\",\"@id\":\"https:\\\/\\\/www.copealcoy.es\\\/es\\\/cocentaina-inicia-los-tramites-para-la-construccion-del-nuevo-san-juan-bosco\\\/#article\",\"isPartOf\":{\"@id\":\"https:\\\/\\\/www.copealcoy.es\\\/es\\\/cocentaina-inicia-los-tramites-para-la-construccion-del-nuevo-san-juan-bosco\\\/\"},\"author\":{\"name\":\"Cope Alcoy\",\"@id\":\"https:\\\/\\\/www.copealcoy.es\\\/es\\\/#\\\/schema\\\/person\\\/e777c87fa024e57d40170af9df39882c\"},\"headline\":\"Cocentaina inicia los tr\u00e1mites para la construcci\u00f3n del nuevo San Juan Bosco\",\"datePublished\":\"2018-05-18T14:43:51+00:00\",\"dateModified\":\"2018-05-18T14:46:35+00:00\",\"mainEntityOfPage\":{\"@id\":\"https:\\\/\\\/www.copealcoy.es\\\/es\\\/cocentaina-inicia-los-tramites-para-la-construccion-del-nuevo-san-juan-bosco\\\/\"},\"wordCount\":562,\"commentCount\":0,\"image\":{\"@id\":\"https:\\\/\\\/www.copealcoy.es\\\/es\\\/cocentaina-inicia-los-tramites-para-la-construccion-del-nuevo-san-juan-bosco\\\/#primaryimage\"},\"thumbnailUrl\":\"https:\\\/\\\/www.copealcoy.es\\\/wp-content\\\/uploads\\\/2018\\\/05\\\/180518-BOSCO-EDIFICANT-e1526654650145.jpg\",\"keywords\":[\"Cocentaina\",\"construcci\u00f3n\",\"Inicia\",\"San Juan Bosco\",\"tr\u00e1mites\"],\"articleSection\":[\"Comarcas\",\"Noticias\"],\"inLanguage\":\"es\"},{\"@type\":\"WebPage\",\"@id\":\"https:\\\/\\\/www.copealcoy.es\\\/es\\\/cocentaina-inicia-los-tramites-para-la-construccion-del-nuevo-san-juan-bosco\\\/\",\"url\":\"https:\\\/\\\/www.copealcoy.es\\\/es\\\/cocentaina-inicia-los-tramites-para-la-construccion-del-nuevo-san-juan-bosco\\\/\",\"name\":\"Cocentaina inicia los tr\u00e1mites para la construcci\u00f3n del nuevo San Juan Bosco - COPE Alcoy\",\"isPartOf\":{\"@id\":\"https:\\\/\\\/www.copealcoy.es\\\/es\\\/#website\"},\"primaryImageOfPage\":{\"@id\":\"https:\\\/\\\/www.copealcoy.es\\\/es\\\/cocentaina-inicia-los-tramites-para-la-construccion-del-nuevo-san-juan-bosco\\\/#primaryimage\"},\"image\":{\"@id\":\"https:\\\/\\\/www.copealcoy.es\\\/es\\\/cocentaina-inicia-los-tramites-para-la-construccion-del-nuevo-san-juan-bosco\\\/#primaryimage\"},\"thumbnailUrl\":\"https:\\\/\\\/www.copealcoy.es\\\/wp-content\\\/uploads\\\/2018\\\/05\\\/180518-BOSCO-EDIFICANT-e1526654650145.jpg\",\"datePublished\":\"2018-05-18T14:43:51+00:00\",\"dateModified\":\"2018-05-18T14:46:35+00:00\",\"author\":{\"@id\":\"https:\\\/\\\/www.copealcoy.es\\\/es\\\/#\\\/schema\\\/person\\\/e777c87fa024e57d40170af9df39882c\"},\"breadcrumb\":{\"@id\":\"https:\\\/\\\/www.copealcoy.es\\\/es\\\/cocentaina-inicia-los-tramites-para-la-construccion-del-nuevo-san-juan-bosco\\\/#breadcrumb\"},\"inLanguage\":\"es\",\"potentialAction\":[{\"@type\":\"ReadAction\",\"target\":[\"https:\\\/\\\/www.copealcoy.es\\\/es\\\/cocentaina-inicia-los-tramites-para-la-construccion-del-nuevo-san-juan-bosco\\\/\"]}]},{\"@type\":\"ImageObject\",\"inLanguage\":\"es\",\"@id\":\"https:\\\/\\\/www.copealcoy.es\\\/es\\\/cocentaina-inicia-los-tramites-para-la-construccion-del-nuevo-san-juan-bosco\\\/#primaryimage\",\"url\":\"https:\\\/\\\/www.copealcoy.es\\\/wp-content\\\/uploads\\\/2018\\\/05\\\/180518-BOSCO-EDIFICANT-e1526654650145.jpg\",\"contentUrl\":\"https:\\\/\\\/www.copealcoy.es\\\/wp-content\\\/uploads\\\/2018\\\/05\\\/180518-BOSCO-EDIFICANT-e1526654650145.jpg\",\"width\":4608,\"height\":3456},{\"@type\":\"BreadcrumbList\",\"@id\":\"https:\\\/\\\/www.copealcoy.es\\\/es\\\/cocentaina-inicia-los-tramites-para-la-construccion-del-nuevo-san-juan-bosco\\\/#breadcrumb\",\"itemListElement\":[{\"@type\":\"ListItem\",\"position\":1,\"name\":\"Portada\",\"item\":\"https:\\\/\\\/www.copealcoy.es\\\/es\\\/\"},{\"@type\":\"ListItem\",\"position\":2,\"name\":\"Cocentaina inicia los tr\u00e1mites para la construcci\u00f3n del nuevo San Juan Bosco\"}]},{\"@type\":\"WebSite\",\"@id\":\"https:\\\/\\\/www.copealcoy.es\\\/es\\\/#website\",\"url\":\"https:\\\/\\\/www.copealcoy.es\\\/es\\\/\",\"name\":\"COPE Alcoy\",\"description\":\"Emisora COPE de radio local con emisi\u00f3n online. Pont de Sant Jordi 8-10 03803 Alcoy\",\"potentialAction\":[{\"@type\":\"SearchAction\",\"target\":{\"@type\":\"EntryPoint\",\"urlTemplate\":\"https:\\\/\\\/www.copealcoy.es\\\/es\\\/?s={search_term_string}\"},\"query-input\":{\"@type\":\"PropertyValueSpecification\",\"valueRequired\":true,\"valueName\":\"search_term_string\"}}],\"inLanguage\":\"es\"},{\"@type\":\"Person\",\"@id\":\"https:\\\/\\\/www.copealcoy.es\\\/es\\\/#\\\/schema\\\/person\\\/e777c87fa024e57d40170af9df39882c\",\"name\":\"Cope Alcoy\",\"image\":{\"@type\":\"ImageObject\",\"inLanguage\":\"es\",\"@id\":\"https:\\\/\\\/secure.gravatar.com\\\/avatar\\\/bb65d0283347e303893ba14f0692005417c1e0e690a325a4c5d8bb2b3943ee14?s=96&d=mm&r=g\",\"url\":\"https:\\\/\\\/secure.gravatar.com\\\/avatar\\\/bb65d0283347e303893ba14f0692005417c1e0e690a325a4c5d8bb2b3943ee14?s=96&d=mm&r=g\",\"contentUrl\":\"https:\\\/\\\/secure.gravatar.com\\\/avatar\\\/bb65d0283347e303893ba14f0692005417c1e0e690a325a4c5d8bb2b3943ee14?s=96&d=mm&r=g\",\"caption\":\"Cope Alcoy\"}}]}<\/script>\n<!-- \/ Yoast SEO plugin. -->","yoast_head_json":{"title":"Cocentaina inicia los tr\u00e1mites para la construcci\u00f3n del nuevo San Juan Bosco - COPE Alcoy","robots":{"index":"index","follow":"follow","max-snippet":"max-snippet:-1","max-image-preview":"max-image-preview:large","max-video-preview":"max-video-preview:-1"},"canonical":"https:\/\/www.copealcoy.es\/es\/cocentaina-inicia-los-tramites-para-la-construccion-del-nuevo-san-juan-bosco\/","og_locale":"es_ES","og_type":"article","og_title":"Cocentaina inicia los tr\u00e1mites para la construcci\u00f3n del nuevo San Juan Bosco - COPE Alcoy","og_description":"El Ayuntamiento de Cocentaina aprob\u00f3 en el pleno de ayer solicitar a la Conselleria de Educaci\u00f3n las correspondientes competencias para...","og_url":"https:\/\/www.copealcoy.es\/es\/cocentaina-inicia-los-tramites-para-la-construccion-del-nuevo-san-juan-bosco\/","og_site_name":"COPE Alcoy","article_published_time":"2018-05-18T14:43:51+00:00","article_modified_time":"2018-05-18T14:46:35+00:00","og_image":[{"width":4608,"height":3456,"url":"https:\/\/www.copealcoy.es\/wp-content\/uploads\/2018\/05\/180518-BOSCO-EDIFICANT-e1526654650145.jpg","type":"image\/jpeg"}],"author":"Cope Alcoy","twitter_misc":{"Escrito por":"Cope Alcoy","Tiempo de lectura":"3 minutos"},"schema":{"@context":"https:\/\/schema.org","@graph":[{"@type":"Article","@id":"https:\/\/www.copealcoy.es\/es\/cocentaina-inicia-los-tramites-para-la-construccion-del-nuevo-san-juan-bosco\/#article","isPartOf":{"@id":"https:\/\/www.copealcoy.es\/es\/cocentaina-inicia-los-tramites-para-la-construccion-del-nuevo-san-juan-bosco\/"},"author":{"name":"Cope Alcoy","@id":"https:\/\/www.copealcoy.es\/es\/#\/schema\/person\/e777c87fa024e57d40170af9df39882c"},"headline":"Cocentaina inicia los tr\u00e1mites para la construcci\u00f3n del nuevo San Juan Bosco","datePublished":"2018-05-18T14:43:51+00:00","dateModified":"2018-05-18T14:46:35+00:00","mainEntityOfPage":{"@id":"https:\/\/www.copealcoy.es\/es\/cocentaina-inicia-los-tramites-para-la-construccion-del-nuevo-san-juan-bosco\/"},"wordCount":562,"commentCount":0,"image":{"@id":"https:\/\/www.copealcoy.es\/es\/cocentaina-inicia-los-tramites-para-la-construccion-del-nuevo-san-juan-bosco\/#primaryimage"},"thumbnailUrl":"https:\/\/www.copealcoy.es\/wp-content\/uploads\/2018\/05\/180518-BOSCO-EDIFICANT-e1526654650145.jpg","keywords":["Cocentaina","construcci\u00f3n","Inicia","San Juan Bosco","tr\u00e1mites"],"articleSection":["Comarcas","Noticias"],"inLanguage":"es"},{"@type":"WebPage","@id":"https:\/\/www.copealcoy.es\/es\/cocentaina-inicia-los-tramites-para-la-construccion-del-nuevo-san-juan-bosco\/","url":"https:\/\/www.copealcoy.es\/es\/cocentaina-inicia-los-tramites-para-la-construccion-del-nuevo-san-juan-bosco\/","name":"Cocentaina inicia los tr\u00e1mites para la construcci\u00f3n del nuevo San Juan Bosco - COPE Alcoy","isPartOf":{"@id":"https:\/\/www.copealcoy.es\/es\/#website"},"primaryImageOfPage":{"@id":"https:\/\/www.copealcoy.es\/es\/cocentaina-inicia-los-tramites-para-la-construccion-del-nuevo-san-juan-bosco\/#primaryimage"},"image":{"@id":"https:\/\/www.copealcoy.es\/es\/cocentaina-inicia-los-tramites-para-la-construccion-del-nuevo-san-juan-bosco\/#primaryimage"},"thumbnailUrl":"https:\/\/www.copealcoy.es\/wp-content\/uploads\/2018\/05\/180518-BOSCO-EDIFICANT-e1526654650145.jpg","datePublished":"2018-05-18T14:43:51+00:00","dateModified":"2018-05-18T14:46:35+00:00","author":{"@id":"https:\/\/www.copealcoy.es\/es\/#\/schema\/person\/e777c87fa024e57d40170af9df39882c"},"breadcrumb":{"@id":"https:\/\/www.copealcoy.es\/es\/cocentaina-inicia-los-tramites-para-la-construccion-del-nuevo-san-juan-bosco\/#breadcrumb"},"inLanguage":"es","potentialAction":[{"@type":"ReadAction","target":["https:\/\/www.copealcoy.es\/es\/cocentaina-inicia-los-tramites-para-la-construccion-del-nuevo-san-juan-bosco\/"]}]},{"@type":"ImageObject","inLanguage":"es","@id":"https:\/\/www.copealcoy.es\/es\/cocentaina-inicia-los-tramites-para-la-construccion-del-nuevo-san-juan-bosco\/#primaryimage","url":"https:\/\/www.copealcoy.es\/wp-content\/uploads\/2018\/05\/180518-BOSCO-EDIFICANT-e1526654650145.jpg","contentUrl":"https:\/\/www.copealcoy.es\/wp-content\/uploads\/2018\/05\/180518-BOSCO-EDIFICANT-e1526654650145.jpg","width":4608,"height":3456},{"@type":"BreadcrumbList","@id":"https:\/\/www.copealcoy.es\/es\/cocentaina-inicia-los-tramites-para-la-construccion-del-nuevo-san-juan-bosco\/#breadcrumb","itemListElement":[{"@type":"ListItem","position":1,"name":"Portada","item":"https:\/\/www.copealcoy.es\/es\/"},{"@type":"ListItem","position":2,"name":"Cocentaina inicia los tr\u00e1mites para la construcci\u00f3n del nuevo San Juan Bosco"}]},{"@type":"WebSite","@id":"https:\/\/www.copealcoy.es\/es\/#website","url":"https:\/\/www.copealcoy.es\/es\/","name":"COPE Alcoy","description":"Emisora COPE de radio local con emisi\u00f3n online. Pont de Sant Jordi 8-10 03803 Alcoy","potentialAction":[{"@type":"SearchAction","target":{"@type":"EntryPoint","urlTemplate":"https:\/\/www.copealcoy.es\/es\/?s={search_term_string}"},"query-input":{"@type":"PropertyValueSpecification","valueRequired":true,"valueName":"search_term_string"}}],"inLanguage":"es"},{"@type":"Person","@id":"https:\/\/www.copealcoy.es\/es\/#\/schema\/person\/e777c87fa024e57d40170af9df39882c","name":"Cope Alcoy","image":{"@type":"ImageObject","inLanguage":"es","@id":"https:\/\/secure.gravatar.com\/avatar\/bb65d0283347e303893ba14f0692005417c1e0e690a325a4c5d8bb2b3943ee14?s=96&d=mm&r=g","url":"https:\/\/secure.gravatar.com\/avatar\/bb65d0283347e303893ba14f0692005417c1e0e690a325a4c5d8bb2b3943ee14?s=96&d=mm&r=g","contentUrl":"https:\/\/secure.gravatar.com\/avatar\/bb65d0283347e303893ba14f0692005417c1e0e690a325a4c5d8bb2b3943ee14?s=96&d=mm&r=g","caption":"Cope Alcoy"}}]}},"_links":{"self":[{"href":"https:\/\/www.copealcoy.es\/es\/wp-json\/wp\/v2\/posts\/42248","targetHints":{"allow":["GET"]}}],"collection":[{"href":"https:\/\/www.copealcoy.es\/es\/wp-json\/wp\/v2\/posts"}],"about":[{"href":"https:\/\/www.copealcoy.es\/es\/wp-json\/wp\/v2\/types\/post"}],"author":[{"embeddable":true,"href":"https:\/\/www.copealcoy.es\/es\/wp-json\/wp\/v2\/users\/1"}],"replies":[{"embeddable":true,"href":"https:\/\/www.copealcoy.es\/es\/wp-json\/wp\/v2\/comments?post=42248"}],"version-history":[{"count":0,"href":"https:\/\/www.copealcoy.es\/es\/wp-json\/wp\/v2\/posts\/42248\/revisions"}],"wp:featuredmedia":[{"embeddable":true,"href":"https:\/\/www.copealcoy.es\/es\/wp-json\/wp\/v2\/media\/42250"}],"wp:attachment":[{"href":"https:\/\/www.copealcoy.es\/es\/wp-json\/wp\/v2\/media?parent=42248"}],"wp:term":[{"taxonomy":"category","embeddable":true,"href":"https:\/\/www.copealcoy.es\/es\/wp-json\/wp\/v2\/categories?post=42248"},{"taxonomy":"post_tag","embeddable":true,"href":"https:\/\/www.copealcoy.es\/es\/wp-json\/wp\/v2\/tags?post=42248"}],"curies":[{"name":"wp","href":"https:\/\/api.w.org\/{rel}","templated":true}]}}