{"id":42128,"date":"2018-05-14T20:44:02","date_gmt":"2018-05-14T20:44:02","guid":{"rendered":"http:\/\/copealcoi.es\/new\/?p=42128"},"modified":"2018-05-14T20:55:03","modified_gmt":"2018-05-14T20:55:03","slug":"la-batalla-entre-moros-y-cristianos-pone-un-parentesis-a-las-fiestas-de-muro","status":"publish","type":"post","link":"https:\/\/www.copealcoy.es\/es\/la-batalla-entre-moros-y-cristianos-pone-un-parentesis-a-las-fiestas-de-muro\/","title":{"rendered":"La batalla entre moros y cristianos pone un par\u00e9ntesis a las Fiestas de Muro"},"content":{"rendered":"<p style=\"text-align: justify;\">El conocido como <strong>d\u00eda \u2018Els Trons\u2019<\/strong> puso ayer el colof\u00f3n a <strong>la primera parte de las Fiestas de Moros y Cristianos de Muro<\/strong> de este 2018. Como es habitual cada a\u00f1o, la jornada empez\u00f3 con <strong>la humor\u00edstica \u2018Ambaixada del Tonell\u2019<\/strong> que protagonizaron en la Placeta Molina y delante del Ayuntamiento <strong>las filaes\u00a0 Mare de D\u00e9u y Llana<\/strong>. Ambas, con elevadas dosis de humor y <strong>referencias a la actualidad<\/strong> como la crisis pol\u00edtica de Catalu\u00f1a o el pol\u00e9mico m\u00e1ster de Cristina Cifuentes, mantuvieron un tenso e ir\u00f3nico di\u00e1logo motivado por <strong>la disputa acerca de un preciado tonel<\/strong> lleno de buen vino. Finalmente las palabras dieron paso al acuerdo y las dos formaciones marcharon acompa\u00f1adas de sus bandas de m\u00fasica a <strong>degustar un buen almuerzo y a dar cuenta del mencionado tonel<\/strong> que este a\u00f1o fue totalmente renovado por parte de la Fil\u00e0 Mare de D\u00e9u.<\/p>\n<p style=\"text-align: justify;\">La actividad festera se retom\u00f3 a mediod\u00eda con <strong>la Embajada Mora<\/strong> en la Pla\u00e7a del Matzem, protagonizada este a\u00f1o por <strong>Pere Corredor de la Fil\u00e0 Verds<\/strong>, en la que las tropas \u00e1rabes pidieron a las fuerzas de la cruz la entrega del castillo y de los campos\u00a0f\u00e9rtiles de Muro ubicados junto al r\u00edo Serpis. Ante la negativa de los cristianos <strong>se inici\u00f3 la lucha armada<\/strong> entre los cargos festeros, una batalla que finaliz\u00f3 con <strong>la victoria<\/strong> de los moros. Al filo de las siete de la tarde se efectu\u00f3 <strong>la Embajada Cristiana<\/strong> desempe\u00f1ada en este caso por el padre del capit\u00e1n cristiano<strong> Toni Olcina en representaci\u00f3n de la Fil\u00e0 Maseros<\/strong>. Al igual que en la ma\u00f1ana no hubo acuerdo y tras el di\u00e1logo las armas decantaron la batalla a favor de los cristianos, los cu\u00e1les recuperaron el castillo y levantaron su ense\u00f1a en todas las torres. Indicar que ambas Embajadas estuvieron<strong> precedidas por el disparo de arcabucer\u00eda<\/strong> en el que se emplearon unos <strong>trescientos kilos<\/strong> de p\u00f3lvora.<\/p>\n<p style=\"text-align: justify;\">La jornada acab\u00f3 con <strong>la Retreta<\/strong>, en la que no faltaron los cl\u00e1sicos farolillos, y una novedosa c<strong>ena de hermandad<\/strong> que reuni\u00f3 a los festeros de todas las Filaes en la Pla\u00e7a Matzem para celebrar conjuntamente el fin de los d\u00edas grandes de Fiestas.<\/p>\n","protected":false},"excerpt":{"rendered":"<p>El conocido como d\u00eda \u2018Els Trons\u2019 puso ayer el colof\u00f3n a la primera parte de las Fiestas de Moros y&#8230;<\/p>\n","protected":false},"author":1,"featured_media":42131,"comment_status":"open","ping_status":"open","sticky":false,"template":"","format":"standard","meta":{"footnotes":""},"categories":[98,75],"tags":[5615,5617,609,5616],"class_list":["post-42128","post","type-post","status-publish","format-standard","has-post-thumbnail","hentry","category-comarcas","category-noticias","tag-batalla","tag-fiestas-de-muro","tag-moros-y-cristianos","tag-parentesis"],"yoast_head":"<!-- This site is optimized with the Yoast SEO plugin v27.3 - https:\/\/yoast.com\/product\/yoast-seo-wordpress\/ -->\n<title>La batalla entre moros y cristianos pone un par\u00e9ntesis a las Fiestas de Muro - COPE Alcoy<\/title>\n<meta name=\"robots\" content=\"index, follow, max-snippet:-1, max-image-preview:large, max-video-preview:-1\" \/>\n<link rel=\"canonical\" href=\"https:\/\/www.copealcoy.es\/es\/la-batalla-entre-moros-y-cristianos-pone-un-parentesis-a-las-fiestas-de-muro\/\" \/>\n<meta property=\"og:locale\" content=\"es_ES\" \/>\n<meta property=\"og:type\" content=\"article\" \/>\n<meta property=\"og:title\" content=\"La batalla entre moros y cristianos pone un par\u00e9ntesis a las Fiestas de Muro - COPE Alcoy\" \/>\n<meta property=\"og:description\" content=\"El conocido como d\u00eda \u2018Els Trons\u2019 puso ayer el colof\u00f3n a la primera parte de las Fiestas de Moros y...\" \/>\n<meta property=\"og:url\" content=\"https:\/\/www.copealcoy.es\/es\/la-batalla-entre-moros-y-cristianos-pone-un-parentesis-a-las-fiestas-de-muro\/\" \/>\n<meta property=\"og:site_name\" content=\"COPE Alcoy\" \/>\n<meta property=\"article:published_time\" content=\"2018-05-14T20:44:02+00:00\" \/>\n<meta property=\"article:modified_time\" content=\"2018-05-14T20:55:03+00:00\" \/>\n<meta property=\"og:image\" content=\"https:\/\/www.copealcoy.es\/wp-content\/uploads\/2018\/05\/tonell-muro.jpg\" \/>\n\t<meta property=\"og:image:width\" content=\"660\" \/>\n\t<meta property=\"og:image:height\" content=\"330\" \/>\n\t<meta property=\"og:image:type\" content=\"image\/jpeg\" \/>\n<meta name=\"author\" content=\"Cope Alcoy\" \/>\n<meta name=\"twitter:label1\" content=\"Escrito por\" \/>\n\t<meta name=\"twitter:data1\" content=\"Cope Alcoy\" \/>\n\t<meta name=\"twitter:label2\" content=\"Tiempo de lectura\" \/>\n\t<meta name=\"twitter:data2\" content=\"2 minutos\" \/>\n<script type=\"application\/ld+json\" class=\"yoast-schema-graph\">{\"@context\":\"https:\\\/\\\/schema.org\",\"@graph\":[{\"@type\":\"Article\",\"@id\":\"https:\\\/\\\/www.copealcoy.es\\\/es\\\/la-batalla-entre-moros-y-cristianos-pone-un-parentesis-a-las-fiestas-de-muro\\\/#article\",\"isPartOf\":{\"@id\":\"https:\\\/\\\/www.copealcoy.es\\\/es\\\/la-batalla-entre-moros-y-cristianos-pone-un-parentesis-a-las-fiestas-de-muro\\\/\"},\"author\":{\"name\":\"Cope Alcoy\",\"@id\":\"https:\\\/\\\/www.copealcoy.es\\\/es\\\/#\\\/schema\\\/person\\\/e777c87fa024e57d40170af9df39882c\"},\"headline\":\"La batalla entre moros y cristianos pone un par\u00e9ntesis a las Fiestas de Muro\",\"datePublished\":\"2018-05-14T20:44:02+00:00\",\"dateModified\":\"2018-05-14T20:55:03+00:00\",\"mainEntityOfPage\":{\"@id\":\"https:\\\/\\\/www.copealcoy.es\\\/es\\\/la-batalla-entre-moros-y-cristianos-pone-un-parentesis-a-las-fiestas-de-muro\\\/\"},\"wordCount\":402,\"commentCount\":0,\"image\":{\"@id\":\"https:\\\/\\\/www.copealcoy.es\\\/es\\\/la-batalla-entre-moros-y-cristianos-pone-un-parentesis-a-las-fiestas-de-muro\\\/#primaryimage\"},\"thumbnailUrl\":\"https:\\\/\\\/www.copealcoy.es\\\/wp-content\\\/uploads\\\/2018\\\/05\\\/tonell-muro.jpg\",\"keywords\":[\"batalla\",\"Fiestas de Muro\",\"Moros Y Cristianos\",\"par\u00e9ntesis\"],\"articleSection\":[\"Comarcas\",\"Noticias\"],\"inLanguage\":\"es\"},{\"@type\":\"WebPage\",\"@id\":\"https:\\\/\\\/www.copealcoy.es\\\/es\\\/la-batalla-entre-moros-y-cristianos-pone-un-parentesis-a-las-fiestas-de-muro\\\/\",\"url\":\"https:\\\/\\\/www.copealcoy.es\\\/es\\\/la-batalla-entre-moros-y-cristianos-pone-un-parentesis-a-las-fiestas-de-muro\\\/\",\"name\":\"La batalla entre moros y cristianos pone un par\u00e9ntesis a las Fiestas de Muro - COPE Alcoy\",\"isPartOf\":{\"@id\":\"https:\\\/\\\/www.copealcoy.es\\\/es\\\/#website\"},\"primaryImageOfPage\":{\"@id\":\"https:\\\/\\\/www.copealcoy.es\\\/es\\\/la-batalla-entre-moros-y-cristianos-pone-un-parentesis-a-las-fiestas-de-muro\\\/#primaryimage\"},\"image\":{\"@id\":\"https:\\\/\\\/www.copealcoy.es\\\/es\\\/la-batalla-entre-moros-y-cristianos-pone-un-parentesis-a-las-fiestas-de-muro\\\/#primaryimage\"},\"thumbnailUrl\":\"https:\\\/\\\/www.copealcoy.es\\\/wp-content\\\/uploads\\\/2018\\\/05\\\/tonell-muro.jpg\",\"datePublished\":\"2018-05-14T20:44:02+00:00\",\"dateModified\":\"2018-05-14T20:55:03+00:00\",\"author\":{\"@id\":\"https:\\\/\\\/www.copealcoy.es\\\/es\\\/#\\\/schema\\\/person\\\/e777c87fa024e57d40170af9df39882c\"},\"breadcrumb\":{\"@id\":\"https:\\\/\\\/www.copealcoy.es\\\/es\\\/la-batalla-entre-moros-y-cristianos-pone-un-parentesis-a-las-fiestas-de-muro\\\/#breadcrumb\"},\"inLanguage\":\"es\",\"potentialAction\":[{\"@type\":\"ReadAction\",\"target\":[\"https:\\\/\\\/www.copealcoy.es\\\/es\\\/la-batalla-entre-moros-y-cristianos-pone-un-parentesis-a-las-fiestas-de-muro\\\/\"]}]},{\"@type\":\"ImageObject\",\"inLanguage\":\"es\",\"@id\":\"https:\\\/\\\/www.copealcoy.es\\\/es\\\/la-batalla-entre-moros-y-cristianos-pone-un-parentesis-a-las-fiestas-de-muro\\\/#primaryimage\",\"url\":\"https:\\\/\\\/www.copealcoy.es\\\/wp-content\\\/uploads\\\/2018\\\/05\\\/tonell-muro.jpg\",\"contentUrl\":\"https:\\\/\\\/www.copealcoy.es\\\/wp-content\\\/uploads\\\/2018\\\/05\\\/tonell-muro.jpg\",\"width\":660,\"height\":330,\"caption\":\"Las Filaes Llana y Mare de D\u00e9u protagonizan la Embajada del Tonell\"},{\"@type\":\"BreadcrumbList\",\"@id\":\"https:\\\/\\\/www.copealcoy.es\\\/es\\\/la-batalla-entre-moros-y-cristianos-pone-un-parentesis-a-las-fiestas-de-muro\\\/#breadcrumb\",\"itemListElement\":[{\"@type\":\"ListItem\",\"position\":1,\"name\":\"Portada\",\"item\":\"https:\\\/\\\/www.copealcoy.es\\\/es\\\/\"},{\"@type\":\"ListItem\",\"position\":2,\"name\":\"La batalla entre moros y cristianos pone un par\u00e9ntesis a las Fiestas de Muro\"}]},{\"@type\":\"WebSite\",\"@id\":\"https:\\\/\\\/www.copealcoy.es\\\/es\\\/#website\",\"url\":\"https:\\\/\\\/www.copealcoy.es\\\/es\\\/\",\"name\":\"COPE Alcoy\",\"description\":\"Emisora COPE de radio local con emisi\u00f3n online. Pont de Sant Jordi 8-10 03803 Alcoy\",\"potentialAction\":[{\"@type\":\"SearchAction\",\"target\":{\"@type\":\"EntryPoint\",\"urlTemplate\":\"https:\\\/\\\/www.copealcoy.es\\\/es\\\/?s={search_term_string}\"},\"query-input\":{\"@type\":\"PropertyValueSpecification\",\"valueRequired\":true,\"valueName\":\"search_term_string\"}}],\"inLanguage\":\"es\"},{\"@type\":\"Person\",\"@id\":\"https:\\\/\\\/www.copealcoy.es\\\/es\\\/#\\\/schema\\\/person\\\/e777c87fa024e57d40170af9df39882c\",\"name\":\"Cope Alcoy\",\"image\":{\"@type\":\"ImageObject\",\"inLanguage\":\"es\",\"@id\":\"https:\\\/\\\/secure.gravatar.com\\\/avatar\\\/bb65d0283347e303893ba14f0692005417c1e0e690a325a4c5d8bb2b3943ee14?s=96&d=mm&r=g\",\"url\":\"https:\\\/\\\/secure.gravatar.com\\\/avatar\\\/bb65d0283347e303893ba14f0692005417c1e0e690a325a4c5d8bb2b3943ee14?s=96&d=mm&r=g\",\"contentUrl\":\"https:\\\/\\\/secure.gravatar.com\\\/avatar\\\/bb65d0283347e303893ba14f0692005417c1e0e690a325a4c5d8bb2b3943ee14?s=96&d=mm&r=g\",\"caption\":\"Cope Alcoy\"}}]}<\/script>\n<!-- \/ Yoast SEO plugin. -->","yoast_head_json":{"title":"La batalla entre moros y cristianos pone un par\u00e9ntesis a las Fiestas de Muro - COPE Alcoy","robots":{"index":"index","follow":"follow","max-snippet":"max-snippet:-1","max-image-preview":"max-image-preview:large","max-video-preview":"max-video-preview:-1"},"canonical":"https:\/\/www.copealcoy.es\/es\/la-batalla-entre-moros-y-cristianos-pone-un-parentesis-a-las-fiestas-de-muro\/","og_locale":"es_ES","og_type":"article","og_title":"La batalla entre moros y cristianos pone un par\u00e9ntesis a las Fiestas de Muro - COPE Alcoy","og_description":"El conocido como d\u00eda \u2018Els Trons\u2019 puso ayer el colof\u00f3n a la primera parte de las Fiestas de Moros y...","og_url":"https:\/\/www.copealcoy.es\/es\/la-batalla-entre-moros-y-cristianos-pone-un-parentesis-a-las-fiestas-de-muro\/","og_site_name":"COPE Alcoy","article_published_time":"2018-05-14T20:44:02+00:00","article_modified_time":"2018-05-14T20:55:03+00:00","og_image":[{"width":660,"height":330,"url":"https:\/\/www.copealcoy.es\/wp-content\/uploads\/2018\/05\/tonell-muro.jpg","type":"image\/jpeg"}],"author":"Cope Alcoy","twitter_misc":{"Escrito por":"Cope Alcoy","Tiempo de lectura":"2 minutos"},"schema":{"@context":"https:\/\/schema.org","@graph":[{"@type":"Article","@id":"https:\/\/www.copealcoy.es\/es\/la-batalla-entre-moros-y-cristianos-pone-un-parentesis-a-las-fiestas-de-muro\/#article","isPartOf":{"@id":"https:\/\/www.copealcoy.es\/es\/la-batalla-entre-moros-y-cristianos-pone-un-parentesis-a-las-fiestas-de-muro\/"},"author":{"name":"Cope Alcoy","@id":"https:\/\/www.copealcoy.es\/es\/#\/schema\/person\/e777c87fa024e57d40170af9df39882c"},"headline":"La batalla entre moros y cristianos pone un par\u00e9ntesis a las Fiestas de Muro","datePublished":"2018-05-14T20:44:02+00:00","dateModified":"2018-05-14T20:55:03+00:00","mainEntityOfPage":{"@id":"https:\/\/www.copealcoy.es\/es\/la-batalla-entre-moros-y-cristianos-pone-un-parentesis-a-las-fiestas-de-muro\/"},"wordCount":402,"commentCount":0,"image":{"@id":"https:\/\/www.copealcoy.es\/es\/la-batalla-entre-moros-y-cristianos-pone-un-parentesis-a-las-fiestas-de-muro\/#primaryimage"},"thumbnailUrl":"https:\/\/www.copealcoy.es\/wp-content\/uploads\/2018\/05\/tonell-muro.jpg","keywords":["batalla","Fiestas de Muro","Moros Y Cristianos","par\u00e9ntesis"],"articleSection":["Comarcas","Noticias"],"inLanguage":"es"},{"@type":"WebPage","@id":"https:\/\/www.copealcoy.es\/es\/la-batalla-entre-moros-y-cristianos-pone-un-parentesis-a-las-fiestas-de-muro\/","url":"https:\/\/www.copealcoy.es\/es\/la-batalla-entre-moros-y-cristianos-pone-un-parentesis-a-las-fiestas-de-muro\/","name":"La batalla entre moros y cristianos pone un par\u00e9ntesis a las Fiestas de Muro - COPE Alcoy","isPartOf":{"@id":"https:\/\/www.copealcoy.es\/es\/#website"},"primaryImageOfPage":{"@id":"https:\/\/www.copealcoy.es\/es\/la-batalla-entre-moros-y-cristianos-pone-un-parentesis-a-las-fiestas-de-muro\/#primaryimage"},"image":{"@id":"https:\/\/www.copealcoy.es\/es\/la-batalla-entre-moros-y-cristianos-pone-un-parentesis-a-las-fiestas-de-muro\/#primaryimage"},"thumbnailUrl":"https:\/\/www.copealcoy.es\/wp-content\/uploads\/2018\/05\/tonell-muro.jpg","datePublished":"2018-05-14T20:44:02+00:00","dateModified":"2018-05-14T20:55:03+00:00","author":{"@id":"https:\/\/www.copealcoy.es\/es\/#\/schema\/person\/e777c87fa024e57d40170af9df39882c"},"breadcrumb":{"@id":"https:\/\/www.copealcoy.es\/es\/la-batalla-entre-moros-y-cristianos-pone-un-parentesis-a-las-fiestas-de-muro\/#breadcrumb"},"inLanguage":"es","potentialAction":[{"@type":"ReadAction","target":["https:\/\/www.copealcoy.es\/es\/la-batalla-entre-moros-y-cristianos-pone-un-parentesis-a-las-fiestas-de-muro\/"]}]},{"@type":"ImageObject","inLanguage":"es","@id":"https:\/\/www.copealcoy.es\/es\/la-batalla-entre-moros-y-cristianos-pone-un-parentesis-a-las-fiestas-de-muro\/#primaryimage","url":"https:\/\/www.copealcoy.es\/wp-content\/uploads\/2018\/05\/tonell-muro.jpg","contentUrl":"https:\/\/www.copealcoy.es\/wp-content\/uploads\/2018\/05\/tonell-muro.jpg","width":660,"height":330,"caption":"Las Filaes Llana y Mare de D\u00e9u protagonizan la Embajada del Tonell"},{"@type":"BreadcrumbList","@id":"https:\/\/www.copealcoy.es\/es\/la-batalla-entre-moros-y-cristianos-pone-un-parentesis-a-las-fiestas-de-muro\/#breadcrumb","itemListElement":[{"@type":"ListItem","position":1,"name":"Portada","item":"https:\/\/www.copealcoy.es\/es\/"},{"@type":"ListItem","position":2,"name":"La batalla entre moros y cristianos pone un par\u00e9ntesis a las Fiestas de Muro"}]},{"@type":"WebSite","@id":"https:\/\/www.copealcoy.es\/es\/#website","url":"https:\/\/www.copealcoy.es\/es\/","name":"COPE Alcoy","description":"Emisora COPE de radio local con emisi\u00f3n online. Pont de Sant Jordi 8-10 03803 Alcoy","potentialAction":[{"@type":"SearchAction","target":{"@type":"EntryPoint","urlTemplate":"https:\/\/www.copealcoy.es\/es\/?s={search_term_string}"},"query-input":{"@type":"PropertyValueSpecification","valueRequired":true,"valueName":"search_term_string"}}],"inLanguage":"es"},{"@type":"Person","@id":"https:\/\/www.copealcoy.es\/es\/#\/schema\/person\/e777c87fa024e57d40170af9df39882c","name":"Cope Alcoy","image":{"@type":"ImageObject","inLanguage":"es","@id":"https:\/\/secure.gravatar.com\/avatar\/bb65d0283347e303893ba14f0692005417c1e0e690a325a4c5d8bb2b3943ee14?s=96&d=mm&r=g","url":"https:\/\/secure.gravatar.com\/avatar\/bb65d0283347e303893ba14f0692005417c1e0e690a325a4c5d8bb2b3943ee14?s=96&d=mm&r=g","contentUrl":"https:\/\/secure.gravatar.com\/avatar\/bb65d0283347e303893ba14f0692005417c1e0e690a325a4c5d8bb2b3943ee14?s=96&d=mm&r=g","caption":"Cope Alcoy"}}]}},"_links":{"self":[{"href":"https:\/\/www.copealcoy.es\/es\/wp-json\/wp\/v2\/posts\/42128","targetHints":{"allow":["GET"]}}],"collection":[{"href":"https:\/\/www.copealcoy.es\/es\/wp-json\/wp\/v2\/posts"}],"about":[{"href":"https:\/\/www.copealcoy.es\/es\/wp-json\/wp\/v2\/types\/post"}],"author":[{"embeddable":true,"href":"https:\/\/www.copealcoy.es\/es\/wp-json\/wp\/v2\/users\/1"}],"replies":[{"embeddable":true,"href":"https:\/\/www.copealcoy.es\/es\/wp-json\/wp\/v2\/comments?post=42128"}],"version-history":[{"count":0,"href":"https:\/\/www.copealcoy.es\/es\/wp-json\/wp\/v2\/posts\/42128\/revisions"}],"wp:featuredmedia":[{"embeddable":true,"href":"https:\/\/www.copealcoy.es\/es\/wp-json\/wp\/v2\/media\/42131"}],"wp:attachment":[{"href":"https:\/\/www.copealcoy.es\/es\/wp-json\/wp\/v2\/media?parent=42128"}],"wp:term":[{"taxonomy":"category","embeddable":true,"href":"https:\/\/www.copealcoy.es\/es\/wp-json\/wp\/v2\/categories?post=42128"},{"taxonomy":"post_tag","embeddable":true,"href":"https:\/\/www.copealcoy.es\/es\/wp-json\/wp\/v2\/tags?post=42128"}],"curies":[{"name":"wp","href":"https:\/\/api.w.org\/{rel}","templated":true}]}}