{"id":42112,"date":"2018-05-14T15:41:40","date_gmt":"2018-05-14T15:41:40","guid":{"rendered":"http:\/\/copealcoi.es\/new\/?p=42112"},"modified":"2018-05-14T15:46:19","modified_gmt":"2018-05-14T15:46:19","slug":"el-pp-exige-suelo-industrial-de-calidad-para-que-alcoy-no-acabe-siendo-ciudad-dormitorio","status":"publish","type":"post","link":"https:\/\/www.copealcoy.es\/es\/el-pp-exige-suelo-industrial-de-calidad-para-que-alcoy-no-acabe-siendo-ciudad-dormitorio\/","title":{"rendered":"El PP exige suelo industrial de calidad para que Alcoy no acabe siendo ciudad dormitorio"},"content":{"rendered":"<p style=\"text-align: justify;\">El Partido Popular de Alcoy\u00a0exigir\u00e1 al alcalde, <strong>Antonio Franc\u00e9s<\/strong>, que explique la viabilidad de Pagos para <strong>albergar proyectos como el de &#8216;Alcoinnova&#8217;<\/strong> y aporte <strong>alternativas<\/strong> de suelo industrial en la ciudad. Los populares anuncian que el pleno ordinario de este mes de mayo <strong>presentar\u00e1n\u00a0una moci\u00f3n para este fin<\/strong> as\u00ed como para<strong> conocer las medidas<\/strong> que llevar\u00e1 a cabo el Gobierno Municipal respecto a la situaci\u00f3n de la ATE de Alcoinnova. Indicar que desde el PP <strong>siguen defendiendo la idoneidad del parque empresarial en La Canal<\/strong> aunque reconocen que este se va a retrasar por problemas jur\u00eddicos.<\/p>\n<p style=\"text-align: justify;\">Los populares expresan su preocupaci\u00f3n por\u00a0<strong>la estrategia socialista para la planificaci\u00f3n de futuro suelo industrial<\/strong> en la ciudad \u00a0y aseguran que esta &#8220;<em>es totalmente insuficiente ya que condena a Alcoy a convertirse en ciudad dormitorio<\/em>&#8220;, afirma el portavoz de la formaci\u00f3n pol\u00edtica; <strong>Rafa Mir\u00f3<\/strong>. El propio Mir\u00f3 indica que <strong>los 700.000 metros cuadrados para suelo industrial<\/strong> que reserva el PGE de Alcoy <strong>contrastan<\/strong> con los casi cuatro millones que la vecina ciudad de Ibi ha ido desarrollando en los \u00faltimos a\u00f1os. En este sentido detalla que <strong>Pagos presenta problemas paisaj\u00edsticos y de construcci\u00f3n<\/strong> &#8220;<em>p<\/em><span lang=\"ES\"><em>arece que los socialistas con Toni Franc\u00e9s a la cabeza, est\u00e1n empe\u00f1ados en que Alcoy sea una ciudad dormitorio. Desde el PP nos negamos y trabajaremos al m\u00e1ximo para que Alcoy contin\u00fae siendo una ciudad industrial grande y con futuro<\/em>&#8221; afirma.\u00a0<\/span><\/p>\n<p style=\"text-align: justify;\">Por \u00faltimo el PP de Alcoy ha lamentado que los Grupos Pol\u00edticos de Izquierdas, <strong>como Comprom\u00eds o Guanyar Alcoi<\/strong>, hayan\u00a0<span lang=\"ES\">acusado a los empresarios alcoyanos de ser &#8220;<em>especuladores<\/em>&#8221; y de &#8220;<em>pelotazo urban\u00edstico<\/em>&#8221; tras conocerse <strong>la \u00faltima sentencia del TSJ<\/strong> sobre Alcoinnova. De esta forma Mir\u00f3 se\u00f1ala que <strong>ambas formaciones pol\u00edticas<\/strong> &#8220;<\/span><em>act\u00faan en contra de los empresarios, en este caso de los alcoyanos. Por otra parte apoyan acciones de agrupaciones como La Carrasca, que solo se dedican a hacer pol\u00edtica partidista sin pensar estrictamente en los intereses de Alcoy.\u00a0La Carrasca solo se enfurece judicialmente en algunos temas. En otros, como es el caso de la cantera de Montcabrer, parece que no interesa. Tambi\u00e9n tendr\u00edan que explicar cu\u00e1l es la raz\u00f3n<\/em>&#8220;, concluye.<\/p>\n","protected":false},"excerpt":{"rendered":"<p>El Partido Popular de Alcoy\u00a0exigir\u00e1 al alcalde, Antonio Franc\u00e9s, que explique la viabilidad de Pagos para albergar proyectos como el&#8230;<\/p>\n","protected":false},"author":1,"featured_media":21477,"comment_status":"open","ping_status":"open","sticky":false,"template":"","format":"standard","meta":{"footnotes":""},"categories":[97,75,79],"tags":[1494,550,5612,227,1827],"class_list":["post-42112","post","type-post","status-publish","format-standard","has-post-thumbnail","hentry","category-alcoy","category-noticias","category-politicayeconomia","tag-alcoy","tag-calidad","tag-ciudad-dormitorio","tag-pp","tag-suelo-industrial"],"yoast_head":"<!-- This site is optimized with the Yoast SEO plugin v27.3 - https:\/\/yoast.com\/product\/yoast-seo-wordpress\/ -->\n<title>El PP exige suelo industrial de calidad para que Alcoy no acabe siendo ciudad dormitorio - COPE Alcoy<\/title>\n<meta name=\"robots\" content=\"index, follow, max-snippet:-1, max-image-preview:large, max-video-preview:-1\" \/>\n<link rel=\"canonical\" href=\"https:\/\/www.copealcoy.es\/es\/el-pp-exige-suelo-industrial-de-calidad-para-que-alcoy-no-acabe-siendo-ciudad-dormitorio\/\" \/>\n<meta property=\"og:locale\" content=\"es_ES\" \/>\n<meta property=\"og:type\" content=\"article\" \/>\n<meta property=\"og:title\" content=\"El PP exige suelo industrial de calidad para que Alcoy no acabe siendo ciudad dormitorio - COPE Alcoy\" \/>\n<meta property=\"og:description\" content=\"El Partido Popular de Alcoy\u00a0exigir\u00e1 al alcalde, Antonio Franc\u00e9s, que explique la viabilidad de Pagos para albergar proyectos como el...\" \/>\n<meta property=\"og:url\" content=\"https:\/\/www.copealcoy.es\/es\/el-pp-exige-suelo-industrial-de-calidad-para-que-alcoy-no-acabe-siendo-ciudad-dormitorio\/\" \/>\n<meta property=\"og:site_name\" content=\"COPE Alcoy\" \/>\n<meta property=\"article:published_time\" content=\"2018-05-14T15:41:40+00:00\" \/>\n<meta property=\"article:modified_time\" content=\"2018-05-14T15:46:19+00:00\" \/>\n<meta property=\"og:image\" content=\"https:\/\/www.copealcoy.es\/wp-content\/uploads\/2016\/05\/13152769_10209288687394886_910083671_n-e1462812078404.jpg\" \/>\n\t<meta property=\"og:image:width\" content=\"960\" \/>\n\t<meta property=\"og:image:height\" content=\"549\" \/>\n\t<meta property=\"og:image:type\" content=\"image\/jpeg\" \/>\n<meta name=\"author\" content=\"Cope Alcoy\" \/>\n<meta name=\"twitter:label1\" content=\"Escrito por\" \/>\n\t<meta name=\"twitter:data1\" content=\"Cope Alcoy\" \/>\n\t<meta name=\"twitter:label2\" content=\"Tiempo de lectura\" \/>\n\t<meta name=\"twitter:data2\" content=\"2 minutos\" \/>\n<script type=\"application\/ld+json\" class=\"yoast-schema-graph\">{\"@context\":\"https:\\\/\\\/schema.org\",\"@graph\":[{\"@type\":\"Article\",\"@id\":\"https:\\\/\\\/www.copealcoy.es\\\/es\\\/el-pp-exige-suelo-industrial-de-calidad-para-que-alcoy-no-acabe-siendo-ciudad-dormitorio\\\/#article\",\"isPartOf\":{\"@id\":\"https:\\\/\\\/www.copealcoy.es\\\/es\\\/el-pp-exige-suelo-industrial-de-calidad-para-que-alcoy-no-acabe-siendo-ciudad-dormitorio\\\/\"},\"author\":{\"name\":\"Cope Alcoy\",\"@id\":\"https:\\\/\\\/www.copealcoy.es\\\/es\\\/#\\\/schema\\\/person\\\/e777c87fa024e57d40170af9df39882c\"},\"headline\":\"El PP exige suelo industrial de calidad para que Alcoy no acabe siendo ciudad dormitorio\",\"datePublished\":\"2018-05-14T15:41:40+00:00\",\"dateModified\":\"2018-05-14T15:46:19+00:00\",\"mainEntityOfPage\":{\"@id\":\"https:\\\/\\\/www.copealcoy.es\\\/es\\\/el-pp-exige-suelo-industrial-de-calidad-para-que-alcoy-no-acabe-siendo-ciudad-dormitorio\\\/\"},\"wordCount\":397,\"commentCount\":0,\"image\":{\"@id\":\"https:\\\/\\\/www.copealcoy.es\\\/es\\\/el-pp-exige-suelo-industrial-de-calidad-para-que-alcoy-no-acabe-siendo-ciudad-dormitorio\\\/#primaryimage\"},\"thumbnailUrl\":\"https:\\\/\\\/www.copealcoy.es\\\/wp-content\\\/uploads\\\/2016\\\/05\\\/13152769_10209288687394886_910083671_n-e1462812078404.jpg\",\"keywords\":[\"Alcoy\",\"Calidad\",\"ciudad dormitorio\",\"PP\",\"Suelo Industrial\"],\"articleSection\":[\"Alcoy\",\"Noticias\",\"Pol\u00edtica y Econom\u00eda\"],\"inLanguage\":\"es\"},{\"@type\":\"WebPage\",\"@id\":\"https:\\\/\\\/www.copealcoy.es\\\/es\\\/el-pp-exige-suelo-industrial-de-calidad-para-que-alcoy-no-acabe-siendo-ciudad-dormitorio\\\/\",\"url\":\"https:\\\/\\\/www.copealcoy.es\\\/es\\\/el-pp-exige-suelo-industrial-de-calidad-para-que-alcoy-no-acabe-siendo-ciudad-dormitorio\\\/\",\"name\":\"El PP exige suelo industrial de calidad para que Alcoy no acabe siendo ciudad dormitorio - COPE Alcoy\",\"isPartOf\":{\"@id\":\"https:\\\/\\\/www.copealcoy.es\\\/es\\\/#website\"},\"primaryImageOfPage\":{\"@id\":\"https:\\\/\\\/www.copealcoy.es\\\/es\\\/el-pp-exige-suelo-industrial-de-calidad-para-que-alcoy-no-acabe-siendo-ciudad-dormitorio\\\/#primaryimage\"},\"image\":{\"@id\":\"https:\\\/\\\/www.copealcoy.es\\\/es\\\/el-pp-exige-suelo-industrial-de-calidad-para-que-alcoy-no-acabe-siendo-ciudad-dormitorio\\\/#primaryimage\"},\"thumbnailUrl\":\"https:\\\/\\\/www.copealcoy.es\\\/wp-content\\\/uploads\\\/2016\\\/05\\\/13152769_10209288687394886_910083671_n-e1462812078404.jpg\",\"datePublished\":\"2018-05-14T15:41:40+00:00\",\"dateModified\":\"2018-05-14T15:46:19+00:00\",\"author\":{\"@id\":\"https:\\\/\\\/www.copealcoy.es\\\/es\\\/#\\\/schema\\\/person\\\/e777c87fa024e57d40170af9df39882c\"},\"breadcrumb\":{\"@id\":\"https:\\\/\\\/www.copealcoy.es\\\/es\\\/el-pp-exige-suelo-industrial-de-calidad-para-que-alcoy-no-acabe-siendo-ciudad-dormitorio\\\/#breadcrumb\"},\"inLanguage\":\"es\",\"potentialAction\":[{\"@type\":\"ReadAction\",\"target\":[\"https:\\\/\\\/www.copealcoy.es\\\/es\\\/el-pp-exige-suelo-industrial-de-calidad-para-que-alcoy-no-acabe-siendo-ciudad-dormitorio\\\/\"]}]},{\"@type\":\"ImageObject\",\"inLanguage\":\"es\",\"@id\":\"https:\\\/\\\/www.copealcoy.es\\\/es\\\/el-pp-exige-suelo-industrial-de-calidad-para-que-alcoy-no-acabe-siendo-ciudad-dormitorio\\\/#primaryimage\",\"url\":\"https:\\\/\\\/www.copealcoy.es\\\/wp-content\\\/uploads\\\/2016\\\/05\\\/13152769_10209288687394886_910083671_n-e1462812078404.jpg\",\"contentUrl\":\"https:\\\/\\\/www.copealcoy.es\\\/wp-content\\\/uploads\\\/2016\\\/05\\\/13152769_10209288687394886_910083671_n-e1462812078404.jpg\",\"width\":960,\"height\":549,\"caption\":\"Mir\u00f3 muestra en un plano las dos \u00e1reas alternativas para ubicar suelo industrial \\\/ Foto: G. Pascual\"},{\"@type\":\"BreadcrumbList\",\"@id\":\"https:\\\/\\\/www.copealcoy.es\\\/es\\\/el-pp-exige-suelo-industrial-de-calidad-para-que-alcoy-no-acabe-siendo-ciudad-dormitorio\\\/#breadcrumb\",\"itemListElement\":[{\"@type\":\"ListItem\",\"position\":1,\"name\":\"Portada\",\"item\":\"https:\\\/\\\/www.copealcoy.es\\\/es\\\/\"},{\"@type\":\"ListItem\",\"position\":2,\"name\":\"El PP exige suelo industrial de calidad para que Alcoy no acabe siendo ciudad dormitorio\"}]},{\"@type\":\"WebSite\",\"@id\":\"https:\\\/\\\/www.copealcoy.es\\\/es\\\/#website\",\"url\":\"https:\\\/\\\/www.copealcoy.es\\\/es\\\/\",\"name\":\"COPE Alcoy\",\"description\":\"Emisora COPE de radio local con emisi\u00f3n online. Pont de Sant Jordi 8-10 03803 Alcoy\",\"potentialAction\":[{\"@type\":\"SearchAction\",\"target\":{\"@type\":\"EntryPoint\",\"urlTemplate\":\"https:\\\/\\\/www.copealcoy.es\\\/es\\\/?s={search_term_string}\"},\"query-input\":{\"@type\":\"PropertyValueSpecification\",\"valueRequired\":true,\"valueName\":\"search_term_string\"}}],\"inLanguage\":\"es\"},{\"@type\":\"Person\",\"@id\":\"https:\\\/\\\/www.copealcoy.es\\\/es\\\/#\\\/schema\\\/person\\\/e777c87fa024e57d40170af9df39882c\",\"name\":\"Cope Alcoy\",\"image\":{\"@type\":\"ImageObject\",\"inLanguage\":\"es\",\"@id\":\"https:\\\/\\\/secure.gravatar.com\\\/avatar\\\/bb65d0283347e303893ba14f0692005417c1e0e690a325a4c5d8bb2b3943ee14?s=96&d=mm&r=g\",\"url\":\"https:\\\/\\\/secure.gravatar.com\\\/avatar\\\/bb65d0283347e303893ba14f0692005417c1e0e690a325a4c5d8bb2b3943ee14?s=96&d=mm&r=g\",\"contentUrl\":\"https:\\\/\\\/secure.gravatar.com\\\/avatar\\\/bb65d0283347e303893ba14f0692005417c1e0e690a325a4c5d8bb2b3943ee14?s=96&d=mm&r=g\",\"caption\":\"Cope Alcoy\"}}]}<\/script>\n<!-- \/ Yoast SEO plugin. -->","yoast_head_json":{"title":"El PP exige suelo industrial de calidad para que Alcoy no acabe siendo ciudad dormitorio - COPE Alcoy","robots":{"index":"index","follow":"follow","max-snippet":"max-snippet:-1","max-image-preview":"max-image-preview:large","max-video-preview":"max-video-preview:-1"},"canonical":"https:\/\/www.copealcoy.es\/es\/el-pp-exige-suelo-industrial-de-calidad-para-que-alcoy-no-acabe-siendo-ciudad-dormitorio\/","og_locale":"es_ES","og_type":"article","og_title":"El PP exige suelo industrial de calidad para que Alcoy no acabe siendo ciudad dormitorio - COPE Alcoy","og_description":"El Partido Popular de Alcoy\u00a0exigir\u00e1 al alcalde, Antonio Franc\u00e9s, que explique la viabilidad de Pagos para albergar proyectos como el...","og_url":"https:\/\/www.copealcoy.es\/es\/el-pp-exige-suelo-industrial-de-calidad-para-que-alcoy-no-acabe-siendo-ciudad-dormitorio\/","og_site_name":"COPE Alcoy","article_published_time":"2018-05-14T15:41:40+00:00","article_modified_time":"2018-05-14T15:46:19+00:00","og_image":[{"width":960,"height":549,"url":"https:\/\/www.copealcoy.es\/wp-content\/uploads\/2016\/05\/13152769_10209288687394886_910083671_n-e1462812078404.jpg","type":"image\/jpeg"}],"author":"Cope Alcoy","twitter_misc":{"Escrito por":"Cope Alcoy","Tiempo de lectura":"2 minutos"},"schema":{"@context":"https:\/\/schema.org","@graph":[{"@type":"Article","@id":"https:\/\/www.copealcoy.es\/es\/el-pp-exige-suelo-industrial-de-calidad-para-que-alcoy-no-acabe-siendo-ciudad-dormitorio\/#article","isPartOf":{"@id":"https:\/\/www.copealcoy.es\/es\/el-pp-exige-suelo-industrial-de-calidad-para-que-alcoy-no-acabe-siendo-ciudad-dormitorio\/"},"author":{"name":"Cope Alcoy","@id":"https:\/\/www.copealcoy.es\/es\/#\/schema\/person\/e777c87fa024e57d40170af9df39882c"},"headline":"El PP exige suelo industrial de calidad para que Alcoy no acabe siendo ciudad dormitorio","datePublished":"2018-05-14T15:41:40+00:00","dateModified":"2018-05-14T15:46:19+00:00","mainEntityOfPage":{"@id":"https:\/\/www.copealcoy.es\/es\/el-pp-exige-suelo-industrial-de-calidad-para-que-alcoy-no-acabe-siendo-ciudad-dormitorio\/"},"wordCount":397,"commentCount":0,"image":{"@id":"https:\/\/www.copealcoy.es\/es\/el-pp-exige-suelo-industrial-de-calidad-para-que-alcoy-no-acabe-siendo-ciudad-dormitorio\/#primaryimage"},"thumbnailUrl":"https:\/\/www.copealcoy.es\/wp-content\/uploads\/2016\/05\/13152769_10209288687394886_910083671_n-e1462812078404.jpg","keywords":["Alcoy","Calidad","ciudad dormitorio","PP","Suelo Industrial"],"articleSection":["Alcoy","Noticias","Pol\u00edtica y Econom\u00eda"],"inLanguage":"es"},{"@type":"WebPage","@id":"https:\/\/www.copealcoy.es\/es\/el-pp-exige-suelo-industrial-de-calidad-para-que-alcoy-no-acabe-siendo-ciudad-dormitorio\/","url":"https:\/\/www.copealcoy.es\/es\/el-pp-exige-suelo-industrial-de-calidad-para-que-alcoy-no-acabe-siendo-ciudad-dormitorio\/","name":"El PP exige suelo industrial de calidad para que Alcoy no acabe siendo ciudad dormitorio - COPE Alcoy","isPartOf":{"@id":"https:\/\/www.copealcoy.es\/es\/#website"},"primaryImageOfPage":{"@id":"https:\/\/www.copealcoy.es\/es\/el-pp-exige-suelo-industrial-de-calidad-para-que-alcoy-no-acabe-siendo-ciudad-dormitorio\/#primaryimage"},"image":{"@id":"https:\/\/www.copealcoy.es\/es\/el-pp-exige-suelo-industrial-de-calidad-para-que-alcoy-no-acabe-siendo-ciudad-dormitorio\/#primaryimage"},"thumbnailUrl":"https:\/\/www.copealcoy.es\/wp-content\/uploads\/2016\/05\/13152769_10209288687394886_910083671_n-e1462812078404.jpg","datePublished":"2018-05-14T15:41:40+00:00","dateModified":"2018-05-14T15:46:19+00:00","author":{"@id":"https:\/\/www.copealcoy.es\/es\/#\/schema\/person\/e777c87fa024e57d40170af9df39882c"},"breadcrumb":{"@id":"https:\/\/www.copealcoy.es\/es\/el-pp-exige-suelo-industrial-de-calidad-para-que-alcoy-no-acabe-siendo-ciudad-dormitorio\/#breadcrumb"},"inLanguage":"es","potentialAction":[{"@type":"ReadAction","target":["https:\/\/www.copealcoy.es\/es\/el-pp-exige-suelo-industrial-de-calidad-para-que-alcoy-no-acabe-siendo-ciudad-dormitorio\/"]}]},{"@type":"ImageObject","inLanguage":"es","@id":"https:\/\/www.copealcoy.es\/es\/el-pp-exige-suelo-industrial-de-calidad-para-que-alcoy-no-acabe-siendo-ciudad-dormitorio\/#primaryimage","url":"https:\/\/www.copealcoy.es\/wp-content\/uploads\/2016\/05\/13152769_10209288687394886_910083671_n-e1462812078404.jpg","contentUrl":"https:\/\/www.copealcoy.es\/wp-content\/uploads\/2016\/05\/13152769_10209288687394886_910083671_n-e1462812078404.jpg","width":960,"height":549,"caption":"Mir\u00f3 muestra en un plano las dos \u00e1reas alternativas para ubicar suelo industrial \/ Foto: G. Pascual"},{"@type":"BreadcrumbList","@id":"https:\/\/www.copealcoy.es\/es\/el-pp-exige-suelo-industrial-de-calidad-para-que-alcoy-no-acabe-siendo-ciudad-dormitorio\/#breadcrumb","itemListElement":[{"@type":"ListItem","position":1,"name":"Portada","item":"https:\/\/www.copealcoy.es\/es\/"},{"@type":"ListItem","position":2,"name":"El PP exige suelo industrial de calidad para que Alcoy no acabe siendo ciudad dormitorio"}]},{"@type":"WebSite","@id":"https:\/\/www.copealcoy.es\/es\/#website","url":"https:\/\/www.copealcoy.es\/es\/","name":"COPE Alcoy","description":"Emisora COPE de radio local con emisi\u00f3n online. Pont de Sant Jordi 8-10 03803 Alcoy","potentialAction":[{"@type":"SearchAction","target":{"@type":"EntryPoint","urlTemplate":"https:\/\/www.copealcoy.es\/es\/?s={search_term_string}"},"query-input":{"@type":"PropertyValueSpecification","valueRequired":true,"valueName":"search_term_string"}}],"inLanguage":"es"},{"@type":"Person","@id":"https:\/\/www.copealcoy.es\/es\/#\/schema\/person\/e777c87fa024e57d40170af9df39882c","name":"Cope Alcoy","image":{"@type":"ImageObject","inLanguage":"es","@id":"https:\/\/secure.gravatar.com\/avatar\/bb65d0283347e303893ba14f0692005417c1e0e690a325a4c5d8bb2b3943ee14?s=96&d=mm&r=g","url":"https:\/\/secure.gravatar.com\/avatar\/bb65d0283347e303893ba14f0692005417c1e0e690a325a4c5d8bb2b3943ee14?s=96&d=mm&r=g","contentUrl":"https:\/\/secure.gravatar.com\/avatar\/bb65d0283347e303893ba14f0692005417c1e0e690a325a4c5d8bb2b3943ee14?s=96&d=mm&r=g","caption":"Cope Alcoy"}}]}},"_links":{"self":[{"href":"https:\/\/www.copealcoy.es\/es\/wp-json\/wp\/v2\/posts\/42112","targetHints":{"allow":["GET"]}}],"collection":[{"href":"https:\/\/www.copealcoy.es\/es\/wp-json\/wp\/v2\/posts"}],"about":[{"href":"https:\/\/www.copealcoy.es\/es\/wp-json\/wp\/v2\/types\/post"}],"author":[{"embeddable":true,"href":"https:\/\/www.copealcoy.es\/es\/wp-json\/wp\/v2\/users\/1"}],"replies":[{"embeddable":true,"href":"https:\/\/www.copealcoy.es\/es\/wp-json\/wp\/v2\/comments?post=42112"}],"version-history":[{"count":0,"href":"https:\/\/www.copealcoy.es\/es\/wp-json\/wp\/v2\/posts\/42112\/revisions"}],"wp:featuredmedia":[{"embeddable":true,"href":"https:\/\/www.copealcoy.es\/es\/wp-json\/wp\/v2\/media\/21477"}],"wp:attachment":[{"href":"https:\/\/www.copealcoy.es\/es\/wp-json\/wp\/v2\/media?parent=42112"}],"wp:term":[{"taxonomy":"category","embeddable":true,"href":"https:\/\/www.copealcoy.es\/es\/wp-json\/wp\/v2\/categories?post=42112"},{"taxonomy":"post_tag","embeddable":true,"href":"https:\/\/www.copealcoy.es\/es\/wp-json\/wp\/v2\/tags?post=42112"}],"curies":[{"name":"wp","href":"https:\/\/api.w.org\/{rel}","templated":true}]}}