{"id":42092,"date":"2018-05-13T21:39:10","date_gmt":"2018-05-13T21:39:10","guid":{"rendered":"http:\/\/copealcoi.es\/new\/?p=42092"},"modified":"2018-05-13T21:45:41","modified_gmt":"2018-05-13T21:45:41","slug":"muro-aplaude-la-entrada-de-las-fuerzas-de-la-media-luna","status":"publish","type":"post","link":"https:\/\/www.copealcoy.es\/es\/muro-aplaude-la-entrada-de-las-fuerzas-de-la-media-luna\/","title":{"rendered":"Muro aplaude la Entrada de las fuerzas de la media luna"},"content":{"rendered":"<p style=\"text-align: justify;\">Muro ha seguido celebrando <strong>sus Fiestas de Moros y Cristianos<\/strong> en este domingo y durante la ma\u00f1ana <strong>han destacado actos<\/strong> como la ofrenda floral, la misa mayor en honor a la patrona y el disparo de una <em>masclet\u00e0<\/em> a mediod\u00eda.<\/p>\n<p style=\"text-align: justify;\">A las 17:00h ha dado inicio <strong>la Entrada del bando moro<\/strong> y la misma ha estado encabezada por <strong>la Fil\u00e0 Verds<\/strong> al ostentar este a\u00f1o la capitan\u00eda. Varias escuadras especiales, estandartes, danzas orientales y las costumbres t\u00edpicas de las tierras \u00e1rabes <strong>han dado forma al boato\u00a0<\/strong>que ha acompa\u00f1ado al m\u00e1ximo representante de las tropas \u00e1rabes. El Capit\u00e1n, <strong>Carlos Pla<\/strong>, ha desfilado sobre una carroza que reproduc\u00eda un cocodrilo y ha estado junto a\u00a0su madre y favorita, <strong>Carmen Vicedo<\/strong>; verdadera impulsora de este cargo. En el desfile<strong> ha sonado la marcha mora<\/strong> \u2018Somnis d\u00b4un capit\u00e0\u2019 de Juan Carlos Sempere Bombo\u00ed. La Entrada <strong>ha seguido despu\u00e9s<\/strong> con el paso de las Filaes<strong> Llana, Moros del Rif, Marroks,\u00a0y Realistas<\/strong>. Por \u00faltimo han hecho su Entrada a Muro los componentes de <strong>la Fil\u00e0 Tariks<\/strong> con su Abanderado, <strong>Aitor Bosch<\/strong>, y su favorita; <strong>M\u00f3nica Vilaplana<\/strong>. De nuevo las coreograf\u00edas y las exhibiciones de fuego han precedido al cargo en un conjunto en el que tambi\u00e9n se ha hecho referencia al <strong>75 aniversario<\/strong> que cumple la formaci\u00f3n este a\u00f1o. La parte musical ha corrido a cargo de la <strong>Uni\u00f3n Musical de Muro<\/strong>; la cual ha hecho sonar <b>la pieza<\/b>\u00a0\u2018Xabat\u2019 del compositor d\u00b4Ontinyent Sa\u00fcl G\u00f3mez i Soler.<\/p>\n<figure id=\"attachment_42094\" aria-describedby=\"caption-attachment-42094\" style=\"width: 960px\" class=\"wp-caption alignnone\"><a href=\"https:\/\/www.copealcoy.es\/wp-content\/uploads\/2018\/05\/32538509_10216094833704290_4220504816629055488_n.jpg\"><img loading=\"lazy\" decoding=\"async\" class=\"wp-image-42094 size-full\" src=\"https:\/\/www.copealcoy.es\/wp-content\/uploads\/2018\/05\/32538509_10216094833704290_4220504816629055488_n.jpg\" alt=\"\" width=\"960\" height=\"696\" srcset=\"https:\/\/www.copealcoy.es\/wp-content\/uploads\/2018\/05\/32538509_10216094833704290_4220504816629055488_n.jpg 960w, https:\/\/www.copealcoy.es\/wp-content\/uploads\/2018\/05\/32538509_10216094833704290_4220504816629055488_n-300x218.jpg 300w, https:\/\/www.copealcoy.es\/wp-content\/uploads\/2018\/05\/32538509_10216094833704290_4220504816629055488_n-768x557.jpg 768w\" sizes=\"auto, (max-width: 960px) 100vw, 960px\" \/><\/a><figcaption id=\"caption-attachment-42094\" class=\"wp-caption-text\">Aitor Bosch, Abanderado Moro de los Tariks, ha cerrado la Entrada \/ Foto: G. Pascual<\/figcaption><\/figure>\n<p style=\"text-align: justify;\">La jornada ha finalizado con <strong>la solemne procesi\u00f3n de la Virgen de los Desamparado<\/strong>s desde la iglesia de San Juan Bautista. La patrona. tras recorrer algunas de las calles del casco antiguo, <strong>ha regresado al templo parroquial<\/strong> tras el disparo de un castillo de fuegos artificiales. All\u00ed <strong>permanecer\u00e1 hasta el pr\u00f3ximo domingo<\/strong>, d\u00eda de &#8216;La Puj\u00e0&#8217;.<\/p>\n","protected":false},"excerpt":{"rendered":"<p>Muro ha seguido celebrando sus Fiestas de Moros y Cristianos en este domingo y durante la ma\u00f1ana han destacado actos&#8230;<\/p>\n","protected":false},"author":1,"featured_media":42097,"comment_status":"open","ping_status":"open","sticky":false,"template":"","format":"standard","meta":{"footnotes":""},"categories":[98,75],"tags":[5610,1987,5227,135,5609],"class_list":["post-42092","post","type-post","status-publish","format-standard","has-post-thumbnail","hentry","category-comarcas","category-noticias","tag-despliegan","tag-entrada","tag-fuerzas","tag-muro","tag-tropas-media-luna"],"yoast_head":"<!-- This site is optimized with the Yoast SEO plugin v27.3 - https:\/\/yoast.com\/product\/yoast-seo-wordpress\/ -->\n<title>Muro aplaude la Entrada de las fuerzas de la media luna - COPE Alcoy<\/title>\n<meta name=\"robots\" content=\"index, follow, max-snippet:-1, max-image-preview:large, max-video-preview:-1\" \/>\n<link rel=\"canonical\" href=\"https:\/\/www.copealcoy.es\/es\/muro-aplaude-la-entrada-de-las-fuerzas-de-la-media-luna\/\" \/>\n<meta property=\"og:locale\" content=\"es_ES\" \/>\n<meta property=\"og:type\" content=\"article\" \/>\n<meta property=\"og:title\" content=\"Muro aplaude la Entrada de las fuerzas de la media luna - COPE Alcoy\" \/>\n<meta property=\"og:description\" content=\"Muro ha seguido celebrando sus Fiestas de Moros y Cristianos en este domingo y durante la ma\u00f1ana han destacado actos...\" \/>\n<meta property=\"og:url\" content=\"https:\/\/www.copealcoy.es\/es\/muro-aplaude-la-entrada-de-las-fuerzas-de-la-media-luna\/\" \/>\n<meta property=\"og:site_name\" content=\"COPE Alcoy\" \/>\n<meta property=\"article:published_time\" content=\"2018-05-13T21:39:10+00:00\" \/>\n<meta property=\"article:modified_time\" content=\"2018-05-13T21:45:41+00:00\" \/>\n<meta property=\"og:image\" content=\"https:\/\/www.copealcoy.es\/wp-content\/uploads\/2018\/05\/32385091_10216094833944296_6520982505451945984_n-e1526247932126.jpg\" \/>\n\t<meta property=\"og:image:width\" content=\"957\" \/>\n\t<meta property=\"og:image:height\" content=\"580\" \/>\n\t<meta property=\"og:image:type\" content=\"image\/jpeg\" \/>\n<meta name=\"author\" content=\"Cope Alcoy\" \/>\n<meta name=\"twitter:label1\" content=\"Escrito por\" \/>\n\t<meta name=\"twitter:data1\" content=\"Cope Alcoy\" \/>\n\t<meta name=\"twitter:label2\" content=\"Tiempo de lectura\" \/>\n\t<meta name=\"twitter:data2\" content=\"2 minutos\" \/>\n<script type=\"application\/ld+json\" class=\"yoast-schema-graph\">{\"@context\":\"https:\\\/\\\/schema.org\",\"@graph\":[{\"@type\":\"Article\",\"@id\":\"https:\\\/\\\/www.copealcoy.es\\\/es\\\/muro-aplaude-la-entrada-de-las-fuerzas-de-la-media-luna\\\/#article\",\"isPartOf\":{\"@id\":\"https:\\\/\\\/www.copealcoy.es\\\/es\\\/muro-aplaude-la-entrada-de-las-fuerzas-de-la-media-luna\\\/\"},\"author\":{\"name\":\"Cope Alcoy\",\"@id\":\"https:\\\/\\\/www.copealcoy.es\\\/es\\\/#\\\/schema\\\/person\\\/e777c87fa024e57d40170af9df39882c\"},\"headline\":\"Muro aplaude la Entrada de las fuerzas de la media luna\",\"datePublished\":\"2018-05-13T21:39:10+00:00\",\"dateModified\":\"2018-05-13T21:45:41+00:00\",\"mainEntityOfPage\":{\"@id\":\"https:\\\/\\\/www.copealcoy.es\\\/es\\\/muro-aplaude-la-entrada-de-las-fuerzas-de-la-media-luna\\\/\"},\"wordCount\":354,\"commentCount\":0,\"image\":{\"@id\":\"https:\\\/\\\/www.copealcoy.es\\\/es\\\/muro-aplaude-la-entrada-de-las-fuerzas-de-la-media-luna\\\/#primaryimage\"},\"thumbnailUrl\":\"https:\\\/\\\/www.copealcoy.es\\\/wp-content\\\/uploads\\\/2018\\\/05\\\/32385091_10216094833944296_6520982505451945984_n-e1526247932126.jpg\",\"keywords\":[\"despliegan\",\"Entrada\",\"Fuerzas\",\"Muro\",\"tropas media luna\"],\"articleSection\":[\"Comarcas\",\"Noticias\"],\"inLanguage\":\"es\"},{\"@type\":\"WebPage\",\"@id\":\"https:\\\/\\\/www.copealcoy.es\\\/es\\\/muro-aplaude-la-entrada-de-las-fuerzas-de-la-media-luna\\\/\",\"url\":\"https:\\\/\\\/www.copealcoy.es\\\/es\\\/muro-aplaude-la-entrada-de-las-fuerzas-de-la-media-luna\\\/\",\"name\":\"Muro aplaude la Entrada de las fuerzas de la media luna - COPE Alcoy\",\"isPartOf\":{\"@id\":\"https:\\\/\\\/www.copealcoy.es\\\/es\\\/#website\"},\"primaryImageOfPage\":{\"@id\":\"https:\\\/\\\/www.copealcoy.es\\\/es\\\/muro-aplaude-la-entrada-de-las-fuerzas-de-la-media-luna\\\/#primaryimage\"},\"image\":{\"@id\":\"https:\\\/\\\/www.copealcoy.es\\\/es\\\/muro-aplaude-la-entrada-de-las-fuerzas-de-la-media-luna\\\/#primaryimage\"},\"thumbnailUrl\":\"https:\\\/\\\/www.copealcoy.es\\\/wp-content\\\/uploads\\\/2018\\\/05\\\/32385091_10216094833944296_6520982505451945984_n-e1526247932126.jpg\",\"datePublished\":\"2018-05-13T21:39:10+00:00\",\"dateModified\":\"2018-05-13T21:45:41+00:00\",\"author\":{\"@id\":\"https:\\\/\\\/www.copealcoy.es\\\/es\\\/#\\\/schema\\\/person\\\/e777c87fa024e57d40170af9df39882c\"},\"breadcrumb\":{\"@id\":\"https:\\\/\\\/www.copealcoy.es\\\/es\\\/muro-aplaude-la-entrada-de-las-fuerzas-de-la-media-luna\\\/#breadcrumb\"},\"inLanguage\":\"es\",\"potentialAction\":[{\"@type\":\"ReadAction\",\"target\":[\"https:\\\/\\\/www.copealcoy.es\\\/es\\\/muro-aplaude-la-entrada-de-las-fuerzas-de-la-media-luna\\\/\"]}]},{\"@type\":\"ImageObject\",\"inLanguage\":\"es\",\"@id\":\"https:\\\/\\\/www.copealcoy.es\\\/es\\\/muro-aplaude-la-entrada-de-las-fuerzas-de-la-media-luna\\\/#primaryimage\",\"url\":\"https:\\\/\\\/www.copealcoy.es\\\/wp-content\\\/uploads\\\/2018\\\/05\\\/32385091_10216094833944296_6520982505451945984_n-e1526247932126.jpg\",\"contentUrl\":\"https:\\\/\\\/www.copealcoy.es\\\/wp-content\\\/uploads\\\/2018\\\/05\\\/32385091_10216094833944296_6520982505451945984_n-e1526247932126.jpg\",\"width\":957,\"height\":580,\"caption\":\"Carlos Pla, Capit\u00e1n Moro de la Fil\u00e0 Verdes, durante la Entrada de este domingo \\\/ Foto: G. Pascual\"},{\"@type\":\"BreadcrumbList\",\"@id\":\"https:\\\/\\\/www.copealcoy.es\\\/es\\\/muro-aplaude-la-entrada-de-las-fuerzas-de-la-media-luna\\\/#breadcrumb\",\"itemListElement\":[{\"@type\":\"ListItem\",\"position\":1,\"name\":\"Portada\",\"item\":\"https:\\\/\\\/www.copealcoy.es\\\/es\\\/\"},{\"@type\":\"ListItem\",\"position\":2,\"name\":\"Muro aplaude la Entrada de las fuerzas de la media luna\"}]},{\"@type\":\"WebSite\",\"@id\":\"https:\\\/\\\/www.copealcoy.es\\\/es\\\/#website\",\"url\":\"https:\\\/\\\/www.copealcoy.es\\\/es\\\/\",\"name\":\"COPE Alcoy\",\"description\":\"Emisora COPE de radio local con emisi\u00f3n online. Pont de Sant Jordi 8-10 03803 Alcoy\",\"potentialAction\":[{\"@type\":\"SearchAction\",\"target\":{\"@type\":\"EntryPoint\",\"urlTemplate\":\"https:\\\/\\\/www.copealcoy.es\\\/es\\\/?s={search_term_string}\"},\"query-input\":{\"@type\":\"PropertyValueSpecification\",\"valueRequired\":true,\"valueName\":\"search_term_string\"}}],\"inLanguage\":\"es\"},{\"@type\":\"Person\",\"@id\":\"https:\\\/\\\/www.copealcoy.es\\\/es\\\/#\\\/schema\\\/person\\\/e777c87fa024e57d40170af9df39882c\",\"name\":\"Cope Alcoy\",\"image\":{\"@type\":\"ImageObject\",\"inLanguage\":\"es\",\"@id\":\"https:\\\/\\\/secure.gravatar.com\\\/avatar\\\/bb65d0283347e303893ba14f0692005417c1e0e690a325a4c5d8bb2b3943ee14?s=96&d=mm&r=g\",\"url\":\"https:\\\/\\\/secure.gravatar.com\\\/avatar\\\/bb65d0283347e303893ba14f0692005417c1e0e690a325a4c5d8bb2b3943ee14?s=96&d=mm&r=g\",\"contentUrl\":\"https:\\\/\\\/secure.gravatar.com\\\/avatar\\\/bb65d0283347e303893ba14f0692005417c1e0e690a325a4c5d8bb2b3943ee14?s=96&d=mm&r=g\",\"caption\":\"Cope Alcoy\"}}]}<\/script>\n<!-- \/ Yoast SEO plugin. -->","yoast_head_json":{"title":"Muro aplaude la Entrada de las fuerzas de la media luna - COPE Alcoy","robots":{"index":"index","follow":"follow","max-snippet":"max-snippet:-1","max-image-preview":"max-image-preview:large","max-video-preview":"max-video-preview:-1"},"canonical":"https:\/\/www.copealcoy.es\/es\/muro-aplaude-la-entrada-de-las-fuerzas-de-la-media-luna\/","og_locale":"es_ES","og_type":"article","og_title":"Muro aplaude la Entrada de las fuerzas de la media luna - COPE Alcoy","og_description":"Muro ha seguido celebrando sus Fiestas de Moros y Cristianos en este domingo y durante la ma\u00f1ana han destacado actos...","og_url":"https:\/\/www.copealcoy.es\/es\/muro-aplaude-la-entrada-de-las-fuerzas-de-la-media-luna\/","og_site_name":"COPE Alcoy","article_published_time":"2018-05-13T21:39:10+00:00","article_modified_time":"2018-05-13T21:45:41+00:00","og_image":[{"width":957,"height":580,"url":"https:\/\/www.copealcoy.es\/wp-content\/uploads\/2018\/05\/32385091_10216094833944296_6520982505451945984_n-e1526247932126.jpg","type":"image\/jpeg"}],"author":"Cope Alcoy","twitter_misc":{"Escrito por":"Cope Alcoy","Tiempo de lectura":"2 minutos"},"schema":{"@context":"https:\/\/schema.org","@graph":[{"@type":"Article","@id":"https:\/\/www.copealcoy.es\/es\/muro-aplaude-la-entrada-de-las-fuerzas-de-la-media-luna\/#article","isPartOf":{"@id":"https:\/\/www.copealcoy.es\/es\/muro-aplaude-la-entrada-de-las-fuerzas-de-la-media-luna\/"},"author":{"name":"Cope Alcoy","@id":"https:\/\/www.copealcoy.es\/es\/#\/schema\/person\/e777c87fa024e57d40170af9df39882c"},"headline":"Muro aplaude la Entrada de las fuerzas de la media luna","datePublished":"2018-05-13T21:39:10+00:00","dateModified":"2018-05-13T21:45:41+00:00","mainEntityOfPage":{"@id":"https:\/\/www.copealcoy.es\/es\/muro-aplaude-la-entrada-de-las-fuerzas-de-la-media-luna\/"},"wordCount":354,"commentCount":0,"image":{"@id":"https:\/\/www.copealcoy.es\/es\/muro-aplaude-la-entrada-de-las-fuerzas-de-la-media-luna\/#primaryimage"},"thumbnailUrl":"https:\/\/www.copealcoy.es\/wp-content\/uploads\/2018\/05\/32385091_10216094833944296_6520982505451945984_n-e1526247932126.jpg","keywords":["despliegan","Entrada","Fuerzas","Muro","tropas media luna"],"articleSection":["Comarcas","Noticias"],"inLanguage":"es"},{"@type":"WebPage","@id":"https:\/\/www.copealcoy.es\/es\/muro-aplaude-la-entrada-de-las-fuerzas-de-la-media-luna\/","url":"https:\/\/www.copealcoy.es\/es\/muro-aplaude-la-entrada-de-las-fuerzas-de-la-media-luna\/","name":"Muro aplaude la Entrada de las fuerzas de la media luna - COPE Alcoy","isPartOf":{"@id":"https:\/\/www.copealcoy.es\/es\/#website"},"primaryImageOfPage":{"@id":"https:\/\/www.copealcoy.es\/es\/muro-aplaude-la-entrada-de-las-fuerzas-de-la-media-luna\/#primaryimage"},"image":{"@id":"https:\/\/www.copealcoy.es\/es\/muro-aplaude-la-entrada-de-las-fuerzas-de-la-media-luna\/#primaryimage"},"thumbnailUrl":"https:\/\/www.copealcoy.es\/wp-content\/uploads\/2018\/05\/32385091_10216094833944296_6520982505451945984_n-e1526247932126.jpg","datePublished":"2018-05-13T21:39:10+00:00","dateModified":"2018-05-13T21:45:41+00:00","author":{"@id":"https:\/\/www.copealcoy.es\/es\/#\/schema\/person\/e777c87fa024e57d40170af9df39882c"},"breadcrumb":{"@id":"https:\/\/www.copealcoy.es\/es\/muro-aplaude-la-entrada-de-las-fuerzas-de-la-media-luna\/#breadcrumb"},"inLanguage":"es","potentialAction":[{"@type":"ReadAction","target":["https:\/\/www.copealcoy.es\/es\/muro-aplaude-la-entrada-de-las-fuerzas-de-la-media-luna\/"]}]},{"@type":"ImageObject","inLanguage":"es","@id":"https:\/\/www.copealcoy.es\/es\/muro-aplaude-la-entrada-de-las-fuerzas-de-la-media-luna\/#primaryimage","url":"https:\/\/www.copealcoy.es\/wp-content\/uploads\/2018\/05\/32385091_10216094833944296_6520982505451945984_n-e1526247932126.jpg","contentUrl":"https:\/\/www.copealcoy.es\/wp-content\/uploads\/2018\/05\/32385091_10216094833944296_6520982505451945984_n-e1526247932126.jpg","width":957,"height":580,"caption":"Carlos Pla, Capit\u00e1n Moro de la Fil\u00e0 Verdes, durante la Entrada de este domingo \/ Foto: G. Pascual"},{"@type":"BreadcrumbList","@id":"https:\/\/www.copealcoy.es\/es\/muro-aplaude-la-entrada-de-las-fuerzas-de-la-media-luna\/#breadcrumb","itemListElement":[{"@type":"ListItem","position":1,"name":"Portada","item":"https:\/\/www.copealcoy.es\/es\/"},{"@type":"ListItem","position":2,"name":"Muro aplaude la Entrada de las fuerzas de la media luna"}]},{"@type":"WebSite","@id":"https:\/\/www.copealcoy.es\/es\/#website","url":"https:\/\/www.copealcoy.es\/es\/","name":"COPE Alcoy","description":"Emisora COPE de radio local con emisi\u00f3n online. Pont de Sant Jordi 8-10 03803 Alcoy","potentialAction":[{"@type":"SearchAction","target":{"@type":"EntryPoint","urlTemplate":"https:\/\/www.copealcoy.es\/es\/?s={search_term_string}"},"query-input":{"@type":"PropertyValueSpecification","valueRequired":true,"valueName":"search_term_string"}}],"inLanguage":"es"},{"@type":"Person","@id":"https:\/\/www.copealcoy.es\/es\/#\/schema\/person\/e777c87fa024e57d40170af9df39882c","name":"Cope Alcoy","image":{"@type":"ImageObject","inLanguage":"es","@id":"https:\/\/secure.gravatar.com\/avatar\/bb65d0283347e303893ba14f0692005417c1e0e690a325a4c5d8bb2b3943ee14?s=96&d=mm&r=g","url":"https:\/\/secure.gravatar.com\/avatar\/bb65d0283347e303893ba14f0692005417c1e0e690a325a4c5d8bb2b3943ee14?s=96&d=mm&r=g","contentUrl":"https:\/\/secure.gravatar.com\/avatar\/bb65d0283347e303893ba14f0692005417c1e0e690a325a4c5d8bb2b3943ee14?s=96&d=mm&r=g","caption":"Cope Alcoy"}}]}},"_links":{"self":[{"href":"https:\/\/www.copealcoy.es\/es\/wp-json\/wp\/v2\/posts\/42092","targetHints":{"allow":["GET"]}}],"collection":[{"href":"https:\/\/www.copealcoy.es\/es\/wp-json\/wp\/v2\/posts"}],"about":[{"href":"https:\/\/www.copealcoy.es\/es\/wp-json\/wp\/v2\/types\/post"}],"author":[{"embeddable":true,"href":"https:\/\/www.copealcoy.es\/es\/wp-json\/wp\/v2\/users\/1"}],"replies":[{"embeddable":true,"href":"https:\/\/www.copealcoy.es\/es\/wp-json\/wp\/v2\/comments?post=42092"}],"version-history":[{"count":0,"href":"https:\/\/www.copealcoy.es\/es\/wp-json\/wp\/v2\/posts\/42092\/revisions"}],"wp:featuredmedia":[{"embeddable":true,"href":"https:\/\/www.copealcoy.es\/es\/wp-json\/wp\/v2\/media\/42097"}],"wp:attachment":[{"href":"https:\/\/www.copealcoy.es\/es\/wp-json\/wp\/v2\/media?parent=42092"}],"wp:term":[{"taxonomy":"category","embeddable":true,"href":"https:\/\/www.copealcoy.es\/es\/wp-json\/wp\/v2\/categories?post=42092"},{"taxonomy":"post_tag","embeddable":true,"href":"https:\/\/www.copealcoy.es\/es\/wp-json\/wp\/v2\/tags?post=42092"}],"curies":[{"name":"wp","href":"https:\/\/api.w.org\/{rel}","templated":true}]}}