{"id":42073,"date":"2018-05-12T20:15:26","date_gmt":"2018-05-12T20:15:26","guid":{"rendered":"http:\/\/copealcoi.es\/new\/?p=42073"},"modified":"2018-05-12T20:26:16","modified_gmt":"2018-05-12T20:26:16","slug":"castalla-ya-disfruta-de-su-xxvi-feria-de-san-isidro","status":"publish","type":"post","link":"https:\/\/www.copealcoy.es\/es\/castalla-ya-disfruta-de-su-xxvi-feria-de-san-isidro\/","title":{"rendered":"Castalla ya disfruta de su XXVI Feria de San Isidro"},"content":{"rendered":"<p style=\"text-align: justify;\">Castalla disfruta desde ayer de <strong>la XXVI edici\u00f3n de su Feria de San Isidro<\/strong>, un certamen que ha abierto oficialmente sus puertas este mediod\u00eda con <strong>la inauguraci\u00f3n oficial<\/strong>. El acto, al que han asistido numerosos representantes pol\u00edticos de la comarca, ha contado con <strong>el corte protocolario de la cinta<\/strong> y diferentes actuaciones del Mercado Medieval. El alcalde de Castalla, <strong>Antonio Bernabeu<\/strong>, ha presidido la ceremonia y ha ejercido de anfitri\u00f3n de esta particular ceremonia en la que tambi\u00e9n han estado presentes los Diputados Auton\u00f3micos <strong>Rosa Garc\u00eda<\/strong> (Ciudadanos) y <strong>Rafa Briet<\/strong> (PSPV). la Diputada Nacional <strong>Patricia Blanquer<\/strong> (PSOE) o el Director del Campus de Alcoy de la UPV; <strong>Juan Ignacio Torregrosa<\/strong>.<\/p>\n<p style=\"text-align: justify;\">La Feria de San Isidro de Castalla <strong>cuenta con m\u00e1s de 250 expositores<\/strong> que se reparten por <strong>70.000 metros cuadrados<\/strong> de superficie expositiva. En la oferta<strong> no faltan<\/strong> los puestos del Mercado Medieval, conciertos, actividades para los m\u00e1s peque\u00f1os y j\u00f3venes, exhibiciones ecuestres, exposiciones culturales, muestra de automoci\u00f3n e incluso una zonda destinada a\u00a0la zona tecnolog\u00eda en la que participa el Campus de Alcoy de la Universitat Polit\u00e8cnica de Val\u00e8ncia (UPV).<\/p>\n<p style=\"text-align: justify;\">La Feria de Castalla ofrecer\u00e1 m\u00e1s propuestas esta noche como<strong> el &#8216;Correfocs&#8217;<\/strong> y continuar\u00e1 ma\u00f1ana domingo con <strong>toda la actividad<\/strong> funcionando a pleno rendimiento. Ser\u00e1 por la noche cuando <strong>se clausure este evento<\/strong> que ha superado ya el cuarto de siglo.<\/p>\n","protected":false},"excerpt":{"rendered":"<p>Castalla disfruta desde ayer de la XXVI edici\u00f3n de su Feria de San Isidro, un certamen que ha abierto oficialmente&#8230;<\/p>\n","protected":false},"author":1,"featured_media":42074,"comment_status":"open","ping_status":"open","sticky":false,"template":"","format":"standard","meta":{"footnotes":""},"categories":[97,98,75,125],"tags":[1619,2235,5607],"class_list":["post-42073","post","type-post","status-publish","format-standard","has-post-thumbnail","hentry","category-alcoy","category-comarcas","category-noticias","category-portada","tag-castalla","tag-feria-san-isidro","tag-xxvi-edicion"],"yoast_head":"<!-- This site is optimized with the Yoast SEO plugin v27.3 - https:\/\/yoast.com\/product\/yoast-seo-wordpress\/ -->\n<title>Castalla ya disfruta de su XXVI Feria de San Isidro - COPE Alcoy<\/title>\n<meta name=\"robots\" content=\"index, follow, max-snippet:-1, max-image-preview:large, max-video-preview:-1\" \/>\n<link rel=\"canonical\" href=\"https:\/\/www.copealcoy.es\/es\/castalla-ya-disfruta-de-su-xxvi-feria-de-san-isidro\/\" \/>\n<meta property=\"og:locale\" content=\"es_ES\" \/>\n<meta property=\"og:type\" content=\"article\" \/>\n<meta property=\"og:title\" content=\"Castalla ya disfruta de su XXVI Feria de San Isidro - COPE Alcoy\" \/>\n<meta property=\"og:description\" content=\"Castalla disfruta desde ayer de la XXVI edici\u00f3n de su Feria de San Isidro, un certamen que ha abierto oficialmente...\" \/>\n<meta property=\"og:url\" content=\"https:\/\/www.copealcoy.es\/es\/castalla-ya-disfruta-de-su-xxvi-feria-de-san-isidro\/\" \/>\n<meta property=\"og:site_name\" content=\"COPE Alcoy\" \/>\n<meta property=\"article:published_time\" content=\"2018-05-12T20:15:26+00:00\" \/>\n<meta property=\"article:modified_time\" content=\"2018-05-12T20:26:16+00:00\" \/>\n<meta property=\"og:image\" content=\"https:\/\/www.copealcoy.es\/wp-content\/uploads\/2018\/05\/Dc_AWzjXUAA4Dx_.jpg\" \/>\n\t<meta property=\"og:image:width\" content=\"1199\" \/>\n\t<meta property=\"og:image:height\" content=\"677\" \/>\n\t<meta property=\"og:image:type\" content=\"image\/jpeg\" \/>\n<meta name=\"author\" content=\"Cope Alcoy\" \/>\n<meta name=\"twitter:label1\" content=\"Escrito por\" \/>\n\t<meta name=\"twitter:data1\" content=\"Cope Alcoy\" \/>\n\t<meta name=\"twitter:label2\" content=\"Tiempo de lectura\" \/>\n\t<meta name=\"twitter:data2\" content=\"1 minuto\" \/>\n<script type=\"application\/ld+json\" class=\"yoast-schema-graph\">{\"@context\":\"https:\\\/\\\/schema.org\",\"@graph\":[{\"@type\":\"Article\",\"@id\":\"https:\\\/\\\/www.copealcoy.es\\\/es\\\/castalla-ya-disfruta-de-su-xxvi-feria-de-san-isidro\\\/#article\",\"isPartOf\":{\"@id\":\"https:\\\/\\\/www.copealcoy.es\\\/es\\\/castalla-ya-disfruta-de-su-xxvi-feria-de-san-isidro\\\/\"},\"author\":{\"name\":\"Cope Alcoy\",\"@id\":\"https:\\\/\\\/www.copealcoy.es\\\/es\\\/#\\\/schema\\\/person\\\/e777c87fa024e57d40170af9df39882c\"},\"headline\":\"Castalla ya disfruta de su XXVI Feria de San Isidro\",\"datePublished\":\"2018-05-12T20:15:26+00:00\",\"dateModified\":\"2018-05-12T20:26:16+00:00\",\"mainEntityOfPage\":{\"@id\":\"https:\\\/\\\/www.copealcoy.es\\\/es\\\/castalla-ya-disfruta-de-su-xxvi-feria-de-san-isidro\\\/\"},\"wordCount\":249,\"commentCount\":0,\"image\":{\"@id\":\"https:\\\/\\\/www.copealcoy.es\\\/es\\\/castalla-ya-disfruta-de-su-xxvi-feria-de-san-isidro\\\/#primaryimage\"},\"thumbnailUrl\":\"https:\\\/\\\/www.copealcoy.es\\\/wp-content\\\/uploads\\\/2018\\\/05\\\/Dc_AWzjXUAA4Dx_-e1652365756239.jpg\",\"keywords\":[\"Castalla\",\"Feria San Isidro\",\"XXVI edici\u00f3n\"],\"articleSection\":[\"Alcoy\",\"Comarcas\",\"Noticias\",\"Portada\"],\"inLanguage\":\"es\"},{\"@type\":\"WebPage\",\"@id\":\"https:\\\/\\\/www.copealcoy.es\\\/es\\\/castalla-ya-disfruta-de-su-xxvi-feria-de-san-isidro\\\/\",\"url\":\"https:\\\/\\\/www.copealcoy.es\\\/es\\\/castalla-ya-disfruta-de-su-xxvi-feria-de-san-isidro\\\/\",\"name\":\"Castalla ya disfruta de su XXVI Feria de San Isidro - COPE Alcoy\",\"isPartOf\":{\"@id\":\"https:\\\/\\\/www.copealcoy.es\\\/es\\\/#website\"},\"primaryImageOfPage\":{\"@id\":\"https:\\\/\\\/www.copealcoy.es\\\/es\\\/castalla-ya-disfruta-de-su-xxvi-feria-de-san-isidro\\\/#primaryimage\"},\"image\":{\"@id\":\"https:\\\/\\\/www.copealcoy.es\\\/es\\\/castalla-ya-disfruta-de-su-xxvi-feria-de-san-isidro\\\/#primaryimage\"},\"thumbnailUrl\":\"https:\\\/\\\/www.copealcoy.es\\\/wp-content\\\/uploads\\\/2018\\\/05\\\/Dc_AWzjXUAA4Dx_-e1652365756239.jpg\",\"datePublished\":\"2018-05-12T20:15:26+00:00\",\"dateModified\":\"2018-05-12T20:26:16+00:00\",\"author\":{\"@id\":\"https:\\\/\\\/www.copealcoy.es\\\/es\\\/#\\\/schema\\\/person\\\/e777c87fa024e57d40170af9df39882c\"},\"breadcrumb\":{\"@id\":\"https:\\\/\\\/www.copealcoy.es\\\/es\\\/castalla-ya-disfruta-de-su-xxvi-feria-de-san-isidro\\\/#breadcrumb\"},\"inLanguage\":\"es\",\"potentialAction\":[{\"@type\":\"ReadAction\",\"target\":[\"https:\\\/\\\/www.copealcoy.es\\\/es\\\/castalla-ya-disfruta-de-su-xxvi-feria-de-san-isidro\\\/\"]}]},{\"@type\":\"ImageObject\",\"inLanguage\":\"es\",\"@id\":\"https:\\\/\\\/www.copealcoy.es\\\/es\\\/castalla-ya-disfruta-de-su-xxvi-feria-de-san-isidro\\\/#primaryimage\",\"url\":\"https:\\\/\\\/www.copealcoy.es\\\/wp-content\\\/uploads\\\/2018\\\/05\\\/Dc_AWzjXUAA4Dx_-e1652365756239.jpg\",\"contentUrl\":\"https:\\\/\\\/www.copealcoy.es\\\/wp-content\\\/uploads\\\/2018\\\/05\\\/Dc_AWzjXUAA4Dx_-e1652365756239.jpg\",\"width\":640,\"height\":361},{\"@type\":\"BreadcrumbList\",\"@id\":\"https:\\\/\\\/www.copealcoy.es\\\/es\\\/castalla-ya-disfruta-de-su-xxvi-feria-de-san-isidro\\\/#breadcrumb\",\"itemListElement\":[{\"@type\":\"ListItem\",\"position\":1,\"name\":\"Portada\",\"item\":\"https:\\\/\\\/www.copealcoy.es\\\/es\\\/\"},{\"@type\":\"ListItem\",\"position\":2,\"name\":\"Castalla ya disfruta de su XXVI Feria de San Isidro\"}]},{\"@type\":\"WebSite\",\"@id\":\"https:\\\/\\\/www.copealcoy.es\\\/es\\\/#website\",\"url\":\"https:\\\/\\\/www.copealcoy.es\\\/es\\\/\",\"name\":\"COPE Alcoy\",\"description\":\"Emisora COPE de radio local con emisi\u00f3n online. Pont de Sant Jordi 8-10 03803 Alcoy\",\"potentialAction\":[{\"@type\":\"SearchAction\",\"target\":{\"@type\":\"EntryPoint\",\"urlTemplate\":\"https:\\\/\\\/www.copealcoy.es\\\/es\\\/?s={search_term_string}\"},\"query-input\":{\"@type\":\"PropertyValueSpecification\",\"valueRequired\":true,\"valueName\":\"search_term_string\"}}],\"inLanguage\":\"es\"},{\"@type\":\"Person\",\"@id\":\"https:\\\/\\\/www.copealcoy.es\\\/es\\\/#\\\/schema\\\/person\\\/e777c87fa024e57d40170af9df39882c\",\"name\":\"Cope Alcoy\",\"image\":{\"@type\":\"ImageObject\",\"inLanguage\":\"es\",\"@id\":\"https:\\\/\\\/secure.gravatar.com\\\/avatar\\\/bb65d0283347e303893ba14f0692005417c1e0e690a325a4c5d8bb2b3943ee14?s=96&d=mm&r=g\",\"url\":\"https:\\\/\\\/secure.gravatar.com\\\/avatar\\\/bb65d0283347e303893ba14f0692005417c1e0e690a325a4c5d8bb2b3943ee14?s=96&d=mm&r=g\",\"contentUrl\":\"https:\\\/\\\/secure.gravatar.com\\\/avatar\\\/bb65d0283347e303893ba14f0692005417c1e0e690a325a4c5d8bb2b3943ee14?s=96&d=mm&r=g\",\"caption\":\"Cope Alcoy\"}}]}<\/script>\n<!-- \/ Yoast SEO plugin. -->","yoast_head_json":{"title":"Castalla ya disfruta de su XXVI Feria de San Isidro - COPE Alcoy","robots":{"index":"index","follow":"follow","max-snippet":"max-snippet:-1","max-image-preview":"max-image-preview:large","max-video-preview":"max-video-preview:-1"},"canonical":"https:\/\/www.copealcoy.es\/es\/castalla-ya-disfruta-de-su-xxvi-feria-de-san-isidro\/","og_locale":"es_ES","og_type":"article","og_title":"Castalla ya disfruta de su XXVI Feria de San Isidro - COPE Alcoy","og_description":"Castalla disfruta desde ayer de la XXVI edici\u00f3n de su Feria de San Isidro, un certamen que ha abierto oficialmente...","og_url":"https:\/\/www.copealcoy.es\/es\/castalla-ya-disfruta-de-su-xxvi-feria-de-san-isidro\/","og_site_name":"COPE Alcoy","article_published_time":"2018-05-12T20:15:26+00:00","article_modified_time":"2018-05-12T20:26:16+00:00","og_image":[{"width":1199,"height":677,"url":"https:\/\/www.copealcoy.es\/wp-content\/uploads\/2018\/05\/Dc_AWzjXUAA4Dx_.jpg","type":"image\/jpeg"}],"author":"Cope Alcoy","twitter_misc":{"Escrito por":"Cope Alcoy","Tiempo de lectura":"1 minuto"},"schema":{"@context":"https:\/\/schema.org","@graph":[{"@type":"Article","@id":"https:\/\/www.copealcoy.es\/es\/castalla-ya-disfruta-de-su-xxvi-feria-de-san-isidro\/#article","isPartOf":{"@id":"https:\/\/www.copealcoy.es\/es\/castalla-ya-disfruta-de-su-xxvi-feria-de-san-isidro\/"},"author":{"name":"Cope Alcoy","@id":"https:\/\/www.copealcoy.es\/es\/#\/schema\/person\/e777c87fa024e57d40170af9df39882c"},"headline":"Castalla ya disfruta de su XXVI Feria de San Isidro","datePublished":"2018-05-12T20:15:26+00:00","dateModified":"2018-05-12T20:26:16+00:00","mainEntityOfPage":{"@id":"https:\/\/www.copealcoy.es\/es\/castalla-ya-disfruta-de-su-xxvi-feria-de-san-isidro\/"},"wordCount":249,"commentCount":0,"image":{"@id":"https:\/\/www.copealcoy.es\/es\/castalla-ya-disfruta-de-su-xxvi-feria-de-san-isidro\/#primaryimage"},"thumbnailUrl":"https:\/\/www.copealcoy.es\/wp-content\/uploads\/2018\/05\/Dc_AWzjXUAA4Dx_-e1652365756239.jpg","keywords":["Castalla","Feria San Isidro","XXVI edici\u00f3n"],"articleSection":["Alcoy","Comarcas","Noticias","Portada"],"inLanguage":"es"},{"@type":"WebPage","@id":"https:\/\/www.copealcoy.es\/es\/castalla-ya-disfruta-de-su-xxvi-feria-de-san-isidro\/","url":"https:\/\/www.copealcoy.es\/es\/castalla-ya-disfruta-de-su-xxvi-feria-de-san-isidro\/","name":"Castalla ya disfruta de su XXVI Feria de San Isidro - COPE Alcoy","isPartOf":{"@id":"https:\/\/www.copealcoy.es\/es\/#website"},"primaryImageOfPage":{"@id":"https:\/\/www.copealcoy.es\/es\/castalla-ya-disfruta-de-su-xxvi-feria-de-san-isidro\/#primaryimage"},"image":{"@id":"https:\/\/www.copealcoy.es\/es\/castalla-ya-disfruta-de-su-xxvi-feria-de-san-isidro\/#primaryimage"},"thumbnailUrl":"https:\/\/www.copealcoy.es\/wp-content\/uploads\/2018\/05\/Dc_AWzjXUAA4Dx_-e1652365756239.jpg","datePublished":"2018-05-12T20:15:26+00:00","dateModified":"2018-05-12T20:26:16+00:00","author":{"@id":"https:\/\/www.copealcoy.es\/es\/#\/schema\/person\/e777c87fa024e57d40170af9df39882c"},"breadcrumb":{"@id":"https:\/\/www.copealcoy.es\/es\/castalla-ya-disfruta-de-su-xxvi-feria-de-san-isidro\/#breadcrumb"},"inLanguage":"es","potentialAction":[{"@type":"ReadAction","target":["https:\/\/www.copealcoy.es\/es\/castalla-ya-disfruta-de-su-xxvi-feria-de-san-isidro\/"]}]},{"@type":"ImageObject","inLanguage":"es","@id":"https:\/\/www.copealcoy.es\/es\/castalla-ya-disfruta-de-su-xxvi-feria-de-san-isidro\/#primaryimage","url":"https:\/\/www.copealcoy.es\/wp-content\/uploads\/2018\/05\/Dc_AWzjXUAA4Dx_-e1652365756239.jpg","contentUrl":"https:\/\/www.copealcoy.es\/wp-content\/uploads\/2018\/05\/Dc_AWzjXUAA4Dx_-e1652365756239.jpg","width":640,"height":361},{"@type":"BreadcrumbList","@id":"https:\/\/www.copealcoy.es\/es\/castalla-ya-disfruta-de-su-xxvi-feria-de-san-isidro\/#breadcrumb","itemListElement":[{"@type":"ListItem","position":1,"name":"Portada","item":"https:\/\/www.copealcoy.es\/es\/"},{"@type":"ListItem","position":2,"name":"Castalla ya disfruta de su XXVI Feria de San Isidro"}]},{"@type":"WebSite","@id":"https:\/\/www.copealcoy.es\/es\/#website","url":"https:\/\/www.copealcoy.es\/es\/","name":"COPE Alcoy","description":"Emisora COPE de radio local con emisi\u00f3n online. Pont de Sant Jordi 8-10 03803 Alcoy","potentialAction":[{"@type":"SearchAction","target":{"@type":"EntryPoint","urlTemplate":"https:\/\/www.copealcoy.es\/es\/?s={search_term_string}"},"query-input":{"@type":"PropertyValueSpecification","valueRequired":true,"valueName":"search_term_string"}}],"inLanguage":"es"},{"@type":"Person","@id":"https:\/\/www.copealcoy.es\/es\/#\/schema\/person\/e777c87fa024e57d40170af9df39882c","name":"Cope Alcoy","image":{"@type":"ImageObject","inLanguage":"es","@id":"https:\/\/secure.gravatar.com\/avatar\/bb65d0283347e303893ba14f0692005417c1e0e690a325a4c5d8bb2b3943ee14?s=96&d=mm&r=g","url":"https:\/\/secure.gravatar.com\/avatar\/bb65d0283347e303893ba14f0692005417c1e0e690a325a4c5d8bb2b3943ee14?s=96&d=mm&r=g","contentUrl":"https:\/\/secure.gravatar.com\/avatar\/bb65d0283347e303893ba14f0692005417c1e0e690a325a4c5d8bb2b3943ee14?s=96&d=mm&r=g","caption":"Cope Alcoy"}}]}},"_links":{"self":[{"href":"https:\/\/www.copealcoy.es\/es\/wp-json\/wp\/v2\/posts\/42073","targetHints":{"allow":["GET"]}}],"collection":[{"href":"https:\/\/www.copealcoy.es\/es\/wp-json\/wp\/v2\/posts"}],"about":[{"href":"https:\/\/www.copealcoy.es\/es\/wp-json\/wp\/v2\/types\/post"}],"author":[{"embeddable":true,"href":"https:\/\/www.copealcoy.es\/es\/wp-json\/wp\/v2\/users\/1"}],"replies":[{"embeddable":true,"href":"https:\/\/www.copealcoy.es\/es\/wp-json\/wp\/v2\/comments?post=42073"}],"version-history":[{"count":0,"href":"https:\/\/www.copealcoy.es\/es\/wp-json\/wp\/v2\/posts\/42073\/revisions"}],"wp:featuredmedia":[{"embeddable":true,"href":"https:\/\/www.copealcoy.es\/es\/wp-json\/wp\/v2\/media\/42074"}],"wp:attachment":[{"href":"https:\/\/www.copealcoy.es\/es\/wp-json\/wp\/v2\/media?parent=42073"}],"wp:term":[{"taxonomy":"category","embeddable":true,"href":"https:\/\/www.copealcoy.es\/es\/wp-json\/wp\/v2\/categories?post=42073"},{"taxonomy":"post_tag","embeddable":true,"href":"https:\/\/www.copealcoy.es\/es\/wp-json\/wp\/v2\/tags?post=42073"}],"curies":[{"name":"wp","href":"https:\/\/api.w.org\/{rel}","templated":true}]}}