{"id":42011,"date":"2018-05-10T15:54:42","date_gmt":"2018-05-10T15:54:42","guid":{"rendered":"http:\/\/copealcoi.es\/new\/?p=42011"},"modified":"2018-05-10T15:59:31","modified_gmt":"2018-05-10T15:59:31","slug":"ccoo-insta-a-la-movilizacion-para-reclamar-un-reparto-justo-de-la-riqueza","status":"publish","type":"post","link":"https:\/\/www.copealcoy.es\/es\/ccoo-insta-a-la-movilizacion-para-reclamar-un-reparto-justo-de-la-riqueza\/","title":{"rendered":"CCOO insta a la movilizaci\u00f3n para reclamar un reparto justo de la riqueza"},"content":{"rendered":"<p style=\"text-align: justify;\">El <strong>Sindicato de Comisiones Obreras (CCOO)<\/strong> defiende <strong>un reparto igualitario de la riqueza<\/strong> y lanza <strong>una serie de propuestas<\/strong> a la patronal y al Gobierno Central \u00a0del Partido Popular a la hora de <strong>dar salida a los convenios colectivos<\/strong>, un proceso de negociaci\u00f3n que ya ha arrancado.<\/p>\n<p style=\"text-align: justify;\">La organizaci\u00f3n sindical asegura que <strong>las empresas han aumentado sus ganancias desde el a\u00f1o 2014<\/strong>, una cuesti\u00f3n que, seg\u00fan dicen, les lleva a <strong>reclamar un incremento de los salarios<\/strong> as\u00ed como a <strong>exigir que se ataje la problem\u00e1tica de las contrataciones temporales<\/strong> y la <strong>elevada precarizaci\u00f3n<\/strong> <strong>laboral<\/strong> existente en Espa\u00f1a. El Secretario General de CCOO, <strong>Unai Sordo<\/strong>, ha estado este jueves en Alcoy\u00a0para participar en una asamblea celebrada en el \u00c1gora en la que <strong>han estado presentes<\/strong> m\u00e1s de 200 delegados sindicales. Sordo ha anunciado tambi\u00e9n<strong> el inicio de una fuerte campa\u00f1a de contestaci\u00f3n social<\/strong> que empezar\u00e1 a materializarse a partir del <strong>22 de mayo<\/strong> con numerosas movilizaciones &#8220;<em>la reforma laboral aprobada por el Gobierno del PP en 2012 ha dado como resultado una gran devaluaci\u00f3n salarial. Estamos viendo como las empresas ganan m\u00e1s pero esa riqueza no se reparte en la poblaci\u00f3n en forma de un aumento salarial. A esto tambi\u00e9n se le suma nuestro rechazo a la subida de las pensiones que plantea el Ejecutivo de Rajoy porque es un parche que no soluciona el problema. Necesitamos tomar medidas contundentes para garantizar la estabilidad del sistema p\u00fablico de pensiones durante las tres pr\u00f3ximas d\u00e9cadas<\/em>&#8220;, a\u00f1adi\u00f3. Sordo, en cambio, no concret\u00f3 <strong>el formato que tendr\u00e1n las protestas del 22 de mayo<\/strong> aunque si que aventur\u00f3 la idea de que estas <strong>concluyan a las puertas de las empresas<\/strong> para as\u00ed trasladar a la patronal la movilizaci\u00f3n.<\/p>\n<p style=\"text-align: justify;\">Unai Sordo ha estado acompa\u00f1ado por la Secretaria General de CCOO en las comarcas centrales valencianas, <strong>Manuela Pascual<\/strong>, y por el Secretario del Sindicado en la Comunidad Valenciana, <strong>Arturo Le\u00f3n<\/strong>. Este \u00faltimo ha hecho referencia tambi\u00e9n ha defendido<strong> una financiaci\u00f3n justa<\/strong> para la Comunidad Valenciana.<\/p>\n","protected":false},"excerpt":{"rendered":"<p>El Sindicato de Comisiones Obreras (CCOO) defiende un reparto igualitario de la riqueza y lanza una serie de propuestas a&#8230;<\/p>\n","protected":false},"author":1,"featured_media":42012,"comment_status":"open","ping_status":"open","sticky":false,"template":"","format":"standard","meta":{"footnotes":""},"categories":[97,75,125],"tags":[1494,5592,5340,2927,5593,5594],"class_list":["post-42011","post","type-post","status-publish","format-standard","has-post-thumbnail","hentry","category-alcoy","category-noticias","category-portada","tag-alcoy","tag-cc","tag-movilizacion","tag-reclamar","tag-reparto-justo","tag-riqueza"],"yoast_head":"<!-- This site is optimized with the Yoast SEO plugin v27.3 - https:\/\/yoast.com\/product\/yoast-seo-wordpress\/ -->\n<title>CCOO insta a la movilizaci\u00f3n para reclamar un reparto justo de la riqueza - COPE Alcoy<\/title>\n<meta name=\"robots\" content=\"index, follow, max-snippet:-1, max-image-preview:large, max-video-preview:-1\" \/>\n<link rel=\"canonical\" href=\"https:\/\/www.copealcoy.es\/es\/ccoo-insta-a-la-movilizacion-para-reclamar-un-reparto-justo-de-la-riqueza\/\" \/>\n<meta property=\"og:locale\" content=\"es_ES\" \/>\n<meta property=\"og:type\" content=\"article\" \/>\n<meta property=\"og:title\" content=\"CCOO insta a la movilizaci\u00f3n para reclamar un reparto justo de la riqueza - COPE Alcoy\" \/>\n<meta property=\"og:description\" content=\"El Sindicato de Comisiones Obreras (CCOO) defiende un reparto igualitario de la riqueza y lanza una serie de propuestas a...\" \/>\n<meta property=\"og:url\" content=\"https:\/\/www.copealcoy.es\/es\/ccoo-insta-a-la-movilizacion-para-reclamar-un-reparto-justo-de-la-riqueza\/\" \/>\n<meta property=\"og:site_name\" content=\"COPE Alcoy\" \/>\n<meta property=\"article:published_time\" content=\"2018-05-10T15:54:42+00:00\" \/>\n<meta property=\"article:modified_time\" content=\"2018-05-10T15:59:31+00:00\" \/>\n<meta property=\"og:image\" content=\"https:\/\/www.copealcoy.es\/wp-content\/uploads\/2018\/05\/Dc0tNnSWAAA5cuG-e1525967076104.jpg\" \/>\n\t<meta property=\"og:image:width\" content=\"1194\" \/>\n\t<meta property=\"og:image:height\" content=\"684\" \/>\n\t<meta property=\"og:image:type\" content=\"image\/jpeg\" \/>\n<meta name=\"author\" content=\"Cope Alcoy\" \/>\n<meta name=\"twitter:label1\" content=\"Escrito por\" \/>\n\t<meta name=\"twitter:data1\" content=\"Cope Alcoy\" \/>\n\t<meta name=\"twitter:label2\" content=\"Tiempo de lectura\" \/>\n\t<meta name=\"twitter:data2\" content=\"2 minutos\" \/>\n<script type=\"application\/ld+json\" class=\"yoast-schema-graph\">{\"@context\":\"https:\\\/\\\/schema.org\",\"@graph\":[{\"@type\":\"Article\",\"@id\":\"https:\\\/\\\/www.copealcoy.es\\\/es\\\/ccoo-insta-a-la-movilizacion-para-reclamar-un-reparto-justo-de-la-riqueza\\\/#article\",\"isPartOf\":{\"@id\":\"https:\\\/\\\/www.copealcoy.es\\\/es\\\/ccoo-insta-a-la-movilizacion-para-reclamar-un-reparto-justo-de-la-riqueza\\\/\"},\"author\":{\"name\":\"Cope Alcoy\",\"@id\":\"https:\\\/\\\/www.copealcoy.es\\\/es\\\/#\\\/schema\\\/person\\\/e777c87fa024e57d40170af9df39882c\"},\"headline\":\"CCOO insta a la movilizaci\u00f3n para reclamar un reparto justo de la riqueza\",\"datePublished\":\"2018-05-10T15:54:42+00:00\",\"dateModified\":\"2018-05-10T15:59:31+00:00\",\"mainEntityOfPage\":{\"@id\":\"https:\\\/\\\/www.copealcoy.es\\\/es\\\/ccoo-insta-a-la-movilizacion-para-reclamar-un-reparto-justo-de-la-riqueza\\\/\"},\"wordCount\":364,\"commentCount\":0,\"image\":{\"@id\":\"https:\\\/\\\/www.copealcoy.es\\\/es\\\/ccoo-insta-a-la-movilizacion-para-reclamar-un-reparto-justo-de-la-riqueza\\\/#primaryimage\"},\"thumbnailUrl\":\"https:\\\/\\\/www.copealcoy.es\\\/wp-content\\\/uploads\\\/2018\\\/05\\\/Dc0tNnSWAAA5cuG-e1525967076104.jpg\",\"keywords\":[\"Alcoy\",\"CC\",\"movilizaci\u00f3n\",\"reclamar\",\"reparto justo\",\"riqueza\"],\"articleSection\":[\"Alcoy\",\"Noticias\",\"Portada\"],\"inLanguage\":\"es\"},{\"@type\":\"WebPage\",\"@id\":\"https:\\\/\\\/www.copealcoy.es\\\/es\\\/ccoo-insta-a-la-movilizacion-para-reclamar-un-reparto-justo-de-la-riqueza\\\/\",\"url\":\"https:\\\/\\\/www.copealcoy.es\\\/es\\\/ccoo-insta-a-la-movilizacion-para-reclamar-un-reparto-justo-de-la-riqueza\\\/\",\"name\":\"CCOO insta a la movilizaci\u00f3n para reclamar un reparto justo de la riqueza - COPE Alcoy\",\"isPartOf\":{\"@id\":\"https:\\\/\\\/www.copealcoy.es\\\/es\\\/#website\"},\"primaryImageOfPage\":{\"@id\":\"https:\\\/\\\/www.copealcoy.es\\\/es\\\/ccoo-insta-a-la-movilizacion-para-reclamar-un-reparto-justo-de-la-riqueza\\\/#primaryimage\"},\"image\":{\"@id\":\"https:\\\/\\\/www.copealcoy.es\\\/es\\\/ccoo-insta-a-la-movilizacion-para-reclamar-un-reparto-justo-de-la-riqueza\\\/#primaryimage\"},\"thumbnailUrl\":\"https:\\\/\\\/www.copealcoy.es\\\/wp-content\\\/uploads\\\/2018\\\/05\\\/Dc0tNnSWAAA5cuG-e1525967076104.jpg\",\"datePublished\":\"2018-05-10T15:54:42+00:00\",\"dateModified\":\"2018-05-10T15:59:31+00:00\",\"author\":{\"@id\":\"https:\\\/\\\/www.copealcoy.es\\\/es\\\/#\\\/schema\\\/person\\\/e777c87fa024e57d40170af9df39882c\"},\"breadcrumb\":{\"@id\":\"https:\\\/\\\/www.copealcoy.es\\\/es\\\/ccoo-insta-a-la-movilizacion-para-reclamar-un-reparto-justo-de-la-riqueza\\\/#breadcrumb\"},\"inLanguage\":\"es\",\"potentialAction\":[{\"@type\":\"ReadAction\",\"target\":[\"https:\\\/\\\/www.copealcoy.es\\\/es\\\/ccoo-insta-a-la-movilizacion-para-reclamar-un-reparto-justo-de-la-riqueza\\\/\"]}]},{\"@type\":\"ImageObject\",\"inLanguage\":\"es\",\"@id\":\"https:\\\/\\\/www.copealcoy.es\\\/es\\\/ccoo-insta-a-la-movilizacion-para-reclamar-un-reparto-justo-de-la-riqueza\\\/#primaryimage\",\"url\":\"https:\\\/\\\/www.copealcoy.es\\\/wp-content\\\/uploads\\\/2018\\\/05\\\/Dc0tNnSWAAA5cuG-e1525967076104.jpg\",\"contentUrl\":\"https:\\\/\\\/www.copealcoy.es\\\/wp-content\\\/uploads\\\/2018\\\/05\\\/Dc0tNnSWAAA5cuG-e1525967076104.jpg\",\"width\":1194,\"height\":684,\"caption\":\"Unai Sordo ha estado esta ma\u00f1ana en la sede de CCOO Alcoy \\\/ Foto: CCOO\"},{\"@type\":\"BreadcrumbList\",\"@id\":\"https:\\\/\\\/www.copealcoy.es\\\/es\\\/ccoo-insta-a-la-movilizacion-para-reclamar-un-reparto-justo-de-la-riqueza\\\/#breadcrumb\",\"itemListElement\":[{\"@type\":\"ListItem\",\"position\":1,\"name\":\"Portada\",\"item\":\"https:\\\/\\\/www.copealcoy.es\\\/es\\\/\"},{\"@type\":\"ListItem\",\"position\":2,\"name\":\"CCOO insta a la movilizaci\u00f3n para reclamar un reparto justo de la riqueza\"}]},{\"@type\":\"WebSite\",\"@id\":\"https:\\\/\\\/www.copealcoy.es\\\/es\\\/#website\",\"url\":\"https:\\\/\\\/www.copealcoy.es\\\/es\\\/\",\"name\":\"COPE Alcoy\",\"description\":\"Emisora COPE de radio local con emisi\u00f3n online. Pont de Sant Jordi 8-10 03803 Alcoy\",\"potentialAction\":[{\"@type\":\"SearchAction\",\"target\":{\"@type\":\"EntryPoint\",\"urlTemplate\":\"https:\\\/\\\/www.copealcoy.es\\\/es\\\/?s={search_term_string}\"},\"query-input\":{\"@type\":\"PropertyValueSpecification\",\"valueRequired\":true,\"valueName\":\"search_term_string\"}}],\"inLanguage\":\"es\"},{\"@type\":\"Person\",\"@id\":\"https:\\\/\\\/www.copealcoy.es\\\/es\\\/#\\\/schema\\\/person\\\/e777c87fa024e57d40170af9df39882c\",\"name\":\"Cope Alcoy\",\"image\":{\"@type\":\"ImageObject\",\"inLanguage\":\"es\",\"@id\":\"https:\\\/\\\/secure.gravatar.com\\\/avatar\\\/bb65d0283347e303893ba14f0692005417c1e0e690a325a4c5d8bb2b3943ee14?s=96&d=mm&r=g\",\"url\":\"https:\\\/\\\/secure.gravatar.com\\\/avatar\\\/bb65d0283347e303893ba14f0692005417c1e0e690a325a4c5d8bb2b3943ee14?s=96&d=mm&r=g\",\"contentUrl\":\"https:\\\/\\\/secure.gravatar.com\\\/avatar\\\/bb65d0283347e303893ba14f0692005417c1e0e690a325a4c5d8bb2b3943ee14?s=96&d=mm&r=g\",\"caption\":\"Cope Alcoy\"}}]}<\/script>\n<!-- \/ Yoast SEO plugin. -->","yoast_head_json":{"title":"CCOO insta a la movilizaci\u00f3n para reclamar un reparto justo de la riqueza - COPE Alcoy","robots":{"index":"index","follow":"follow","max-snippet":"max-snippet:-1","max-image-preview":"max-image-preview:large","max-video-preview":"max-video-preview:-1"},"canonical":"https:\/\/www.copealcoy.es\/es\/ccoo-insta-a-la-movilizacion-para-reclamar-un-reparto-justo-de-la-riqueza\/","og_locale":"es_ES","og_type":"article","og_title":"CCOO insta a la movilizaci\u00f3n para reclamar un reparto justo de la riqueza - COPE Alcoy","og_description":"El Sindicato de Comisiones Obreras (CCOO) defiende un reparto igualitario de la riqueza y lanza una serie de propuestas a...","og_url":"https:\/\/www.copealcoy.es\/es\/ccoo-insta-a-la-movilizacion-para-reclamar-un-reparto-justo-de-la-riqueza\/","og_site_name":"COPE Alcoy","article_published_time":"2018-05-10T15:54:42+00:00","article_modified_time":"2018-05-10T15:59:31+00:00","og_image":[{"width":1194,"height":684,"url":"https:\/\/www.copealcoy.es\/wp-content\/uploads\/2018\/05\/Dc0tNnSWAAA5cuG-e1525967076104.jpg","type":"image\/jpeg"}],"author":"Cope Alcoy","twitter_misc":{"Escrito por":"Cope Alcoy","Tiempo de lectura":"2 minutos"},"schema":{"@context":"https:\/\/schema.org","@graph":[{"@type":"Article","@id":"https:\/\/www.copealcoy.es\/es\/ccoo-insta-a-la-movilizacion-para-reclamar-un-reparto-justo-de-la-riqueza\/#article","isPartOf":{"@id":"https:\/\/www.copealcoy.es\/es\/ccoo-insta-a-la-movilizacion-para-reclamar-un-reparto-justo-de-la-riqueza\/"},"author":{"name":"Cope Alcoy","@id":"https:\/\/www.copealcoy.es\/es\/#\/schema\/person\/e777c87fa024e57d40170af9df39882c"},"headline":"CCOO insta a la movilizaci\u00f3n para reclamar un reparto justo de la riqueza","datePublished":"2018-05-10T15:54:42+00:00","dateModified":"2018-05-10T15:59:31+00:00","mainEntityOfPage":{"@id":"https:\/\/www.copealcoy.es\/es\/ccoo-insta-a-la-movilizacion-para-reclamar-un-reparto-justo-de-la-riqueza\/"},"wordCount":364,"commentCount":0,"image":{"@id":"https:\/\/www.copealcoy.es\/es\/ccoo-insta-a-la-movilizacion-para-reclamar-un-reparto-justo-de-la-riqueza\/#primaryimage"},"thumbnailUrl":"https:\/\/www.copealcoy.es\/wp-content\/uploads\/2018\/05\/Dc0tNnSWAAA5cuG-e1525967076104.jpg","keywords":["Alcoy","CC","movilizaci\u00f3n","reclamar","reparto justo","riqueza"],"articleSection":["Alcoy","Noticias","Portada"],"inLanguage":"es"},{"@type":"WebPage","@id":"https:\/\/www.copealcoy.es\/es\/ccoo-insta-a-la-movilizacion-para-reclamar-un-reparto-justo-de-la-riqueza\/","url":"https:\/\/www.copealcoy.es\/es\/ccoo-insta-a-la-movilizacion-para-reclamar-un-reparto-justo-de-la-riqueza\/","name":"CCOO insta a la movilizaci\u00f3n para reclamar un reparto justo de la riqueza - COPE Alcoy","isPartOf":{"@id":"https:\/\/www.copealcoy.es\/es\/#website"},"primaryImageOfPage":{"@id":"https:\/\/www.copealcoy.es\/es\/ccoo-insta-a-la-movilizacion-para-reclamar-un-reparto-justo-de-la-riqueza\/#primaryimage"},"image":{"@id":"https:\/\/www.copealcoy.es\/es\/ccoo-insta-a-la-movilizacion-para-reclamar-un-reparto-justo-de-la-riqueza\/#primaryimage"},"thumbnailUrl":"https:\/\/www.copealcoy.es\/wp-content\/uploads\/2018\/05\/Dc0tNnSWAAA5cuG-e1525967076104.jpg","datePublished":"2018-05-10T15:54:42+00:00","dateModified":"2018-05-10T15:59:31+00:00","author":{"@id":"https:\/\/www.copealcoy.es\/es\/#\/schema\/person\/e777c87fa024e57d40170af9df39882c"},"breadcrumb":{"@id":"https:\/\/www.copealcoy.es\/es\/ccoo-insta-a-la-movilizacion-para-reclamar-un-reparto-justo-de-la-riqueza\/#breadcrumb"},"inLanguage":"es","potentialAction":[{"@type":"ReadAction","target":["https:\/\/www.copealcoy.es\/es\/ccoo-insta-a-la-movilizacion-para-reclamar-un-reparto-justo-de-la-riqueza\/"]}]},{"@type":"ImageObject","inLanguage":"es","@id":"https:\/\/www.copealcoy.es\/es\/ccoo-insta-a-la-movilizacion-para-reclamar-un-reparto-justo-de-la-riqueza\/#primaryimage","url":"https:\/\/www.copealcoy.es\/wp-content\/uploads\/2018\/05\/Dc0tNnSWAAA5cuG-e1525967076104.jpg","contentUrl":"https:\/\/www.copealcoy.es\/wp-content\/uploads\/2018\/05\/Dc0tNnSWAAA5cuG-e1525967076104.jpg","width":1194,"height":684,"caption":"Unai Sordo ha estado esta ma\u00f1ana en la sede de CCOO Alcoy \/ Foto: CCOO"},{"@type":"BreadcrumbList","@id":"https:\/\/www.copealcoy.es\/es\/ccoo-insta-a-la-movilizacion-para-reclamar-un-reparto-justo-de-la-riqueza\/#breadcrumb","itemListElement":[{"@type":"ListItem","position":1,"name":"Portada","item":"https:\/\/www.copealcoy.es\/es\/"},{"@type":"ListItem","position":2,"name":"CCOO insta a la movilizaci\u00f3n para reclamar un reparto justo de la riqueza"}]},{"@type":"WebSite","@id":"https:\/\/www.copealcoy.es\/es\/#website","url":"https:\/\/www.copealcoy.es\/es\/","name":"COPE Alcoy","description":"Emisora COPE de radio local con emisi\u00f3n online. Pont de Sant Jordi 8-10 03803 Alcoy","potentialAction":[{"@type":"SearchAction","target":{"@type":"EntryPoint","urlTemplate":"https:\/\/www.copealcoy.es\/es\/?s={search_term_string}"},"query-input":{"@type":"PropertyValueSpecification","valueRequired":true,"valueName":"search_term_string"}}],"inLanguage":"es"},{"@type":"Person","@id":"https:\/\/www.copealcoy.es\/es\/#\/schema\/person\/e777c87fa024e57d40170af9df39882c","name":"Cope Alcoy","image":{"@type":"ImageObject","inLanguage":"es","@id":"https:\/\/secure.gravatar.com\/avatar\/bb65d0283347e303893ba14f0692005417c1e0e690a325a4c5d8bb2b3943ee14?s=96&d=mm&r=g","url":"https:\/\/secure.gravatar.com\/avatar\/bb65d0283347e303893ba14f0692005417c1e0e690a325a4c5d8bb2b3943ee14?s=96&d=mm&r=g","contentUrl":"https:\/\/secure.gravatar.com\/avatar\/bb65d0283347e303893ba14f0692005417c1e0e690a325a4c5d8bb2b3943ee14?s=96&d=mm&r=g","caption":"Cope Alcoy"}}]}},"_links":{"self":[{"href":"https:\/\/www.copealcoy.es\/es\/wp-json\/wp\/v2\/posts\/42011","targetHints":{"allow":["GET"]}}],"collection":[{"href":"https:\/\/www.copealcoy.es\/es\/wp-json\/wp\/v2\/posts"}],"about":[{"href":"https:\/\/www.copealcoy.es\/es\/wp-json\/wp\/v2\/types\/post"}],"author":[{"embeddable":true,"href":"https:\/\/www.copealcoy.es\/es\/wp-json\/wp\/v2\/users\/1"}],"replies":[{"embeddable":true,"href":"https:\/\/www.copealcoy.es\/es\/wp-json\/wp\/v2\/comments?post=42011"}],"version-history":[{"count":0,"href":"https:\/\/www.copealcoy.es\/es\/wp-json\/wp\/v2\/posts\/42011\/revisions"}],"wp:featuredmedia":[{"embeddable":true,"href":"https:\/\/www.copealcoy.es\/es\/wp-json\/wp\/v2\/media\/42012"}],"wp:attachment":[{"href":"https:\/\/www.copealcoy.es\/es\/wp-json\/wp\/v2\/media?parent=42011"}],"wp:term":[{"taxonomy":"category","embeddable":true,"href":"https:\/\/www.copealcoy.es\/es\/wp-json\/wp\/v2\/categories?post=42011"},{"taxonomy":"post_tag","embeddable":true,"href":"https:\/\/www.copealcoy.es\/es\/wp-json\/wp\/v2\/tags?post=42011"}],"curies":[{"name":"wp","href":"https:\/\/api.w.org\/{rel}","templated":true}]}}