{"id":41925,"date":"2018-05-08T05:49:06","date_gmt":"2018-05-08T05:49:06","guid":{"rendered":"http:\/\/copealcoi.es\/new\/?p=41925"},"modified":"2018-05-08T05:49:06","modified_gmt":"2018-05-08T05:49:06","slug":"cocentaina-estrenara-un-certamen-de-musica-festera-en-2019","status":"publish","type":"post","link":"https:\/\/www.copealcoy.es\/es\/cocentaina-estrenara-un-certamen-de-musica-festera-en-2019\/","title":{"rendered":"Cocentaina estrenar\u00e1 un Certamen de M\u00fasica Festera en 2019"},"content":{"rendered":"<p style=\"text-align: justify;\">La <strong>Federaci\u00f3n Junta de Fiestas<\/strong> de Moros y Cristianos de Cocentaina, que preside <strong>Hip\u00f2lit Borr\u00e0s<\/strong>, ha organizado un <strong>Certamen de Interpretaci\u00f3n de M\u00fasica Festera<\/strong> para el pr\u00f3ximo a\u00f1o 2019. La iniciativa es una de las<strong> grandes apuestas<\/strong> de la nueva directiva de la entidad festera y todos los componente de la misma <strong>han estado trabajando en ella<\/strong> desde hace m\u00e1s de a\u00f1o y medio.<\/p>\n<p style=\"text-align: justify;\">El citado Certamen <strong>tendr\u00e1 car\u00e1cter bianual<\/strong> y <strong>persigue el claro objetivo<\/strong> de poner en valor e<strong>l gran Archivo de M\u00fasica Festera<\/strong> que posee la Villa Condal; considerado como uno de los m\u00e1s importantes de la Comunidad Valenciana. Adem\u00e1s<strong> el proyecto nace con vocaci\u00f3n de continuidad<\/strong> de cara a los pr\u00f3ximos a\u00f1os \u201c<em>queremos que perdure en el tiempo y que sea un referente de la m\u00fasica de moros y cristianos en el \u00e1mbito auton\u00f3mico y nacional al igual que ya lo es de la m\u00fasica coral el Certamen Fira de Tots Sants<\/em>\u201d, indica el Vicepresidente Musical de la Junta de Fiestas contestana, <strong>Francisco Valor<\/strong>. El concurso<strong> se celebrar\u00e1 el mi\u00e9rcoles 1 de mayo de 2019<\/strong> en el Centro Cultural El Teular y como <strong>obra obligada<\/strong> tendr\u00e1 <strong>una marcha cristiana del compositor local Josep Rebert Sell\u00e9s i Camps<\/strong> basada en el Himno del IV Centenario de San Hip\u00f3lito; cuya m\u00fasica compuso el mismo autor en el a\u00f1o 2000.\u00a0 Adem\u00e1s\u00a0<strong>Mois\u00e9s Gil<\/strong> ha creado <strong>el logotipo y la imagen de los trofeos<\/strong> que se entregar\u00e1n a las bandas premiadas \u201c<em>pueden optar a participar todas las que lo deseen del territorio estatal y finalmente ser\u00e1n tres las que compitan el d\u00eda 1 de mayo<\/em>\u201d, aclara Valor. Por su parte <strong>se han establecido tres galardones econ\u00f3micos<\/strong> dotados de 3.500 euros el primero,\u00a0 2.000 el segundo y 1.000 el tercero.<\/p>\n<p style=\"text-align: justify;\">El Certamen de Interpretaci\u00f3n de M\u00fasica Festera, que cuenta con <strong>el total respaldo del Ayuntamiento de Cocentaina<\/strong>, ser\u00e1 presentado oficialmente el pr\u00f3ximo oto\u00f1o y <strong>las bases del mismo<\/strong> se dar\u00e1n a conocer a partir del mes de septiembre.<em>\u00a0<\/em><\/p>\n<p><em>\u00a0<\/em><\/p>\n<p><em>\u00a0<\/em><\/p>\n","protected":false},"excerpt":{"rendered":"<p>La Federaci\u00f3n Junta de Fiestas de Moros y Cristianos de Cocentaina, que preside Hip\u00f2lit Borr\u00e0s, ha organizado un Certamen de&#8230;<\/p>\n","protected":false},"author":1,"featured_media":41926,"comment_status":"open","ping_status":"open","sticky":false,"template":"","format":"standard","meta":{"footnotes":""},"categories":[98,75],"tags":[626,132,5568,700],"class_list":["post-41925","post","type-post","status-publish","format-standard","has-post-thumbnail","hentry","category-comarcas","category-noticias","tag-certamen","tag-cocentaina","tag-estrenara","tag-musica-festera"],"yoast_head":"<!-- This site is optimized with the Yoast SEO plugin v27.3 - https:\/\/yoast.com\/product\/yoast-seo-wordpress\/ -->\n<title>Cocentaina estrenar\u00e1 un Certamen de M\u00fasica Festera en 2019 - COPE Alcoy<\/title>\n<meta name=\"robots\" content=\"index, follow, max-snippet:-1, max-image-preview:large, max-video-preview:-1\" \/>\n<link rel=\"canonical\" href=\"https:\/\/www.copealcoy.es\/es\/cocentaina-estrenara-un-certamen-de-musica-festera-en-2019\/\" \/>\n<meta property=\"og:locale\" content=\"es_ES\" \/>\n<meta property=\"og:type\" content=\"article\" \/>\n<meta property=\"og:title\" content=\"Cocentaina estrenar\u00e1 un Certamen de M\u00fasica Festera en 2019 - COPE Alcoy\" \/>\n<meta property=\"og:description\" content=\"La Federaci\u00f3n Junta de Fiestas de Moros y Cristianos de Cocentaina, que preside Hip\u00f2lit Borr\u00e0s, ha organizado un Certamen de...\" \/>\n<meta property=\"og:url\" content=\"https:\/\/www.copealcoy.es\/es\/cocentaina-estrenara-un-certamen-de-musica-festera-en-2019\/\" \/>\n<meta property=\"og:site_name\" content=\"COPE Alcoy\" \/>\n<meta property=\"article:published_time\" content=\"2018-05-08T05:49:06+00:00\" \/>\n<meta property=\"og:image\" content=\"https:\/\/www.copealcoy.es\/wp-content\/uploads\/2018\/05\/3-Concierto-en-Cocentaina-del-Ateneu-Musical-Foto-Ajuntament-de-Cocentaina-.jpg\" \/>\n\t<meta property=\"og:image:width\" content=\"960\" \/>\n\t<meta property=\"og:image:height\" content=\"639\" \/>\n\t<meta property=\"og:image:type\" content=\"image\/jpeg\" \/>\n<meta name=\"author\" content=\"Cope Alcoy\" \/>\n<meta name=\"twitter:label1\" content=\"Escrito por\" \/>\n\t<meta name=\"twitter:data1\" content=\"Cope Alcoy\" \/>\n\t<meta name=\"twitter:label2\" content=\"Tiempo de lectura\" \/>\n\t<meta name=\"twitter:data2\" content=\"2 minutos\" \/>\n<script type=\"application\/ld+json\" class=\"yoast-schema-graph\">{\"@context\":\"https:\\\/\\\/schema.org\",\"@graph\":[{\"@type\":\"Article\",\"@id\":\"https:\\\/\\\/www.copealcoy.es\\\/es\\\/cocentaina-estrenara-un-certamen-de-musica-festera-en-2019\\\/#article\",\"isPartOf\":{\"@id\":\"https:\\\/\\\/www.copealcoy.es\\\/es\\\/cocentaina-estrenara-un-certamen-de-musica-festera-en-2019\\\/\"},\"author\":{\"name\":\"Cope Alcoy\",\"@id\":\"https:\\\/\\\/www.copealcoy.es\\\/es\\\/#\\\/schema\\\/person\\\/e777c87fa024e57d40170af9df39882c\"},\"headline\":\"Cocentaina estrenar\u00e1 un Certamen de M\u00fasica Festera en 2019\",\"datePublished\":\"2018-05-08T05:49:06+00:00\",\"mainEntityOfPage\":{\"@id\":\"https:\\\/\\\/www.copealcoy.es\\\/es\\\/cocentaina-estrenara-un-certamen-de-musica-festera-en-2019\\\/\"},\"wordCount\":362,\"commentCount\":0,\"image\":{\"@id\":\"https:\\\/\\\/www.copealcoy.es\\\/es\\\/cocentaina-estrenara-un-certamen-de-musica-festera-en-2019\\\/#primaryimage\"},\"thumbnailUrl\":\"https:\\\/\\\/www.copealcoy.es\\\/wp-content\\\/uploads\\\/2018\\\/05\\\/3-Concierto-en-Cocentaina-del-Ateneu-Musical-Foto-Ajuntament-de-Cocentaina-.jpg\",\"keywords\":[\"Certamen\",\"Cocentaina\",\"estrenar\u00e1\",\"M\u00fasica Festera\"],\"articleSection\":[\"Comarcas\",\"Noticias\"],\"inLanguage\":\"es\"},{\"@type\":\"WebPage\",\"@id\":\"https:\\\/\\\/www.copealcoy.es\\\/es\\\/cocentaina-estrenara-un-certamen-de-musica-festera-en-2019\\\/\",\"url\":\"https:\\\/\\\/www.copealcoy.es\\\/es\\\/cocentaina-estrenara-un-certamen-de-musica-festera-en-2019\\\/\",\"name\":\"Cocentaina estrenar\u00e1 un Certamen de M\u00fasica Festera en 2019 - COPE Alcoy\",\"isPartOf\":{\"@id\":\"https:\\\/\\\/www.copealcoy.es\\\/es\\\/#website\"},\"primaryImageOfPage\":{\"@id\":\"https:\\\/\\\/www.copealcoy.es\\\/es\\\/cocentaina-estrenara-un-certamen-de-musica-festera-en-2019\\\/#primaryimage\"},\"image\":{\"@id\":\"https:\\\/\\\/www.copealcoy.es\\\/es\\\/cocentaina-estrenara-un-certamen-de-musica-festera-en-2019\\\/#primaryimage\"},\"thumbnailUrl\":\"https:\\\/\\\/www.copealcoy.es\\\/wp-content\\\/uploads\\\/2018\\\/05\\\/3-Concierto-en-Cocentaina-del-Ateneu-Musical-Foto-Ajuntament-de-Cocentaina-.jpg\",\"datePublished\":\"2018-05-08T05:49:06+00:00\",\"author\":{\"@id\":\"https:\\\/\\\/www.copealcoy.es\\\/es\\\/#\\\/schema\\\/person\\\/e777c87fa024e57d40170af9df39882c\"},\"breadcrumb\":{\"@id\":\"https:\\\/\\\/www.copealcoy.es\\\/es\\\/cocentaina-estrenara-un-certamen-de-musica-festera-en-2019\\\/#breadcrumb\"},\"inLanguage\":\"es\",\"potentialAction\":[{\"@type\":\"ReadAction\",\"target\":[\"https:\\\/\\\/www.copealcoy.es\\\/es\\\/cocentaina-estrenara-un-certamen-de-musica-festera-en-2019\\\/\"]}]},{\"@type\":\"ImageObject\",\"inLanguage\":\"es\",\"@id\":\"https:\\\/\\\/www.copealcoy.es\\\/es\\\/cocentaina-estrenara-un-certamen-de-musica-festera-en-2019\\\/#primaryimage\",\"url\":\"https:\\\/\\\/www.copealcoy.es\\\/wp-content\\\/uploads\\\/2018\\\/05\\\/3-Concierto-en-Cocentaina-del-Ateneu-Musical-Foto-Ajuntament-de-Cocentaina-.jpg\",\"contentUrl\":\"https:\\\/\\\/www.copealcoy.es\\\/wp-content\\\/uploads\\\/2018\\\/05\\\/3-Concierto-en-Cocentaina-del-Ateneu-Musical-Foto-Ajuntament-de-Cocentaina-.jpg\",\"width\":960,\"height\":639},{\"@type\":\"BreadcrumbList\",\"@id\":\"https:\\\/\\\/www.copealcoy.es\\\/es\\\/cocentaina-estrenara-un-certamen-de-musica-festera-en-2019\\\/#breadcrumb\",\"itemListElement\":[{\"@type\":\"ListItem\",\"position\":1,\"name\":\"Portada\",\"item\":\"https:\\\/\\\/www.copealcoy.es\\\/es\\\/\"},{\"@type\":\"ListItem\",\"position\":2,\"name\":\"Cocentaina estrenar\u00e1 un Certamen de M\u00fasica Festera en 2019\"}]},{\"@type\":\"WebSite\",\"@id\":\"https:\\\/\\\/www.copealcoy.es\\\/es\\\/#website\",\"url\":\"https:\\\/\\\/www.copealcoy.es\\\/es\\\/\",\"name\":\"COPE Alcoy\",\"description\":\"Emisora COPE de radio local con emisi\u00f3n online. Pont de Sant Jordi 8-10 03803 Alcoy\",\"potentialAction\":[{\"@type\":\"SearchAction\",\"target\":{\"@type\":\"EntryPoint\",\"urlTemplate\":\"https:\\\/\\\/www.copealcoy.es\\\/es\\\/?s={search_term_string}\"},\"query-input\":{\"@type\":\"PropertyValueSpecification\",\"valueRequired\":true,\"valueName\":\"search_term_string\"}}],\"inLanguage\":\"es\"},{\"@type\":\"Person\",\"@id\":\"https:\\\/\\\/www.copealcoy.es\\\/es\\\/#\\\/schema\\\/person\\\/e777c87fa024e57d40170af9df39882c\",\"name\":\"Cope Alcoy\",\"image\":{\"@type\":\"ImageObject\",\"inLanguage\":\"es\",\"@id\":\"https:\\\/\\\/secure.gravatar.com\\\/avatar\\\/bb65d0283347e303893ba14f0692005417c1e0e690a325a4c5d8bb2b3943ee14?s=96&d=mm&r=g\",\"url\":\"https:\\\/\\\/secure.gravatar.com\\\/avatar\\\/bb65d0283347e303893ba14f0692005417c1e0e690a325a4c5d8bb2b3943ee14?s=96&d=mm&r=g\",\"contentUrl\":\"https:\\\/\\\/secure.gravatar.com\\\/avatar\\\/bb65d0283347e303893ba14f0692005417c1e0e690a325a4c5d8bb2b3943ee14?s=96&d=mm&r=g\",\"caption\":\"Cope Alcoy\"}}]}<\/script>\n<!-- \/ Yoast SEO plugin. -->","yoast_head_json":{"title":"Cocentaina estrenar\u00e1 un Certamen de M\u00fasica Festera en 2019 - COPE Alcoy","robots":{"index":"index","follow":"follow","max-snippet":"max-snippet:-1","max-image-preview":"max-image-preview:large","max-video-preview":"max-video-preview:-1"},"canonical":"https:\/\/www.copealcoy.es\/es\/cocentaina-estrenara-un-certamen-de-musica-festera-en-2019\/","og_locale":"es_ES","og_type":"article","og_title":"Cocentaina estrenar\u00e1 un Certamen de M\u00fasica Festera en 2019 - COPE Alcoy","og_description":"La Federaci\u00f3n Junta de Fiestas de Moros y Cristianos de Cocentaina, que preside Hip\u00f2lit Borr\u00e0s, ha organizado un Certamen de...","og_url":"https:\/\/www.copealcoy.es\/es\/cocentaina-estrenara-un-certamen-de-musica-festera-en-2019\/","og_site_name":"COPE Alcoy","article_published_time":"2018-05-08T05:49:06+00:00","og_image":[{"width":960,"height":639,"url":"https:\/\/www.copealcoy.es\/wp-content\/uploads\/2018\/05\/3-Concierto-en-Cocentaina-del-Ateneu-Musical-Foto-Ajuntament-de-Cocentaina-.jpg","type":"image\/jpeg"}],"author":"Cope Alcoy","twitter_misc":{"Escrito por":"Cope Alcoy","Tiempo de lectura":"2 minutos"},"schema":{"@context":"https:\/\/schema.org","@graph":[{"@type":"Article","@id":"https:\/\/www.copealcoy.es\/es\/cocentaina-estrenara-un-certamen-de-musica-festera-en-2019\/#article","isPartOf":{"@id":"https:\/\/www.copealcoy.es\/es\/cocentaina-estrenara-un-certamen-de-musica-festera-en-2019\/"},"author":{"name":"Cope Alcoy","@id":"https:\/\/www.copealcoy.es\/es\/#\/schema\/person\/e777c87fa024e57d40170af9df39882c"},"headline":"Cocentaina estrenar\u00e1 un Certamen de M\u00fasica Festera en 2019","datePublished":"2018-05-08T05:49:06+00:00","mainEntityOfPage":{"@id":"https:\/\/www.copealcoy.es\/es\/cocentaina-estrenara-un-certamen-de-musica-festera-en-2019\/"},"wordCount":362,"commentCount":0,"image":{"@id":"https:\/\/www.copealcoy.es\/es\/cocentaina-estrenara-un-certamen-de-musica-festera-en-2019\/#primaryimage"},"thumbnailUrl":"https:\/\/www.copealcoy.es\/wp-content\/uploads\/2018\/05\/3-Concierto-en-Cocentaina-del-Ateneu-Musical-Foto-Ajuntament-de-Cocentaina-.jpg","keywords":["Certamen","Cocentaina","estrenar\u00e1","M\u00fasica Festera"],"articleSection":["Comarcas","Noticias"],"inLanguage":"es"},{"@type":"WebPage","@id":"https:\/\/www.copealcoy.es\/es\/cocentaina-estrenara-un-certamen-de-musica-festera-en-2019\/","url":"https:\/\/www.copealcoy.es\/es\/cocentaina-estrenara-un-certamen-de-musica-festera-en-2019\/","name":"Cocentaina estrenar\u00e1 un Certamen de M\u00fasica Festera en 2019 - COPE Alcoy","isPartOf":{"@id":"https:\/\/www.copealcoy.es\/es\/#website"},"primaryImageOfPage":{"@id":"https:\/\/www.copealcoy.es\/es\/cocentaina-estrenara-un-certamen-de-musica-festera-en-2019\/#primaryimage"},"image":{"@id":"https:\/\/www.copealcoy.es\/es\/cocentaina-estrenara-un-certamen-de-musica-festera-en-2019\/#primaryimage"},"thumbnailUrl":"https:\/\/www.copealcoy.es\/wp-content\/uploads\/2018\/05\/3-Concierto-en-Cocentaina-del-Ateneu-Musical-Foto-Ajuntament-de-Cocentaina-.jpg","datePublished":"2018-05-08T05:49:06+00:00","author":{"@id":"https:\/\/www.copealcoy.es\/es\/#\/schema\/person\/e777c87fa024e57d40170af9df39882c"},"breadcrumb":{"@id":"https:\/\/www.copealcoy.es\/es\/cocentaina-estrenara-un-certamen-de-musica-festera-en-2019\/#breadcrumb"},"inLanguage":"es","potentialAction":[{"@type":"ReadAction","target":["https:\/\/www.copealcoy.es\/es\/cocentaina-estrenara-un-certamen-de-musica-festera-en-2019\/"]}]},{"@type":"ImageObject","inLanguage":"es","@id":"https:\/\/www.copealcoy.es\/es\/cocentaina-estrenara-un-certamen-de-musica-festera-en-2019\/#primaryimage","url":"https:\/\/www.copealcoy.es\/wp-content\/uploads\/2018\/05\/3-Concierto-en-Cocentaina-del-Ateneu-Musical-Foto-Ajuntament-de-Cocentaina-.jpg","contentUrl":"https:\/\/www.copealcoy.es\/wp-content\/uploads\/2018\/05\/3-Concierto-en-Cocentaina-del-Ateneu-Musical-Foto-Ajuntament-de-Cocentaina-.jpg","width":960,"height":639},{"@type":"BreadcrumbList","@id":"https:\/\/www.copealcoy.es\/es\/cocentaina-estrenara-un-certamen-de-musica-festera-en-2019\/#breadcrumb","itemListElement":[{"@type":"ListItem","position":1,"name":"Portada","item":"https:\/\/www.copealcoy.es\/es\/"},{"@type":"ListItem","position":2,"name":"Cocentaina estrenar\u00e1 un Certamen de M\u00fasica Festera en 2019"}]},{"@type":"WebSite","@id":"https:\/\/www.copealcoy.es\/es\/#website","url":"https:\/\/www.copealcoy.es\/es\/","name":"COPE Alcoy","description":"Emisora COPE de radio local con emisi\u00f3n online. Pont de Sant Jordi 8-10 03803 Alcoy","potentialAction":[{"@type":"SearchAction","target":{"@type":"EntryPoint","urlTemplate":"https:\/\/www.copealcoy.es\/es\/?s={search_term_string}"},"query-input":{"@type":"PropertyValueSpecification","valueRequired":true,"valueName":"search_term_string"}}],"inLanguage":"es"},{"@type":"Person","@id":"https:\/\/www.copealcoy.es\/es\/#\/schema\/person\/e777c87fa024e57d40170af9df39882c","name":"Cope Alcoy","image":{"@type":"ImageObject","inLanguage":"es","@id":"https:\/\/secure.gravatar.com\/avatar\/bb65d0283347e303893ba14f0692005417c1e0e690a325a4c5d8bb2b3943ee14?s=96&d=mm&r=g","url":"https:\/\/secure.gravatar.com\/avatar\/bb65d0283347e303893ba14f0692005417c1e0e690a325a4c5d8bb2b3943ee14?s=96&d=mm&r=g","contentUrl":"https:\/\/secure.gravatar.com\/avatar\/bb65d0283347e303893ba14f0692005417c1e0e690a325a4c5d8bb2b3943ee14?s=96&d=mm&r=g","caption":"Cope Alcoy"}}]}},"_links":{"self":[{"href":"https:\/\/www.copealcoy.es\/es\/wp-json\/wp\/v2\/posts\/41925","targetHints":{"allow":["GET"]}}],"collection":[{"href":"https:\/\/www.copealcoy.es\/es\/wp-json\/wp\/v2\/posts"}],"about":[{"href":"https:\/\/www.copealcoy.es\/es\/wp-json\/wp\/v2\/types\/post"}],"author":[{"embeddable":true,"href":"https:\/\/www.copealcoy.es\/es\/wp-json\/wp\/v2\/users\/1"}],"replies":[{"embeddable":true,"href":"https:\/\/www.copealcoy.es\/es\/wp-json\/wp\/v2\/comments?post=41925"}],"version-history":[{"count":0,"href":"https:\/\/www.copealcoy.es\/es\/wp-json\/wp\/v2\/posts\/41925\/revisions"}],"wp:featuredmedia":[{"embeddable":true,"href":"https:\/\/www.copealcoy.es\/es\/wp-json\/wp\/v2\/media\/41926"}],"wp:attachment":[{"href":"https:\/\/www.copealcoy.es\/es\/wp-json\/wp\/v2\/media?parent=41925"}],"wp:term":[{"taxonomy":"category","embeddable":true,"href":"https:\/\/www.copealcoy.es\/es\/wp-json\/wp\/v2\/categories?post=41925"},{"taxonomy":"post_tag","embeddable":true,"href":"https:\/\/www.copealcoy.es\/es\/wp-json\/wp\/v2\/tags?post=41925"}],"curies":[{"name":"wp","href":"https:\/\/api.w.org\/{rel}","templated":true}]}}