{"id":41886,"date":"2018-05-05T09:35:08","date_gmt":"2018-05-05T09:35:08","guid":{"rendered":"http:\/\/copealcoi.es\/new\/?p=41886"},"modified":"2018-05-05T09:37:58","modified_gmt":"2018-05-05T09:37:58","slug":"el-gobierno-de-cocentaina-propone-la-segunda-fase-del-campo-la-via","status":"publish","type":"post","link":"https:\/\/www.copealcoy.es\/es\/el-gobierno-de-cocentaina-propone-la-segunda-fase-del-campo-la-via\/","title":{"rendered":"El Gobierno de Cocentaina propone la segunda fase del Campo &#8216;La V\u00eda&#8217;"},"content":{"rendered":"<div class=\"page\" title=\"Page 23\">\n<div class=\"layoutArea\">\n<div class=\"column\">\n<p style=\"text-align: justify;\">El Gobierno Municipal de Cocentaina <strong>persigue incluir en el Plan de Obras y Servicios (PPOS) de la Diputaci\u00f3n de Alicante<\/strong> del pr\u00f3ximo a\u00f1o <strong>la segunda fase<\/strong> de la remodelaci\u00f3n del <strong>Campo de F\u00fatbol La V\u00eda<\/strong>. De esta forma el Consistorio pretende que con esta subvenci\u00f3n <strong>se pueda hacer frente\u00a0a los 365.000 euros de inversi\u00f3n<\/strong> que supondr\u00e1 <strong>la construcci\u00f3n de seis nuevos vestuarios<\/strong> as\u00ed como de <strong>un almac\u00e9n de material<\/strong> en esta infraestructura deportiva contestana.<\/p>\n<\/div>\n<p style=\"text-align: justify;\">Desde el Equipo de Gobierno explican que <strong>han adoptado esta decisi\u00f3n<\/strong> despu\u00e9s de que en el pleno del pasado 26 de abril <strong>la oposici\u00f3n rechazara incluir<\/strong> en el citado PPOS <strong>la rehabilitaci\u00f3n de un inmueble ubicado en la Plaza de la Villa<\/strong> en el que se quer\u00edan ubicar servicios municipales como el Juzgado de Paz, el SIC o Radio Cocentaina. La portavoz del Gobierno Municipal, <strong>Mariona Carbonell<\/strong>, ha defendido <strong>la importancia de esta actuaci\u00f3n como alternativa<\/strong> a ser incluida en el Plan Provincial de Obras y Servicios &#8220;<em>hemos esperado que detr\u00e1s de esta negativa nos llegara una propuesta en clave positiva y constructiva, una alternativa de la oposici\u00f3n que dijo \u2018no\u2019. Pero m\u00e1s all\u00e1 del \u2018no\u2019, no existe ninguna alternativa. La \u00fanica propuesta que nos ha llegado v\u00eda el Col\u00b7lectiu 03820-Comprom\u00eds ha sido la construcci\u00f3n de viviendas y que el Ayuntamiento de Cocentaina se convirtiera en promotor inmobiliario, lo que evidentemente no nos parece adecuado ni razonable en estos tiempos. No es esa la funci\u00f3n p\u00fablica que queremos llevar adelante. As\u00ed es que nosotros seguiremos trabajando por el pueblo contestano a pesar de las trabas que ahora, m\u00e1s que nunca, algunos nos quieren poner. C\u00f3mo todav\u00eda tenemos opciones y estamos dentro de los plazos, propondremos otro proyecto que tambi\u00e9n es muy necesario c\u00f3mo es la construcci\u00f3n de nuevos vestuarios y un almac\u00e9n de material en el Campo de la V\u00eda<\/em>&#8220;, indica.<\/p>\n<p style=\"text-align: justify;\">Por \u00faltimo la portavoz <strong>ha lamentado la falta de propuestas de la oposici\u00f3n<\/strong> &#8220;<em>el proyecto de los vestuarios del campo de la V\u00eda se ajusta a los requisitos t\u00e9cnicos del Plan Provincial de Obras y Servicios, lo conocen todos desde hace mucho tiempo. Es una inversi\u00f3n econ\u00f3micamente ajustada, as\u00ed que esperamos no encontrar ninguna traba m\u00e1s, ni ninguna excusa a partir de ahora<\/em>&#8220;, concluye Carbonell<\/p>\n<\/div>\n<\/div>\n","protected":false},"excerpt":{"rendered":"<p>El Gobierno Municipal de Cocentaina persigue incluir en el Plan de Obras y Servicios (PPOS) de la Diputaci\u00f3n de Alicante&#8230;<\/p>\n","protected":false},"author":1,"featured_media":28673,"comment_status":"open","ping_status":"open","sticky":false,"template":"","format":"standard","meta":{"footnotes":""},"categories":[98,75],"tags":[2722,132,303,217,2925],"class_list":["post-41886","post","type-post","status-publish","format-standard","has-post-thumbnail","hentry","category-comarcas","category-noticias","tag-campo-la-via","tag-cocentaina","tag-estudia","tag-gobierno","tag-segunda-fase"],"yoast_head":"<!-- This site is optimized with the Yoast SEO plugin v27.3 - https:\/\/yoast.com\/product\/yoast-seo-wordpress\/ -->\n<title>El Gobierno de Cocentaina propone la segunda fase del Campo &#039;La V\u00eda&#039; - COPE Alcoy<\/title>\n<meta name=\"robots\" content=\"index, follow, max-snippet:-1, max-image-preview:large, max-video-preview:-1\" \/>\n<link rel=\"canonical\" href=\"https:\/\/www.copealcoy.es\/es\/el-gobierno-de-cocentaina-propone-la-segunda-fase-del-campo-la-via\/\" \/>\n<meta property=\"og:locale\" content=\"es_ES\" \/>\n<meta property=\"og:type\" content=\"article\" \/>\n<meta property=\"og:title\" content=\"El Gobierno de Cocentaina propone la segunda fase del Campo &#039;La V\u00eda&#039; - COPE Alcoy\" \/>\n<meta property=\"og:description\" content=\"El Gobierno Municipal de Cocentaina persigue incluir en el Plan de Obras y Servicios (PPOS) de la Diputaci\u00f3n de Alicante...\" \/>\n<meta property=\"og:url\" content=\"https:\/\/www.copealcoy.es\/es\/el-gobierno-de-cocentaina-propone-la-segunda-fase-del-campo-la-via\/\" \/>\n<meta property=\"og:site_name\" content=\"COPE Alcoy\" \/>\n<meta property=\"article:published_time\" content=\"2018-05-05T09:35:08+00:00\" \/>\n<meta property=\"article:modified_time\" content=\"2018-05-05T09:37:58+00:00\" \/>\n<meta property=\"og:image\" content=\"https:\/\/www.copealcoy.es\/wp-content\/uploads\/2017\/02\/070208_nou_camp_de_la_via_20170208112152.jpg\" \/>\n\t<meta property=\"og:image:width\" content=\"1600\" \/>\n\t<meta property=\"og:image:height\" content=\"991\" \/>\n\t<meta property=\"og:image:type\" content=\"image\/jpeg\" \/>\n<meta name=\"author\" content=\"Cope Alcoy\" \/>\n<meta name=\"twitter:label1\" content=\"Escrito por\" \/>\n\t<meta name=\"twitter:data1\" content=\"Cope Alcoy\" \/>\n\t<meta name=\"twitter:label2\" content=\"Tiempo de lectura\" \/>\n\t<meta name=\"twitter:data2\" content=\"2 minutos\" \/>\n<script type=\"application\/ld+json\" class=\"yoast-schema-graph\">{\"@context\":\"https:\\\/\\\/schema.org\",\"@graph\":[{\"@type\":\"Article\",\"@id\":\"https:\\\/\\\/www.copealcoy.es\\\/es\\\/el-gobierno-de-cocentaina-propone-la-segunda-fase-del-campo-la-via\\\/#article\",\"isPartOf\":{\"@id\":\"https:\\\/\\\/www.copealcoy.es\\\/es\\\/el-gobierno-de-cocentaina-propone-la-segunda-fase-del-campo-la-via\\\/\"},\"author\":{\"name\":\"Cope Alcoy\",\"@id\":\"https:\\\/\\\/www.copealcoy.es\\\/es\\\/#\\\/schema\\\/person\\\/e777c87fa024e57d40170af9df39882c\"},\"headline\":\"El Gobierno de Cocentaina propone la segunda fase del Campo &#8216;La V\u00eda&#8217;\",\"datePublished\":\"2018-05-05T09:35:08+00:00\",\"dateModified\":\"2018-05-05T09:37:58+00:00\",\"mainEntityOfPage\":{\"@id\":\"https:\\\/\\\/www.copealcoy.es\\\/es\\\/el-gobierno-de-cocentaina-propone-la-segunda-fase-del-campo-la-via\\\/\"},\"wordCount\":421,\"commentCount\":0,\"image\":{\"@id\":\"https:\\\/\\\/www.copealcoy.es\\\/es\\\/el-gobierno-de-cocentaina-propone-la-segunda-fase-del-campo-la-via\\\/#primaryimage\"},\"thumbnailUrl\":\"https:\\\/\\\/www.copealcoy.es\\\/wp-content\\\/uploads\\\/2017\\\/02\\\/070208_nou_camp_de_la_via_20170208112152.jpg\",\"keywords\":[\"Campo La V\u00eda\",\"Cocentaina\",\"Estudia\",\"Gobierno\",\"segunda fase\"],\"articleSection\":[\"Comarcas\",\"Noticias\"],\"inLanguage\":\"es\"},{\"@type\":\"WebPage\",\"@id\":\"https:\\\/\\\/www.copealcoy.es\\\/es\\\/el-gobierno-de-cocentaina-propone-la-segunda-fase-del-campo-la-via\\\/\",\"url\":\"https:\\\/\\\/www.copealcoy.es\\\/es\\\/el-gobierno-de-cocentaina-propone-la-segunda-fase-del-campo-la-via\\\/\",\"name\":\"El Gobierno de Cocentaina propone la segunda fase del Campo 'La V\u00eda' - COPE Alcoy\",\"isPartOf\":{\"@id\":\"https:\\\/\\\/www.copealcoy.es\\\/es\\\/#website\"},\"primaryImageOfPage\":{\"@id\":\"https:\\\/\\\/www.copealcoy.es\\\/es\\\/el-gobierno-de-cocentaina-propone-la-segunda-fase-del-campo-la-via\\\/#primaryimage\"},\"image\":{\"@id\":\"https:\\\/\\\/www.copealcoy.es\\\/es\\\/el-gobierno-de-cocentaina-propone-la-segunda-fase-del-campo-la-via\\\/#primaryimage\"},\"thumbnailUrl\":\"https:\\\/\\\/www.copealcoy.es\\\/wp-content\\\/uploads\\\/2017\\\/02\\\/070208_nou_camp_de_la_via_20170208112152.jpg\",\"datePublished\":\"2018-05-05T09:35:08+00:00\",\"dateModified\":\"2018-05-05T09:37:58+00:00\",\"author\":{\"@id\":\"https:\\\/\\\/www.copealcoy.es\\\/es\\\/#\\\/schema\\\/person\\\/e777c87fa024e57d40170af9df39882c\"},\"breadcrumb\":{\"@id\":\"https:\\\/\\\/www.copealcoy.es\\\/es\\\/el-gobierno-de-cocentaina-propone-la-segunda-fase-del-campo-la-via\\\/#breadcrumb\"},\"inLanguage\":\"es\",\"potentialAction\":[{\"@type\":\"ReadAction\",\"target\":[\"https:\\\/\\\/www.copealcoy.es\\\/es\\\/el-gobierno-de-cocentaina-propone-la-segunda-fase-del-campo-la-via\\\/\"]}]},{\"@type\":\"ImageObject\",\"inLanguage\":\"es\",\"@id\":\"https:\\\/\\\/www.copealcoy.es\\\/es\\\/el-gobierno-de-cocentaina-propone-la-segunda-fase-del-campo-la-via\\\/#primaryimage\",\"url\":\"https:\\\/\\\/www.copealcoy.es\\\/wp-content\\\/uploads\\\/2017\\\/02\\\/070208_nou_camp_de_la_via_20170208112152.jpg\",\"contentUrl\":\"https:\\\/\\\/www.copealcoy.es\\\/wp-content\\\/uploads\\\/2017\\\/02\\\/070208_nou_camp_de_la_via_20170208112152.jpg\",\"width\":1600,\"height\":991},{\"@type\":\"BreadcrumbList\",\"@id\":\"https:\\\/\\\/www.copealcoy.es\\\/es\\\/el-gobierno-de-cocentaina-propone-la-segunda-fase-del-campo-la-via\\\/#breadcrumb\",\"itemListElement\":[{\"@type\":\"ListItem\",\"position\":1,\"name\":\"Portada\",\"item\":\"https:\\\/\\\/www.copealcoy.es\\\/es\\\/\"},{\"@type\":\"ListItem\",\"position\":2,\"name\":\"El Gobierno de Cocentaina propone la segunda fase del Campo &#8216;La V\u00eda&#8217;\"}]},{\"@type\":\"WebSite\",\"@id\":\"https:\\\/\\\/www.copealcoy.es\\\/es\\\/#website\",\"url\":\"https:\\\/\\\/www.copealcoy.es\\\/es\\\/\",\"name\":\"COPE Alcoy\",\"description\":\"Emisora COPE de radio local con emisi\u00f3n online. Pont de Sant Jordi 8-10 03803 Alcoy\",\"potentialAction\":[{\"@type\":\"SearchAction\",\"target\":{\"@type\":\"EntryPoint\",\"urlTemplate\":\"https:\\\/\\\/www.copealcoy.es\\\/es\\\/?s={search_term_string}\"},\"query-input\":{\"@type\":\"PropertyValueSpecification\",\"valueRequired\":true,\"valueName\":\"search_term_string\"}}],\"inLanguage\":\"es\"},{\"@type\":\"Person\",\"@id\":\"https:\\\/\\\/www.copealcoy.es\\\/es\\\/#\\\/schema\\\/person\\\/e777c87fa024e57d40170af9df39882c\",\"name\":\"Cope Alcoy\",\"image\":{\"@type\":\"ImageObject\",\"inLanguage\":\"es\",\"@id\":\"https:\\\/\\\/secure.gravatar.com\\\/avatar\\\/bb65d0283347e303893ba14f0692005417c1e0e690a325a4c5d8bb2b3943ee14?s=96&d=mm&r=g\",\"url\":\"https:\\\/\\\/secure.gravatar.com\\\/avatar\\\/bb65d0283347e303893ba14f0692005417c1e0e690a325a4c5d8bb2b3943ee14?s=96&d=mm&r=g\",\"contentUrl\":\"https:\\\/\\\/secure.gravatar.com\\\/avatar\\\/bb65d0283347e303893ba14f0692005417c1e0e690a325a4c5d8bb2b3943ee14?s=96&d=mm&r=g\",\"caption\":\"Cope Alcoy\"}}]}<\/script>\n<!-- \/ Yoast SEO plugin. -->","yoast_head_json":{"title":"El Gobierno de Cocentaina propone la segunda fase del Campo 'La V\u00eda' - COPE Alcoy","robots":{"index":"index","follow":"follow","max-snippet":"max-snippet:-1","max-image-preview":"max-image-preview:large","max-video-preview":"max-video-preview:-1"},"canonical":"https:\/\/www.copealcoy.es\/es\/el-gobierno-de-cocentaina-propone-la-segunda-fase-del-campo-la-via\/","og_locale":"es_ES","og_type":"article","og_title":"El Gobierno de Cocentaina propone la segunda fase del Campo 'La V\u00eda' - COPE Alcoy","og_description":"El Gobierno Municipal de Cocentaina persigue incluir en el Plan de Obras y Servicios (PPOS) de la Diputaci\u00f3n de Alicante...","og_url":"https:\/\/www.copealcoy.es\/es\/el-gobierno-de-cocentaina-propone-la-segunda-fase-del-campo-la-via\/","og_site_name":"COPE Alcoy","article_published_time":"2018-05-05T09:35:08+00:00","article_modified_time":"2018-05-05T09:37:58+00:00","og_image":[{"width":1600,"height":991,"url":"https:\/\/www.copealcoy.es\/wp-content\/uploads\/2017\/02\/070208_nou_camp_de_la_via_20170208112152.jpg","type":"image\/jpeg"}],"author":"Cope Alcoy","twitter_misc":{"Escrito por":"Cope Alcoy","Tiempo de lectura":"2 minutos"},"schema":{"@context":"https:\/\/schema.org","@graph":[{"@type":"Article","@id":"https:\/\/www.copealcoy.es\/es\/el-gobierno-de-cocentaina-propone-la-segunda-fase-del-campo-la-via\/#article","isPartOf":{"@id":"https:\/\/www.copealcoy.es\/es\/el-gobierno-de-cocentaina-propone-la-segunda-fase-del-campo-la-via\/"},"author":{"name":"Cope Alcoy","@id":"https:\/\/www.copealcoy.es\/es\/#\/schema\/person\/e777c87fa024e57d40170af9df39882c"},"headline":"El Gobierno de Cocentaina propone la segunda fase del Campo &#8216;La V\u00eda&#8217;","datePublished":"2018-05-05T09:35:08+00:00","dateModified":"2018-05-05T09:37:58+00:00","mainEntityOfPage":{"@id":"https:\/\/www.copealcoy.es\/es\/el-gobierno-de-cocentaina-propone-la-segunda-fase-del-campo-la-via\/"},"wordCount":421,"commentCount":0,"image":{"@id":"https:\/\/www.copealcoy.es\/es\/el-gobierno-de-cocentaina-propone-la-segunda-fase-del-campo-la-via\/#primaryimage"},"thumbnailUrl":"https:\/\/www.copealcoy.es\/wp-content\/uploads\/2017\/02\/070208_nou_camp_de_la_via_20170208112152.jpg","keywords":["Campo La V\u00eda","Cocentaina","Estudia","Gobierno","segunda fase"],"articleSection":["Comarcas","Noticias"],"inLanguage":"es"},{"@type":"WebPage","@id":"https:\/\/www.copealcoy.es\/es\/el-gobierno-de-cocentaina-propone-la-segunda-fase-del-campo-la-via\/","url":"https:\/\/www.copealcoy.es\/es\/el-gobierno-de-cocentaina-propone-la-segunda-fase-del-campo-la-via\/","name":"El Gobierno de Cocentaina propone la segunda fase del Campo 'La V\u00eda' - COPE Alcoy","isPartOf":{"@id":"https:\/\/www.copealcoy.es\/es\/#website"},"primaryImageOfPage":{"@id":"https:\/\/www.copealcoy.es\/es\/el-gobierno-de-cocentaina-propone-la-segunda-fase-del-campo-la-via\/#primaryimage"},"image":{"@id":"https:\/\/www.copealcoy.es\/es\/el-gobierno-de-cocentaina-propone-la-segunda-fase-del-campo-la-via\/#primaryimage"},"thumbnailUrl":"https:\/\/www.copealcoy.es\/wp-content\/uploads\/2017\/02\/070208_nou_camp_de_la_via_20170208112152.jpg","datePublished":"2018-05-05T09:35:08+00:00","dateModified":"2018-05-05T09:37:58+00:00","author":{"@id":"https:\/\/www.copealcoy.es\/es\/#\/schema\/person\/e777c87fa024e57d40170af9df39882c"},"breadcrumb":{"@id":"https:\/\/www.copealcoy.es\/es\/el-gobierno-de-cocentaina-propone-la-segunda-fase-del-campo-la-via\/#breadcrumb"},"inLanguage":"es","potentialAction":[{"@type":"ReadAction","target":["https:\/\/www.copealcoy.es\/es\/el-gobierno-de-cocentaina-propone-la-segunda-fase-del-campo-la-via\/"]}]},{"@type":"ImageObject","inLanguage":"es","@id":"https:\/\/www.copealcoy.es\/es\/el-gobierno-de-cocentaina-propone-la-segunda-fase-del-campo-la-via\/#primaryimage","url":"https:\/\/www.copealcoy.es\/wp-content\/uploads\/2017\/02\/070208_nou_camp_de_la_via_20170208112152.jpg","contentUrl":"https:\/\/www.copealcoy.es\/wp-content\/uploads\/2017\/02\/070208_nou_camp_de_la_via_20170208112152.jpg","width":1600,"height":991},{"@type":"BreadcrumbList","@id":"https:\/\/www.copealcoy.es\/es\/el-gobierno-de-cocentaina-propone-la-segunda-fase-del-campo-la-via\/#breadcrumb","itemListElement":[{"@type":"ListItem","position":1,"name":"Portada","item":"https:\/\/www.copealcoy.es\/es\/"},{"@type":"ListItem","position":2,"name":"El Gobierno de Cocentaina propone la segunda fase del Campo &#8216;La V\u00eda&#8217;"}]},{"@type":"WebSite","@id":"https:\/\/www.copealcoy.es\/es\/#website","url":"https:\/\/www.copealcoy.es\/es\/","name":"COPE Alcoy","description":"Emisora COPE de radio local con emisi\u00f3n online. Pont de Sant Jordi 8-10 03803 Alcoy","potentialAction":[{"@type":"SearchAction","target":{"@type":"EntryPoint","urlTemplate":"https:\/\/www.copealcoy.es\/es\/?s={search_term_string}"},"query-input":{"@type":"PropertyValueSpecification","valueRequired":true,"valueName":"search_term_string"}}],"inLanguage":"es"},{"@type":"Person","@id":"https:\/\/www.copealcoy.es\/es\/#\/schema\/person\/e777c87fa024e57d40170af9df39882c","name":"Cope Alcoy","image":{"@type":"ImageObject","inLanguage":"es","@id":"https:\/\/secure.gravatar.com\/avatar\/bb65d0283347e303893ba14f0692005417c1e0e690a325a4c5d8bb2b3943ee14?s=96&d=mm&r=g","url":"https:\/\/secure.gravatar.com\/avatar\/bb65d0283347e303893ba14f0692005417c1e0e690a325a4c5d8bb2b3943ee14?s=96&d=mm&r=g","contentUrl":"https:\/\/secure.gravatar.com\/avatar\/bb65d0283347e303893ba14f0692005417c1e0e690a325a4c5d8bb2b3943ee14?s=96&d=mm&r=g","caption":"Cope Alcoy"}}]}},"_links":{"self":[{"href":"https:\/\/www.copealcoy.es\/es\/wp-json\/wp\/v2\/posts\/41886","targetHints":{"allow":["GET"]}}],"collection":[{"href":"https:\/\/www.copealcoy.es\/es\/wp-json\/wp\/v2\/posts"}],"about":[{"href":"https:\/\/www.copealcoy.es\/es\/wp-json\/wp\/v2\/types\/post"}],"author":[{"embeddable":true,"href":"https:\/\/www.copealcoy.es\/es\/wp-json\/wp\/v2\/users\/1"}],"replies":[{"embeddable":true,"href":"https:\/\/www.copealcoy.es\/es\/wp-json\/wp\/v2\/comments?post=41886"}],"version-history":[{"count":0,"href":"https:\/\/www.copealcoy.es\/es\/wp-json\/wp\/v2\/posts\/41886\/revisions"}],"wp:featuredmedia":[{"embeddable":true,"href":"https:\/\/www.copealcoy.es\/es\/wp-json\/wp\/v2\/media\/28673"}],"wp:attachment":[{"href":"https:\/\/www.copealcoy.es\/es\/wp-json\/wp\/v2\/media?parent=41886"}],"wp:term":[{"taxonomy":"category","embeddable":true,"href":"https:\/\/www.copealcoy.es\/es\/wp-json\/wp\/v2\/categories?post=41886"},{"taxonomy":"post_tag","embeddable":true,"href":"https:\/\/www.copealcoy.es\/es\/wp-json\/wp\/v2\/tags?post=41886"}],"curies":[{"name":"wp","href":"https:\/\/api.w.org\/{rel}","templated":true}]}}