{"id":41867,"date":"2018-05-04T19:14:26","date_gmt":"2018-05-04T19:14:26","guid":{"rendered":"http:\/\/copealcoi.es\/new\/?p=41867"},"modified":"2018-05-04T19:21:22","modified_gmt":"2018-05-04T19:21:22","slug":"cocentaina-mejora-la-senalizacion-de-sus-caminos-rurales","status":"publish","type":"post","link":"https:\/\/www.copealcoy.es\/es\/cocentaina-mejora-la-senalizacion-de-sus-caminos-rurales\/","title":{"rendered":"Cocentaina mejora la se\u00f1alizaci\u00f3n de sus caminos rurales"},"content":{"rendered":"<p style=\"text-align: justify;\">El <strong>Ayuntamiento de Cocentaina<\/strong> ha mejorado la se\u00f1alizaci\u00f3n de <strong>los principales caminos rurales<\/strong> del municipio. En concreto se han colocado <strong>unas cincuenta se\u00f1alizaciones<\/strong>, con <strong>un presupuesto de 4.000 euros<\/strong>, y que indican ya <strong>los nombres de caminos<\/strong> como el del &#8216;Terratge&#8217;, &#8216;Planets&#8217;, &#8216;Penella&#8217;, &#8216;Bassa Nova &#8211; Cabanya&#8217;; entre muchos otros. Los trabajos los ha llevado a cabo la Brigada Municipal de obras y <strong>han finalizado recientemente<\/strong> &#8220;<em>es un proyecto que demandaba la ciudadan\u00eda y que nos permitir\u00e1 identificar mejor nuestros caminos rurales al mismo tiempo que mantener los nombres por los que han sido conocidos siempre<\/em>&#8220;, asegura el concejal; <strong>Marcos Castell\u00f3<\/strong>.<\/p>\n<p style=\"text-align: justify;\">Se\u00f1alar que el Grupo Municipal de Guanyar Cocentaina <strong>fue el que propuso la idea de colocar estas se\u00f1ales<\/strong> que informan del nombre de los caminos rurales de la Villa Condal <strong>en el Pleno del 20 de julio de 2017<\/strong>. La formaci\u00f3n destaca que <strong>para este fin se habilit\u00f3 una partida inicial de 12.000 euros<\/strong> y a\u00f1ade que <strong>han colaborado con los t\u00e9cnicos municipales<\/strong> en el trabajo de campo previo a la creaci\u00f3n de los mencionados carteles.<\/p>\n","protected":false},"excerpt":{"rendered":"<p>El Ayuntamiento de Cocentaina ha mejorado la se\u00f1alizaci\u00f3n de los principales caminos rurales del municipio. En concreto se han colocado&#8230;<\/p>\n","protected":false},"author":1,"featured_media":41869,"comment_status":"open","ping_status":"open","sticky":false,"template":"","format":"standard","meta":{"footnotes":""},"categories":[98,75],"tags":[518,132,139,1096],"class_list":["post-41867","post","type-post","status-publish","format-standard","has-post-thumbnail","hentry","category-comarcas","category-noticias","tag-caminos-rurales","tag-cocentaina","tag-mejora","tag-senalizacion"],"yoast_head":"<!-- This site is optimized with the Yoast SEO plugin v27.3 - https:\/\/yoast.com\/product\/yoast-seo-wordpress\/ -->\n<title>Cocentaina mejora la se\u00f1alizaci\u00f3n de sus caminos rurales - COPE Alcoy<\/title>\n<meta name=\"robots\" content=\"index, follow, max-snippet:-1, max-image-preview:large, max-video-preview:-1\" \/>\n<link rel=\"canonical\" href=\"https:\/\/www.copealcoy.es\/es\/cocentaina-mejora-la-senalizacion-de-sus-caminos-rurales\/\" \/>\n<meta property=\"og:locale\" content=\"es_ES\" \/>\n<meta property=\"og:type\" content=\"article\" \/>\n<meta property=\"og:title\" content=\"Cocentaina mejora la se\u00f1alizaci\u00f3n de sus caminos rurales - COPE Alcoy\" \/>\n<meta property=\"og:description\" content=\"El Ayuntamiento de Cocentaina ha mejorado la se\u00f1alizaci\u00f3n de los principales caminos rurales del municipio. En concreto se han colocado...\" \/>\n<meta property=\"og:url\" content=\"https:\/\/www.copealcoy.es\/es\/cocentaina-mejora-la-senalizacion-de-sus-caminos-rurales\/\" \/>\n<meta property=\"og:site_name\" content=\"COPE Alcoy\" \/>\n<meta property=\"article:published_time\" content=\"2018-05-04T19:14:26+00:00\" \/>\n<meta property=\"article:modified_time\" content=\"2018-05-04T19:21:22+00:00\" \/>\n<meta property=\"og:image\" content=\"https:\/\/www.copealcoy.es\/wp-content\/uploads\/2018\/05\/CAMINS-RURALS-5-e1525461226863.jpg\" \/>\n\t<meta property=\"og:image:width\" content=\"1544\" \/>\n\t<meta property=\"og:image:height\" content=\"856\" \/>\n\t<meta property=\"og:image:type\" content=\"image\/jpeg\" \/>\n<meta name=\"author\" content=\"Cope Alcoy\" \/>\n<meta name=\"twitter:label1\" content=\"Escrito por\" \/>\n\t<meta name=\"twitter:data1\" content=\"Cope Alcoy\" \/>\n\t<meta name=\"twitter:label2\" content=\"Tiempo de lectura\" \/>\n\t<meta name=\"twitter:data2\" content=\"1 minuto\" \/>\n<script type=\"application\/ld+json\" class=\"yoast-schema-graph\">{\"@context\":\"https:\\\/\\\/schema.org\",\"@graph\":[{\"@type\":\"Article\",\"@id\":\"https:\\\/\\\/www.copealcoy.es\\\/es\\\/cocentaina-mejora-la-senalizacion-de-sus-caminos-rurales\\\/#article\",\"isPartOf\":{\"@id\":\"https:\\\/\\\/www.copealcoy.es\\\/es\\\/cocentaina-mejora-la-senalizacion-de-sus-caminos-rurales\\\/\"},\"author\":{\"name\":\"Cope Alcoy\",\"@id\":\"https:\\\/\\\/www.copealcoy.es\\\/es\\\/#\\\/schema\\\/person\\\/e777c87fa024e57d40170af9df39882c\"},\"headline\":\"Cocentaina mejora la se\u00f1alizaci\u00f3n de sus caminos rurales\",\"datePublished\":\"2018-05-04T19:14:26+00:00\",\"dateModified\":\"2018-05-04T19:21:22+00:00\",\"mainEntityOfPage\":{\"@id\":\"https:\\\/\\\/www.copealcoy.es\\\/es\\\/cocentaina-mejora-la-senalizacion-de-sus-caminos-rurales\\\/\"},\"wordCount\":193,\"commentCount\":0,\"image\":{\"@id\":\"https:\\\/\\\/www.copealcoy.es\\\/es\\\/cocentaina-mejora-la-senalizacion-de-sus-caminos-rurales\\\/#primaryimage\"},\"thumbnailUrl\":\"https:\\\/\\\/www.copealcoy.es\\\/wp-content\\\/uploads\\\/2018\\\/05\\\/CAMINS-RURALS-5-e1525461226863.jpg\",\"keywords\":[\"Caminos Rurales\",\"Cocentaina\",\"Mejora\",\"Se\u00f1alizaci\u00f3n\"],\"articleSection\":[\"Comarcas\",\"Noticias\"],\"inLanguage\":\"es\"},{\"@type\":\"WebPage\",\"@id\":\"https:\\\/\\\/www.copealcoy.es\\\/es\\\/cocentaina-mejora-la-senalizacion-de-sus-caminos-rurales\\\/\",\"url\":\"https:\\\/\\\/www.copealcoy.es\\\/es\\\/cocentaina-mejora-la-senalizacion-de-sus-caminos-rurales\\\/\",\"name\":\"Cocentaina mejora la se\u00f1alizaci\u00f3n de sus caminos rurales - COPE Alcoy\",\"isPartOf\":{\"@id\":\"https:\\\/\\\/www.copealcoy.es\\\/es\\\/#website\"},\"primaryImageOfPage\":{\"@id\":\"https:\\\/\\\/www.copealcoy.es\\\/es\\\/cocentaina-mejora-la-senalizacion-de-sus-caminos-rurales\\\/#primaryimage\"},\"image\":{\"@id\":\"https:\\\/\\\/www.copealcoy.es\\\/es\\\/cocentaina-mejora-la-senalizacion-de-sus-caminos-rurales\\\/#primaryimage\"},\"thumbnailUrl\":\"https:\\\/\\\/www.copealcoy.es\\\/wp-content\\\/uploads\\\/2018\\\/05\\\/CAMINS-RURALS-5-e1525461226863.jpg\",\"datePublished\":\"2018-05-04T19:14:26+00:00\",\"dateModified\":\"2018-05-04T19:21:22+00:00\",\"author\":{\"@id\":\"https:\\\/\\\/www.copealcoy.es\\\/es\\\/#\\\/schema\\\/person\\\/e777c87fa024e57d40170af9df39882c\"},\"breadcrumb\":{\"@id\":\"https:\\\/\\\/www.copealcoy.es\\\/es\\\/cocentaina-mejora-la-senalizacion-de-sus-caminos-rurales\\\/#breadcrumb\"},\"inLanguage\":\"es\",\"potentialAction\":[{\"@type\":\"ReadAction\",\"target\":[\"https:\\\/\\\/www.copealcoy.es\\\/es\\\/cocentaina-mejora-la-senalizacion-de-sus-caminos-rurales\\\/\"]}]},{\"@type\":\"ImageObject\",\"inLanguage\":\"es\",\"@id\":\"https:\\\/\\\/www.copealcoy.es\\\/es\\\/cocentaina-mejora-la-senalizacion-de-sus-caminos-rurales\\\/#primaryimage\",\"url\":\"https:\\\/\\\/www.copealcoy.es\\\/wp-content\\\/uploads\\\/2018\\\/05\\\/CAMINS-RURALS-5-e1525461226863.jpg\",\"contentUrl\":\"https:\\\/\\\/www.copealcoy.es\\\/wp-content\\\/uploads\\\/2018\\\/05\\\/CAMINS-RURALS-5-e1525461226863.jpg\",\"width\":1544,\"height\":856,\"caption\":\"Las se\u00f1ales han sido colocadas a las entradas de los principales caminos\"},{\"@type\":\"BreadcrumbList\",\"@id\":\"https:\\\/\\\/www.copealcoy.es\\\/es\\\/cocentaina-mejora-la-senalizacion-de-sus-caminos-rurales\\\/#breadcrumb\",\"itemListElement\":[{\"@type\":\"ListItem\",\"position\":1,\"name\":\"Portada\",\"item\":\"https:\\\/\\\/www.copealcoy.es\\\/es\\\/\"},{\"@type\":\"ListItem\",\"position\":2,\"name\":\"Cocentaina mejora la se\u00f1alizaci\u00f3n de sus caminos rurales\"}]},{\"@type\":\"WebSite\",\"@id\":\"https:\\\/\\\/www.copealcoy.es\\\/es\\\/#website\",\"url\":\"https:\\\/\\\/www.copealcoy.es\\\/es\\\/\",\"name\":\"COPE Alcoy\",\"description\":\"Emisora COPE de radio local con emisi\u00f3n online. Pont de Sant Jordi 8-10 03803 Alcoy\",\"potentialAction\":[{\"@type\":\"SearchAction\",\"target\":{\"@type\":\"EntryPoint\",\"urlTemplate\":\"https:\\\/\\\/www.copealcoy.es\\\/es\\\/?s={search_term_string}\"},\"query-input\":{\"@type\":\"PropertyValueSpecification\",\"valueRequired\":true,\"valueName\":\"search_term_string\"}}],\"inLanguage\":\"es\"},{\"@type\":\"Person\",\"@id\":\"https:\\\/\\\/www.copealcoy.es\\\/es\\\/#\\\/schema\\\/person\\\/e777c87fa024e57d40170af9df39882c\",\"name\":\"Cope Alcoy\",\"image\":{\"@type\":\"ImageObject\",\"inLanguage\":\"es\",\"@id\":\"https:\\\/\\\/secure.gravatar.com\\\/avatar\\\/bb65d0283347e303893ba14f0692005417c1e0e690a325a4c5d8bb2b3943ee14?s=96&d=mm&r=g\",\"url\":\"https:\\\/\\\/secure.gravatar.com\\\/avatar\\\/bb65d0283347e303893ba14f0692005417c1e0e690a325a4c5d8bb2b3943ee14?s=96&d=mm&r=g\",\"contentUrl\":\"https:\\\/\\\/secure.gravatar.com\\\/avatar\\\/bb65d0283347e303893ba14f0692005417c1e0e690a325a4c5d8bb2b3943ee14?s=96&d=mm&r=g\",\"caption\":\"Cope Alcoy\"}}]}<\/script>\n<!-- \/ Yoast SEO plugin. -->","yoast_head_json":{"title":"Cocentaina mejora la se\u00f1alizaci\u00f3n de sus caminos rurales - COPE Alcoy","robots":{"index":"index","follow":"follow","max-snippet":"max-snippet:-1","max-image-preview":"max-image-preview:large","max-video-preview":"max-video-preview:-1"},"canonical":"https:\/\/www.copealcoy.es\/es\/cocentaina-mejora-la-senalizacion-de-sus-caminos-rurales\/","og_locale":"es_ES","og_type":"article","og_title":"Cocentaina mejora la se\u00f1alizaci\u00f3n de sus caminos rurales - COPE Alcoy","og_description":"El Ayuntamiento de Cocentaina ha mejorado la se\u00f1alizaci\u00f3n de los principales caminos rurales del municipio. En concreto se han colocado...","og_url":"https:\/\/www.copealcoy.es\/es\/cocentaina-mejora-la-senalizacion-de-sus-caminos-rurales\/","og_site_name":"COPE Alcoy","article_published_time":"2018-05-04T19:14:26+00:00","article_modified_time":"2018-05-04T19:21:22+00:00","og_image":[{"width":1544,"height":856,"url":"https:\/\/www.copealcoy.es\/wp-content\/uploads\/2018\/05\/CAMINS-RURALS-5-e1525461226863.jpg","type":"image\/jpeg"}],"author":"Cope Alcoy","twitter_misc":{"Escrito por":"Cope Alcoy","Tiempo de lectura":"1 minuto"},"schema":{"@context":"https:\/\/schema.org","@graph":[{"@type":"Article","@id":"https:\/\/www.copealcoy.es\/es\/cocentaina-mejora-la-senalizacion-de-sus-caminos-rurales\/#article","isPartOf":{"@id":"https:\/\/www.copealcoy.es\/es\/cocentaina-mejora-la-senalizacion-de-sus-caminos-rurales\/"},"author":{"name":"Cope Alcoy","@id":"https:\/\/www.copealcoy.es\/es\/#\/schema\/person\/e777c87fa024e57d40170af9df39882c"},"headline":"Cocentaina mejora la se\u00f1alizaci\u00f3n de sus caminos rurales","datePublished":"2018-05-04T19:14:26+00:00","dateModified":"2018-05-04T19:21:22+00:00","mainEntityOfPage":{"@id":"https:\/\/www.copealcoy.es\/es\/cocentaina-mejora-la-senalizacion-de-sus-caminos-rurales\/"},"wordCount":193,"commentCount":0,"image":{"@id":"https:\/\/www.copealcoy.es\/es\/cocentaina-mejora-la-senalizacion-de-sus-caminos-rurales\/#primaryimage"},"thumbnailUrl":"https:\/\/www.copealcoy.es\/wp-content\/uploads\/2018\/05\/CAMINS-RURALS-5-e1525461226863.jpg","keywords":["Caminos Rurales","Cocentaina","Mejora","Se\u00f1alizaci\u00f3n"],"articleSection":["Comarcas","Noticias"],"inLanguage":"es"},{"@type":"WebPage","@id":"https:\/\/www.copealcoy.es\/es\/cocentaina-mejora-la-senalizacion-de-sus-caminos-rurales\/","url":"https:\/\/www.copealcoy.es\/es\/cocentaina-mejora-la-senalizacion-de-sus-caminos-rurales\/","name":"Cocentaina mejora la se\u00f1alizaci\u00f3n de sus caminos rurales - COPE Alcoy","isPartOf":{"@id":"https:\/\/www.copealcoy.es\/es\/#website"},"primaryImageOfPage":{"@id":"https:\/\/www.copealcoy.es\/es\/cocentaina-mejora-la-senalizacion-de-sus-caminos-rurales\/#primaryimage"},"image":{"@id":"https:\/\/www.copealcoy.es\/es\/cocentaina-mejora-la-senalizacion-de-sus-caminos-rurales\/#primaryimage"},"thumbnailUrl":"https:\/\/www.copealcoy.es\/wp-content\/uploads\/2018\/05\/CAMINS-RURALS-5-e1525461226863.jpg","datePublished":"2018-05-04T19:14:26+00:00","dateModified":"2018-05-04T19:21:22+00:00","author":{"@id":"https:\/\/www.copealcoy.es\/es\/#\/schema\/person\/e777c87fa024e57d40170af9df39882c"},"breadcrumb":{"@id":"https:\/\/www.copealcoy.es\/es\/cocentaina-mejora-la-senalizacion-de-sus-caminos-rurales\/#breadcrumb"},"inLanguage":"es","potentialAction":[{"@type":"ReadAction","target":["https:\/\/www.copealcoy.es\/es\/cocentaina-mejora-la-senalizacion-de-sus-caminos-rurales\/"]}]},{"@type":"ImageObject","inLanguage":"es","@id":"https:\/\/www.copealcoy.es\/es\/cocentaina-mejora-la-senalizacion-de-sus-caminos-rurales\/#primaryimage","url":"https:\/\/www.copealcoy.es\/wp-content\/uploads\/2018\/05\/CAMINS-RURALS-5-e1525461226863.jpg","contentUrl":"https:\/\/www.copealcoy.es\/wp-content\/uploads\/2018\/05\/CAMINS-RURALS-5-e1525461226863.jpg","width":1544,"height":856,"caption":"Las se\u00f1ales han sido colocadas a las entradas de los principales caminos"},{"@type":"BreadcrumbList","@id":"https:\/\/www.copealcoy.es\/es\/cocentaina-mejora-la-senalizacion-de-sus-caminos-rurales\/#breadcrumb","itemListElement":[{"@type":"ListItem","position":1,"name":"Portada","item":"https:\/\/www.copealcoy.es\/es\/"},{"@type":"ListItem","position":2,"name":"Cocentaina mejora la se\u00f1alizaci\u00f3n de sus caminos rurales"}]},{"@type":"WebSite","@id":"https:\/\/www.copealcoy.es\/es\/#website","url":"https:\/\/www.copealcoy.es\/es\/","name":"COPE Alcoy","description":"Emisora COPE de radio local con emisi\u00f3n online. Pont de Sant Jordi 8-10 03803 Alcoy","potentialAction":[{"@type":"SearchAction","target":{"@type":"EntryPoint","urlTemplate":"https:\/\/www.copealcoy.es\/es\/?s={search_term_string}"},"query-input":{"@type":"PropertyValueSpecification","valueRequired":true,"valueName":"search_term_string"}}],"inLanguage":"es"},{"@type":"Person","@id":"https:\/\/www.copealcoy.es\/es\/#\/schema\/person\/e777c87fa024e57d40170af9df39882c","name":"Cope Alcoy","image":{"@type":"ImageObject","inLanguage":"es","@id":"https:\/\/secure.gravatar.com\/avatar\/bb65d0283347e303893ba14f0692005417c1e0e690a325a4c5d8bb2b3943ee14?s=96&d=mm&r=g","url":"https:\/\/secure.gravatar.com\/avatar\/bb65d0283347e303893ba14f0692005417c1e0e690a325a4c5d8bb2b3943ee14?s=96&d=mm&r=g","contentUrl":"https:\/\/secure.gravatar.com\/avatar\/bb65d0283347e303893ba14f0692005417c1e0e690a325a4c5d8bb2b3943ee14?s=96&d=mm&r=g","caption":"Cope Alcoy"}}]}},"_links":{"self":[{"href":"https:\/\/www.copealcoy.es\/es\/wp-json\/wp\/v2\/posts\/41867","targetHints":{"allow":["GET"]}}],"collection":[{"href":"https:\/\/www.copealcoy.es\/es\/wp-json\/wp\/v2\/posts"}],"about":[{"href":"https:\/\/www.copealcoy.es\/es\/wp-json\/wp\/v2\/types\/post"}],"author":[{"embeddable":true,"href":"https:\/\/www.copealcoy.es\/es\/wp-json\/wp\/v2\/users\/1"}],"replies":[{"embeddable":true,"href":"https:\/\/www.copealcoy.es\/es\/wp-json\/wp\/v2\/comments?post=41867"}],"version-history":[{"count":0,"href":"https:\/\/www.copealcoy.es\/es\/wp-json\/wp\/v2\/posts\/41867\/revisions"}],"wp:featuredmedia":[{"embeddable":true,"href":"https:\/\/www.copealcoy.es\/es\/wp-json\/wp\/v2\/media\/41869"}],"wp:attachment":[{"href":"https:\/\/www.copealcoy.es\/es\/wp-json\/wp\/v2\/media?parent=41867"}],"wp:term":[{"taxonomy":"category","embeddable":true,"href":"https:\/\/www.copealcoy.es\/es\/wp-json\/wp\/v2\/categories?post=41867"},{"taxonomy":"post_tag","embeddable":true,"href":"https:\/\/www.copealcoy.es\/es\/wp-json\/wp\/v2\/tags?post=41867"}],"curies":[{"name":"wp","href":"https:\/\/api.w.org\/{rel}","templated":true}]}}