{"id":41782,"date":"2018-05-02T21:37:51","date_gmt":"2018-05-02T21:37:51","guid":{"rendered":"http:\/\/copealcoi.es\/new\/?p=41782"},"modified":"2018-05-02T21:44:50","modified_gmt":"2018-05-02T21:44:50","slug":"el-ayuntamiento-califica-de-exito-la-campana-contra-las-agresiones-sexistas","status":"publish","type":"post","link":"https:\/\/www.copealcoy.es\/es\/el-ayuntamiento-califica-de-exito-la-campana-contra-las-agresiones-sexistas\/","title":{"rendered":"El Ayuntamiento califica de \u00e9xito la campa\u00f1a contra las agresiones sexistas"},"content":{"rendered":"<p style=\"text-align: justify;\">La <strong>concejal\u00eda de Pol\u00edticas Sociales<\/strong> del Ayuntamiento de Alcoy ha hecho <strong>un balance positivo<\/strong> de la <strong>campa\u00f1a contra las agresiones sexistas<\/strong> realizada por este departamento a lo largo de las pasadas Fiestas de Alcoy y <strong>dentro del Plan de Igualdad<\/strong> de nuestra ciudad. Desde el \u00e1rea destacan que <strong>no se ha registrado ninguna denuncia de violaci\u00f3n, abusos o agresi\u00f3n sexual<\/strong> ni en los puntos habilitados ni en los tel\u00e9fonos de las fuerzas de seguridad durante las celebraciones. Adem\u00e1s resaltan <strong>la afluencia de gente registrada en los citados puntos<\/strong> para informarse y recibir detalles de la campa\u00f1a. En este sentido indican que <strong>la mayor\u00eda<\/strong> era gente joven.<\/p>\n<p style=\"text-align: justify;\">Aroa Mira, edil de Pol\u00edticas Sociales en el Consistorio alcoyano, destaca <span lang=\"ES\">que <strong>la ampa\u00f1a contin\u00faa m\u00e1s all\u00e1 de las Fiestas<\/strong> y avanza que <strong>se seguir\u00e1n realizando actuaciones de informaci\u00f3n<\/strong> para cualquier v\u00edctima que se sienta sola &#8220;<em>es evidente que tenemos que seguir trabajando para que todas y todos seamos conscientes que No es No, todav\u00eda queda mucho por hacer. Las \u00faltimas concentraciones contra una sentencia injusta han evidenciado que nuestra sociedad ha dicho \u00abbasta\u00bb, ya no consentiremos m\u00e1s un mundo patriarcal y machista que no permite que seamos libres ni que vivamos seguras. Desde la huelga del 8 de marzo, muchas mujeres han empezado a tomar conciencia de actitudes, de algunos micromachismos y comportamientos que por la fuerza de la cotidianidad hemos considerado normales hasta ahora, e incluso, hemos re\u00eddo; esto ha cambiado y no dejaremos de reclamar igualdad real, libertad y respeto para todas las mujeres y estaremos junto a aquellas que han sufrido una agresi\u00f3n sexista<\/em>&#8220;, afirma.<\/span><\/p>\n<p style=\"text-align: justify;\">Por \u00faltimo desde la concejal\u00eda aseguran\u00a0<span lang=\"ES\">que lo que s\u00ed que se ha producido son <strong>dos posibles casos de violencia de g\u00e9nero<\/strong> pero que no est\u00e1n directamente relacionados con las Fiestas y que <strong>se han atendido<\/strong> siguiendo el protocolo habitual desde la polic\u00eda local.<\/span><\/p>\n","protected":false},"excerpt":{"rendered":"<p>La concejal\u00eda de Pol\u00edticas Sociales del Ayuntamiento de Alcoy ha hecho un balance positivo de la campa\u00f1a contra las agresiones&#8230;<\/p>\n","protected":false},"author":1,"featured_media":41157,"comment_status":"open","ping_status":"open","sticky":false,"template":"","format":"standard","meta":{"footnotes":""},"categories":[97,75],"tags":[5453,1494,229,5548,199,2650],"class_list":["post-41782","post","type-post","status-publish","format-standard","has-post-thumbnail","hentry","category-alcoy","category-noticias","tag-agresiones-sexistas","tag-alcoy","tag-ayuntamiento","tag-califica","tag-campana","tag-exito"],"yoast_head":"<!-- This site is optimized with the Yoast SEO plugin v27.3 - https:\/\/yoast.com\/product\/yoast-seo-wordpress\/ -->\n<title>El Ayuntamiento califica de \u00e9xito la campa\u00f1a contra las agresiones sexistas - COPE Alcoy<\/title>\n<meta name=\"robots\" content=\"index, follow, max-snippet:-1, max-image-preview:large, max-video-preview:-1\" \/>\n<link rel=\"canonical\" href=\"https:\/\/www.copealcoy.es\/es\/el-ayuntamiento-califica-de-exito-la-campana-contra-las-agresiones-sexistas\/\" \/>\n<meta property=\"og:locale\" content=\"es_ES\" \/>\n<meta property=\"og:type\" content=\"article\" \/>\n<meta property=\"og:title\" content=\"El Ayuntamiento califica de \u00e9xito la campa\u00f1a contra las agresiones sexistas - COPE Alcoy\" \/>\n<meta property=\"og:description\" content=\"La concejal\u00eda de Pol\u00edticas Sociales del Ayuntamiento de Alcoy ha hecho un balance positivo de la campa\u00f1a contra las agresiones...\" \/>\n<meta property=\"og:url\" content=\"https:\/\/www.copealcoy.es\/es\/el-ayuntamiento-califica-de-exito-la-campana-contra-las-agresiones-sexistas\/\" \/>\n<meta property=\"og:site_name\" content=\"COPE Alcoy\" \/>\n<meta property=\"article:published_time\" content=\"2018-05-02T21:37:51+00:00\" \/>\n<meta property=\"article:modified_time\" content=\"2018-05-02T21:44:50+00:00\" \/>\n<meta property=\"og:image\" content=\"https:\/\/www.copealcoy.es\/wp-content\/uploads\/2018\/04\/IMG_1116-1024x683.jpg\" \/>\n\t<meta property=\"og:image:width\" content=\"1024\" \/>\n\t<meta property=\"og:image:height\" content=\"683\" \/>\n\t<meta property=\"og:image:type\" content=\"image\/jpeg\" \/>\n<meta name=\"author\" content=\"Cope Alcoy\" \/>\n<meta name=\"twitter:label1\" content=\"Escrito por\" \/>\n\t<meta name=\"twitter:data1\" content=\"Cope Alcoy\" \/>\n\t<meta name=\"twitter:label2\" content=\"Tiempo de lectura\" \/>\n\t<meta name=\"twitter:data2\" content=\"2 minutos\" \/>\n<script type=\"application\/ld+json\" class=\"yoast-schema-graph\">{\"@context\":\"https:\\\/\\\/schema.org\",\"@graph\":[{\"@type\":\"Article\",\"@id\":\"https:\\\/\\\/www.copealcoy.es\\\/es\\\/el-ayuntamiento-califica-de-exito-la-campana-contra-las-agresiones-sexistas\\\/#article\",\"isPartOf\":{\"@id\":\"https:\\\/\\\/www.copealcoy.es\\\/es\\\/el-ayuntamiento-califica-de-exito-la-campana-contra-las-agresiones-sexistas\\\/\"},\"author\":{\"name\":\"Cope Alcoy\",\"@id\":\"https:\\\/\\\/www.copealcoy.es\\\/es\\\/#\\\/schema\\\/person\\\/e777c87fa024e57d40170af9df39882c\"},\"headline\":\"El Ayuntamiento califica de \u00e9xito la campa\u00f1a contra las agresiones sexistas\",\"datePublished\":\"2018-05-02T21:37:51+00:00\",\"dateModified\":\"2018-05-02T21:44:50+00:00\",\"mainEntityOfPage\":{\"@id\":\"https:\\\/\\\/www.copealcoy.es\\\/es\\\/el-ayuntamiento-califica-de-exito-la-campana-contra-las-agresiones-sexistas\\\/\"},\"wordCount\":344,\"commentCount\":0,\"image\":{\"@id\":\"https:\\\/\\\/www.copealcoy.es\\\/es\\\/el-ayuntamiento-califica-de-exito-la-campana-contra-las-agresiones-sexistas\\\/#primaryimage\"},\"thumbnailUrl\":\"https:\\\/\\\/www.copealcoy.es\\\/wp-content\\\/uploads\\\/2018\\\/04\\\/IMG_1116.jpg\",\"keywords\":[\"agresiones sexistas\",\"Alcoy\",\"Ayuntamiento\",\"califica\",\"Campa\u00f1a\",\"\u00c9xito\"],\"articleSection\":[\"Alcoy\",\"Noticias\"],\"inLanguage\":\"es\"},{\"@type\":\"WebPage\",\"@id\":\"https:\\\/\\\/www.copealcoy.es\\\/es\\\/el-ayuntamiento-califica-de-exito-la-campana-contra-las-agresiones-sexistas\\\/\",\"url\":\"https:\\\/\\\/www.copealcoy.es\\\/es\\\/el-ayuntamiento-califica-de-exito-la-campana-contra-las-agresiones-sexistas\\\/\",\"name\":\"El Ayuntamiento califica de \u00e9xito la campa\u00f1a contra las agresiones sexistas - COPE Alcoy\",\"isPartOf\":{\"@id\":\"https:\\\/\\\/www.copealcoy.es\\\/es\\\/#website\"},\"primaryImageOfPage\":{\"@id\":\"https:\\\/\\\/www.copealcoy.es\\\/es\\\/el-ayuntamiento-califica-de-exito-la-campana-contra-las-agresiones-sexistas\\\/#primaryimage\"},\"image\":{\"@id\":\"https:\\\/\\\/www.copealcoy.es\\\/es\\\/el-ayuntamiento-califica-de-exito-la-campana-contra-las-agresiones-sexistas\\\/#primaryimage\"},\"thumbnailUrl\":\"https:\\\/\\\/www.copealcoy.es\\\/wp-content\\\/uploads\\\/2018\\\/04\\\/IMG_1116.jpg\",\"datePublished\":\"2018-05-02T21:37:51+00:00\",\"dateModified\":\"2018-05-02T21:44:50+00:00\",\"author\":{\"@id\":\"https:\\\/\\\/www.copealcoy.es\\\/es\\\/#\\\/schema\\\/person\\\/e777c87fa024e57d40170af9df39882c\"},\"breadcrumb\":{\"@id\":\"https:\\\/\\\/www.copealcoy.es\\\/es\\\/el-ayuntamiento-califica-de-exito-la-campana-contra-las-agresiones-sexistas\\\/#breadcrumb\"},\"inLanguage\":\"es\",\"potentialAction\":[{\"@type\":\"ReadAction\",\"target\":[\"https:\\\/\\\/www.copealcoy.es\\\/es\\\/el-ayuntamiento-califica-de-exito-la-campana-contra-las-agresiones-sexistas\\\/\"]}]},{\"@type\":\"ImageObject\",\"inLanguage\":\"es\",\"@id\":\"https:\\\/\\\/www.copealcoy.es\\\/es\\\/el-ayuntamiento-califica-de-exito-la-campana-contra-las-agresiones-sexistas\\\/#primaryimage\",\"url\":\"https:\\\/\\\/www.copealcoy.es\\\/wp-content\\\/uploads\\\/2018\\\/04\\\/IMG_1116.jpg\",\"contentUrl\":\"https:\\\/\\\/www.copealcoy.es\\\/wp-content\\\/uploads\\\/2018\\\/04\\\/IMG_1116.jpg\",\"width\":4272,\"height\":2848},{\"@type\":\"BreadcrumbList\",\"@id\":\"https:\\\/\\\/www.copealcoy.es\\\/es\\\/el-ayuntamiento-califica-de-exito-la-campana-contra-las-agresiones-sexistas\\\/#breadcrumb\",\"itemListElement\":[{\"@type\":\"ListItem\",\"position\":1,\"name\":\"Portada\",\"item\":\"https:\\\/\\\/www.copealcoy.es\\\/es\\\/\"},{\"@type\":\"ListItem\",\"position\":2,\"name\":\"El Ayuntamiento califica de \u00e9xito la campa\u00f1a contra las agresiones sexistas\"}]},{\"@type\":\"WebSite\",\"@id\":\"https:\\\/\\\/www.copealcoy.es\\\/es\\\/#website\",\"url\":\"https:\\\/\\\/www.copealcoy.es\\\/es\\\/\",\"name\":\"COPE Alcoy\",\"description\":\"Emisora COPE de radio local con emisi\u00f3n online. Pont de Sant Jordi 8-10 03803 Alcoy\",\"potentialAction\":[{\"@type\":\"SearchAction\",\"target\":{\"@type\":\"EntryPoint\",\"urlTemplate\":\"https:\\\/\\\/www.copealcoy.es\\\/es\\\/?s={search_term_string}\"},\"query-input\":{\"@type\":\"PropertyValueSpecification\",\"valueRequired\":true,\"valueName\":\"search_term_string\"}}],\"inLanguage\":\"es\"},{\"@type\":\"Person\",\"@id\":\"https:\\\/\\\/www.copealcoy.es\\\/es\\\/#\\\/schema\\\/person\\\/e777c87fa024e57d40170af9df39882c\",\"name\":\"Cope Alcoy\",\"image\":{\"@type\":\"ImageObject\",\"inLanguage\":\"es\",\"@id\":\"https:\\\/\\\/secure.gravatar.com\\\/avatar\\\/bb65d0283347e303893ba14f0692005417c1e0e690a325a4c5d8bb2b3943ee14?s=96&d=mm&r=g\",\"url\":\"https:\\\/\\\/secure.gravatar.com\\\/avatar\\\/bb65d0283347e303893ba14f0692005417c1e0e690a325a4c5d8bb2b3943ee14?s=96&d=mm&r=g\",\"contentUrl\":\"https:\\\/\\\/secure.gravatar.com\\\/avatar\\\/bb65d0283347e303893ba14f0692005417c1e0e690a325a4c5d8bb2b3943ee14?s=96&d=mm&r=g\",\"caption\":\"Cope Alcoy\"}}]}<\/script>\n<!-- \/ Yoast SEO plugin. -->","yoast_head_json":{"title":"El Ayuntamiento califica de \u00e9xito la campa\u00f1a contra las agresiones sexistas - COPE Alcoy","robots":{"index":"index","follow":"follow","max-snippet":"max-snippet:-1","max-image-preview":"max-image-preview:large","max-video-preview":"max-video-preview:-1"},"canonical":"https:\/\/www.copealcoy.es\/es\/el-ayuntamiento-califica-de-exito-la-campana-contra-las-agresiones-sexistas\/","og_locale":"es_ES","og_type":"article","og_title":"El Ayuntamiento califica de \u00e9xito la campa\u00f1a contra las agresiones sexistas - COPE Alcoy","og_description":"La concejal\u00eda de Pol\u00edticas Sociales del Ayuntamiento de Alcoy ha hecho un balance positivo de la campa\u00f1a contra las agresiones...","og_url":"https:\/\/www.copealcoy.es\/es\/el-ayuntamiento-califica-de-exito-la-campana-contra-las-agresiones-sexistas\/","og_site_name":"COPE Alcoy","article_published_time":"2018-05-02T21:37:51+00:00","article_modified_time":"2018-05-02T21:44:50+00:00","og_image":[{"width":1024,"height":683,"url":"https:\/\/www.copealcoy.es\/wp-content\/uploads\/2018\/04\/IMG_1116-1024x683.jpg","type":"image\/jpeg"}],"author":"Cope Alcoy","twitter_misc":{"Escrito por":"Cope Alcoy","Tiempo de lectura":"2 minutos"},"schema":{"@context":"https:\/\/schema.org","@graph":[{"@type":"Article","@id":"https:\/\/www.copealcoy.es\/es\/el-ayuntamiento-califica-de-exito-la-campana-contra-las-agresiones-sexistas\/#article","isPartOf":{"@id":"https:\/\/www.copealcoy.es\/es\/el-ayuntamiento-califica-de-exito-la-campana-contra-las-agresiones-sexistas\/"},"author":{"name":"Cope Alcoy","@id":"https:\/\/www.copealcoy.es\/es\/#\/schema\/person\/e777c87fa024e57d40170af9df39882c"},"headline":"El Ayuntamiento califica de \u00e9xito la campa\u00f1a contra las agresiones sexistas","datePublished":"2018-05-02T21:37:51+00:00","dateModified":"2018-05-02T21:44:50+00:00","mainEntityOfPage":{"@id":"https:\/\/www.copealcoy.es\/es\/el-ayuntamiento-califica-de-exito-la-campana-contra-las-agresiones-sexistas\/"},"wordCount":344,"commentCount":0,"image":{"@id":"https:\/\/www.copealcoy.es\/es\/el-ayuntamiento-califica-de-exito-la-campana-contra-las-agresiones-sexistas\/#primaryimage"},"thumbnailUrl":"https:\/\/www.copealcoy.es\/wp-content\/uploads\/2018\/04\/IMG_1116.jpg","keywords":["agresiones sexistas","Alcoy","Ayuntamiento","califica","Campa\u00f1a","\u00c9xito"],"articleSection":["Alcoy","Noticias"],"inLanguage":"es"},{"@type":"WebPage","@id":"https:\/\/www.copealcoy.es\/es\/el-ayuntamiento-califica-de-exito-la-campana-contra-las-agresiones-sexistas\/","url":"https:\/\/www.copealcoy.es\/es\/el-ayuntamiento-califica-de-exito-la-campana-contra-las-agresiones-sexistas\/","name":"El Ayuntamiento califica de \u00e9xito la campa\u00f1a contra las agresiones sexistas - COPE Alcoy","isPartOf":{"@id":"https:\/\/www.copealcoy.es\/es\/#website"},"primaryImageOfPage":{"@id":"https:\/\/www.copealcoy.es\/es\/el-ayuntamiento-califica-de-exito-la-campana-contra-las-agresiones-sexistas\/#primaryimage"},"image":{"@id":"https:\/\/www.copealcoy.es\/es\/el-ayuntamiento-califica-de-exito-la-campana-contra-las-agresiones-sexistas\/#primaryimage"},"thumbnailUrl":"https:\/\/www.copealcoy.es\/wp-content\/uploads\/2018\/04\/IMG_1116.jpg","datePublished":"2018-05-02T21:37:51+00:00","dateModified":"2018-05-02T21:44:50+00:00","author":{"@id":"https:\/\/www.copealcoy.es\/es\/#\/schema\/person\/e777c87fa024e57d40170af9df39882c"},"breadcrumb":{"@id":"https:\/\/www.copealcoy.es\/es\/el-ayuntamiento-califica-de-exito-la-campana-contra-las-agresiones-sexistas\/#breadcrumb"},"inLanguage":"es","potentialAction":[{"@type":"ReadAction","target":["https:\/\/www.copealcoy.es\/es\/el-ayuntamiento-califica-de-exito-la-campana-contra-las-agresiones-sexistas\/"]}]},{"@type":"ImageObject","inLanguage":"es","@id":"https:\/\/www.copealcoy.es\/es\/el-ayuntamiento-califica-de-exito-la-campana-contra-las-agresiones-sexistas\/#primaryimage","url":"https:\/\/www.copealcoy.es\/wp-content\/uploads\/2018\/04\/IMG_1116.jpg","contentUrl":"https:\/\/www.copealcoy.es\/wp-content\/uploads\/2018\/04\/IMG_1116.jpg","width":4272,"height":2848},{"@type":"BreadcrumbList","@id":"https:\/\/www.copealcoy.es\/es\/el-ayuntamiento-califica-de-exito-la-campana-contra-las-agresiones-sexistas\/#breadcrumb","itemListElement":[{"@type":"ListItem","position":1,"name":"Portada","item":"https:\/\/www.copealcoy.es\/es\/"},{"@type":"ListItem","position":2,"name":"El Ayuntamiento califica de \u00e9xito la campa\u00f1a contra las agresiones sexistas"}]},{"@type":"WebSite","@id":"https:\/\/www.copealcoy.es\/es\/#website","url":"https:\/\/www.copealcoy.es\/es\/","name":"COPE Alcoy","description":"Emisora COPE de radio local con emisi\u00f3n online. Pont de Sant Jordi 8-10 03803 Alcoy","potentialAction":[{"@type":"SearchAction","target":{"@type":"EntryPoint","urlTemplate":"https:\/\/www.copealcoy.es\/es\/?s={search_term_string}"},"query-input":{"@type":"PropertyValueSpecification","valueRequired":true,"valueName":"search_term_string"}}],"inLanguage":"es"},{"@type":"Person","@id":"https:\/\/www.copealcoy.es\/es\/#\/schema\/person\/e777c87fa024e57d40170af9df39882c","name":"Cope Alcoy","image":{"@type":"ImageObject","inLanguage":"es","@id":"https:\/\/secure.gravatar.com\/avatar\/bb65d0283347e303893ba14f0692005417c1e0e690a325a4c5d8bb2b3943ee14?s=96&d=mm&r=g","url":"https:\/\/secure.gravatar.com\/avatar\/bb65d0283347e303893ba14f0692005417c1e0e690a325a4c5d8bb2b3943ee14?s=96&d=mm&r=g","contentUrl":"https:\/\/secure.gravatar.com\/avatar\/bb65d0283347e303893ba14f0692005417c1e0e690a325a4c5d8bb2b3943ee14?s=96&d=mm&r=g","caption":"Cope Alcoy"}}]}},"_links":{"self":[{"href":"https:\/\/www.copealcoy.es\/es\/wp-json\/wp\/v2\/posts\/41782","targetHints":{"allow":["GET"]}}],"collection":[{"href":"https:\/\/www.copealcoy.es\/es\/wp-json\/wp\/v2\/posts"}],"about":[{"href":"https:\/\/www.copealcoy.es\/es\/wp-json\/wp\/v2\/types\/post"}],"author":[{"embeddable":true,"href":"https:\/\/www.copealcoy.es\/es\/wp-json\/wp\/v2\/users\/1"}],"replies":[{"embeddable":true,"href":"https:\/\/www.copealcoy.es\/es\/wp-json\/wp\/v2\/comments?post=41782"}],"version-history":[{"count":0,"href":"https:\/\/www.copealcoy.es\/es\/wp-json\/wp\/v2\/posts\/41782\/revisions"}],"wp:featuredmedia":[{"embeddable":true,"href":"https:\/\/www.copealcoy.es\/es\/wp-json\/wp\/v2\/media\/41157"}],"wp:attachment":[{"href":"https:\/\/www.copealcoy.es\/es\/wp-json\/wp\/v2\/media?parent=41782"}],"wp:term":[{"taxonomy":"category","embeddable":true,"href":"https:\/\/www.copealcoy.es\/es\/wp-json\/wp\/v2\/categories?post=41782"},{"taxonomy":"post_tag","embeddable":true,"href":"https:\/\/www.copealcoy.es\/es\/wp-json\/wp\/v2\/tags?post=41782"}],"curies":[{"name":"wp","href":"https:\/\/api.w.org\/{rel}","templated":true}]}}