{"id":41765,"date":"2018-05-02T14:46:42","date_gmt":"2018-05-02T14:46:42","guid":{"rendered":"http:\/\/copealcoi.es\/new\/?p=41765"},"modified":"2018-05-02T14:52:01","modified_gmt":"2018-05-02T14:52:01","slug":"acuerdo-para-que-alcoy-recupere-la-inversion-realizada-en-los-juzgados","status":"publish","type":"post","link":"https:\/\/www.copealcoy.es\/es\/acuerdo-para-que-alcoy-recupere-la-inversion-realizada-en-los-juzgados\/","title":{"rendered":"Acuerdo para que Alcoy recupere la inversi\u00f3n realizada en los juzgados"},"content":{"rendered":"<p style=\"text-align: justify;\">El <strong>Ayuntamiento de Alcoy y la Conselleria de Justicia<\/strong> de la Generalitat Valenciana han llegado a <strong>un acuerdo<\/strong> que, seg\u00fan el Consistorio, permitir\u00e1 a la ciudad <strong>recuperar la inversi\u00f3n<\/strong> que hizo en su d\u00eda para <strong>habilitar las dependencias de la Placeta de la Mare de D\u00e9u<\/strong> que acogen desde marzo de 2017 el nuevo Palacio de Justicia de la ciudad. El citado acuerdo contempla que<strong> tres edificios propiedad del Consell<\/strong>, y valorados en 3&#8217;5 millones de euros, <strong>pasar\u00e1n a ser de propiedad municipal<\/strong> por medio de una permuta. Se trata del inmueble que acoge el departamento de Medio Ambiente y Educaci\u00f3n en <strong>la calle Pintor Casanova<\/strong>, el Centro Social de la Zona Norte en <strong>la plaza Blai Domingo Llid\u00f3\u00a0<\/strong>y la Escuela Infantil del mismo barrio <strong>en la calle General Prieto<\/strong>. Por su parte el edificio de la Verge Mar\u00eda <strong>quedar\u00e1 en manos<\/strong> de la Conselleria de Justicia.<\/p>\n<p style=\"text-align: justify;\">El alcalde de Alcoy, <strong>Antonio Franc\u00e9s<\/strong>, valora la gesti\u00f3n realizada por el Gobierno Municipal <strong>para conseguir este acuerdo<\/strong> y afirma que la ubicaci\u00f3n de los nuevos Juzgados<strong> est\u00e1 dando buenos resultados un a\u00f1o despu\u00e9s de su puesta en marcha<\/strong>\u00a0de los mismos &#8220;<em>una vez m\u00e1s este Gobierno es el que ha encontrado una soluci\u00f3n a los problemas econ\u00f3micos y judiciales a la que nos llev\u00f3 la mala gesti\u00f3n del Partido Popular. Con este acuerdo, los alcoyanos recuperamos la inversi\u00f3n hecha en los juzgados de la Verge Mar\u00eda, un coste que deber\u00eda haber asumido desde un primer momento la Conselleria de Justicia<\/em>&#8220;, manifiesta.<\/p>\n<p style=\"text-align: justify;\">Recordar que los nuevos Juzgados de la Placeta de la Mare de D\u00e9u <a href=\"https:\/\/www.copealcoy.es\/los-nuevos-juzgados-iniciaran-actividad-13-marzo\/\"><span style=\"color: #0000ff;\"><strong>empezaron a funcionar<\/strong><\/span><\/a> en marzo de 2017. Se puso as\u00ed fin <strong>un largo proceso de catorce a\u00f1os<\/strong> en los que se llevaron a cabo las obras de remodelaci\u00f3n del edificio y se produjeron varios desencuentros entre Ayuntamiento y Generalitat motivados por <strong>la intenci\u00f3n del Consistorio de recuperar la inversi\u00f3n<\/strong> hecha para acondicionar las instalaciones.<\/p>\n","protected":false},"excerpt":{"rendered":"<p>El Ayuntamiento de Alcoy y la Conselleria de Justicia de la Generalitat Valenciana han llegado a un acuerdo que, seg\u00fan&#8230;<\/p>\n","protected":false},"author":1,"featured_media":41766,"comment_status":"open","ping_status":"open","sticky":false,"template":"","format":"standard","meta":{"footnotes":""},"categories":[97,75,125],"tags":[244,1494,162,245,5545,4810],"class_list":["post-41765","post","type-post","status-publish","format-standard","has-post-thumbnail","hentry","category-alcoy","category-noticias","category-portada","tag-acuerdo","tag-alcoy","tag-inversion","tag-juzgados","tag-realizada","tag-recuperacion"],"yoast_head":"<!-- This site is optimized with the Yoast SEO plugin v27.3 - https:\/\/yoast.com\/product\/yoast-seo-wordpress\/ -->\n<title>Acuerdo para que Alcoy recupere la inversi\u00f3n realizada en los juzgados - COPE Alcoy<\/title>\n<meta name=\"robots\" content=\"index, follow, max-snippet:-1, max-image-preview:large, max-video-preview:-1\" \/>\n<link rel=\"canonical\" href=\"https:\/\/www.copealcoy.es\/es\/acuerdo-para-que-alcoy-recupere-la-inversion-realizada-en-los-juzgados\/\" \/>\n<meta property=\"og:locale\" content=\"es_ES\" \/>\n<meta property=\"og:type\" content=\"article\" \/>\n<meta property=\"og:title\" content=\"Acuerdo para que Alcoy recupere la inversi\u00f3n realizada en los juzgados - COPE Alcoy\" \/>\n<meta property=\"og:description\" content=\"El Ayuntamiento de Alcoy y la Conselleria de Justicia de la Generalitat Valenciana han llegado a un acuerdo que, seg\u00fan...\" \/>\n<meta property=\"og:url\" content=\"https:\/\/www.copealcoy.es\/es\/acuerdo-para-que-alcoy-recupere-la-inversion-realizada-en-los-juzgados\/\" \/>\n<meta property=\"og:site_name\" content=\"COPE Alcoy\" \/>\n<meta property=\"article:published_time\" content=\"2018-05-02T14:46:42+00:00\" \/>\n<meta property=\"article:modified_time\" content=\"2018-05-02T14:52:01+00:00\" \/>\n<meta property=\"og:image\" content=\"https:\/\/www.copealcoy.es\/wp-content\/uploads\/2018\/05\/3-Foto-para-marzo-Autor-Gabriel-Pascual-e1525271597534.jpg\" \/>\n\t<meta property=\"og:image:width\" content=\"4001\" \/>\n\t<meta property=\"og:image:height\" content=\"2334\" \/>\n\t<meta property=\"og:image:type\" content=\"image\/jpeg\" \/>\n<meta name=\"author\" content=\"Cope Alcoy\" \/>\n<meta name=\"twitter:label1\" content=\"Escrito por\" \/>\n\t<meta name=\"twitter:data1\" content=\"Cope Alcoy\" \/>\n\t<meta name=\"twitter:label2\" content=\"Tiempo de lectura\" \/>\n\t<meta name=\"twitter:data2\" content=\"2 minutos\" \/>\n<script type=\"application\/ld+json\" class=\"yoast-schema-graph\">{\"@context\":\"https:\\\/\\\/schema.org\",\"@graph\":[{\"@type\":\"Article\",\"@id\":\"https:\\\/\\\/www.copealcoy.es\\\/es\\\/acuerdo-para-que-alcoy-recupere-la-inversion-realizada-en-los-juzgados\\\/#article\",\"isPartOf\":{\"@id\":\"https:\\\/\\\/www.copealcoy.es\\\/es\\\/acuerdo-para-que-alcoy-recupere-la-inversion-realizada-en-los-juzgados\\\/\"},\"author\":{\"name\":\"Cope Alcoy\",\"@id\":\"https:\\\/\\\/www.copealcoy.es\\\/es\\\/#\\\/schema\\\/person\\\/e777c87fa024e57d40170af9df39882c\"},\"headline\":\"Acuerdo para que Alcoy recupere la inversi\u00f3n realizada en los juzgados\",\"datePublished\":\"2018-05-02T14:46:42+00:00\",\"dateModified\":\"2018-05-02T14:52:01+00:00\",\"mainEntityOfPage\":{\"@id\":\"https:\\\/\\\/www.copealcoy.es\\\/es\\\/acuerdo-para-que-alcoy-recupere-la-inversion-realizada-en-los-juzgados\\\/\"},\"wordCount\":350,\"commentCount\":0,\"image\":{\"@id\":\"https:\\\/\\\/www.copealcoy.es\\\/es\\\/acuerdo-para-que-alcoy-recupere-la-inversion-realizada-en-los-juzgados\\\/#primaryimage\"},\"thumbnailUrl\":\"https:\\\/\\\/www.copealcoy.es\\\/wp-content\\\/uploads\\\/2018\\\/05\\\/3-Foto-para-marzo-Autor-Gabriel-Pascual-e1663859656188.jpg\",\"keywords\":[\"Acuerdo\",\"Alcoy\",\"Inversi\u00f3n\",\"Juzgados\",\"realizada\",\"recuperaci\u00f3n\"],\"articleSection\":[\"Alcoy\",\"Noticias\",\"Portada\"],\"inLanguage\":\"es\"},{\"@type\":\"WebPage\",\"@id\":\"https:\\\/\\\/www.copealcoy.es\\\/es\\\/acuerdo-para-que-alcoy-recupere-la-inversion-realizada-en-los-juzgados\\\/\",\"url\":\"https:\\\/\\\/www.copealcoy.es\\\/es\\\/acuerdo-para-que-alcoy-recupere-la-inversion-realizada-en-los-juzgados\\\/\",\"name\":\"Acuerdo para que Alcoy recupere la inversi\u00f3n realizada en los juzgados - COPE Alcoy\",\"isPartOf\":{\"@id\":\"https:\\\/\\\/www.copealcoy.es\\\/es\\\/#website\"},\"primaryImageOfPage\":{\"@id\":\"https:\\\/\\\/www.copealcoy.es\\\/es\\\/acuerdo-para-que-alcoy-recupere-la-inversion-realizada-en-los-juzgados\\\/#primaryimage\"},\"image\":{\"@id\":\"https:\\\/\\\/www.copealcoy.es\\\/es\\\/acuerdo-para-que-alcoy-recupere-la-inversion-realizada-en-los-juzgados\\\/#primaryimage\"},\"thumbnailUrl\":\"https:\\\/\\\/www.copealcoy.es\\\/wp-content\\\/uploads\\\/2018\\\/05\\\/3-Foto-para-marzo-Autor-Gabriel-Pascual-e1663859656188.jpg\",\"datePublished\":\"2018-05-02T14:46:42+00:00\",\"dateModified\":\"2018-05-02T14:52:01+00:00\",\"author\":{\"@id\":\"https:\\\/\\\/www.copealcoy.es\\\/es\\\/#\\\/schema\\\/person\\\/e777c87fa024e57d40170af9df39882c\"},\"breadcrumb\":{\"@id\":\"https:\\\/\\\/www.copealcoy.es\\\/es\\\/acuerdo-para-que-alcoy-recupere-la-inversion-realizada-en-los-juzgados\\\/#breadcrumb\"},\"inLanguage\":\"es\",\"potentialAction\":[{\"@type\":\"ReadAction\",\"target\":[\"https:\\\/\\\/www.copealcoy.es\\\/es\\\/acuerdo-para-que-alcoy-recupere-la-inversion-realizada-en-los-juzgados\\\/\"]}]},{\"@type\":\"ImageObject\",\"inLanguage\":\"es\",\"@id\":\"https:\\\/\\\/www.copealcoy.es\\\/es\\\/acuerdo-para-que-alcoy-recupere-la-inversion-realizada-en-los-juzgados\\\/#primaryimage\",\"url\":\"https:\\\/\\\/www.copealcoy.es\\\/wp-content\\\/uploads\\\/2018\\\/05\\\/3-Foto-para-marzo-Autor-Gabriel-Pascual-e1663859656188.jpg\",\"contentUrl\":\"https:\\\/\\\/www.copealcoy.es\\\/wp-content\\\/uploads\\\/2018\\\/05\\\/3-Foto-para-marzo-Autor-Gabriel-Pascual-e1663859656188.jpg\",\"width\":640,\"height\":373,\"caption\":\"El nuevo Palacio de Justicia se encuentra en el Centro de Alcoy \\\/ Foto: G. Pascual\"},{\"@type\":\"BreadcrumbList\",\"@id\":\"https:\\\/\\\/www.copealcoy.es\\\/es\\\/acuerdo-para-que-alcoy-recupere-la-inversion-realizada-en-los-juzgados\\\/#breadcrumb\",\"itemListElement\":[{\"@type\":\"ListItem\",\"position\":1,\"name\":\"Portada\",\"item\":\"https:\\\/\\\/www.copealcoy.es\\\/es\\\/\"},{\"@type\":\"ListItem\",\"position\":2,\"name\":\"Acuerdo para que Alcoy recupere la inversi\u00f3n realizada en los juzgados\"}]},{\"@type\":\"WebSite\",\"@id\":\"https:\\\/\\\/www.copealcoy.es\\\/es\\\/#website\",\"url\":\"https:\\\/\\\/www.copealcoy.es\\\/es\\\/\",\"name\":\"COPE Alcoy\",\"description\":\"Emisora COPE de radio local con emisi\u00f3n online. Pont de Sant Jordi 8-10 03803 Alcoy\",\"potentialAction\":[{\"@type\":\"SearchAction\",\"target\":{\"@type\":\"EntryPoint\",\"urlTemplate\":\"https:\\\/\\\/www.copealcoy.es\\\/es\\\/?s={search_term_string}\"},\"query-input\":{\"@type\":\"PropertyValueSpecification\",\"valueRequired\":true,\"valueName\":\"search_term_string\"}}],\"inLanguage\":\"es\"},{\"@type\":\"Person\",\"@id\":\"https:\\\/\\\/www.copealcoy.es\\\/es\\\/#\\\/schema\\\/person\\\/e777c87fa024e57d40170af9df39882c\",\"name\":\"Cope Alcoy\",\"image\":{\"@type\":\"ImageObject\",\"inLanguage\":\"es\",\"@id\":\"https:\\\/\\\/secure.gravatar.com\\\/avatar\\\/bb65d0283347e303893ba14f0692005417c1e0e690a325a4c5d8bb2b3943ee14?s=96&d=mm&r=g\",\"url\":\"https:\\\/\\\/secure.gravatar.com\\\/avatar\\\/bb65d0283347e303893ba14f0692005417c1e0e690a325a4c5d8bb2b3943ee14?s=96&d=mm&r=g\",\"contentUrl\":\"https:\\\/\\\/secure.gravatar.com\\\/avatar\\\/bb65d0283347e303893ba14f0692005417c1e0e690a325a4c5d8bb2b3943ee14?s=96&d=mm&r=g\",\"caption\":\"Cope Alcoy\"}}]}<\/script>\n<!-- \/ Yoast SEO plugin. -->","yoast_head_json":{"title":"Acuerdo para que Alcoy recupere la inversi\u00f3n realizada en los juzgados - COPE Alcoy","robots":{"index":"index","follow":"follow","max-snippet":"max-snippet:-1","max-image-preview":"max-image-preview:large","max-video-preview":"max-video-preview:-1"},"canonical":"https:\/\/www.copealcoy.es\/es\/acuerdo-para-que-alcoy-recupere-la-inversion-realizada-en-los-juzgados\/","og_locale":"es_ES","og_type":"article","og_title":"Acuerdo para que Alcoy recupere la inversi\u00f3n realizada en los juzgados - COPE Alcoy","og_description":"El Ayuntamiento de Alcoy y la Conselleria de Justicia de la Generalitat Valenciana han llegado a un acuerdo que, seg\u00fan...","og_url":"https:\/\/www.copealcoy.es\/es\/acuerdo-para-que-alcoy-recupere-la-inversion-realizada-en-los-juzgados\/","og_site_name":"COPE Alcoy","article_published_time":"2018-05-02T14:46:42+00:00","article_modified_time":"2018-05-02T14:52:01+00:00","og_image":[{"width":4001,"height":2334,"url":"https:\/\/www.copealcoy.es\/wp-content\/uploads\/2018\/05\/3-Foto-para-marzo-Autor-Gabriel-Pascual-e1525271597534.jpg","type":"image\/jpeg"}],"author":"Cope Alcoy","twitter_misc":{"Escrito por":"Cope Alcoy","Tiempo de lectura":"2 minutos"},"schema":{"@context":"https:\/\/schema.org","@graph":[{"@type":"Article","@id":"https:\/\/www.copealcoy.es\/es\/acuerdo-para-que-alcoy-recupere-la-inversion-realizada-en-los-juzgados\/#article","isPartOf":{"@id":"https:\/\/www.copealcoy.es\/es\/acuerdo-para-que-alcoy-recupere-la-inversion-realizada-en-los-juzgados\/"},"author":{"name":"Cope Alcoy","@id":"https:\/\/www.copealcoy.es\/es\/#\/schema\/person\/e777c87fa024e57d40170af9df39882c"},"headline":"Acuerdo para que Alcoy recupere la inversi\u00f3n realizada en los juzgados","datePublished":"2018-05-02T14:46:42+00:00","dateModified":"2018-05-02T14:52:01+00:00","mainEntityOfPage":{"@id":"https:\/\/www.copealcoy.es\/es\/acuerdo-para-que-alcoy-recupere-la-inversion-realizada-en-los-juzgados\/"},"wordCount":350,"commentCount":0,"image":{"@id":"https:\/\/www.copealcoy.es\/es\/acuerdo-para-que-alcoy-recupere-la-inversion-realizada-en-los-juzgados\/#primaryimage"},"thumbnailUrl":"https:\/\/www.copealcoy.es\/wp-content\/uploads\/2018\/05\/3-Foto-para-marzo-Autor-Gabriel-Pascual-e1663859656188.jpg","keywords":["Acuerdo","Alcoy","Inversi\u00f3n","Juzgados","realizada","recuperaci\u00f3n"],"articleSection":["Alcoy","Noticias","Portada"],"inLanguage":"es"},{"@type":"WebPage","@id":"https:\/\/www.copealcoy.es\/es\/acuerdo-para-que-alcoy-recupere-la-inversion-realizada-en-los-juzgados\/","url":"https:\/\/www.copealcoy.es\/es\/acuerdo-para-que-alcoy-recupere-la-inversion-realizada-en-los-juzgados\/","name":"Acuerdo para que Alcoy recupere la inversi\u00f3n realizada en los juzgados - COPE Alcoy","isPartOf":{"@id":"https:\/\/www.copealcoy.es\/es\/#website"},"primaryImageOfPage":{"@id":"https:\/\/www.copealcoy.es\/es\/acuerdo-para-que-alcoy-recupere-la-inversion-realizada-en-los-juzgados\/#primaryimage"},"image":{"@id":"https:\/\/www.copealcoy.es\/es\/acuerdo-para-que-alcoy-recupere-la-inversion-realizada-en-los-juzgados\/#primaryimage"},"thumbnailUrl":"https:\/\/www.copealcoy.es\/wp-content\/uploads\/2018\/05\/3-Foto-para-marzo-Autor-Gabriel-Pascual-e1663859656188.jpg","datePublished":"2018-05-02T14:46:42+00:00","dateModified":"2018-05-02T14:52:01+00:00","author":{"@id":"https:\/\/www.copealcoy.es\/es\/#\/schema\/person\/e777c87fa024e57d40170af9df39882c"},"breadcrumb":{"@id":"https:\/\/www.copealcoy.es\/es\/acuerdo-para-que-alcoy-recupere-la-inversion-realizada-en-los-juzgados\/#breadcrumb"},"inLanguage":"es","potentialAction":[{"@type":"ReadAction","target":["https:\/\/www.copealcoy.es\/es\/acuerdo-para-que-alcoy-recupere-la-inversion-realizada-en-los-juzgados\/"]}]},{"@type":"ImageObject","inLanguage":"es","@id":"https:\/\/www.copealcoy.es\/es\/acuerdo-para-que-alcoy-recupere-la-inversion-realizada-en-los-juzgados\/#primaryimage","url":"https:\/\/www.copealcoy.es\/wp-content\/uploads\/2018\/05\/3-Foto-para-marzo-Autor-Gabriel-Pascual-e1663859656188.jpg","contentUrl":"https:\/\/www.copealcoy.es\/wp-content\/uploads\/2018\/05\/3-Foto-para-marzo-Autor-Gabriel-Pascual-e1663859656188.jpg","width":640,"height":373,"caption":"El nuevo Palacio de Justicia se encuentra en el Centro de Alcoy \/ Foto: G. Pascual"},{"@type":"BreadcrumbList","@id":"https:\/\/www.copealcoy.es\/es\/acuerdo-para-que-alcoy-recupere-la-inversion-realizada-en-los-juzgados\/#breadcrumb","itemListElement":[{"@type":"ListItem","position":1,"name":"Portada","item":"https:\/\/www.copealcoy.es\/es\/"},{"@type":"ListItem","position":2,"name":"Acuerdo para que Alcoy recupere la inversi\u00f3n realizada en los juzgados"}]},{"@type":"WebSite","@id":"https:\/\/www.copealcoy.es\/es\/#website","url":"https:\/\/www.copealcoy.es\/es\/","name":"COPE Alcoy","description":"Emisora COPE de radio local con emisi\u00f3n online. Pont de Sant Jordi 8-10 03803 Alcoy","potentialAction":[{"@type":"SearchAction","target":{"@type":"EntryPoint","urlTemplate":"https:\/\/www.copealcoy.es\/es\/?s={search_term_string}"},"query-input":{"@type":"PropertyValueSpecification","valueRequired":true,"valueName":"search_term_string"}}],"inLanguage":"es"},{"@type":"Person","@id":"https:\/\/www.copealcoy.es\/es\/#\/schema\/person\/e777c87fa024e57d40170af9df39882c","name":"Cope Alcoy","image":{"@type":"ImageObject","inLanguage":"es","@id":"https:\/\/secure.gravatar.com\/avatar\/bb65d0283347e303893ba14f0692005417c1e0e690a325a4c5d8bb2b3943ee14?s=96&d=mm&r=g","url":"https:\/\/secure.gravatar.com\/avatar\/bb65d0283347e303893ba14f0692005417c1e0e690a325a4c5d8bb2b3943ee14?s=96&d=mm&r=g","contentUrl":"https:\/\/secure.gravatar.com\/avatar\/bb65d0283347e303893ba14f0692005417c1e0e690a325a4c5d8bb2b3943ee14?s=96&d=mm&r=g","caption":"Cope Alcoy"}}]}},"_links":{"self":[{"href":"https:\/\/www.copealcoy.es\/es\/wp-json\/wp\/v2\/posts\/41765","targetHints":{"allow":["GET"]}}],"collection":[{"href":"https:\/\/www.copealcoy.es\/es\/wp-json\/wp\/v2\/posts"}],"about":[{"href":"https:\/\/www.copealcoy.es\/es\/wp-json\/wp\/v2\/types\/post"}],"author":[{"embeddable":true,"href":"https:\/\/www.copealcoy.es\/es\/wp-json\/wp\/v2\/users\/1"}],"replies":[{"embeddable":true,"href":"https:\/\/www.copealcoy.es\/es\/wp-json\/wp\/v2\/comments?post=41765"}],"version-history":[{"count":0,"href":"https:\/\/www.copealcoy.es\/es\/wp-json\/wp\/v2\/posts\/41765\/revisions"}],"wp:featuredmedia":[{"embeddable":true,"href":"https:\/\/www.copealcoy.es\/es\/wp-json\/wp\/v2\/media\/41766"}],"wp:attachment":[{"href":"https:\/\/www.copealcoy.es\/es\/wp-json\/wp\/v2\/media?parent=41765"}],"wp:term":[{"taxonomy":"category","embeddable":true,"href":"https:\/\/www.copealcoy.es\/es\/wp-json\/wp\/v2\/categories?post=41765"},{"taxonomy":"post_tag","embeddable":true,"href":"https:\/\/www.copealcoy.es\/es\/wp-json\/wp\/v2\/tags?post=41765"}],"curies":[{"name":"wp","href":"https:\/\/api.w.org\/{rel}","templated":true}]}}