{"id":41689,"date":"2018-04-28T10:58:12","date_gmt":"2018-04-28T10:58:12","guid":{"rendered":"http:\/\/copealcoi.es\/new\/?p=41689"},"modified":"2018-04-28T11:44:53","modified_gmt":"2018-04-28T11:44:53","slug":"muro-presenta-la-xxiii-edicion-de-su-festa-del-llibre","status":"publish","type":"post","link":"https:\/\/www.copealcoy.es\/es\/muro-presenta-la-xxiii-edicion-de-su-festa-del-llibre\/","title":{"rendered":"Muro presenta la XXIII edici\u00f3n de su Festa del Llibre"},"content":{"rendered":"<p style=\"text-align: justify;\">El <strong>Ayuntamiento de Muro<\/strong>, a trav\u00e9s del<strong> \u00e1rea de Cultura y la Biblioteca Municipal<\/strong>, ha preparado un <strong>amplio programa de actividades culturales<\/strong> para dar forma a la vigesimotercera edici\u00f3n de la Festa del Llibre. El Certamen <strong>lleva por lema este a\u00f1o \u2018ziga-zaga@llig.com\u2019<\/strong> y con el mismo se quiere <strong>expresar la relaci\u00f3n existente<\/strong> entre todas las propuestas que configuran la programaci\u00f3n \u201c<em>es un t\u00edtulo que pretende hacer de cuerda y recuperar palabras que no se utilizan mucho ahora. El zig zag es la\u00a0 l\u00ednea rota en forma de zeta que recuerda a los primeros trazos que hac\u00edamos en los m\u00edticos cuadernos Rubio cuando aprend\u00edamos a escribir<\/em>\u201d, indica <strong>Carmina Prats<\/strong>; coordinadora de la Biblioteca de Muro.<\/p>\n<p style=\"text-align: justify;\">La Festa del Llibre <strong>incluir\u00e1 varias conferencias<\/strong> y la primera de ellas se llevar\u00e1 a cabo el 7 de junio a cargo del periodista y escritor murero <strong>Manuel P\u00e9rez Berenguer<\/strong> bajo el t\u00edtulo \u2018Teatre: El misteri d\u2019un joc molt perill\u00f3s\u2019. A continuaci\u00f3n el 11 de junio <strong>Manuel Rivas<\/strong> ofrecer\u00e1 la charla \u2018Contra todo esto\u2019, el 12 de junio ser\u00e1 el turno de <strong>Manuel Baixauli<\/strong> con la ponencia \u2018Multiplicar la Vida\u2019 y el 13 de junio <strong>Xavier Aliaga<\/strong> hablar\u00e1 de la \u2018Creaci\u00f3n Literaria: \u00bfComo se construye una novela?\u2019. Finalmente se pondr\u00e1 fin al ciclo con las intervenciones del escritor y guionista <strong>Ray Loriga<\/strong> con la charla \u2018La l\u00ednea de sombra\u2019.\u00a0 Todas las intervenciones ser\u00e1n a las 20:15h de la tarde en la misma Biblioteca Municipal Francesc de Paula Momblanch. Al margen de este plato fuerte, el Instituto Serra de Mariola y los colegios Montcabrer y Bracal <strong>han preparado exposiciones y talleres de animaci\u00f3n lectora<\/strong> para sus alumnos mientras que se realizar\u00e1n<strong> otras iniciativas<\/strong> como una ruta po\u00e9tica por el Muro el 10 de junio \u201c<em>la intenci\u00f3n es implicar cada vez m\u00e1s a todo el pueblo en esta gran fiesta de las letras<\/em>\u201d, asegura el concejal de Cultura; Sergi Silvestre.<\/p>\n<p style=\"text-align: justify;\">La XXIII edici\u00f3n de la Festa del Llibre, cuyo cartel anunciador <strong>es de \u00c1lex Llopis<\/strong>, llegar\u00e1 a su fin el 15 de junio con una <strong>Muestra de Librer\u00edas<\/strong> en la Pla\u00e7a del Matzem,<strong> la entrega de premios<\/strong> del concurso de literatura infantil y juvenil,\u00a0 <strong>un cuentacuentos y actuaciones musicales<\/strong> en el Festilletra. Por \u00faltimo el d\u00eda 16 \u2018Masmorra Teatre\u2019 <strong>pondr\u00e1 en escena en el Centro Cultural<\/strong>, a partir de las siete de la tarde, el espect\u00e1culo \u2018La Motxilla\u2019.<\/p>\n","protected":false},"excerpt":{"rendered":"<p>El Ayuntamiento de Muro, a trav\u00e9s del \u00e1rea de Cultura y la Biblioteca Municipal, ha preparado un amplio programa de&#8230;<\/p>\n","protected":false},"author":1,"featured_media":41690,"comment_status":"open","ping_status":"open","sticky":false,"template":"","format":"standard","meta":{"footnotes":""},"categories":[98,75],"tags":[1052,135,1071],"class_list":["post-41689","post","type-post","status-publish","format-standard","has-post-thumbnail","hentry","category-comarcas","category-noticias","tag-festa-del-llibre","tag-muro","tag-presenta"],"yoast_head":"<!-- This site is optimized with the Yoast SEO plugin v27.3 - https:\/\/yoast.com\/product\/yoast-seo-wordpress\/ -->\n<title>Muro presenta la XXIII edici\u00f3n de su Festa del Llibre - COPE Alcoy<\/title>\n<meta name=\"robots\" content=\"index, follow, max-snippet:-1, max-image-preview:large, max-video-preview:-1\" \/>\n<link rel=\"canonical\" href=\"https:\/\/www.copealcoy.es\/es\/muro-presenta-la-xxiii-edicion-de-su-festa-del-llibre\/\" \/>\n<meta property=\"og:locale\" content=\"es_ES\" \/>\n<meta property=\"og:type\" content=\"article\" \/>\n<meta property=\"og:title\" content=\"Muro presenta la XXIII edici\u00f3n de su Festa del Llibre - COPE Alcoy\" \/>\n<meta property=\"og:description\" content=\"El Ayuntamiento de Muro, a trav\u00e9s del \u00e1rea de Cultura y la Biblioteca Municipal, ha preparado un amplio programa de...\" \/>\n<meta property=\"og:url\" content=\"https:\/\/www.copealcoy.es\/es\/muro-presenta-la-xxiii-edicion-de-su-festa-del-llibre\/\" \/>\n<meta property=\"og:site_name\" content=\"COPE Alcoy\" \/>\n<meta property=\"article:published_time\" content=\"2018-04-28T10:58:12+00:00\" \/>\n<meta property=\"article:modified_time\" content=\"2018-04-28T11:44:53+00:00\" \/>\n<meta property=\"og:image\" content=\"https:\/\/www.copealcoy.es\/wp-content\/uploads\/2018\/04\/15-Presentaci\u00f3n-de-la-XXIII-Festa-del-llibre-Foto-Ajuntament-de-Muro.jpg\" \/>\n\t<meta property=\"og:image:width\" content=\"1600\" \/>\n\t<meta property=\"og:image:height\" content=\"900\" \/>\n\t<meta property=\"og:image:type\" content=\"image\/jpeg\" \/>\n<meta name=\"author\" content=\"Cope Alcoy\" \/>\n<meta name=\"twitter:label1\" content=\"Escrito por\" \/>\n\t<meta name=\"twitter:data1\" content=\"Cope Alcoy\" \/>\n\t<meta name=\"twitter:label2\" content=\"Tiempo de lectura\" \/>\n\t<meta name=\"twitter:data2\" content=\"2 minutos\" \/>\n<script type=\"application\/ld+json\" class=\"yoast-schema-graph\">{\"@context\":\"https:\\\/\\\/schema.org\",\"@graph\":[{\"@type\":\"Article\",\"@id\":\"https:\\\/\\\/www.copealcoy.es\\\/es\\\/muro-presenta-la-xxiii-edicion-de-su-festa-del-llibre\\\/#article\",\"isPartOf\":{\"@id\":\"https:\\\/\\\/www.copealcoy.es\\\/es\\\/muro-presenta-la-xxiii-edicion-de-su-festa-del-llibre\\\/\"},\"author\":{\"name\":\"Cope Alcoy\",\"@id\":\"https:\\\/\\\/www.copealcoy.es\\\/es\\\/#\\\/schema\\\/person\\\/e777c87fa024e57d40170af9df39882c\"},\"headline\":\"Muro presenta la XXIII edici\u00f3n de su Festa del Llibre\",\"datePublished\":\"2018-04-28T10:58:12+00:00\",\"dateModified\":\"2018-04-28T11:44:53+00:00\",\"mainEntityOfPage\":{\"@id\":\"https:\\\/\\\/www.copealcoy.es\\\/es\\\/muro-presenta-la-xxiii-edicion-de-su-festa-del-llibre\\\/\"},\"wordCount\":424,\"commentCount\":0,\"image\":{\"@id\":\"https:\\\/\\\/www.copealcoy.es\\\/es\\\/muro-presenta-la-xxiii-edicion-de-su-festa-del-llibre\\\/#primaryimage\"},\"thumbnailUrl\":\"https:\\\/\\\/www.copealcoy.es\\\/wp-content\\\/uploads\\\/2018\\\/04\\\/15-Presentaci\u00f3n-de-la-XXIII-Festa-del-llibre-Foto-Ajuntament-de-Muro.jpg\",\"keywords\":[\"Festa del Llibre\",\"Muro\",\"Presenta\"],\"articleSection\":[\"Comarcas\",\"Noticias\"],\"inLanguage\":\"es\"},{\"@type\":\"WebPage\",\"@id\":\"https:\\\/\\\/www.copealcoy.es\\\/es\\\/muro-presenta-la-xxiii-edicion-de-su-festa-del-llibre\\\/\",\"url\":\"https:\\\/\\\/www.copealcoy.es\\\/es\\\/muro-presenta-la-xxiii-edicion-de-su-festa-del-llibre\\\/\",\"name\":\"Muro presenta la XXIII edici\u00f3n de su Festa del Llibre - COPE Alcoy\",\"isPartOf\":{\"@id\":\"https:\\\/\\\/www.copealcoy.es\\\/es\\\/#website\"},\"primaryImageOfPage\":{\"@id\":\"https:\\\/\\\/www.copealcoy.es\\\/es\\\/muro-presenta-la-xxiii-edicion-de-su-festa-del-llibre\\\/#primaryimage\"},\"image\":{\"@id\":\"https:\\\/\\\/www.copealcoy.es\\\/es\\\/muro-presenta-la-xxiii-edicion-de-su-festa-del-llibre\\\/#primaryimage\"},\"thumbnailUrl\":\"https:\\\/\\\/www.copealcoy.es\\\/wp-content\\\/uploads\\\/2018\\\/04\\\/15-Presentaci\u00f3n-de-la-XXIII-Festa-del-llibre-Foto-Ajuntament-de-Muro.jpg\",\"datePublished\":\"2018-04-28T10:58:12+00:00\",\"dateModified\":\"2018-04-28T11:44:53+00:00\",\"author\":{\"@id\":\"https:\\\/\\\/www.copealcoy.es\\\/es\\\/#\\\/schema\\\/person\\\/e777c87fa024e57d40170af9df39882c\"},\"breadcrumb\":{\"@id\":\"https:\\\/\\\/www.copealcoy.es\\\/es\\\/muro-presenta-la-xxiii-edicion-de-su-festa-del-llibre\\\/#breadcrumb\"},\"inLanguage\":\"es\",\"potentialAction\":[{\"@type\":\"ReadAction\",\"target\":[\"https:\\\/\\\/www.copealcoy.es\\\/es\\\/muro-presenta-la-xxiii-edicion-de-su-festa-del-llibre\\\/\"]}]},{\"@type\":\"ImageObject\",\"inLanguage\":\"es\",\"@id\":\"https:\\\/\\\/www.copealcoy.es\\\/es\\\/muro-presenta-la-xxiii-edicion-de-su-festa-del-llibre\\\/#primaryimage\",\"url\":\"https:\\\/\\\/www.copealcoy.es\\\/wp-content\\\/uploads\\\/2018\\\/04\\\/15-Presentaci\u00f3n-de-la-XXIII-Festa-del-llibre-Foto-Ajuntament-de-Muro.jpg\",\"contentUrl\":\"https:\\\/\\\/www.copealcoy.es\\\/wp-content\\\/uploads\\\/2018\\\/04\\\/15-Presentaci\u00f3n-de-la-XXIII-Festa-del-llibre-Foto-Ajuntament-de-Muro.jpg\",\"width\":1600,\"height\":900},{\"@type\":\"BreadcrumbList\",\"@id\":\"https:\\\/\\\/www.copealcoy.es\\\/es\\\/muro-presenta-la-xxiii-edicion-de-su-festa-del-llibre\\\/#breadcrumb\",\"itemListElement\":[{\"@type\":\"ListItem\",\"position\":1,\"name\":\"Portada\",\"item\":\"https:\\\/\\\/www.copealcoy.es\\\/es\\\/\"},{\"@type\":\"ListItem\",\"position\":2,\"name\":\"Muro presenta la XXIII edici\u00f3n de su Festa del Llibre\"}]},{\"@type\":\"WebSite\",\"@id\":\"https:\\\/\\\/www.copealcoy.es\\\/es\\\/#website\",\"url\":\"https:\\\/\\\/www.copealcoy.es\\\/es\\\/\",\"name\":\"COPE Alcoy\",\"description\":\"Emisora COPE de radio local con emisi\u00f3n online. Pont de Sant Jordi 8-10 03803 Alcoy\",\"potentialAction\":[{\"@type\":\"SearchAction\",\"target\":{\"@type\":\"EntryPoint\",\"urlTemplate\":\"https:\\\/\\\/www.copealcoy.es\\\/es\\\/?s={search_term_string}\"},\"query-input\":{\"@type\":\"PropertyValueSpecification\",\"valueRequired\":true,\"valueName\":\"search_term_string\"}}],\"inLanguage\":\"es\"},{\"@type\":\"Person\",\"@id\":\"https:\\\/\\\/www.copealcoy.es\\\/es\\\/#\\\/schema\\\/person\\\/e777c87fa024e57d40170af9df39882c\",\"name\":\"Cope Alcoy\",\"image\":{\"@type\":\"ImageObject\",\"inLanguage\":\"es\",\"@id\":\"https:\\\/\\\/secure.gravatar.com\\\/avatar\\\/bb65d0283347e303893ba14f0692005417c1e0e690a325a4c5d8bb2b3943ee14?s=96&d=mm&r=g\",\"url\":\"https:\\\/\\\/secure.gravatar.com\\\/avatar\\\/bb65d0283347e303893ba14f0692005417c1e0e690a325a4c5d8bb2b3943ee14?s=96&d=mm&r=g\",\"contentUrl\":\"https:\\\/\\\/secure.gravatar.com\\\/avatar\\\/bb65d0283347e303893ba14f0692005417c1e0e690a325a4c5d8bb2b3943ee14?s=96&d=mm&r=g\",\"caption\":\"Cope Alcoy\"}}]}<\/script>\n<!-- \/ Yoast SEO plugin. -->","yoast_head_json":{"title":"Muro presenta la XXIII edici\u00f3n de su Festa del Llibre - COPE Alcoy","robots":{"index":"index","follow":"follow","max-snippet":"max-snippet:-1","max-image-preview":"max-image-preview:large","max-video-preview":"max-video-preview:-1"},"canonical":"https:\/\/www.copealcoy.es\/es\/muro-presenta-la-xxiii-edicion-de-su-festa-del-llibre\/","og_locale":"es_ES","og_type":"article","og_title":"Muro presenta la XXIII edici\u00f3n de su Festa del Llibre - COPE Alcoy","og_description":"El Ayuntamiento de Muro, a trav\u00e9s del \u00e1rea de Cultura y la Biblioteca Municipal, ha preparado un amplio programa de...","og_url":"https:\/\/www.copealcoy.es\/es\/muro-presenta-la-xxiii-edicion-de-su-festa-del-llibre\/","og_site_name":"COPE Alcoy","article_published_time":"2018-04-28T10:58:12+00:00","article_modified_time":"2018-04-28T11:44:53+00:00","og_image":[{"width":1600,"height":900,"url":"https:\/\/www.copealcoy.es\/wp-content\/uploads\/2018\/04\/15-Presentaci\u00f3n-de-la-XXIII-Festa-del-llibre-Foto-Ajuntament-de-Muro.jpg","type":"image\/jpeg"}],"author":"Cope Alcoy","twitter_misc":{"Escrito por":"Cope Alcoy","Tiempo de lectura":"2 minutos"},"schema":{"@context":"https:\/\/schema.org","@graph":[{"@type":"Article","@id":"https:\/\/www.copealcoy.es\/es\/muro-presenta-la-xxiii-edicion-de-su-festa-del-llibre\/#article","isPartOf":{"@id":"https:\/\/www.copealcoy.es\/es\/muro-presenta-la-xxiii-edicion-de-su-festa-del-llibre\/"},"author":{"name":"Cope Alcoy","@id":"https:\/\/www.copealcoy.es\/es\/#\/schema\/person\/e777c87fa024e57d40170af9df39882c"},"headline":"Muro presenta la XXIII edici\u00f3n de su Festa del Llibre","datePublished":"2018-04-28T10:58:12+00:00","dateModified":"2018-04-28T11:44:53+00:00","mainEntityOfPage":{"@id":"https:\/\/www.copealcoy.es\/es\/muro-presenta-la-xxiii-edicion-de-su-festa-del-llibre\/"},"wordCount":424,"commentCount":0,"image":{"@id":"https:\/\/www.copealcoy.es\/es\/muro-presenta-la-xxiii-edicion-de-su-festa-del-llibre\/#primaryimage"},"thumbnailUrl":"https:\/\/www.copealcoy.es\/wp-content\/uploads\/2018\/04\/15-Presentaci\u00f3n-de-la-XXIII-Festa-del-llibre-Foto-Ajuntament-de-Muro.jpg","keywords":["Festa del Llibre","Muro","Presenta"],"articleSection":["Comarcas","Noticias"],"inLanguage":"es"},{"@type":"WebPage","@id":"https:\/\/www.copealcoy.es\/es\/muro-presenta-la-xxiii-edicion-de-su-festa-del-llibre\/","url":"https:\/\/www.copealcoy.es\/es\/muro-presenta-la-xxiii-edicion-de-su-festa-del-llibre\/","name":"Muro presenta la XXIII edici\u00f3n de su Festa del Llibre - COPE Alcoy","isPartOf":{"@id":"https:\/\/www.copealcoy.es\/es\/#website"},"primaryImageOfPage":{"@id":"https:\/\/www.copealcoy.es\/es\/muro-presenta-la-xxiii-edicion-de-su-festa-del-llibre\/#primaryimage"},"image":{"@id":"https:\/\/www.copealcoy.es\/es\/muro-presenta-la-xxiii-edicion-de-su-festa-del-llibre\/#primaryimage"},"thumbnailUrl":"https:\/\/www.copealcoy.es\/wp-content\/uploads\/2018\/04\/15-Presentaci\u00f3n-de-la-XXIII-Festa-del-llibre-Foto-Ajuntament-de-Muro.jpg","datePublished":"2018-04-28T10:58:12+00:00","dateModified":"2018-04-28T11:44:53+00:00","author":{"@id":"https:\/\/www.copealcoy.es\/es\/#\/schema\/person\/e777c87fa024e57d40170af9df39882c"},"breadcrumb":{"@id":"https:\/\/www.copealcoy.es\/es\/muro-presenta-la-xxiii-edicion-de-su-festa-del-llibre\/#breadcrumb"},"inLanguage":"es","potentialAction":[{"@type":"ReadAction","target":["https:\/\/www.copealcoy.es\/es\/muro-presenta-la-xxiii-edicion-de-su-festa-del-llibre\/"]}]},{"@type":"ImageObject","inLanguage":"es","@id":"https:\/\/www.copealcoy.es\/es\/muro-presenta-la-xxiii-edicion-de-su-festa-del-llibre\/#primaryimage","url":"https:\/\/www.copealcoy.es\/wp-content\/uploads\/2018\/04\/15-Presentaci\u00f3n-de-la-XXIII-Festa-del-llibre-Foto-Ajuntament-de-Muro.jpg","contentUrl":"https:\/\/www.copealcoy.es\/wp-content\/uploads\/2018\/04\/15-Presentaci\u00f3n-de-la-XXIII-Festa-del-llibre-Foto-Ajuntament-de-Muro.jpg","width":1600,"height":900},{"@type":"BreadcrumbList","@id":"https:\/\/www.copealcoy.es\/es\/muro-presenta-la-xxiii-edicion-de-su-festa-del-llibre\/#breadcrumb","itemListElement":[{"@type":"ListItem","position":1,"name":"Portada","item":"https:\/\/www.copealcoy.es\/es\/"},{"@type":"ListItem","position":2,"name":"Muro presenta la XXIII edici\u00f3n de su Festa del Llibre"}]},{"@type":"WebSite","@id":"https:\/\/www.copealcoy.es\/es\/#website","url":"https:\/\/www.copealcoy.es\/es\/","name":"COPE Alcoy","description":"Emisora COPE de radio local con emisi\u00f3n online. Pont de Sant Jordi 8-10 03803 Alcoy","potentialAction":[{"@type":"SearchAction","target":{"@type":"EntryPoint","urlTemplate":"https:\/\/www.copealcoy.es\/es\/?s={search_term_string}"},"query-input":{"@type":"PropertyValueSpecification","valueRequired":true,"valueName":"search_term_string"}}],"inLanguage":"es"},{"@type":"Person","@id":"https:\/\/www.copealcoy.es\/es\/#\/schema\/person\/e777c87fa024e57d40170af9df39882c","name":"Cope Alcoy","image":{"@type":"ImageObject","inLanguage":"es","@id":"https:\/\/secure.gravatar.com\/avatar\/bb65d0283347e303893ba14f0692005417c1e0e690a325a4c5d8bb2b3943ee14?s=96&d=mm&r=g","url":"https:\/\/secure.gravatar.com\/avatar\/bb65d0283347e303893ba14f0692005417c1e0e690a325a4c5d8bb2b3943ee14?s=96&d=mm&r=g","contentUrl":"https:\/\/secure.gravatar.com\/avatar\/bb65d0283347e303893ba14f0692005417c1e0e690a325a4c5d8bb2b3943ee14?s=96&d=mm&r=g","caption":"Cope Alcoy"}}]}},"_links":{"self":[{"href":"https:\/\/www.copealcoy.es\/es\/wp-json\/wp\/v2\/posts\/41689","targetHints":{"allow":["GET"]}}],"collection":[{"href":"https:\/\/www.copealcoy.es\/es\/wp-json\/wp\/v2\/posts"}],"about":[{"href":"https:\/\/www.copealcoy.es\/es\/wp-json\/wp\/v2\/types\/post"}],"author":[{"embeddable":true,"href":"https:\/\/www.copealcoy.es\/es\/wp-json\/wp\/v2\/users\/1"}],"replies":[{"embeddable":true,"href":"https:\/\/www.copealcoy.es\/es\/wp-json\/wp\/v2\/comments?post=41689"}],"version-history":[{"count":0,"href":"https:\/\/www.copealcoy.es\/es\/wp-json\/wp\/v2\/posts\/41689\/revisions"}],"wp:featuredmedia":[{"embeddable":true,"href":"https:\/\/www.copealcoy.es\/es\/wp-json\/wp\/v2\/media\/41690"}],"wp:attachment":[{"href":"https:\/\/www.copealcoy.es\/es\/wp-json\/wp\/v2\/media?parent=41689"}],"wp:term":[{"taxonomy":"category","embeddable":true,"href":"https:\/\/www.copealcoy.es\/es\/wp-json\/wp\/v2\/categories?post=41689"},{"taxonomy":"post_tag","embeddable":true,"href":"https:\/\/www.copealcoy.es\/es\/wp-json\/wp\/v2\/tags?post=41689"}],"curies":[{"name":"wp","href":"https:\/\/api.w.org\/{rel}","templated":true}]}}