{"id":41505,"date":"2018-04-20T17:14:34","date_gmt":"2018-04-20T17:14:34","guid":{"rendered":"http:\/\/copealcoi.es\/new\/?p=41505"},"modified":"2018-04-20T17:18:59","modified_gmt":"2018-04-20T17:18:59","slug":"firmado-el-convenio-para-estas-fiestas-entre-la-asociacion-de-san-jorge-y-el-ayuntamiento","status":"publish","type":"post","link":"https:\/\/www.copealcoy.es\/es\/firmado-el-convenio-para-estas-fiestas-entre-la-asociacion-de-san-jorge-y-el-ayuntamiento\/","title":{"rendered":"Firmado el convenio para estas fiestas entre la Asociaci\u00f3n de San Jorge y el Ayuntamiento"},"content":{"rendered":"<p style=\"text-align: justify;\">La <strong>Asociaci\u00f3n de San Jorge y el Ayuntamiento de Alcoy<\/strong> firmaron el mi\u00e9rcoles el convenio para <strong>la organizaci\u00f3n <\/strong>de las Fiestas de Moros y Cristianos de este 2018. Fueron el Presidente del Casal, <strong>Juan Jos\u00e9 Olcina<\/strong>, y el alcalde, <strong>Antonio Franc\u00e9s<\/strong>; los que rubricaron este acuerdo.<\/p>\n<p style=\"text-align: justify;\">El expediente <strong>tiene m\u00e1s de 300 p\u00e1ginas<\/strong> y en las mismas se pueden encontrar\u00a0<strong>los planos de las tribunas y sillas<\/strong> para las pr\u00f3ximas fiestas as\u00ed como <strong>los planos de evacuaci\u00f3n y los seguros<\/strong> de todos los elementos de la v\u00eda p\u00fablica. Al mismo tiempo se incluye <strong>la memoria de actividades 2017 de la misma Asociaci\u00f3n de San Jorge<\/strong>\u00a0y <strong>la propuesta de actividades para el 2018<\/strong> junto al <strong>balance de cuentas de 2017<\/strong> y el <strong>presupuesto<\/strong> para este a\u00f1o realizado por la Asociaci\u00f3n.<\/p>\n<p style=\"text-align: justify;\">Finalmente se incluye <strong>el convenio firmado.\u00a0<\/strong>La cuant\u00eda econ\u00f3mica municipal que el Ayuntamiento destina a este convenio para la organizaci\u00f3n de las fiestas en esta ocasi\u00f3n<strong> es de 130.000 euros<\/strong>, 4.500 euros m\u00e1s que los aportados en 2017.<\/p>\n","protected":false},"excerpt":{"rendered":"<p>La Asociaci\u00f3n de San Jorge y el Ayuntamiento de Alcoy firmaron el mi\u00e9rcoles el convenio para la organizaci\u00f3n de las&#8230;<\/p>\n","protected":false},"author":1,"featured_media":41506,"comment_status":"open","ping_status":"open","sticky":false,"template":"","format":"standard","meta":{"footnotes":""},"categories":[97,78,75],"tags":[1494,1468,229,590,565],"class_list":["post-41505","post","type-post","status-publish","format-standard","has-post-thumbnail","hentry","category-alcoy","category-fiestaycultura","category-noticias","tag-alcoy","tag-asociacion-san-jorge","tag-ayuntamiento","tag-convenio","tag-fiestas"],"yoast_head":"<!-- This site is optimized with the Yoast SEO plugin v27.3 - https:\/\/yoast.com\/product\/yoast-seo-wordpress\/ -->\n<title>Firmado el convenio para estas fiestas entre la Asociaci\u00f3n de San Jorge y el Ayuntamiento - COPE Alcoy<\/title>\n<meta name=\"robots\" content=\"index, follow, max-snippet:-1, max-image-preview:large, max-video-preview:-1\" \/>\n<link rel=\"canonical\" href=\"https:\/\/www.copealcoy.es\/es\/firmado-el-convenio-para-estas-fiestas-entre-la-asociacion-de-san-jorge-y-el-ayuntamiento\/\" \/>\n<meta property=\"og:locale\" content=\"es_ES\" \/>\n<meta property=\"og:type\" content=\"article\" \/>\n<meta property=\"og:title\" content=\"Firmado el convenio para estas fiestas entre la Asociaci\u00f3n de San Jorge y el Ayuntamiento - COPE Alcoy\" \/>\n<meta property=\"og:description\" content=\"La Asociaci\u00f3n de San Jorge y el Ayuntamiento de Alcoy firmaron el mi\u00e9rcoles el convenio para la organizaci\u00f3n de las...\" \/>\n<meta property=\"og:url\" content=\"https:\/\/www.copealcoy.es\/es\/firmado-el-convenio-para-estas-fiestas-entre-la-asociacion-de-san-jorge-y-el-ayuntamiento\/\" \/>\n<meta property=\"og:site_name\" content=\"COPE Alcoy\" \/>\n<meta property=\"article:published_time\" content=\"2018-04-20T17:14:34+00:00\" \/>\n<meta property=\"article:modified_time\" content=\"2018-04-20T17:18:59+00:00\" \/>\n<meta property=\"og:image\" content=\"https:\/\/www.copealcoy.es\/wp-content\/uploads\/2018\/04\/convenio_ajuntament_asj_20180419045237.jpg\" \/>\n\t<meta property=\"og:image:width\" content=\"1024\" \/>\n\t<meta property=\"og:image:height\" content=\"683\" \/>\n\t<meta property=\"og:image:type\" content=\"image\/jpeg\" \/>\n<meta name=\"author\" content=\"Cope Alcoy\" \/>\n<meta name=\"twitter:label1\" content=\"Escrito por\" \/>\n\t<meta name=\"twitter:data1\" content=\"Cope Alcoy\" \/>\n\t<meta name=\"twitter:label2\" content=\"Tiempo de lectura\" \/>\n\t<meta name=\"twitter:data2\" content=\"1 minuto\" \/>\n<script type=\"application\/ld+json\" class=\"yoast-schema-graph\">{\"@context\":\"https:\\\/\\\/schema.org\",\"@graph\":[{\"@type\":\"Article\",\"@id\":\"https:\\\/\\\/www.copealcoy.es\\\/es\\\/firmado-el-convenio-para-estas-fiestas-entre-la-asociacion-de-san-jorge-y-el-ayuntamiento\\\/#article\",\"isPartOf\":{\"@id\":\"https:\\\/\\\/www.copealcoy.es\\\/es\\\/firmado-el-convenio-para-estas-fiestas-entre-la-asociacion-de-san-jorge-y-el-ayuntamiento\\\/\"},\"author\":{\"name\":\"Cope Alcoy\",\"@id\":\"https:\\\/\\\/www.copealcoy.es\\\/es\\\/#\\\/schema\\\/person\\\/e777c87fa024e57d40170af9df39882c\"},\"headline\":\"Firmado el convenio para estas fiestas entre la Asociaci\u00f3n de San Jorge y el Ayuntamiento\",\"datePublished\":\"2018-04-20T17:14:34+00:00\",\"dateModified\":\"2018-04-20T17:18:59+00:00\",\"mainEntityOfPage\":{\"@id\":\"https:\\\/\\\/www.copealcoy.es\\\/es\\\/firmado-el-convenio-para-estas-fiestas-entre-la-asociacion-de-san-jorge-y-el-ayuntamiento\\\/\"},\"wordCount\":194,\"commentCount\":0,\"image\":{\"@id\":\"https:\\\/\\\/www.copealcoy.es\\\/es\\\/firmado-el-convenio-para-estas-fiestas-entre-la-asociacion-de-san-jorge-y-el-ayuntamiento\\\/#primaryimage\"},\"thumbnailUrl\":\"https:\\\/\\\/www.copealcoy.es\\\/wp-content\\\/uploads\\\/2018\\\/04\\\/convenio_ajuntament_asj_20180419045237.jpg\",\"keywords\":[\"Alcoy\",\"Asociaci\u00f3n San Jorge\",\"Ayuntamiento\",\"Convenio\",\"Fiestas\"],\"articleSection\":[\"Alcoy\",\"Fiesta y Cultura\",\"Noticias\"],\"inLanguage\":\"es\"},{\"@type\":\"WebPage\",\"@id\":\"https:\\\/\\\/www.copealcoy.es\\\/es\\\/firmado-el-convenio-para-estas-fiestas-entre-la-asociacion-de-san-jorge-y-el-ayuntamiento\\\/\",\"url\":\"https:\\\/\\\/www.copealcoy.es\\\/es\\\/firmado-el-convenio-para-estas-fiestas-entre-la-asociacion-de-san-jorge-y-el-ayuntamiento\\\/\",\"name\":\"Firmado el convenio para estas fiestas entre la Asociaci\u00f3n de San Jorge y el Ayuntamiento - COPE Alcoy\",\"isPartOf\":{\"@id\":\"https:\\\/\\\/www.copealcoy.es\\\/es\\\/#website\"},\"primaryImageOfPage\":{\"@id\":\"https:\\\/\\\/www.copealcoy.es\\\/es\\\/firmado-el-convenio-para-estas-fiestas-entre-la-asociacion-de-san-jorge-y-el-ayuntamiento\\\/#primaryimage\"},\"image\":{\"@id\":\"https:\\\/\\\/www.copealcoy.es\\\/es\\\/firmado-el-convenio-para-estas-fiestas-entre-la-asociacion-de-san-jorge-y-el-ayuntamiento\\\/#primaryimage\"},\"thumbnailUrl\":\"https:\\\/\\\/www.copealcoy.es\\\/wp-content\\\/uploads\\\/2018\\\/04\\\/convenio_ajuntament_asj_20180419045237.jpg\",\"datePublished\":\"2018-04-20T17:14:34+00:00\",\"dateModified\":\"2018-04-20T17:18:59+00:00\",\"author\":{\"@id\":\"https:\\\/\\\/www.copealcoy.es\\\/es\\\/#\\\/schema\\\/person\\\/e777c87fa024e57d40170af9df39882c\"},\"breadcrumb\":{\"@id\":\"https:\\\/\\\/www.copealcoy.es\\\/es\\\/firmado-el-convenio-para-estas-fiestas-entre-la-asociacion-de-san-jorge-y-el-ayuntamiento\\\/#breadcrumb\"},\"inLanguage\":\"es\",\"potentialAction\":[{\"@type\":\"ReadAction\",\"target\":[\"https:\\\/\\\/www.copealcoy.es\\\/es\\\/firmado-el-convenio-para-estas-fiestas-entre-la-asociacion-de-san-jorge-y-el-ayuntamiento\\\/\"]}]},{\"@type\":\"ImageObject\",\"inLanguage\":\"es\",\"@id\":\"https:\\\/\\\/www.copealcoy.es\\\/es\\\/firmado-el-convenio-para-estas-fiestas-entre-la-asociacion-de-san-jorge-y-el-ayuntamiento\\\/#primaryimage\",\"url\":\"https:\\\/\\\/www.copealcoy.es\\\/wp-content\\\/uploads\\\/2018\\\/04\\\/convenio_ajuntament_asj_20180419045237.jpg\",\"contentUrl\":\"https:\\\/\\\/www.copealcoy.es\\\/wp-content\\\/uploads\\\/2018\\\/04\\\/convenio_ajuntament_asj_20180419045237.jpg\",\"width\":1024,\"height\":683},{\"@type\":\"BreadcrumbList\",\"@id\":\"https:\\\/\\\/www.copealcoy.es\\\/es\\\/firmado-el-convenio-para-estas-fiestas-entre-la-asociacion-de-san-jorge-y-el-ayuntamiento\\\/#breadcrumb\",\"itemListElement\":[{\"@type\":\"ListItem\",\"position\":1,\"name\":\"Portada\",\"item\":\"https:\\\/\\\/www.copealcoy.es\\\/es\\\/\"},{\"@type\":\"ListItem\",\"position\":2,\"name\":\"Firmado el convenio para estas fiestas entre la Asociaci\u00f3n de San Jorge y el Ayuntamiento\"}]},{\"@type\":\"WebSite\",\"@id\":\"https:\\\/\\\/www.copealcoy.es\\\/es\\\/#website\",\"url\":\"https:\\\/\\\/www.copealcoy.es\\\/es\\\/\",\"name\":\"COPE Alcoy\",\"description\":\"Emisora COPE de radio local con emisi\u00f3n online. Pont de Sant Jordi 8-10 03803 Alcoy\",\"potentialAction\":[{\"@type\":\"SearchAction\",\"target\":{\"@type\":\"EntryPoint\",\"urlTemplate\":\"https:\\\/\\\/www.copealcoy.es\\\/es\\\/?s={search_term_string}\"},\"query-input\":{\"@type\":\"PropertyValueSpecification\",\"valueRequired\":true,\"valueName\":\"search_term_string\"}}],\"inLanguage\":\"es\"},{\"@type\":\"Person\",\"@id\":\"https:\\\/\\\/www.copealcoy.es\\\/es\\\/#\\\/schema\\\/person\\\/e777c87fa024e57d40170af9df39882c\",\"name\":\"Cope Alcoy\",\"image\":{\"@type\":\"ImageObject\",\"inLanguage\":\"es\",\"@id\":\"https:\\\/\\\/secure.gravatar.com\\\/avatar\\\/bb65d0283347e303893ba14f0692005417c1e0e690a325a4c5d8bb2b3943ee14?s=96&d=mm&r=g\",\"url\":\"https:\\\/\\\/secure.gravatar.com\\\/avatar\\\/bb65d0283347e303893ba14f0692005417c1e0e690a325a4c5d8bb2b3943ee14?s=96&d=mm&r=g\",\"contentUrl\":\"https:\\\/\\\/secure.gravatar.com\\\/avatar\\\/bb65d0283347e303893ba14f0692005417c1e0e690a325a4c5d8bb2b3943ee14?s=96&d=mm&r=g\",\"caption\":\"Cope Alcoy\"}}]}<\/script>\n<!-- \/ Yoast SEO plugin. -->","yoast_head_json":{"title":"Firmado el convenio para estas fiestas entre la Asociaci\u00f3n de San Jorge y el Ayuntamiento - COPE Alcoy","robots":{"index":"index","follow":"follow","max-snippet":"max-snippet:-1","max-image-preview":"max-image-preview:large","max-video-preview":"max-video-preview:-1"},"canonical":"https:\/\/www.copealcoy.es\/es\/firmado-el-convenio-para-estas-fiestas-entre-la-asociacion-de-san-jorge-y-el-ayuntamiento\/","og_locale":"es_ES","og_type":"article","og_title":"Firmado el convenio para estas fiestas entre la Asociaci\u00f3n de San Jorge y el Ayuntamiento - COPE Alcoy","og_description":"La Asociaci\u00f3n de San Jorge y el Ayuntamiento de Alcoy firmaron el mi\u00e9rcoles el convenio para la organizaci\u00f3n de las...","og_url":"https:\/\/www.copealcoy.es\/es\/firmado-el-convenio-para-estas-fiestas-entre-la-asociacion-de-san-jorge-y-el-ayuntamiento\/","og_site_name":"COPE Alcoy","article_published_time":"2018-04-20T17:14:34+00:00","article_modified_time":"2018-04-20T17:18:59+00:00","og_image":[{"width":1024,"height":683,"url":"https:\/\/www.copealcoy.es\/wp-content\/uploads\/2018\/04\/convenio_ajuntament_asj_20180419045237.jpg","type":"image\/jpeg"}],"author":"Cope Alcoy","twitter_misc":{"Escrito por":"Cope Alcoy","Tiempo de lectura":"1 minuto"},"schema":{"@context":"https:\/\/schema.org","@graph":[{"@type":"Article","@id":"https:\/\/www.copealcoy.es\/es\/firmado-el-convenio-para-estas-fiestas-entre-la-asociacion-de-san-jorge-y-el-ayuntamiento\/#article","isPartOf":{"@id":"https:\/\/www.copealcoy.es\/es\/firmado-el-convenio-para-estas-fiestas-entre-la-asociacion-de-san-jorge-y-el-ayuntamiento\/"},"author":{"name":"Cope Alcoy","@id":"https:\/\/www.copealcoy.es\/es\/#\/schema\/person\/e777c87fa024e57d40170af9df39882c"},"headline":"Firmado el convenio para estas fiestas entre la Asociaci\u00f3n de San Jorge y el Ayuntamiento","datePublished":"2018-04-20T17:14:34+00:00","dateModified":"2018-04-20T17:18:59+00:00","mainEntityOfPage":{"@id":"https:\/\/www.copealcoy.es\/es\/firmado-el-convenio-para-estas-fiestas-entre-la-asociacion-de-san-jorge-y-el-ayuntamiento\/"},"wordCount":194,"commentCount":0,"image":{"@id":"https:\/\/www.copealcoy.es\/es\/firmado-el-convenio-para-estas-fiestas-entre-la-asociacion-de-san-jorge-y-el-ayuntamiento\/#primaryimage"},"thumbnailUrl":"https:\/\/www.copealcoy.es\/wp-content\/uploads\/2018\/04\/convenio_ajuntament_asj_20180419045237.jpg","keywords":["Alcoy","Asociaci\u00f3n San Jorge","Ayuntamiento","Convenio","Fiestas"],"articleSection":["Alcoy","Fiesta y Cultura","Noticias"],"inLanguage":"es"},{"@type":"WebPage","@id":"https:\/\/www.copealcoy.es\/es\/firmado-el-convenio-para-estas-fiestas-entre-la-asociacion-de-san-jorge-y-el-ayuntamiento\/","url":"https:\/\/www.copealcoy.es\/es\/firmado-el-convenio-para-estas-fiestas-entre-la-asociacion-de-san-jorge-y-el-ayuntamiento\/","name":"Firmado el convenio para estas fiestas entre la Asociaci\u00f3n de San Jorge y el Ayuntamiento - COPE Alcoy","isPartOf":{"@id":"https:\/\/www.copealcoy.es\/es\/#website"},"primaryImageOfPage":{"@id":"https:\/\/www.copealcoy.es\/es\/firmado-el-convenio-para-estas-fiestas-entre-la-asociacion-de-san-jorge-y-el-ayuntamiento\/#primaryimage"},"image":{"@id":"https:\/\/www.copealcoy.es\/es\/firmado-el-convenio-para-estas-fiestas-entre-la-asociacion-de-san-jorge-y-el-ayuntamiento\/#primaryimage"},"thumbnailUrl":"https:\/\/www.copealcoy.es\/wp-content\/uploads\/2018\/04\/convenio_ajuntament_asj_20180419045237.jpg","datePublished":"2018-04-20T17:14:34+00:00","dateModified":"2018-04-20T17:18:59+00:00","author":{"@id":"https:\/\/www.copealcoy.es\/es\/#\/schema\/person\/e777c87fa024e57d40170af9df39882c"},"breadcrumb":{"@id":"https:\/\/www.copealcoy.es\/es\/firmado-el-convenio-para-estas-fiestas-entre-la-asociacion-de-san-jorge-y-el-ayuntamiento\/#breadcrumb"},"inLanguage":"es","potentialAction":[{"@type":"ReadAction","target":["https:\/\/www.copealcoy.es\/es\/firmado-el-convenio-para-estas-fiestas-entre-la-asociacion-de-san-jorge-y-el-ayuntamiento\/"]}]},{"@type":"ImageObject","inLanguage":"es","@id":"https:\/\/www.copealcoy.es\/es\/firmado-el-convenio-para-estas-fiestas-entre-la-asociacion-de-san-jorge-y-el-ayuntamiento\/#primaryimage","url":"https:\/\/www.copealcoy.es\/wp-content\/uploads\/2018\/04\/convenio_ajuntament_asj_20180419045237.jpg","contentUrl":"https:\/\/www.copealcoy.es\/wp-content\/uploads\/2018\/04\/convenio_ajuntament_asj_20180419045237.jpg","width":1024,"height":683},{"@type":"BreadcrumbList","@id":"https:\/\/www.copealcoy.es\/es\/firmado-el-convenio-para-estas-fiestas-entre-la-asociacion-de-san-jorge-y-el-ayuntamiento\/#breadcrumb","itemListElement":[{"@type":"ListItem","position":1,"name":"Portada","item":"https:\/\/www.copealcoy.es\/es\/"},{"@type":"ListItem","position":2,"name":"Firmado el convenio para estas fiestas entre la Asociaci\u00f3n de San Jorge y el Ayuntamiento"}]},{"@type":"WebSite","@id":"https:\/\/www.copealcoy.es\/es\/#website","url":"https:\/\/www.copealcoy.es\/es\/","name":"COPE Alcoy","description":"Emisora COPE de radio local con emisi\u00f3n online. Pont de Sant Jordi 8-10 03803 Alcoy","potentialAction":[{"@type":"SearchAction","target":{"@type":"EntryPoint","urlTemplate":"https:\/\/www.copealcoy.es\/es\/?s={search_term_string}"},"query-input":{"@type":"PropertyValueSpecification","valueRequired":true,"valueName":"search_term_string"}}],"inLanguage":"es"},{"@type":"Person","@id":"https:\/\/www.copealcoy.es\/es\/#\/schema\/person\/e777c87fa024e57d40170af9df39882c","name":"Cope Alcoy","image":{"@type":"ImageObject","inLanguage":"es","@id":"https:\/\/secure.gravatar.com\/avatar\/bb65d0283347e303893ba14f0692005417c1e0e690a325a4c5d8bb2b3943ee14?s=96&d=mm&r=g","url":"https:\/\/secure.gravatar.com\/avatar\/bb65d0283347e303893ba14f0692005417c1e0e690a325a4c5d8bb2b3943ee14?s=96&d=mm&r=g","contentUrl":"https:\/\/secure.gravatar.com\/avatar\/bb65d0283347e303893ba14f0692005417c1e0e690a325a4c5d8bb2b3943ee14?s=96&d=mm&r=g","caption":"Cope Alcoy"}}]}},"_links":{"self":[{"href":"https:\/\/www.copealcoy.es\/es\/wp-json\/wp\/v2\/posts\/41505","targetHints":{"allow":["GET"]}}],"collection":[{"href":"https:\/\/www.copealcoy.es\/es\/wp-json\/wp\/v2\/posts"}],"about":[{"href":"https:\/\/www.copealcoy.es\/es\/wp-json\/wp\/v2\/types\/post"}],"author":[{"embeddable":true,"href":"https:\/\/www.copealcoy.es\/es\/wp-json\/wp\/v2\/users\/1"}],"replies":[{"embeddable":true,"href":"https:\/\/www.copealcoy.es\/es\/wp-json\/wp\/v2\/comments?post=41505"}],"version-history":[{"count":0,"href":"https:\/\/www.copealcoy.es\/es\/wp-json\/wp\/v2\/posts\/41505\/revisions"}],"wp:featuredmedia":[{"embeddable":true,"href":"https:\/\/www.copealcoy.es\/es\/wp-json\/wp\/v2\/media\/41506"}],"wp:attachment":[{"href":"https:\/\/www.copealcoy.es\/es\/wp-json\/wp\/v2\/media?parent=41505"}],"wp:term":[{"taxonomy":"category","embeddable":true,"href":"https:\/\/www.copealcoy.es\/es\/wp-json\/wp\/v2\/categories?post=41505"},{"taxonomy":"post_tag","embeddable":true,"href":"https:\/\/www.copealcoy.es\/es\/wp-json\/wp\/v2\/tags?post=41505"}],"curies":[{"name":"wp","href":"https:\/\/api.w.org\/{rel}","templated":true}]}}