{"id":41370,"date":"2018-04-17T21:35:57","date_gmt":"2018-04-17T21:35:57","guid":{"rendered":"http:\/\/copealcoi.es\/new\/?p=41370"},"modified":"2018-04-17T21:39:14","modified_gmt":"2018-04-17T21:39:14","slug":"sant-jordi-el-xicotet-abre-paso-a-la-festa","status":"publish","type":"post","link":"https:\/\/www.copealcoy.es\/es\/sant-jordi-el-xicotet-abre-paso-a-la-festa\/","title":{"rendered":"Sant Jordi &#8216;El Xicotet&#8217; abre paso a la Festa"},"content":{"rendered":"<p style=\"text-align: justify;\">Alcoy <strong>ya tiene m\u00e1s cerca sus Fiestas de Moros y Cristianos<\/strong> despu\u00e9s de que en la tarde de este martes 17 de abril <strong>haya tenido lugar la esperada procesi\u00f3n del traslado<\/strong> de la imagen de San Jorge &#8216;El Xicotet&#8217;.<\/p>\n<p style=\"text-align: justify;\">El acto ha dado inicio <strong>pasadas las ocho de la tarde<\/strong> desde la iglesia del patr\u00f3n y en el mismo han participado g<strong>ran cantidad de festeros<\/strong> de las Filaes de ambos bandos portando cirios. A continuaci\u00f3n ha tomado parte en la comitiva el Sant Jordiet de 2018, <strong>Juanjo Valls Fuster<\/strong>, llevando en su mano <strong>la bandera<\/strong> que le identifica en esta responsabilidad as\u00ed como <strong>los cuatro cargos festeros<\/strong> con la ilusi\u00f3n en el rostro ante la inminente llegada de los festejos. Los aplausos y v\u00edtores se han sentido con fuerza <strong>al paso de San Jorge&#8217;El Xicotet&#8217;<\/strong> por las calles Santo Tom\u00e1s, l\u2019Escola, Moss\u00e8n Torregrosa, Sant Francesc, placeta de la Creu Roja, Plaza Ram\u00f3n y Cajal, San Nicol\u00e1s, Plaza de Espa\u00f1a y Mayor. Por \u00faltimo <strong>han recorrido este trayecto<\/strong> los componente de<strong> la Asamblea General de la Asociaci\u00f3n de San Jorge<\/strong> encabezada por su presidente, <strong>Juan Jos\u00e9 Olcina<\/strong>, y la Corporaci\u00f3n Municipal con el alcalde; <strong>Antonio Franc\u00e9s<\/strong>, al frente.<\/p>\n<p style=\"text-align: justify;\">La procesi\u00f3n del traslado ha finalizado en la iglesia de Santa Mar\u00eda con <strong>la entrada de San Jorge en el interior del templo<\/strong> mientras sonaban con fuerza las campanas. Seguidamente &#8216;El Xicotet&#8217; ha sido colocado<strong> en un lugar de honor<\/strong> en el altar para presidir <strong>el Solemne Triduo<\/strong> que dar\u00e1 inicio este mi\u00e9rcoles 18 de abril a partir de las 20:15h. El mismo contar\u00e1 este a\u00f1o con la predicaci\u00f3n de<strong> Don Jorge Mir\u00f3<\/strong>, Can\u00f3nigo de la Catedral de Valencia.<\/p>\n","protected":false},"excerpt":{"rendered":"<p>Alcoy ya tiene m\u00e1s cerca sus Fiestas de Moros y Cristianos despu\u00e9s de que en la tarde de este martes&#8230;<\/p>\n","protected":false},"author":1,"featured_media":41371,"comment_status":"open","ping_status":"open","sticky":false,"template":"","format":"standard","meta":{"footnotes":""},"categories":[97,78,75,125],"tags":[1494,733,930,2142],"class_list":["post-41370","post","type-post","status-publish","format-standard","has-post-thumbnail","hentry","category-alcoy","category-fiestaycultura","category-noticias","category-portada","tag-alcoy","tag-festa","tag-sant-jordi","tag-xicotet"],"yoast_head":"<!-- This site is optimized with the Yoast SEO plugin v27.3 - https:\/\/yoast.com\/product\/yoast-seo-wordpress\/ -->\n<title>Sant Jordi &#039;El Xicotet&#039; abre paso a la Festa - COPE Alcoy<\/title>\n<meta name=\"robots\" content=\"index, follow, max-snippet:-1, max-image-preview:large, max-video-preview:-1\" \/>\n<link rel=\"canonical\" href=\"https:\/\/www.copealcoy.es\/es\/sant-jordi-el-xicotet-abre-paso-a-la-festa\/\" \/>\n<meta property=\"og:locale\" content=\"es_ES\" \/>\n<meta property=\"og:type\" content=\"article\" \/>\n<meta property=\"og:title\" content=\"Sant Jordi &#039;El Xicotet&#039; abre paso a la Festa - COPE Alcoy\" \/>\n<meta property=\"og:description\" content=\"Alcoy ya tiene m\u00e1s cerca sus Fiestas de Moros y Cristianos despu\u00e9s de que en la tarde de este martes...\" \/>\n<meta property=\"og:url\" content=\"https:\/\/www.copealcoy.es\/es\/sant-jordi-el-xicotet-abre-paso-a-la-festa\/\" \/>\n<meta property=\"og:site_name\" content=\"COPE Alcoy\" \/>\n<meta property=\"article:published_time\" content=\"2018-04-17T21:35:57+00:00\" \/>\n<meta property=\"article:modified_time\" content=\"2018-04-17T21:39:14+00:00\" \/>\n<meta property=\"og:image\" content=\"https:\/\/www.copealcoy.es\/wp-content\/uploads\/2018\/04\/30704010_1320055058137976_6012137822721409024_n.jpg\" \/>\n\t<meta property=\"og:image:width\" content=\"960\" \/>\n\t<meta property=\"og:image:height\" content=\"600\" \/>\n\t<meta property=\"og:image:type\" content=\"image\/jpeg\" \/>\n<meta name=\"author\" content=\"Cope Alcoy\" \/>\n<meta name=\"twitter:label1\" content=\"Escrito por\" \/>\n\t<meta name=\"twitter:data1\" content=\"Cope Alcoy\" \/>\n\t<meta name=\"twitter:label2\" content=\"Tiempo de lectura\" \/>\n\t<meta name=\"twitter:data2\" content=\"1 minuto\" \/>\n<script type=\"application\/ld+json\" class=\"yoast-schema-graph\">{\"@context\":\"https:\\\/\\\/schema.org\",\"@graph\":[{\"@type\":\"Article\",\"@id\":\"https:\\\/\\\/www.copealcoy.es\\\/es\\\/sant-jordi-el-xicotet-abre-paso-a-la-festa\\\/#article\",\"isPartOf\":{\"@id\":\"https:\\\/\\\/www.copealcoy.es\\\/es\\\/sant-jordi-el-xicotet-abre-paso-a-la-festa\\\/\"},\"author\":{\"name\":\"Cope Alcoy\",\"@id\":\"https:\\\/\\\/www.copealcoy.es\\\/es\\\/#\\\/schema\\\/person\\\/e777c87fa024e57d40170af9df39882c\"},\"headline\":\"Sant Jordi &#8216;El Xicotet&#8217; abre paso a la Festa\",\"datePublished\":\"2018-04-17T21:35:57+00:00\",\"dateModified\":\"2018-04-17T21:39:14+00:00\",\"mainEntityOfPage\":{\"@id\":\"https:\\\/\\\/www.copealcoy.es\\\/es\\\/sant-jordi-el-xicotet-abre-paso-a-la-festa\\\/\"},\"wordCount\":305,\"commentCount\":0,\"image\":{\"@id\":\"https:\\\/\\\/www.copealcoy.es\\\/es\\\/sant-jordi-el-xicotet-abre-paso-a-la-festa\\\/#primaryimage\"},\"thumbnailUrl\":\"https:\\\/\\\/www.copealcoy.es\\\/wp-content\\\/uploads\\\/2018\\\/04\\\/30704010_1320055058137976_6012137822721409024_n.jpg\",\"keywords\":[\"Alcoy\",\"Festa\",\"Sant Jordi\",\"Xicotet\"],\"articleSection\":[\"Alcoy\",\"Fiesta y Cultura\",\"Noticias\",\"Portada\"],\"inLanguage\":\"es\"},{\"@type\":\"WebPage\",\"@id\":\"https:\\\/\\\/www.copealcoy.es\\\/es\\\/sant-jordi-el-xicotet-abre-paso-a-la-festa\\\/\",\"url\":\"https:\\\/\\\/www.copealcoy.es\\\/es\\\/sant-jordi-el-xicotet-abre-paso-a-la-festa\\\/\",\"name\":\"Sant Jordi 'El Xicotet' abre paso a la Festa - COPE Alcoy\",\"isPartOf\":{\"@id\":\"https:\\\/\\\/www.copealcoy.es\\\/es\\\/#website\"},\"primaryImageOfPage\":{\"@id\":\"https:\\\/\\\/www.copealcoy.es\\\/es\\\/sant-jordi-el-xicotet-abre-paso-a-la-festa\\\/#primaryimage\"},\"image\":{\"@id\":\"https:\\\/\\\/www.copealcoy.es\\\/es\\\/sant-jordi-el-xicotet-abre-paso-a-la-festa\\\/#primaryimage\"},\"thumbnailUrl\":\"https:\\\/\\\/www.copealcoy.es\\\/wp-content\\\/uploads\\\/2018\\\/04\\\/30704010_1320055058137976_6012137822721409024_n.jpg\",\"datePublished\":\"2018-04-17T21:35:57+00:00\",\"dateModified\":\"2018-04-17T21:39:14+00:00\",\"author\":{\"@id\":\"https:\\\/\\\/www.copealcoy.es\\\/es\\\/#\\\/schema\\\/person\\\/e777c87fa024e57d40170af9df39882c\"},\"breadcrumb\":{\"@id\":\"https:\\\/\\\/www.copealcoy.es\\\/es\\\/sant-jordi-el-xicotet-abre-paso-a-la-festa\\\/#breadcrumb\"},\"inLanguage\":\"es\",\"potentialAction\":[{\"@type\":\"ReadAction\",\"target\":[\"https:\\\/\\\/www.copealcoy.es\\\/es\\\/sant-jordi-el-xicotet-abre-paso-a-la-festa\\\/\"]}]},{\"@type\":\"ImageObject\",\"inLanguage\":\"es\",\"@id\":\"https:\\\/\\\/www.copealcoy.es\\\/es\\\/sant-jordi-el-xicotet-abre-paso-a-la-festa\\\/#primaryimage\",\"url\":\"https:\\\/\\\/www.copealcoy.es\\\/wp-content\\\/uploads\\\/2018\\\/04\\\/30704010_1320055058137976_6012137822721409024_n.jpg\",\"contentUrl\":\"https:\\\/\\\/www.copealcoy.es\\\/wp-content\\\/uploads\\\/2018\\\/04\\\/30704010_1320055058137976_6012137822721409024_n.jpg\",\"width\":960,\"height\":600,\"caption\":\"La imagen de San Jorge 'El Xicotet' ha recorrido las calles de la ciudad \\\/ Foto: N. \u00dabeda\"},{\"@type\":\"BreadcrumbList\",\"@id\":\"https:\\\/\\\/www.copealcoy.es\\\/es\\\/sant-jordi-el-xicotet-abre-paso-a-la-festa\\\/#breadcrumb\",\"itemListElement\":[{\"@type\":\"ListItem\",\"position\":1,\"name\":\"Portada\",\"item\":\"https:\\\/\\\/www.copealcoy.es\\\/es\\\/\"},{\"@type\":\"ListItem\",\"position\":2,\"name\":\"Sant Jordi &#8216;El Xicotet&#8217; abre paso a la Festa\"}]},{\"@type\":\"WebSite\",\"@id\":\"https:\\\/\\\/www.copealcoy.es\\\/es\\\/#website\",\"url\":\"https:\\\/\\\/www.copealcoy.es\\\/es\\\/\",\"name\":\"COPE Alcoy\",\"description\":\"Emisora COPE de radio local con emisi\u00f3n online. Pont de Sant Jordi 8-10 03803 Alcoy\",\"potentialAction\":[{\"@type\":\"SearchAction\",\"target\":{\"@type\":\"EntryPoint\",\"urlTemplate\":\"https:\\\/\\\/www.copealcoy.es\\\/es\\\/?s={search_term_string}\"},\"query-input\":{\"@type\":\"PropertyValueSpecification\",\"valueRequired\":true,\"valueName\":\"search_term_string\"}}],\"inLanguage\":\"es\"},{\"@type\":\"Person\",\"@id\":\"https:\\\/\\\/www.copealcoy.es\\\/es\\\/#\\\/schema\\\/person\\\/e777c87fa024e57d40170af9df39882c\",\"name\":\"Cope Alcoy\",\"image\":{\"@type\":\"ImageObject\",\"inLanguage\":\"es\",\"@id\":\"https:\\\/\\\/secure.gravatar.com\\\/avatar\\\/bb65d0283347e303893ba14f0692005417c1e0e690a325a4c5d8bb2b3943ee14?s=96&d=mm&r=g\",\"url\":\"https:\\\/\\\/secure.gravatar.com\\\/avatar\\\/bb65d0283347e303893ba14f0692005417c1e0e690a325a4c5d8bb2b3943ee14?s=96&d=mm&r=g\",\"contentUrl\":\"https:\\\/\\\/secure.gravatar.com\\\/avatar\\\/bb65d0283347e303893ba14f0692005417c1e0e690a325a4c5d8bb2b3943ee14?s=96&d=mm&r=g\",\"caption\":\"Cope Alcoy\"}}]}<\/script>\n<!-- \/ Yoast SEO plugin. -->","yoast_head_json":{"title":"Sant Jordi 'El Xicotet' abre paso a la Festa - COPE Alcoy","robots":{"index":"index","follow":"follow","max-snippet":"max-snippet:-1","max-image-preview":"max-image-preview:large","max-video-preview":"max-video-preview:-1"},"canonical":"https:\/\/www.copealcoy.es\/es\/sant-jordi-el-xicotet-abre-paso-a-la-festa\/","og_locale":"es_ES","og_type":"article","og_title":"Sant Jordi 'El Xicotet' abre paso a la Festa - COPE Alcoy","og_description":"Alcoy ya tiene m\u00e1s cerca sus Fiestas de Moros y Cristianos despu\u00e9s de que en la tarde de este martes...","og_url":"https:\/\/www.copealcoy.es\/es\/sant-jordi-el-xicotet-abre-paso-a-la-festa\/","og_site_name":"COPE Alcoy","article_published_time":"2018-04-17T21:35:57+00:00","article_modified_time":"2018-04-17T21:39:14+00:00","og_image":[{"width":960,"height":600,"url":"https:\/\/www.copealcoy.es\/wp-content\/uploads\/2018\/04\/30704010_1320055058137976_6012137822721409024_n.jpg","type":"image\/jpeg"}],"author":"Cope Alcoy","twitter_misc":{"Escrito por":"Cope Alcoy","Tiempo de lectura":"1 minuto"},"schema":{"@context":"https:\/\/schema.org","@graph":[{"@type":"Article","@id":"https:\/\/www.copealcoy.es\/es\/sant-jordi-el-xicotet-abre-paso-a-la-festa\/#article","isPartOf":{"@id":"https:\/\/www.copealcoy.es\/es\/sant-jordi-el-xicotet-abre-paso-a-la-festa\/"},"author":{"name":"Cope Alcoy","@id":"https:\/\/www.copealcoy.es\/es\/#\/schema\/person\/e777c87fa024e57d40170af9df39882c"},"headline":"Sant Jordi &#8216;El Xicotet&#8217; abre paso a la Festa","datePublished":"2018-04-17T21:35:57+00:00","dateModified":"2018-04-17T21:39:14+00:00","mainEntityOfPage":{"@id":"https:\/\/www.copealcoy.es\/es\/sant-jordi-el-xicotet-abre-paso-a-la-festa\/"},"wordCount":305,"commentCount":0,"image":{"@id":"https:\/\/www.copealcoy.es\/es\/sant-jordi-el-xicotet-abre-paso-a-la-festa\/#primaryimage"},"thumbnailUrl":"https:\/\/www.copealcoy.es\/wp-content\/uploads\/2018\/04\/30704010_1320055058137976_6012137822721409024_n.jpg","keywords":["Alcoy","Festa","Sant Jordi","Xicotet"],"articleSection":["Alcoy","Fiesta y Cultura","Noticias","Portada"],"inLanguage":"es"},{"@type":"WebPage","@id":"https:\/\/www.copealcoy.es\/es\/sant-jordi-el-xicotet-abre-paso-a-la-festa\/","url":"https:\/\/www.copealcoy.es\/es\/sant-jordi-el-xicotet-abre-paso-a-la-festa\/","name":"Sant Jordi 'El Xicotet' abre paso a la Festa - COPE Alcoy","isPartOf":{"@id":"https:\/\/www.copealcoy.es\/es\/#website"},"primaryImageOfPage":{"@id":"https:\/\/www.copealcoy.es\/es\/sant-jordi-el-xicotet-abre-paso-a-la-festa\/#primaryimage"},"image":{"@id":"https:\/\/www.copealcoy.es\/es\/sant-jordi-el-xicotet-abre-paso-a-la-festa\/#primaryimage"},"thumbnailUrl":"https:\/\/www.copealcoy.es\/wp-content\/uploads\/2018\/04\/30704010_1320055058137976_6012137822721409024_n.jpg","datePublished":"2018-04-17T21:35:57+00:00","dateModified":"2018-04-17T21:39:14+00:00","author":{"@id":"https:\/\/www.copealcoy.es\/es\/#\/schema\/person\/e777c87fa024e57d40170af9df39882c"},"breadcrumb":{"@id":"https:\/\/www.copealcoy.es\/es\/sant-jordi-el-xicotet-abre-paso-a-la-festa\/#breadcrumb"},"inLanguage":"es","potentialAction":[{"@type":"ReadAction","target":["https:\/\/www.copealcoy.es\/es\/sant-jordi-el-xicotet-abre-paso-a-la-festa\/"]}]},{"@type":"ImageObject","inLanguage":"es","@id":"https:\/\/www.copealcoy.es\/es\/sant-jordi-el-xicotet-abre-paso-a-la-festa\/#primaryimage","url":"https:\/\/www.copealcoy.es\/wp-content\/uploads\/2018\/04\/30704010_1320055058137976_6012137822721409024_n.jpg","contentUrl":"https:\/\/www.copealcoy.es\/wp-content\/uploads\/2018\/04\/30704010_1320055058137976_6012137822721409024_n.jpg","width":960,"height":600,"caption":"La imagen de San Jorge 'El Xicotet' ha recorrido las calles de la ciudad \/ Foto: N. \u00dabeda"},{"@type":"BreadcrumbList","@id":"https:\/\/www.copealcoy.es\/es\/sant-jordi-el-xicotet-abre-paso-a-la-festa\/#breadcrumb","itemListElement":[{"@type":"ListItem","position":1,"name":"Portada","item":"https:\/\/www.copealcoy.es\/es\/"},{"@type":"ListItem","position":2,"name":"Sant Jordi &#8216;El Xicotet&#8217; abre paso a la Festa"}]},{"@type":"WebSite","@id":"https:\/\/www.copealcoy.es\/es\/#website","url":"https:\/\/www.copealcoy.es\/es\/","name":"COPE Alcoy","description":"Emisora COPE de radio local con emisi\u00f3n online. Pont de Sant Jordi 8-10 03803 Alcoy","potentialAction":[{"@type":"SearchAction","target":{"@type":"EntryPoint","urlTemplate":"https:\/\/www.copealcoy.es\/es\/?s={search_term_string}"},"query-input":{"@type":"PropertyValueSpecification","valueRequired":true,"valueName":"search_term_string"}}],"inLanguage":"es"},{"@type":"Person","@id":"https:\/\/www.copealcoy.es\/es\/#\/schema\/person\/e777c87fa024e57d40170af9df39882c","name":"Cope Alcoy","image":{"@type":"ImageObject","inLanguage":"es","@id":"https:\/\/secure.gravatar.com\/avatar\/bb65d0283347e303893ba14f0692005417c1e0e690a325a4c5d8bb2b3943ee14?s=96&d=mm&r=g","url":"https:\/\/secure.gravatar.com\/avatar\/bb65d0283347e303893ba14f0692005417c1e0e690a325a4c5d8bb2b3943ee14?s=96&d=mm&r=g","contentUrl":"https:\/\/secure.gravatar.com\/avatar\/bb65d0283347e303893ba14f0692005417c1e0e690a325a4c5d8bb2b3943ee14?s=96&d=mm&r=g","caption":"Cope Alcoy"}}]}},"_links":{"self":[{"href":"https:\/\/www.copealcoy.es\/es\/wp-json\/wp\/v2\/posts\/41370","targetHints":{"allow":["GET"]}}],"collection":[{"href":"https:\/\/www.copealcoy.es\/es\/wp-json\/wp\/v2\/posts"}],"about":[{"href":"https:\/\/www.copealcoy.es\/es\/wp-json\/wp\/v2\/types\/post"}],"author":[{"embeddable":true,"href":"https:\/\/www.copealcoy.es\/es\/wp-json\/wp\/v2\/users\/1"}],"replies":[{"embeddable":true,"href":"https:\/\/www.copealcoy.es\/es\/wp-json\/wp\/v2\/comments?post=41370"}],"version-history":[{"count":0,"href":"https:\/\/www.copealcoy.es\/es\/wp-json\/wp\/v2\/posts\/41370\/revisions"}],"wp:featuredmedia":[{"embeddable":true,"href":"https:\/\/www.copealcoy.es\/es\/wp-json\/wp\/v2\/media\/41371"}],"wp:attachment":[{"href":"https:\/\/www.copealcoy.es\/es\/wp-json\/wp\/v2\/media?parent=41370"}],"wp:term":[{"taxonomy":"category","embeddable":true,"href":"https:\/\/www.copealcoy.es\/es\/wp-json\/wp\/v2\/categories?post=41370"},{"taxonomy":"post_tag","embeddable":true,"href":"https:\/\/www.copealcoy.es\/es\/wp-json\/wp\/v2\/tags?post=41370"}],"curies":[{"name":"wp","href":"https:\/\/api.w.org\/{rel}","templated":true}]}}