{"id":41346,"date":"2018-04-17T11:31:05","date_gmt":"2018-04-17T11:31:05","guid":{"rendered":"http:\/\/copealcoi.es\/new\/?p=41346"},"modified":"2018-04-17T14:34:30","modified_gmt":"2018-04-17T14:34:30","slug":"muro-quiere-que-las-fiestas-y-la-fireta-sean-de-interes-turistico-autonomico","status":"publish","type":"post","link":"https:\/\/www.copealcoy.es\/es\/muro-quiere-que-las-fiestas-y-la-fireta-sean-de-interes-turistico-autonomico\/","title":{"rendered":"Muro quiere que las Fiestas y la Fireta sean de Inter\u00e9s Tur\u00edstico Auton\u00f3mico"},"content":{"rendered":"<p style=\"text-align: justify;\">El <strong>Ayuntamiento de Muro<\/strong> ha iniciado el proceso para <strong>conseguir que las Fiestas de Moros y Cristianos<\/strong> en honor a la Virgen de los Desamparados as\u00ed como <strong>la Fireta de Sant Antoni<\/strong>, que se celebra cada mes de enero, reciban la distinci\u00f3n de<strong> Fiestas de Inter\u00e9s Tur\u00edstico Auton\u00f3mico<\/strong>. La propuesta, trabajada por las concejal\u00edas de Fiestas y Turismo,<strong> fue debatida en el pleno municipal de este mes de abril<\/strong> y sali\u00f3 adelante<strong> por unanimidad<\/strong> con el respaldo de todas las formaciones pol\u00edticas representadas en la Corporaci\u00f3n Local.<\/p>\n<p style=\"text-align: justify;\">El edil de Fiestas, <strong>Sergi Silvestre<\/strong>, explica que en estos momentos <strong>se est\u00e1n ultimando los informes<\/strong> que detallan <strong>los aspectos hist\u00f3ricos y los principales elementos<\/strong> que diferencian ambas celebraciones de las de id\u00e9nticas caracter\u00edsticas que tienen lugar a lo largo y ancho de la Comunidad Valenciana. La documentaci\u00f3n <strong>cuenta con las aportaciones<\/strong> de la Cronista Oficial de Muro, <strong>Elia Goz\u00e0lbez<\/strong>, y del Profesor <strong>Joan Josep Pascual Gisbert<\/strong> \u201c<em>son dos grandes conocedores de nuestras Fiestas as\u00ed como de nuestra historia y han hecho un gran trabajo para elaborar estas memorias<\/em>\u201d, apunta el concejal. De igual forma el edil resalta <strong>los importantes beneficios que supondr\u00eda para Muro<\/strong> conseguir esta declaraci\u00f3n por parte del Consell \u201c<em>tendr\u00edamos una mayor promoci\u00f3n por todo el territorio, podr\u00edan llegar m\u00e1s subvenciones para incrementar la difusi\u00f3n tur\u00edstica e incluso se conseguir\u00eda que m\u00e1s turistas de fuera de nuestras comarcas viniesen a nuestro en pueblo en Fiestas o en la Fireta. Todo esto, sin duda, revertir\u00eda en una mayor dinamizaci\u00f3n de la econom\u00eda y hosteler\u00eda local<\/em>\u201d, destaca.<\/p>\n<p style=\"text-align: justify;\">La petici\u00f3n <strong>ser\u00e1 remitida ahora a la Generalitat Valenciana<\/strong> para que el organismo competente la estudie de cara a decidir su aprobaci\u00f3n definitiva.<\/p>\n","protected":false},"excerpt":{"rendered":"<p>El Ayuntamiento de Muro ha iniciado el proceso para conseguir que las Fiestas de Moros y Cristianos en honor a&#8230;<\/p>\n","protected":false},"author":1,"featured_media":12890,"comment_status":"open","ping_status":"open","sticky":false,"template":"","format":"standard","meta":{"footnotes":""},"categories":[98,75],"tags":[565,546,1766,609,135],"class_list":["post-41346","post","type-post","status-publish","format-standard","has-post-thumbnail","hentry","category-comarcas","category-noticias","tag-fiestas","tag-fireta","tag-interes-turistico-autonomico","tag-moros-y-cristianos","tag-muro"],"yoast_head":"<!-- This site is optimized with the Yoast SEO plugin v27.3 - https:\/\/yoast.com\/product\/yoast-seo-wordpress\/ -->\n<title>Muro quiere que las Fiestas y la Fireta sean de Inter\u00e9s Tur\u00edstico Auton\u00f3mico - COPE Alcoy<\/title>\n<meta name=\"robots\" content=\"index, follow, max-snippet:-1, max-image-preview:large, max-video-preview:-1\" \/>\n<link rel=\"canonical\" href=\"https:\/\/www.copealcoy.es\/es\/muro-quiere-que-las-fiestas-y-la-fireta-sean-de-interes-turistico-autonomico\/\" \/>\n<meta property=\"og:locale\" content=\"es_ES\" \/>\n<meta property=\"og:type\" content=\"article\" \/>\n<meta property=\"og:title\" content=\"Muro quiere que las Fiestas y la Fireta sean de Inter\u00e9s Tur\u00edstico Auton\u00f3mico - COPE Alcoy\" \/>\n<meta property=\"og:description\" content=\"El Ayuntamiento de Muro ha iniciado el proceso para conseguir que las Fiestas de Moros y Cristianos en honor a...\" \/>\n<meta property=\"og:url\" content=\"https:\/\/www.copealcoy.es\/es\/muro-quiere-que-las-fiestas-y-la-fireta-sean-de-interes-turistico-autonomico\/\" \/>\n<meta property=\"og:site_name\" content=\"COPE Alcoy\" \/>\n<meta property=\"article:published_time\" content=\"2018-04-17T11:31:05+00:00\" \/>\n<meta property=\"article:modified_time\" content=\"2018-04-17T14:34:30+00:00\" \/>\n<meta property=\"og:image\" content=\"https:\/\/www.copealcoy.es\/wp-content\/uploads\/2015\/05\/DSC00147-1024x640.jpg\" \/>\n\t<meta property=\"og:image:width\" content=\"1024\" \/>\n\t<meta property=\"og:image:height\" content=\"640\" \/>\n\t<meta property=\"og:image:type\" content=\"image\/jpeg\" \/>\n<meta name=\"author\" content=\"Cope Alcoy\" \/>\n<meta name=\"twitter:label1\" content=\"Escrito por\" \/>\n\t<meta name=\"twitter:data1\" content=\"Cope Alcoy\" \/>\n\t<meta name=\"twitter:label2\" content=\"Tiempo de lectura\" \/>\n\t<meta name=\"twitter:data2\" content=\"2 minutos\" \/>\n<script type=\"application\/ld+json\" class=\"yoast-schema-graph\">{\"@context\":\"https:\\\/\\\/schema.org\",\"@graph\":[{\"@type\":\"Article\",\"@id\":\"https:\\\/\\\/www.copealcoy.es\\\/es\\\/muro-quiere-que-las-fiestas-y-la-fireta-sean-de-interes-turistico-autonomico\\\/#article\",\"isPartOf\":{\"@id\":\"https:\\\/\\\/www.copealcoy.es\\\/es\\\/muro-quiere-que-las-fiestas-y-la-fireta-sean-de-interes-turistico-autonomico\\\/\"},\"author\":{\"name\":\"Cope Alcoy\",\"@id\":\"https:\\\/\\\/www.copealcoy.es\\\/es\\\/#\\\/schema\\\/person\\\/e777c87fa024e57d40170af9df39882c\"},\"headline\":\"Muro quiere que las Fiestas y la Fireta sean de Inter\u00e9s Tur\u00edstico Auton\u00f3mico\",\"datePublished\":\"2018-04-17T11:31:05+00:00\",\"dateModified\":\"2018-04-17T14:34:30+00:00\",\"mainEntityOfPage\":{\"@id\":\"https:\\\/\\\/www.copealcoy.es\\\/es\\\/muro-quiere-que-las-fiestas-y-la-fireta-sean-de-interes-turistico-autonomico\\\/\"},\"wordCount\":323,\"commentCount\":0,\"image\":{\"@id\":\"https:\\\/\\\/www.copealcoy.es\\\/es\\\/muro-quiere-que-las-fiestas-y-la-fireta-sean-de-interes-turistico-autonomico\\\/#primaryimage\"},\"thumbnailUrl\":\"https:\\\/\\\/www.copealcoy.es\\\/wp-content\\\/uploads\\\/2015\\\/05\\\/DSC00147.jpg\",\"keywords\":[\"Fiestas\",\"Fireta\",\"Inter\u00e9s Tur\u00edstico Auton\u00f3mico\",\"Moros Y Cristianos\",\"Muro\"],\"articleSection\":[\"Comarcas\",\"Noticias\"],\"inLanguage\":\"es\"},{\"@type\":\"WebPage\",\"@id\":\"https:\\\/\\\/www.copealcoy.es\\\/es\\\/muro-quiere-que-las-fiestas-y-la-fireta-sean-de-interes-turistico-autonomico\\\/\",\"url\":\"https:\\\/\\\/www.copealcoy.es\\\/es\\\/muro-quiere-que-las-fiestas-y-la-fireta-sean-de-interes-turistico-autonomico\\\/\",\"name\":\"Muro quiere que las Fiestas y la Fireta sean de Inter\u00e9s Tur\u00edstico Auton\u00f3mico - COPE Alcoy\",\"isPartOf\":{\"@id\":\"https:\\\/\\\/www.copealcoy.es\\\/es\\\/#website\"},\"primaryImageOfPage\":{\"@id\":\"https:\\\/\\\/www.copealcoy.es\\\/es\\\/muro-quiere-que-las-fiestas-y-la-fireta-sean-de-interes-turistico-autonomico\\\/#primaryimage\"},\"image\":{\"@id\":\"https:\\\/\\\/www.copealcoy.es\\\/es\\\/muro-quiere-que-las-fiestas-y-la-fireta-sean-de-interes-turistico-autonomico\\\/#primaryimage\"},\"thumbnailUrl\":\"https:\\\/\\\/www.copealcoy.es\\\/wp-content\\\/uploads\\\/2015\\\/05\\\/DSC00147.jpg\",\"datePublished\":\"2018-04-17T11:31:05+00:00\",\"dateModified\":\"2018-04-17T14:34:30+00:00\",\"author\":{\"@id\":\"https:\\\/\\\/www.copealcoy.es\\\/es\\\/#\\\/schema\\\/person\\\/e777c87fa024e57d40170af9df39882c\"},\"breadcrumb\":{\"@id\":\"https:\\\/\\\/www.copealcoy.es\\\/es\\\/muro-quiere-que-las-fiestas-y-la-fireta-sean-de-interes-turistico-autonomico\\\/#breadcrumb\"},\"inLanguage\":\"es\",\"potentialAction\":[{\"@type\":\"ReadAction\",\"target\":[\"https:\\\/\\\/www.copealcoy.es\\\/es\\\/muro-quiere-que-las-fiestas-y-la-fireta-sean-de-interes-turistico-autonomico\\\/\"]}]},{\"@type\":\"ImageObject\",\"inLanguage\":\"es\",\"@id\":\"https:\\\/\\\/www.copealcoy.es\\\/es\\\/muro-quiere-que-las-fiestas-y-la-fireta-sean-de-interes-turistico-autonomico\\\/#primaryimage\",\"url\":\"https:\\\/\\\/www.copealcoy.es\\\/wp-content\\\/uploads\\\/2015\\\/05\\\/DSC00147.jpg\",\"contentUrl\":\"https:\\\/\\\/www.copealcoy.es\\\/wp-content\\\/uploads\\\/2015\\\/05\\\/DSC00147.jpg\",\"width\":1728,\"height\":1080,\"caption\":\"El capit\u00e1n moro dels Tariks 2015, Salvador Vicent, recibi\u00f3 los aplausos del p\u00fablico a lo largo del recorrido\"},{\"@type\":\"BreadcrumbList\",\"@id\":\"https:\\\/\\\/www.copealcoy.es\\\/es\\\/muro-quiere-que-las-fiestas-y-la-fireta-sean-de-interes-turistico-autonomico\\\/#breadcrumb\",\"itemListElement\":[{\"@type\":\"ListItem\",\"position\":1,\"name\":\"Portada\",\"item\":\"https:\\\/\\\/www.copealcoy.es\\\/es\\\/\"},{\"@type\":\"ListItem\",\"position\":2,\"name\":\"Muro quiere que las Fiestas y la Fireta sean de Inter\u00e9s Tur\u00edstico Auton\u00f3mico\"}]},{\"@type\":\"WebSite\",\"@id\":\"https:\\\/\\\/www.copealcoy.es\\\/es\\\/#website\",\"url\":\"https:\\\/\\\/www.copealcoy.es\\\/es\\\/\",\"name\":\"COPE Alcoy\",\"description\":\"Emisora COPE de radio local con emisi\u00f3n online. Pont de Sant Jordi 8-10 03803 Alcoy\",\"potentialAction\":[{\"@type\":\"SearchAction\",\"target\":{\"@type\":\"EntryPoint\",\"urlTemplate\":\"https:\\\/\\\/www.copealcoy.es\\\/es\\\/?s={search_term_string}\"},\"query-input\":{\"@type\":\"PropertyValueSpecification\",\"valueRequired\":true,\"valueName\":\"search_term_string\"}}],\"inLanguage\":\"es\"},{\"@type\":\"Person\",\"@id\":\"https:\\\/\\\/www.copealcoy.es\\\/es\\\/#\\\/schema\\\/person\\\/e777c87fa024e57d40170af9df39882c\",\"name\":\"Cope Alcoy\",\"image\":{\"@type\":\"ImageObject\",\"inLanguage\":\"es\",\"@id\":\"https:\\\/\\\/secure.gravatar.com\\\/avatar\\\/bb65d0283347e303893ba14f0692005417c1e0e690a325a4c5d8bb2b3943ee14?s=96&d=mm&r=g\",\"url\":\"https:\\\/\\\/secure.gravatar.com\\\/avatar\\\/bb65d0283347e303893ba14f0692005417c1e0e690a325a4c5d8bb2b3943ee14?s=96&d=mm&r=g\",\"contentUrl\":\"https:\\\/\\\/secure.gravatar.com\\\/avatar\\\/bb65d0283347e303893ba14f0692005417c1e0e690a325a4c5d8bb2b3943ee14?s=96&d=mm&r=g\",\"caption\":\"Cope Alcoy\"}}]}<\/script>\n<!-- \/ Yoast SEO plugin. -->","yoast_head_json":{"title":"Muro quiere que las Fiestas y la Fireta sean de Inter\u00e9s Tur\u00edstico Auton\u00f3mico - COPE Alcoy","robots":{"index":"index","follow":"follow","max-snippet":"max-snippet:-1","max-image-preview":"max-image-preview:large","max-video-preview":"max-video-preview:-1"},"canonical":"https:\/\/www.copealcoy.es\/es\/muro-quiere-que-las-fiestas-y-la-fireta-sean-de-interes-turistico-autonomico\/","og_locale":"es_ES","og_type":"article","og_title":"Muro quiere que las Fiestas y la Fireta sean de Inter\u00e9s Tur\u00edstico Auton\u00f3mico - COPE Alcoy","og_description":"El Ayuntamiento de Muro ha iniciado el proceso para conseguir que las Fiestas de Moros y Cristianos en honor a...","og_url":"https:\/\/www.copealcoy.es\/es\/muro-quiere-que-las-fiestas-y-la-fireta-sean-de-interes-turistico-autonomico\/","og_site_name":"COPE Alcoy","article_published_time":"2018-04-17T11:31:05+00:00","article_modified_time":"2018-04-17T14:34:30+00:00","og_image":[{"width":1024,"height":640,"url":"https:\/\/www.copealcoy.es\/wp-content\/uploads\/2015\/05\/DSC00147-1024x640.jpg","type":"image\/jpeg"}],"author":"Cope Alcoy","twitter_misc":{"Escrito por":"Cope Alcoy","Tiempo de lectura":"2 minutos"},"schema":{"@context":"https:\/\/schema.org","@graph":[{"@type":"Article","@id":"https:\/\/www.copealcoy.es\/es\/muro-quiere-que-las-fiestas-y-la-fireta-sean-de-interes-turistico-autonomico\/#article","isPartOf":{"@id":"https:\/\/www.copealcoy.es\/es\/muro-quiere-que-las-fiestas-y-la-fireta-sean-de-interes-turistico-autonomico\/"},"author":{"name":"Cope Alcoy","@id":"https:\/\/www.copealcoy.es\/es\/#\/schema\/person\/e777c87fa024e57d40170af9df39882c"},"headline":"Muro quiere que las Fiestas y la Fireta sean de Inter\u00e9s Tur\u00edstico Auton\u00f3mico","datePublished":"2018-04-17T11:31:05+00:00","dateModified":"2018-04-17T14:34:30+00:00","mainEntityOfPage":{"@id":"https:\/\/www.copealcoy.es\/es\/muro-quiere-que-las-fiestas-y-la-fireta-sean-de-interes-turistico-autonomico\/"},"wordCount":323,"commentCount":0,"image":{"@id":"https:\/\/www.copealcoy.es\/es\/muro-quiere-que-las-fiestas-y-la-fireta-sean-de-interes-turistico-autonomico\/#primaryimage"},"thumbnailUrl":"https:\/\/www.copealcoy.es\/wp-content\/uploads\/2015\/05\/DSC00147.jpg","keywords":["Fiestas","Fireta","Inter\u00e9s Tur\u00edstico Auton\u00f3mico","Moros Y Cristianos","Muro"],"articleSection":["Comarcas","Noticias"],"inLanguage":"es"},{"@type":"WebPage","@id":"https:\/\/www.copealcoy.es\/es\/muro-quiere-que-las-fiestas-y-la-fireta-sean-de-interes-turistico-autonomico\/","url":"https:\/\/www.copealcoy.es\/es\/muro-quiere-que-las-fiestas-y-la-fireta-sean-de-interes-turistico-autonomico\/","name":"Muro quiere que las Fiestas y la Fireta sean de Inter\u00e9s Tur\u00edstico Auton\u00f3mico - COPE Alcoy","isPartOf":{"@id":"https:\/\/www.copealcoy.es\/es\/#website"},"primaryImageOfPage":{"@id":"https:\/\/www.copealcoy.es\/es\/muro-quiere-que-las-fiestas-y-la-fireta-sean-de-interes-turistico-autonomico\/#primaryimage"},"image":{"@id":"https:\/\/www.copealcoy.es\/es\/muro-quiere-que-las-fiestas-y-la-fireta-sean-de-interes-turistico-autonomico\/#primaryimage"},"thumbnailUrl":"https:\/\/www.copealcoy.es\/wp-content\/uploads\/2015\/05\/DSC00147.jpg","datePublished":"2018-04-17T11:31:05+00:00","dateModified":"2018-04-17T14:34:30+00:00","author":{"@id":"https:\/\/www.copealcoy.es\/es\/#\/schema\/person\/e777c87fa024e57d40170af9df39882c"},"breadcrumb":{"@id":"https:\/\/www.copealcoy.es\/es\/muro-quiere-que-las-fiestas-y-la-fireta-sean-de-interes-turistico-autonomico\/#breadcrumb"},"inLanguage":"es","potentialAction":[{"@type":"ReadAction","target":["https:\/\/www.copealcoy.es\/es\/muro-quiere-que-las-fiestas-y-la-fireta-sean-de-interes-turistico-autonomico\/"]}]},{"@type":"ImageObject","inLanguage":"es","@id":"https:\/\/www.copealcoy.es\/es\/muro-quiere-que-las-fiestas-y-la-fireta-sean-de-interes-turistico-autonomico\/#primaryimage","url":"https:\/\/www.copealcoy.es\/wp-content\/uploads\/2015\/05\/DSC00147.jpg","contentUrl":"https:\/\/www.copealcoy.es\/wp-content\/uploads\/2015\/05\/DSC00147.jpg","width":1728,"height":1080,"caption":"El capit\u00e1n moro dels Tariks 2015, Salvador Vicent, recibi\u00f3 los aplausos del p\u00fablico a lo largo del recorrido"},{"@type":"BreadcrumbList","@id":"https:\/\/www.copealcoy.es\/es\/muro-quiere-que-las-fiestas-y-la-fireta-sean-de-interes-turistico-autonomico\/#breadcrumb","itemListElement":[{"@type":"ListItem","position":1,"name":"Portada","item":"https:\/\/www.copealcoy.es\/es\/"},{"@type":"ListItem","position":2,"name":"Muro quiere que las Fiestas y la Fireta sean de Inter\u00e9s Tur\u00edstico Auton\u00f3mico"}]},{"@type":"WebSite","@id":"https:\/\/www.copealcoy.es\/es\/#website","url":"https:\/\/www.copealcoy.es\/es\/","name":"COPE Alcoy","description":"Emisora COPE de radio local con emisi\u00f3n online. Pont de Sant Jordi 8-10 03803 Alcoy","potentialAction":[{"@type":"SearchAction","target":{"@type":"EntryPoint","urlTemplate":"https:\/\/www.copealcoy.es\/es\/?s={search_term_string}"},"query-input":{"@type":"PropertyValueSpecification","valueRequired":true,"valueName":"search_term_string"}}],"inLanguage":"es"},{"@type":"Person","@id":"https:\/\/www.copealcoy.es\/es\/#\/schema\/person\/e777c87fa024e57d40170af9df39882c","name":"Cope Alcoy","image":{"@type":"ImageObject","inLanguage":"es","@id":"https:\/\/secure.gravatar.com\/avatar\/bb65d0283347e303893ba14f0692005417c1e0e690a325a4c5d8bb2b3943ee14?s=96&d=mm&r=g","url":"https:\/\/secure.gravatar.com\/avatar\/bb65d0283347e303893ba14f0692005417c1e0e690a325a4c5d8bb2b3943ee14?s=96&d=mm&r=g","contentUrl":"https:\/\/secure.gravatar.com\/avatar\/bb65d0283347e303893ba14f0692005417c1e0e690a325a4c5d8bb2b3943ee14?s=96&d=mm&r=g","caption":"Cope Alcoy"}}]}},"_links":{"self":[{"href":"https:\/\/www.copealcoy.es\/es\/wp-json\/wp\/v2\/posts\/41346","targetHints":{"allow":["GET"]}}],"collection":[{"href":"https:\/\/www.copealcoy.es\/es\/wp-json\/wp\/v2\/posts"}],"about":[{"href":"https:\/\/www.copealcoy.es\/es\/wp-json\/wp\/v2\/types\/post"}],"author":[{"embeddable":true,"href":"https:\/\/www.copealcoy.es\/es\/wp-json\/wp\/v2\/users\/1"}],"replies":[{"embeddable":true,"href":"https:\/\/www.copealcoy.es\/es\/wp-json\/wp\/v2\/comments?post=41346"}],"version-history":[{"count":0,"href":"https:\/\/www.copealcoy.es\/es\/wp-json\/wp\/v2\/posts\/41346\/revisions"}],"wp:featuredmedia":[{"embeddable":true,"href":"https:\/\/www.copealcoy.es\/es\/wp-json\/wp\/v2\/media\/12890"}],"wp:attachment":[{"href":"https:\/\/www.copealcoy.es\/es\/wp-json\/wp\/v2\/media?parent=41346"}],"wp:term":[{"taxonomy":"category","embeddable":true,"href":"https:\/\/www.copealcoy.es\/es\/wp-json\/wp\/v2\/categories?post=41346"},{"taxonomy":"post_tag","embeddable":true,"href":"https:\/\/www.copealcoy.es\/es\/wp-json\/wp\/v2\/tags?post=41346"}],"curies":[{"name":"wp","href":"https:\/\/api.w.org\/{rel}","templated":true}]}}