{"id":41223,"date":"2018-04-22T21:20:29","date_gmt":"2018-04-22T21:20:29","guid":{"rendered":"http:\/\/copealcoi.es\/new\/?p=41223"},"modified":"2018-04-25T13:37:12","modified_gmt":"2018-04-25T13:37:12","slug":"los-moros-exhiben-su-fuerza-en-la-entrada-de-al-azraq-a-alcoy","status":"publish","type":"post","link":"https:\/\/www.copealcoy.es\/es\/los-moros-exhiben-su-fuerza-en-la-entrada-de-al-azraq-a-alcoy\/","title":{"rendered":"Los moros exhiben su fuerza en la Entrada de Al-Azraq a Alcoy"},"content":{"rendered":"<p style=\"text-align: justify;\">A las <strong>cinco en punto de la tarde<\/strong> del domingo 22 de abril <strong>dio inicio<\/strong> desde lo alto de El Partidor <strong>la Entrada Mora<\/strong> y lo hizo tras <strong>la esperada orden<\/strong> de\u00a0<em>Per Alcoi i Per Sant Jordi, Avant l&#8217;Entr\u00e0 dels Moros.\u00a0<\/em>Esta fue <strong>la se\u00f1al inequ\u00edvoca<\/strong> que hizo que los trompeteros y timbaleros enfilaran la calle de Sant Nicolauet para <strong>recorrer todo el trayecto del desfile<\/strong> y anunciar con sus clarines y percusi\u00f3n que <strong>los guerreros de Al-Azraq<\/strong> estaban a punto de asediar la ciudad<\/p>\n<p><strong>Jorge Vaquer, capit\u00e1n moro de la Fil\u00e0 Verdes, lider\u00f3 el avance de los moros<\/strong><\/p>\n<p style=\"text-align: justify;\">La <strong>Fil\u00e0 Verdes<\/strong> abri\u00f3 la Entrada poniendo en escena <strong>el gran despliegue del Capit\u00e1n Moro<\/strong> para tomar las murallas de Alcoy. Un sonoro<strong> llamamiento<\/strong> convoc\u00f3 a <strong>los ej\u00e9rcitos de las tropas \u00e1rabes<\/strong> procedentes de los oasis de <em>Ubari<\/em> (Libia) y <em>Taifet<\/em> (Marruecos) dando paso a las danzas orientales, los jinetes a caballo y las tribus <em>Nisba, Yad\u00eds, Imlak, Al-Zamud, \u00a0Sakasik y Tassan<\/em>. Estas \u00faltimas<strong> rindieron un homenaje<\/strong> a la etnia<em> Yafnah<\/em> de la que proced\u00edan los pueblos \u00e1rabes m\u00e1s antiguos. El <strong>exotismo y la fastuosidad<\/strong> ya se hab\u00edan apoderado de las calles de la ciudad cuando <strong>Jorge Vaquer<\/strong>, Capit\u00e1n Moro de 2018, <strong>hizo su espectacular entrada<\/strong> en una gran carroza a los sones de<strong> la pieza\u00a0<\/strong><em><strong>Capytan<\/strong>,<strong>\u00a0<\/strong><\/em>del compositor de la vecina localidad d&#8217;Ontinyent <strong>Sa\u00fcl G\u00f3mez i Soler<\/strong>, e interpretada por la <strong>Uni\u00f3n Musical de Planes<\/strong>. Indicar que G\u00f3mez <strong>ha sido el autor de todas las composiciones<\/strong> que han sonado en el extraordinario boato que han ofrecido los Verdes en su capitan\u00eda mora. Respecto al traje del Capit\u00e1n destacar que <strong>ha sido ideado\u00a0por David Blasco<\/strong> y en el mismo <strong>han sobresalido<\/strong> la elegancia as\u00ed como el uso del color representativos de esta formaci\u00f3n festera alcoyana como es el verde acompa\u00f1ado de metales dorados y cueros negros. A la encarnaci\u00f3n del Caudillo Al-Azraq <strong>le han arropado 35 caballeros y 25 damas<\/strong> as\u00ed como <strong>sus bellas favoritas<\/strong> con indumentarias de est\u00e9tica \u00e1rabe. La <strong>escuadra especial<\/strong>, obra de <strong>Pablo Garc\u00eda y Paco Gil<\/strong>, apost\u00f3 por el toque tribal con una gran calavera de animal que tapaba el rostro de los festeros y <strong>culmin\u00f3 esta acertada puesta en escena<\/strong> bajo los compases de\u00a0<em>Un Moro Mud\u00e9jar\u00a0<\/em>(Rafael Mullor Grau) y\u00a0<em>Ana-Bel<\/em> (Enrique Ll\u00e1cer, <em>Regol\u00ed<\/em>) interpretados por la Primitiva de Callosa d&#8217;Ensarri\u00e0.<\/p>\n<p><a href=\"https:\/\/www.copealcoy.es\/wp-content\/uploads\/2018\/04\/31118306_1323191094491039_3687769253760466944_n.jpg\"><img loading=\"lazy\" decoding=\"async\" class=\"alignnone wp-image-41621 size-full\" src=\"https:\/\/www.copealcoy.es\/wp-content\/uploads\/2018\/04\/31118306_1323191094491039_3687769253760466944_n.jpg\" alt=\"\" width=\"960\" height=\"674\" srcset=\"https:\/\/www.copealcoy.es\/wp-content\/uploads\/2018\/04\/31118306_1323191094491039_3687769253760466944_n.jpg 960w, https:\/\/www.copealcoy.es\/wp-content\/uploads\/2018\/04\/31118306_1323191094491039_3687769253760466944_n-300x211.jpg 300w, https:\/\/www.copealcoy.es\/wp-content\/uploads\/2018\/04\/31118306_1323191094491039_3687769253760466944_n-768x539.jpg 768w\" sizes=\"auto, (max-width: 960px) 100vw, 960px\" \/><\/a><\/p>\n<p><strong>Tarde de abril y de moros<\/strong><\/p>\n<p style=\"text-align: justify;\">Despu\u00e9s del Capit\u00e1n Moro <strong>desplegaron sus fuerzas el resto de Filaes<\/strong> del bando de la media luna. Por el Centro de Alcoy desfilaron las formaciones <strong>Chano, Domingo Miques, Jud\u00edos, Llana, Benimerines y Berberiscos<\/strong>. Estos \u00faltimos representaron el cargo de <em><strong>Escuadra del Mig<\/strong>\u00a0<\/em>y en la misma apostaron por un traje sobrio de tonos rojos y grises. El dise\u00f1o fue obra de <strong>Michel Abi\u00e9tar<\/strong> mientras que la confecci\u00f3n corri\u00f3 a cargo de <strong>El Trencat<\/strong>. En cuanto a la m\u00fasica se\u00f1alar que<strong> sonaron las marchas moras<\/strong>\u00a0<em>El President\u00a0<\/em>de Miguel Pic\u00f3 Biosca as\u00ed como\u00a0<em>Paco El Chollat\u00a0<\/em>de Daniel Ferrero Silvaje. Tras la <em>Fil\u00e0 del Mig\u00a0<\/em>hicieron su entrada en Alcoy <strong>los Realistas, Marrakesch, Abencerrajes, y Mud\u00e9jares<\/strong> destacando en esta la presencia del Sant Jordiet; <strong>Juanjo Valls Fuster<\/strong>, en una plataforma arrastrada por festeros de esta formaci\u00f3n. <strong>Ligeros y Cordoneros<\/strong> fueron los protagonistas a continuaci\u00f3n antes de la llegada del Alf\u00e9rez Moro.<\/p>\n<p><a href=\"https:\/\/www.copealcoy.es\/wp-content\/uploads\/2018\/04\/31113999_1323228857820596_7323610888328445952_n-1.jpg\"><img loading=\"lazy\" decoding=\"async\" class=\"alignnone wp-image-41622 size-full\" src=\"https:\/\/www.copealcoy.es\/wp-content\/uploads\/2018\/04\/31113999_1323228857820596_7323610888328445952_n-1.jpg\" alt=\"\" width=\"960\" height=\"720\" srcset=\"https:\/\/www.copealcoy.es\/wp-content\/uploads\/2018\/04\/31113999_1323228857820596_7323610888328445952_n-1.jpg 960w, https:\/\/www.copealcoy.es\/wp-content\/uploads\/2018\/04\/31113999_1323228857820596_7323610888328445952_n-1-300x225.jpg 300w, https:\/\/www.copealcoy.es\/wp-content\/uploads\/2018\/04\/31113999_1323228857820596_7323610888328445952_n-1-768x576.jpg 768w\" sizes=\"auto, (max-width: 960px) 100vw, 960px\" \/><\/a><\/p>\n<p><strong>El joven Sant Carbonell, Alf\u00e9rez Moro de la Magenta, puso el broche de oro al desfile\u00a0<\/strong><\/p>\n<p style=\"text-align: justify;\">La <strong>Fil\u00e0 Magenta<\/strong> fue la encargada de cerrar la Entrada Mora representando con su boato <strong>la conquista \u00e1rabe de la Pen\u00ednsula Ib\u00e9rica<\/strong> en el siglo X y <strong>la invasi\u00f3n de la Villa de Alcoy<\/strong> por parte de las tropas de Tuaregs, Almor\u00e1vides y Beduinos encabezadas por\u00a0<em>Ibn Yusuf<\/em>. De nuevo los jinetes, la fuerza de la percusi\u00f3n y las coreograf\u00edas guerreras tomaron las calles alcoyanas <strong>para recrear como los mencionados ej\u00e9rcitos combatieron a los cristianos<\/strong> en la Batalla de Sagrajas de 1086. La madre del Alf\u00e9rez y favorita <strong>precedi\u00f3 a Santi Carbonell<\/strong>, Alf\u00e9rez Moro 2018, montado sobre una espectacular carroza y <strong>arropado por sus caballeros y damas<\/strong>. En <strong>su dise\u00f1o<\/strong>, ideado por \u00e9l mismo, no faltaron tampoco los tonos de su Fil\u00e0, un cuidado peto de metal e incluso <strong>un gui\u00f1o a los Cruzados<\/strong>; formaci\u00f3n cristiana a la que tambi\u00e9n pertenece. \u00a0A sus treinta a\u00f1os <strong>Santi Carbonell desfil\u00f3 plet\u00f3rico<\/strong>, lleno de ilusi\u00f3n y con <strong>la compa\u00f1\u00eda musical del Ateneu Musical de Rafaelguaraf<\/strong> interpretando\u00a0<em>El Jinete\u00a0<\/em>y <em>Al-hamra granadina<\/em> (Jos\u00e9 Mar\u00eda Valls Satorres) as\u00ed como\u00a0<em>Moros y Cristianos\u00a0<\/em>(Camilo P\u00e9rez Monllor). El colof\u00f3n a esta magn\u00edfica Entrada Mora<strong> lo puso la Escuadra de Negros<\/strong>, obra de<strong> Antonio Aracil<\/strong>, y en la la est\u00e9tica africana fue la predominante con el color blanco como protagonista. Para tan digno final<strong> no pudo faltar<\/strong> la cl\u00e1sica\u00a0<em>Entr\u00e0 dels Moros\u00a0<\/em>de Camilo P\u00e9rez Monllor interpretada por la<strong> Corporaci\u00f3n Musical Primitiva de Alcoy<\/strong>.<\/p>\n<p><a href=\"https:\/\/www.copealcoy.es\/wp-content\/uploads\/2018\/04\/31239546_1324954924314656_4973191495881326592_n.jpg\"><img loading=\"lazy\" decoding=\"async\" class=\"alignnone wp-image-41623 size-full\" src=\"https:\/\/www.copealcoy.es\/wp-content\/uploads\/2018\/04\/31239546_1324954924314656_4973191495881326592_n.jpg\" alt=\"\" width=\"960\" height=\"720\" srcset=\"https:\/\/www.copealcoy.es\/wp-content\/uploads\/2018\/04\/31239546_1324954924314656_4973191495881326592_n.jpg 960w, https:\/\/www.copealcoy.es\/wp-content\/uploads\/2018\/04\/31239546_1324954924314656_4973191495881326592_n-300x225.jpg 300w, https:\/\/www.copealcoy.es\/wp-content\/uploads\/2018\/04\/31239546_1324954924314656_4973191495881326592_n-768x576.jpg 768w\" sizes=\"auto, (max-width: 960px) 100vw, 960px\" \/><\/a><\/p>\n<p style=\"text-align: justify;\">Con estas dosis de imaginaci\u00f3n, color, majestuosidad y fantas\u00eda <strong>culmin\u00f3 una intensa jornada<\/strong> en la que <strong>m\u00e1s de 12.000 personas<\/strong> participaron en las Entradas de Alcoy de este 2018.<\/p>\n","protected":false},"excerpt":{"rendered":"<p>A las cinco en punto de la tarde del domingo 22 de abril dio inicio desde lo alto de El&#8230;<\/p>\n","protected":false},"author":1,"featured_media":41549,"comment_status":"open","ping_status":"open","sticky":false,"template":"","format":"standard","meta":{"footnotes":""},"categories":[97,78,75,125],"tags":[3292,1494,1987,5470,130],"class_list":["post-41223","post","type-post","status-publish","format-standard","has-post-thumbnail","hentry","category-alcoy","category-fiestaycultura","category-noticias","category-portada","tag-al-azraq","tag-alcoy","tag-entrada","tag-fuerza","tag-moros"],"yoast_head":"<!-- This site is optimized with the Yoast SEO plugin v27.3 - https:\/\/yoast.com\/product\/yoast-seo-wordpress\/ -->\n<title>Los moros exhiben su fuerza en la Entrada de Al-Azraq a Alcoy - COPE Alcoy<\/title>\n<meta name=\"robots\" content=\"index, follow, max-snippet:-1, max-image-preview:large, max-video-preview:-1\" \/>\n<link rel=\"canonical\" href=\"https:\/\/www.copealcoy.es\/es\/los-moros-exhiben-su-fuerza-en-la-entrada-de-al-azraq-a-alcoy\/\" \/>\n<meta property=\"og:locale\" content=\"es_ES\" \/>\n<meta property=\"og:type\" content=\"article\" \/>\n<meta property=\"og:title\" content=\"Los moros exhiben su fuerza en la Entrada de Al-Azraq a Alcoy - COPE Alcoy\" \/>\n<meta property=\"og:description\" content=\"A las cinco en punto de la tarde del domingo 22 de abril dio inicio desde lo alto de El...\" \/>\n<meta property=\"og:url\" content=\"https:\/\/www.copealcoy.es\/es\/los-moros-exhiben-su-fuerza-en-la-entrada-de-al-azraq-a-alcoy\/\" \/>\n<meta property=\"og:site_name\" content=\"COPE Alcoy\" \/>\n<meta property=\"article:published_time\" content=\"2018-04-22T21:20:29+00:00\" \/>\n<meta property=\"article:modified_time\" content=\"2018-04-25T13:37:12+00:00\" \/>\n<meta property=\"og:image\" content=\"https:\/\/www.copealcoy.es\/wp-content\/uploads\/2018\/04\/entrada-mora.jpg\" \/>\n\t<meta property=\"og:image:width\" content=\"660\" \/>\n\t<meta property=\"og:image:height\" content=\"330\" \/>\n\t<meta property=\"og:image:type\" content=\"image\/jpeg\" \/>\n<meta name=\"author\" content=\"Cope Alcoy\" \/>\n<meta name=\"twitter:label1\" content=\"Escrito por\" \/>\n\t<meta name=\"twitter:data1\" content=\"Cope Alcoy\" \/>\n\t<meta name=\"twitter:label2\" content=\"Tiempo de lectura\" \/>\n\t<meta name=\"twitter:data2\" content=\"4 minutos\" \/>\n<script type=\"application\/ld+json\" class=\"yoast-schema-graph\">{\"@context\":\"https:\\\/\\\/schema.org\",\"@graph\":[{\"@type\":\"Article\",\"@id\":\"https:\\\/\\\/www.copealcoy.es\\\/es\\\/los-moros-exhiben-su-fuerza-en-la-entrada-de-al-azraq-a-alcoy\\\/#article\",\"isPartOf\":{\"@id\":\"https:\\\/\\\/www.copealcoy.es\\\/es\\\/los-moros-exhiben-su-fuerza-en-la-entrada-de-al-azraq-a-alcoy\\\/\"},\"author\":{\"name\":\"Cope Alcoy\",\"@id\":\"https:\\\/\\\/www.copealcoy.es\\\/es\\\/#\\\/schema\\\/person\\\/e777c87fa024e57d40170af9df39882c\"},\"headline\":\"Los moros exhiben su fuerza en la Entrada de Al-Azraq a Alcoy\",\"datePublished\":\"2018-04-22T21:20:29+00:00\",\"dateModified\":\"2018-04-25T13:37:12+00:00\",\"mainEntityOfPage\":{\"@id\":\"https:\\\/\\\/www.copealcoy.es\\\/es\\\/los-moros-exhiben-su-fuerza-en-la-entrada-de-al-azraq-a-alcoy\\\/\"},\"wordCount\":897,\"commentCount\":0,\"image\":{\"@id\":\"https:\\\/\\\/www.copealcoy.es\\\/es\\\/los-moros-exhiben-su-fuerza-en-la-entrada-de-al-azraq-a-alcoy\\\/#primaryimage\"},\"thumbnailUrl\":\"https:\\\/\\\/www.copealcoy.es\\\/wp-content\\\/uploads\\\/2018\\\/04\\\/entrada-mora.jpg\",\"keywords\":[\"Al-Azraq\",\"Alcoy\",\"Entrada\",\"fuerza\",\"Moros\"],\"articleSection\":[\"Alcoy\",\"Fiesta y Cultura\",\"Noticias\",\"Portada\"],\"inLanguage\":\"es\"},{\"@type\":\"WebPage\",\"@id\":\"https:\\\/\\\/www.copealcoy.es\\\/es\\\/los-moros-exhiben-su-fuerza-en-la-entrada-de-al-azraq-a-alcoy\\\/\",\"url\":\"https:\\\/\\\/www.copealcoy.es\\\/es\\\/los-moros-exhiben-su-fuerza-en-la-entrada-de-al-azraq-a-alcoy\\\/\",\"name\":\"Los moros exhiben su fuerza en la Entrada de Al-Azraq a Alcoy - COPE Alcoy\",\"isPartOf\":{\"@id\":\"https:\\\/\\\/www.copealcoy.es\\\/es\\\/#website\"},\"primaryImageOfPage\":{\"@id\":\"https:\\\/\\\/www.copealcoy.es\\\/es\\\/los-moros-exhiben-su-fuerza-en-la-entrada-de-al-azraq-a-alcoy\\\/#primaryimage\"},\"image\":{\"@id\":\"https:\\\/\\\/www.copealcoy.es\\\/es\\\/los-moros-exhiben-su-fuerza-en-la-entrada-de-al-azraq-a-alcoy\\\/#primaryimage\"},\"thumbnailUrl\":\"https:\\\/\\\/www.copealcoy.es\\\/wp-content\\\/uploads\\\/2018\\\/04\\\/entrada-mora.jpg\",\"datePublished\":\"2018-04-22T21:20:29+00:00\",\"dateModified\":\"2018-04-25T13:37:12+00:00\",\"author\":{\"@id\":\"https:\\\/\\\/www.copealcoy.es\\\/es\\\/#\\\/schema\\\/person\\\/e777c87fa024e57d40170af9df39882c\"},\"breadcrumb\":{\"@id\":\"https:\\\/\\\/www.copealcoy.es\\\/es\\\/los-moros-exhiben-su-fuerza-en-la-entrada-de-al-azraq-a-alcoy\\\/#breadcrumb\"},\"inLanguage\":\"es\",\"potentialAction\":[{\"@type\":\"ReadAction\",\"target\":[\"https:\\\/\\\/www.copealcoy.es\\\/es\\\/los-moros-exhiben-su-fuerza-en-la-entrada-de-al-azraq-a-alcoy\\\/\"]}]},{\"@type\":\"ImageObject\",\"inLanguage\":\"es\",\"@id\":\"https:\\\/\\\/www.copealcoy.es\\\/es\\\/los-moros-exhiben-su-fuerza-en-la-entrada-de-al-azraq-a-alcoy\\\/#primaryimage\",\"url\":\"https:\\\/\\\/www.copealcoy.es\\\/wp-content\\\/uploads\\\/2018\\\/04\\\/entrada-mora.jpg\",\"contentUrl\":\"https:\\\/\\\/www.copealcoy.es\\\/wp-content\\\/uploads\\\/2018\\\/04\\\/entrada-mora.jpg\",\"width\":660,\"height\":330,\"caption\":\"Las fuerzas mahometanas han conquistado Alcoy esta tarde \\\/ Foto: G. Pascual\"},{\"@type\":\"BreadcrumbList\",\"@id\":\"https:\\\/\\\/www.copealcoy.es\\\/es\\\/los-moros-exhiben-su-fuerza-en-la-entrada-de-al-azraq-a-alcoy\\\/#breadcrumb\",\"itemListElement\":[{\"@type\":\"ListItem\",\"position\":1,\"name\":\"Portada\",\"item\":\"https:\\\/\\\/www.copealcoy.es\\\/es\\\/\"},{\"@type\":\"ListItem\",\"position\":2,\"name\":\"Los moros exhiben su fuerza en la Entrada de Al-Azraq a Alcoy\"}]},{\"@type\":\"WebSite\",\"@id\":\"https:\\\/\\\/www.copealcoy.es\\\/es\\\/#website\",\"url\":\"https:\\\/\\\/www.copealcoy.es\\\/es\\\/\",\"name\":\"COPE Alcoy\",\"description\":\"Emisora COPE de radio local con emisi\u00f3n online. Pont de Sant Jordi 8-10 03803 Alcoy\",\"potentialAction\":[{\"@type\":\"SearchAction\",\"target\":{\"@type\":\"EntryPoint\",\"urlTemplate\":\"https:\\\/\\\/www.copealcoy.es\\\/es\\\/?s={search_term_string}\"},\"query-input\":{\"@type\":\"PropertyValueSpecification\",\"valueRequired\":true,\"valueName\":\"search_term_string\"}}],\"inLanguage\":\"es\"},{\"@type\":\"Person\",\"@id\":\"https:\\\/\\\/www.copealcoy.es\\\/es\\\/#\\\/schema\\\/person\\\/e777c87fa024e57d40170af9df39882c\",\"name\":\"Cope Alcoy\",\"image\":{\"@type\":\"ImageObject\",\"inLanguage\":\"es\",\"@id\":\"https:\\\/\\\/secure.gravatar.com\\\/avatar\\\/bb65d0283347e303893ba14f0692005417c1e0e690a325a4c5d8bb2b3943ee14?s=96&d=mm&r=g\",\"url\":\"https:\\\/\\\/secure.gravatar.com\\\/avatar\\\/bb65d0283347e303893ba14f0692005417c1e0e690a325a4c5d8bb2b3943ee14?s=96&d=mm&r=g\",\"contentUrl\":\"https:\\\/\\\/secure.gravatar.com\\\/avatar\\\/bb65d0283347e303893ba14f0692005417c1e0e690a325a4c5d8bb2b3943ee14?s=96&d=mm&r=g\",\"caption\":\"Cope Alcoy\"}}]}<\/script>\n<!-- \/ Yoast SEO plugin. -->","yoast_head_json":{"title":"Los moros exhiben su fuerza en la Entrada de Al-Azraq a Alcoy - COPE Alcoy","robots":{"index":"index","follow":"follow","max-snippet":"max-snippet:-1","max-image-preview":"max-image-preview:large","max-video-preview":"max-video-preview:-1"},"canonical":"https:\/\/www.copealcoy.es\/es\/los-moros-exhiben-su-fuerza-en-la-entrada-de-al-azraq-a-alcoy\/","og_locale":"es_ES","og_type":"article","og_title":"Los moros exhiben su fuerza en la Entrada de Al-Azraq a Alcoy - COPE Alcoy","og_description":"A las cinco en punto de la tarde del domingo 22 de abril dio inicio desde lo alto de El...","og_url":"https:\/\/www.copealcoy.es\/es\/los-moros-exhiben-su-fuerza-en-la-entrada-de-al-azraq-a-alcoy\/","og_site_name":"COPE Alcoy","article_published_time":"2018-04-22T21:20:29+00:00","article_modified_time":"2018-04-25T13:37:12+00:00","og_image":[{"width":660,"height":330,"url":"https:\/\/www.copealcoy.es\/wp-content\/uploads\/2018\/04\/entrada-mora.jpg","type":"image\/jpeg"}],"author":"Cope Alcoy","twitter_misc":{"Escrito por":"Cope Alcoy","Tiempo de lectura":"4 minutos"},"schema":{"@context":"https:\/\/schema.org","@graph":[{"@type":"Article","@id":"https:\/\/www.copealcoy.es\/es\/los-moros-exhiben-su-fuerza-en-la-entrada-de-al-azraq-a-alcoy\/#article","isPartOf":{"@id":"https:\/\/www.copealcoy.es\/es\/los-moros-exhiben-su-fuerza-en-la-entrada-de-al-azraq-a-alcoy\/"},"author":{"name":"Cope Alcoy","@id":"https:\/\/www.copealcoy.es\/es\/#\/schema\/person\/e777c87fa024e57d40170af9df39882c"},"headline":"Los moros exhiben su fuerza en la Entrada de Al-Azraq a Alcoy","datePublished":"2018-04-22T21:20:29+00:00","dateModified":"2018-04-25T13:37:12+00:00","mainEntityOfPage":{"@id":"https:\/\/www.copealcoy.es\/es\/los-moros-exhiben-su-fuerza-en-la-entrada-de-al-azraq-a-alcoy\/"},"wordCount":897,"commentCount":0,"image":{"@id":"https:\/\/www.copealcoy.es\/es\/los-moros-exhiben-su-fuerza-en-la-entrada-de-al-azraq-a-alcoy\/#primaryimage"},"thumbnailUrl":"https:\/\/www.copealcoy.es\/wp-content\/uploads\/2018\/04\/entrada-mora.jpg","keywords":["Al-Azraq","Alcoy","Entrada","fuerza","Moros"],"articleSection":["Alcoy","Fiesta y Cultura","Noticias","Portada"],"inLanguage":"es"},{"@type":"WebPage","@id":"https:\/\/www.copealcoy.es\/es\/los-moros-exhiben-su-fuerza-en-la-entrada-de-al-azraq-a-alcoy\/","url":"https:\/\/www.copealcoy.es\/es\/los-moros-exhiben-su-fuerza-en-la-entrada-de-al-azraq-a-alcoy\/","name":"Los moros exhiben su fuerza en la Entrada de Al-Azraq a Alcoy - COPE Alcoy","isPartOf":{"@id":"https:\/\/www.copealcoy.es\/es\/#website"},"primaryImageOfPage":{"@id":"https:\/\/www.copealcoy.es\/es\/los-moros-exhiben-su-fuerza-en-la-entrada-de-al-azraq-a-alcoy\/#primaryimage"},"image":{"@id":"https:\/\/www.copealcoy.es\/es\/los-moros-exhiben-su-fuerza-en-la-entrada-de-al-azraq-a-alcoy\/#primaryimage"},"thumbnailUrl":"https:\/\/www.copealcoy.es\/wp-content\/uploads\/2018\/04\/entrada-mora.jpg","datePublished":"2018-04-22T21:20:29+00:00","dateModified":"2018-04-25T13:37:12+00:00","author":{"@id":"https:\/\/www.copealcoy.es\/es\/#\/schema\/person\/e777c87fa024e57d40170af9df39882c"},"breadcrumb":{"@id":"https:\/\/www.copealcoy.es\/es\/los-moros-exhiben-su-fuerza-en-la-entrada-de-al-azraq-a-alcoy\/#breadcrumb"},"inLanguage":"es","potentialAction":[{"@type":"ReadAction","target":["https:\/\/www.copealcoy.es\/es\/los-moros-exhiben-su-fuerza-en-la-entrada-de-al-azraq-a-alcoy\/"]}]},{"@type":"ImageObject","inLanguage":"es","@id":"https:\/\/www.copealcoy.es\/es\/los-moros-exhiben-su-fuerza-en-la-entrada-de-al-azraq-a-alcoy\/#primaryimage","url":"https:\/\/www.copealcoy.es\/wp-content\/uploads\/2018\/04\/entrada-mora.jpg","contentUrl":"https:\/\/www.copealcoy.es\/wp-content\/uploads\/2018\/04\/entrada-mora.jpg","width":660,"height":330,"caption":"Las fuerzas mahometanas han conquistado Alcoy esta tarde \/ Foto: G. Pascual"},{"@type":"BreadcrumbList","@id":"https:\/\/www.copealcoy.es\/es\/los-moros-exhiben-su-fuerza-en-la-entrada-de-al-azraq-a-alcoy\/#breadcrumb","itemListElement":[{"@type":"ListItem","position":1,"name":"Portada","item":"https:\/\/www.copealcoy.es\/es\/"},{"@type":"ListItem","position":2,"name":"Los moros exhiben su fuerza en la Entrada de Al-Azraq a Alcoy"}]},{"@type":"WebSite","@id":"https:\/\/www.copealcoy.es\/es\/#website","url":"https:\/\/www.copealcoy.es\/es\/","name":"COPE Alcoy","description":"Emisora COPE de radio local con emisi\u00f3n online. Pont de Sant Jordi 8-10 03803 Alcoy","potentialAction":[{"@type":"SearchAction","target":{"@type":"EntryPoint","urlTemplate":"https:\/\/www.copealcoy.es\/es\/?s={search_term_string}"},"query-input":{"@type":"PropertyValueSpecification","valueRequired":true,"valueName":"search_term_string"}}],"inLanguage":"es"},{"@type":"Person","@id":"https:\/\/www.copealcoy.es\/es\/#\/schema\/person\/e777c87fa024e57d40170af9df39882c","name":"Cope Alcoy","image":{"@type":"ImageObject","inLanguage":"es","@id":"https:\/\/secure.gravatar.com\/avatar\/bb65d0283347e303893ba14f0692005417c1e0e690a325a4c5d8bb2b3943ee14?s=96&d=mm&r=g","url":"https:\/\/secure.gravatar.com\/avatar\/bb65d0283347e303893ba14f0692005417c1e0e690a325a4c5d8bb2b3943ee14?s=96&d=mm&r=g","contentUrl":"https:\/\/secure.gravatar.com\/avatar\/bb65d0283347e303893ba14f0692005417c1e0e690a325a4c5d8bb2b3943ee14?s=96&d=mm&r=g","caption":"Cope Alcoy"}}]}},"_links":{"self":[{"href":"https:\/\/www.copealcoy.es\/es\/wp-json\/wp\/v2\/posts\/41223","targetHints":{"allow":["GET"]}}],"collection":[{"href":"https:\/\/www.copealcoy.es\/es\/wp-json\/wp\/v2\/posts"}],"about":[{"href":"https:\/\/www.copealcoy.es\/es\/wp-json\/wp\/v2\/types\/post"}],"author":[{"embeddable":true,"href":"https:\/\/www.copealcoy.es\/es\/wp-json\/wp\/v2\/users\/1"}],"replies":[{"embeddable":true,"href":"https:\/\/www.copealcoy.es\/es\/wp-json\/wp\/v2\/comments?post=41223"}],"version-history":[{"count":0,"href":"https:\/\/www.copealcoy.es\/es\/wp-json\/wp\/v2\/posts\/41223\/revisions"}],"wp:featuredmedia":[{"embeddable":true,"href":"https:\/\/www.copealcoy.es\/es\/wp-json\/wp\/v2\/media\/41549"}],"wp:attachment":[{"href":"https:\/\/www.copealcoy.es\/es\/wp-json\/wp\/v2\/media?parent=41223"}],"wp:term":[{"taxonomy":"category","embeddable":true,"href":"https:\/\/www.copealcoy.es\/es\/wp-json\/wp\/v2\/categories?post=41223"},{"taxonomy":"post_tag","embeddable":true,"href":"https:\/\/www.copealcoy.es\/es\/wp-json\/wp\/v2\/tags?post=41223"}],"curies":[{"name":"wp","href":"https:\/\/api.w.org\/{rel}","templated":true}]}}