{"id":41221,"date":"2018-04-23T09:00:25","date_gmt":"2018-04-23T09:00:25","guid":{"rendered":"http:\/\/copealcoi.es\/new\/?p=41221"},"modified":"2018-04-23T09:05:24","modified_gmt":"2018-04-23T09:05:24","slug":"los-mas-pequenos-garantizan-el-futuro-de-la-festa-en-la-segunda-diana","status":"publish","type":"post","link":"https:\/\/www.copealcoy.es\/es\/los-mas-pequenos-garantizan-el-futuro-de-la-festa-en-la-segunda-diana\/","title":{"rendered":"Los m\u00e1s peque\u00f1os garantizan el futuro de la Festa en la Segunda Diana"},"content":{"rendered":"<p style=\"text-align: justify;\">Alcoy ha arrancado este 23 de abril <strong>al ritmo de la m\u00fasica festera<\/strong> y con el acto de <strong>la Segunda Diana<\/strong> en la que un a\u00f1o m\u00e1s <strong>los peque\u00f1os<\/strong> han tenido todo el protagonismo. El entra\u00f1able desfile <strong>ha modificado este a\u00f1o su horario<\/strong> y ha arrancado a <strong>las ocho y media de la ma\u00f1ana<\/strong> para discurrir por <strong>dos itinerarios<\/strong>: la calle de San Nicol\u00e1s y l&#8217;Avinguda del Pa\u00eds Valenci\u00e0.<\/p>\n<p style=\"text-align: justify;\">Los <strong>Sargentos Infantiles<\/strong>, <strong>Marcos J\u00e1come<\/strong> (Moro) y <strong>V\u00edctor Fern\u00e1ndez<\/strong> (Cristiano), han guiado a <strong>las filaes Navarros y Verdes<\/strong> al ostentar estas los cargos de capit\u00e1n. En esta ocasi\u00f3n <strong>el bando moro<\/strong> ha iniciado el acto desde la Font Redona mientras que <strong>los cristianos<\/strong> han recorrido l&#8217;Avinguda del Pa\u00eds Valenci\u00e0 y la calle San Lorenzo. Ambos bandos han finalizado el recorrido en la Plaza de Espa\u00f1a a los pies del castillo de fiestas. Se\u00f1alar que durante todo el trayecto los festeros adultos, familiares as\u00ed como alcoyanos y visitantes; <strong>han aplaudido el paso de la ni\u00f1ez festera<\/strong> en una Segunda Diana que <strong>ha vuelto a demostrar que el futuro de la Festa de Alcoy<\/strong> es prometedor.<\/p>\n<p style=\"text-align: justify;\">Recordar que este 23 de abril <strong>est\u00e1 repleto de actos<\/strong> ya que la ciudad rinde homenaje a su patr\u00f3n San Jorge. A partir de las once de la ma\u00f1ana <strong>comenzar\u00e1 la procesi\u00f3n de la Reliquia<\/strong> y despu\u00e9s <strong>se celebrar\u00e1 la Misa Mayor<\/strong> en la iglesia de Santa Mar\u00eda. A mediod\u00eda <strong>se disparar\u00e1 una <em>Masclet\u00e0\u00a0<\/em>en La Bandeja<\/strong> y por la tarde las filaes Berberiscos y Realistas protagonizar\u00e1n la <strong>Diana Vespertina del Cavallet<\/strong>. Por \u00faltimo, a las 19:30h, se llevar\u00e1 a cabo <strong>la procesi\u00f3n general<\/strong> y el d\u00eda de San Jorge acabar\u00e1 con <strong>la Retreta<\/strong>.<\/p>\n<p><strong>Programaci\u00f3n especial en Cope Alcoy<\/strong><\/p>\n<p style=\"text-align: justify;\">Cope Alcoy les seguir\u00e1 ofreciendo hoy <strong>una programaci\u00f3n especial<\/strong> con motivo de las Fiestas de Moros y Cristianos. A partir de las 12:20h dar\u00e1 inicio el programa <strong>&#8216;Sant Jordi, far d&#8217;un poble&#8217;<\/strong> en el que la figura del patr\u00f3n ser\u00e1 la protagonista. Escucharemos<strong> m\u00fasica festera<\/strong> y contaremos con los testimonios de <strong>Gregorio Casasempere<\/strong> para hablar de la Misa de San Jorge mientras que el Director del Museu Arqueol\u00f2gic d&#8217;Alcoi, <strong>Josep Mar\u00eda Segura<\/strong>, nos dar\u00e1 informaci\u00f3n sobre la presencia de San Jorge en la religiosidad popular de Alcoy. Por \u00faltimo <strong>Rafael Conca<\/strong> nos contar\u00e1 c\u00f3mo surgi\u00f3 la tradici\u00f3n de lanzar claveles a Sant Jordiet durante el paso de la procesi\u00f3n de la Reliquia por la calle San Lorenzo. Esta cobertura radiof\u00f3nica se suma a <strong>la difusi\u00f3n de la Festa<\/strong> a trav\u00e9s de www.copealcoy.es y nuestras redes sociales: <a href=\"https:\/\/www.facebook.com\/copealcoy\/\"><span style=\"color: #0000ff;\">Facebook<\/span><\/a>, <a href=\"https:\/\/twitter.com\/CopeAlcoy\">Twitter<\/a> e <a href=\"https:\/\/www.instagram.com\/copealcoy\/\">Instagram<\/a>.<\/p>\n<p>&nbsp;<\/p>\n","protected":false},"excerpt":{"rendered":"<p>Alcoy ha arrancado este 23 de abril al ritmo de la m\u00fasica festera y con el acto de la Segunda&#8230;<\/p>\n","protected":false},"author":1,"featured_media":41554,"comment_status":"open","ping_status":"open","sticky":false,"template":"","format":"standard","meta":{"footnotes":""},"categories":[97,78,75],"tags":[1494,733,5469,5464,2161],"class_list":["post-41221","post","type-post","status-publish","format-standard","has-post-thumbnail","hentry","category-alcoy","category-fiestaycultura","category-noticias","tag-alcoy","tag-festa","tag-futuro","tag-mas-pequenos","tag-segunda-diana"],"yoast_head":"<!-- This site is optimized with the Yoast SEO plugin v27.3 - https:\/\/yoast.com\/product\/yoast-seo-wordpress\/ -->\n<title>Los m\u00e1s peque\u00f1os garantizan el futuro de la Festa en la Segunda Diana - COPE Alcoy<\/title>\n<meta name=\"robots\" content=\"index, follow, max-snippet:-1, max-image-preview:large, max-video-preview:-1\" \/>\n<link rel=\"canonical\" href=\"https:\/\/www.copealcoy.es\/es\/los-mas-pequenos-garantizan-el-futuro-de-la-festa-en-la-segunda-diana\/\" \/>\n<meta property=\"og:locale\" content=\"es_ES\" \/>\n<meta property=\"og:type\" content=\"article\" \/>\n<meta property=\"og:title\" content=\"Los m\u00e1s peque\u00f1os garantizan el futuro de la Festa en la Segunda Diana - COPE Alcoy\" \/>\n<meta property=\"og:description\" content=\"Alcoy ha arrancado este 23 de abril al ritmo de la m\u00fasica festera y con el acto de la Segunda...\" \/>\n<meta property=\"og:url\" content=\"https:\/\/www.copealcoy.es\/es\/los-mas-pequenos-garantizan-el-futuro-de-la-festa-en-la-segunda-diana\/\" \/>\n<meta property=\"og:site_name\" content=\"COPE Alcoy\" \/>\n<meta property=\"article:published_time\" content=\"2018-04-23T09:00:25+00:00\" \/>\n<meta property=\"article:modified_time\" content=\"2018-04-23T09:05:24+00:00\" \/>\n<meta property=\"og:image\" content=\"https:\/\/www.copealcoy.es\/wp-content\/uploads\/2018\/04\/7B086160-869A-4171-B272-6A2261C3DAEA.jpeg\" \/>\n\t<meta property=\"og:image:width\" content=\"976\" \/>\n\t<meta property=\"og:image:height\" content=\"637\" \/>\n\t<meta property=\"og:image:type\" content=\"image\/jpeg\" \/>\n<meta name=\"author\" content=\"Cope Alcoy\" \/>\n<meta name=\"twitter:label1\" content=\"Escrito por\" \/>\n\t<meta name=\"twitter:data1\" content=\"Cope Alcoy\" \/>\n\t<meta name=\"twitter:label2\" content=\"Tiempo de lectura\" \/>\n\t<meta name=\"twitter:data2\" content=\"2 minutos\" \/>\n<script type=\"application\/ld+json\" class=\"yoast-schema-graph\">{\"@context\":\"https:\\\/\\\/schema.org\",\"@graph\":[{\"@type\":\"Article\",\"@id\":\"https:\\\/\\\/www.copealcoy.es\\\/es\\\/los-mas-pequenos-garantizan-el-futuro-de-la-festa-en-la-segunda-diana\\\/#article\",\"isPartOf\":{\"@id\":\"https:\\\/\\\/www.copealcoy.es\\\/es\\\/los-mas-pequenos-garantizan-el-futuro-de-la-festa-en-la-segunda-diana\\\/\"},\"author\":{\"name\":\"Cope Alcoy\",\"@id\":\"https:\\\/\\\/www.copealcoy.es\\\/es\\\/#\\\/schema\\\/person\\\/e777c87fa024e57d40170af9df39882c\"},\"headline\":\"Los m\u00e1s peque\u00f1os garantizan el futuro de la Festa en la Segunda Diana\",\"datePublished\":\"2018-04-23T09:00:25+00:00\",\"dateModified\":\"2018-04-23T09:05:24+00:00\",\"mainEntityOfPage\":{\"@id\":\"https:\\\/\\\/www.copealcoy.es\\\/es\\\/los-mas-pequenos-garantizan-el-futuro-de-la-festa-en-la-segunda-diana\\\/\"},\"wordCount\":482,\"commentCount\":0,\"image\":{\"@id\":\"https:\\\/\\\/www.copealcoy.es\\\/es\\\/los-mas-pequenos-garantizan-el-futuro-de-la-festa-en-la-segunda-diana\\\/#primaryimage\"},\"thumbnailUrl\":\"https:\\\/\\\/www.copealcoy.es\\\/wp-content\\\/uploads\\\/2018\\\/04\\\/7B086160-869A-4171-B272-6A2261C3DAEA.jpeg\",\"keywords\":[\"Alcoy\",\"Festa\",\"futuro\",\"m\u00e1s peque\u00f1os\",\"Segunda Diana\"],\"articleSection\":[\"Alcoy\",\"Fiesta y Cultura\",\"Noticias\"],\"inLanguage\":\"es\"},{\"@type\":\"WebPage\",\"@id\":\"https:\\\/\\\/www.copealcoy.es\\\/es\\\/los-mas-pequenos-garantizan-el-futuro-de-la-festa-en-la-segunda-diana\\\/\",\"url\":\"https:\\\/\\\/www.copealcoy.es\\\/es\\\/los-mas-pequenos-garantizan-el-futuro-de-la-festa-en-la-segunda-diana\\\/\",\"name\":\"Los m\u00e1s peque\u00f1os garantizan el futuro de la Festa en la Segunda Diana - COPE Alcoy\",\"isPartOf\":{\"@id\":\"https:\\\/\\\/www.copealcoy.es\\\/es\\\/#website\"},\"primaryImageOfPage\":{\"@id\":\"https:\\\/\\\/www.copealcoy.es\\\/es\\\/los-mas-pequenos-garantizan-el-futuro-de-la-festa-en-la-segunda-diana\\\/#primaryimage\"},\"image\":{\"@id\":\"https:\\\/\\\/www.copealcoy.es\\\/es\\\/los-mas-pequenos-garantizan-el-futuro-de-la-festa-en-la-segunda-diana\\\/#primaryimage\"},\"thumbnailUrl\":\"https:\\\/\\\/www.copealcoy.es\\\/wp-content\\\/uploads\\\/2018\\\/04\\\/7B086160-869A-4171-B272-6A2261C3DAEA.jpeg\",\"datePublished\":\"2018-04-23T09:00:25+00:00\",\"dateModified\":\"2018-04-23T09:05:24+00:00\",\"author\":{\"@id\":\"https:\\\/\\\/www.copealcoy.es\\\/es\\\/#\\\/schema\\\/person\\\/e777c87fa024e57d40170af9df39882c\"},\"breadcrumb\":{\"@id\":\"https:\\\/\\\/www.copealcoy.es\\\/es\\\/los-mas-pequenos-garantizan-el-futuro-de-la-festa-en-la-segunda-diana\\\/#breadcrumb\"},\"inLanguage\":\"es\",\"potentialAction\":[{\"@type\":\"ReadAction\",\"target\":[\"https:\\\/\\\/www.copealcoy.es\\\/es\\\/los-mas-pequenos-garantizan-el-futuro-de-la-festa-en-la-segunda-diana\\\/\"]}]},{\"@type\":\"ImageObject\",\"inLanguage\":\"es\",\"@id\":\"https:\\\/\\\/www.copealcoy.es\\\/es\\\/los-mas-pequenos-garantizan-el-futuro-de-la-festa-en-la-segunda-diana\\\/#primaryimage\",\"url\":\"https:\\\/\\\/www.copealcoy.es\\\/wp-content\\\/uploads\\\/2018\\\/04\\\/7B086160-869A-4171-B272-6A2261C3DAEA.jpeg\",\"contentUrl\":\"https:\\\/\\\/www.copealcoy.es\\\/wp-content\\\/uploads\\\/2018\\\/04\\\/7B086160-869A-4171-B272-6A2261C3DAEA.jpeg\",\"width\":976,\"height\":637,\"caption\":\"Festeros de la Fil\u00e0 vascos tomando parte en la Segunda Diana \\\/ Fil\u00e0 Vascos\"},{\"@type\":\"BreadcrumbList\",\"@id\":\"https:\\\/\\\/www.copealcoy.es\\\/es\\\/los-mas-pequenos-garantizan-el-futuro-de-la-festa-en-la-segunda-diana\\\/#breadcrumb\",\"itemListElement\":[{\"@type\":\"ListItem\",\"position\":1,\"name\":\"Portada\",\"item\":\"https:\\\/\\\/www.copealcoy.es\\\/es\\\/\"},{\"@type\":\"ListItem\",\"position\":2,\"name\":\"Los m\u00e1s peque\u00f1os garantizan el futuro de la Festa en la Segunda Diana\"}]},{\"@type\":\"WebSite\",\"@id\":\"https:\\\/\\\/www.copealcoy.es\\\/es\\\/#website\",\"url\":\"https:\\\/\\\/www.copealcoy.es\\\/es\\\/\",\"name\":\"COPE Alcoy\",\"description\":\"Emisora COPE de radio local con emisi\u00f3n online. Pont de Sant Jordi 8-10 03803 Alcoy\",\"potentialAction\":[{\"@type\":\"SearchAction\",\"target\":{\"@type\":\"EntryPoint\",\"urlTemplate\":\"https:\\\/\\\/www.copealcoy.es\\\/es\\\/?s={search_term_string}\"},\"query-input\":{\"@type\":\"PropertyValueSpecification\",\"valueRequired\":true,\"valueName\":\"search_term_string\"}}],\"inLanguage\":\"es\"},{\"@type\":\"Person\",\"@id\":\"https:\\\/\\\/www.copealcoy.es\\\/es\\\/#\\\/schema\\\/person\\\/e777c87fa024e57d40170af9df39882c\",\"name\":\"Cope Alcoy\",\"image\":{\"@type\":\"ImageObject\",\"inLanguage\":\"es\",\"@id\":\"https:\\\/\\\/secure.gravatar.com\\\/avatar\\\/bb65d0283347e303893ba14f0692005417c1e0e690a325a4c5d8bb2b3943ee14?s=96&d=mm&r=g\",\"url\":\"https:\\\/\\\/secure.gravatar.com\\\/avatar\\\/bb65d0283347e303893ba14f0692005417c1e0e690a325a4c5d8bb2b3943ee14?s=96&d=mm&r=g\",\"contentUrl\":\"https:\\\/\\\/secure.gravatar.com\\\/avatar\\\/bb65d0283347e303893ba14f0692005417c1e0e690a325a4c5d8bb2b3943ee14?s=96&d=mm&r=g\",\"caption\":\"Cope Alcoy\"}}]}<\/script>\n<!-- \/ Yoast SEO plugin. -->","yoast_head_json":{"title":"Los m\u00e1s peque\u00f1os garantizan el futuro de la Festa en la Segunda Diana - COPE Alcoy","robots":{"index":"index","follow":"follow","max-snippet":"max-snippet:-1","max-image-preview":"max-image-preview:large","max-video-preview":"max-video-preview:-1"},"canonical":"https:\/\/www.copealcoy.es\/es\/los-mas-pequenos-garantizan-el-futuro-de-la-festa-en-la-segunda-diana\/","og_locale":"es_ES","og_type":"article","og_title":"Los m\u00e1s peque\u00f1os garantizan el futuro de la Festa en la Segunda Diana - COPE Alcoy","og_description":"Alcoy ha arrancado este 23 de abril al ritmo de la m\u00fasica festera y con el acto de la Segunda...","og_url":"https:\/\/www.copealcoy.es\/es\/los-mas-pequenos-garantizan-el-futuro-de-la-festa-en-la-segunda-diana\/","og_site_name":"COPE Alcoy","article_published_time":"2018-04-23T09:00:25+00:00","article_modified_time":"2018-04-23T09:05:24+00:00","og_image":[{"width":976,"height":637,"url":"https:\/\/www.copealcoy.es\/wp-content\/uploads\/2018\/04\/7B086160-869A-4171-B272-6A2261C3DAEA.jpeg","type":"image\/jpeg"}],"author":"Cope Alcoy","twitter_misc":{"Escrito por":"Cope Alcoy","Tiempo de lectura":"2 minutos"},"schema":{"@context":"https:\/\/schema.org","@graph":[{"@type":"Article","@id":"https:\/\/www.copealcoy.es\/es\/los-mas-pequenos-garantizan-el-futuro-de-la-festa-en-la-segunda-diana\/#article","isPartOf":{"@id":"https:\/\/www.copealcoy.es\/es\/los-mas-pequenos-garantizan-el-futuro-de-la-festa-en-la-segunda-diana\/"},"author":{"name":"Cope Alcoy","@id":"https:\/\/www.copealcoy.es\/es\/#\/schema\/person\/e777c87fa024e57d40170af9df39882c"},"headline":"Los m\u00e1s peque\u00f1os garantizan el futuro de la Festa en la Segunda Diana","datePublished":"2018-04-23T09:00:25+00:00","dateModified":"2018-04-23T09:05:24+00:00","mainEntityOfPage":{"@id":"https:\/\/www.copealcoy.es\/es\/los-mas-pequenos-garantizan-el-futuro-de-la-festa-en-la-segunda-diana\/"},"wordCount":482,"commentCount":0,"image":{"@id":"https:\/\/www.copealcoy.es\/es\/los-mas-pequenos-garantizan-el-futuro-de-la-festa-en-la-segunda-diana\/#primaryimage"},"thumbnailUrl":"https:\/\/www.copealcoy.es\/wp-content\/uploads\/2018\/04\/7B086160-869A-4171-B272-6A2261C3DAEA.jpeg","keywords":["Alcoy","Festa","futuro","m\u00e1s peque\u00f1os","Segunda Diana"],"articleSection":["Alcoy","Fiesta y Cultura","Noticias"],"inLanguage":"es"},{"@type":"WebPage","@id":"https:\/\/www.copealcoy.es\/es\/los-mas-pequenos-garantizan-el-futuro-de-la-festa-en-la-segunda-diana\/","url":"https:\/\/www.copealcoy.es\/es\/los-mas-pequenos-garantizan-el-futuro-de-la-festa-en-la-segunda-diana\/","name":"Los m\u00e1s peque\u00f1os garantizan el futuro de la Festa en la Segunda Diana - COPE Alcoy","isPartOf":{"@id":"https:\/\/www.copealcoy.es\/es\/#website"},"primaryImageOfPage":{"@id":"https:\/\/www.copealcoy.es\/es\/los-mas-pequenos-garantizan-el-futuro-de-la-festa-en-la-segunda-diana\/#primaryimage"},"image":{"@id":"https:\/\/www.copealcoy.es\/es\/los-mas-pequenos-garantizan-el-futuro-de-la-festa-en-la-segunda-diana\/#primaryimage"},"thumbnailUrl":"https:\/\/www.copealcoy.es\/wp-content\/uploads\/2018\/04\/7B086160-869A-4171-B272-6A2261C3DAEA.jpeg","datePublished":"2018-04-23T09:00:25+00:00","dateModified":"2018-04-23T09:05:24+00:00","author":{"@id":"https:\/\/www.copealcoy.es\/es\/#\/schema\/person\/e777c87fa024e57d40170af9df39882c"},"breadcrumb":{"@id":"https:\/\/www.copealcoy.es\/es\/los-mas-pequenos-garantizan-el-futuro-de-la-festa-en-la-segunda-diana\/#breadcrumb"},"inLanguage":"es","potentialAction":[{"@type":"ReadAction","target":["https:\/\/www.copealcoy.es\/es\/los-mas-pequenos-garantizan-el-futuro-de-la-festa-en-la-segunda-diana\/"]}]},{"@type":"ImageObject","inLanguage":"es","@id":"https:\/\/www.copealcoy.es\/es\/los-mas-pequenos-garantizan-el-futuro-de-la-festa-en-la-segunda-diana\/#primaryimage","url":"https:\/\/www.copealcoy.es\/wp-content\/uploads\/2018\/04\/7B086160-869A-4171-B272-6A2261C3DAEA.jpeg","contentUrl":"https:\/\/www.copealcoy.es\/wp-content\/uploads\/2018\/04\/7B086160-869A-4171-B272-6A2261C3DAEA.jpeg","width":976,"height":637,"caption":"Festeros de la Fil\u00e0 vascos tomando parte en la Segunda Diana \/ Fil\u00e0 Vascos"},{"@type":"BreadcrumbList","@id":"https:\/\/www.copealcoy.es\/es\/los-mas-pequenos-garantizan-el-futuro-de-la-festa-en-la-segunda-diana\/#breadcrumb","itemListElement":[{"@type":"ListItem","position":1,"name":"Portada","item":"https:\/\/www.copealcoy.es\/es\/"},{"@type":"ListItem","position":2,"name":"Los m\u00e1s peque\u00f1os garantizan el futuro de la Festa en la Segunda Diana"}]},{"@type":"WebSite","@id":"https:\/\/www.copealcoy.es\/es\/#website","url":"https:\/\/www.copealcoy.es\/es\/","name":"COPE Alcoy","description":"Emisora COPE de radio local con emisi\u00f3n online. Pont de Sant Jordi 8-10 03803 Alcoy","potentialAction":[{"@type":"SearchAction","target":{"@type":"EntryPoint","urlTemplate":"https:\/\/www.copealcoy.es\/es\/?s={search_term_string}"},"query-input":{"@type":"PropertyValueSpecification","valueRequired":true,"valueName":"search_term_string"}}],"inLanguage":"es"},{"@type":"Person","@id":"https:\/\/www.copealcoy.es\/es\/#\/schema\/person\/e777c87fa024e57d40170af9df39882c","name":"Cope Alcoy","image":{"@type":"ImageObject","inLanguage":"es","@id":"https:\/\/secure.gravatar.com\/avatar\/bb65d0283347e303893ba14f0692005417c1e0e690a325a4c5d8bb2b3943ee14?s=96&d=mm&r=g","url":"https:\/\/secure.gravatar.com\/avatar\/bb65d0283347e303893ba14f0692005417c1e0e690a325a4c5d8bb2b3943ee14?s=96&d=mm&r=g","contentUrl":"https:\/\/secure.gravatar.com\/avatar\/bb65d0283347e303893ba14f0692005417c1e0e690a325a4c5d8bb2b3943ee14?s=96&d=mm&r=g","caption":"Cope Alcoy"}}]}},"_links":{"self":[{"href":"https:\/\/www.copealcoy.es\/es\/wp-json\/wp\/v2\/posts\/41221","targetHints":{"allow":["GET"]}}],"collection":[{"href":"https:\/\/www.copealcoy.es\/es\/wp-json\/wp\/v2\/posts"}],"about":[{"href":"https:\/\/www.copealcoy.es\/es\/wp-json\/wp\/v2\/types\/post"}],"author":[{"embeddable":true,"href":"https:\/\/www.copealcoy.es\/es\/wp-json\/wp\/v2\/users\/1"}],"replies":[{"embeddable":true,"href":"https:\/\/www.copealcoy.es\/es\/wp-json\/wp\/v2\/comments?post=41221"}],"version-history":[{"count":0,"href":"https:\/\/www.copealcoy.es\/es\/wp-json\/wp\/v2\/posts\/41221\/revisions"}],"wp:featuredmedia":[{"embeddable":true,"href":"https:\/\/www.copealcoy.es\/es\/wp-json\/wp\/v2\/media\/41554"}],"wp:attachment":[{"href":"https:\/\/www.copealcoy.es\/es\/wp-json\/wp\/v2\/media?parent=41221"}],"wp:term":[{"taxonomy":"category","embeddable":true,"href":"https:\/\/www.copealcoy.es\/es\/wp-json\/wp\/v2\/categories?post=41221"},{"taxonomy":"post_tag","embeddable":true,"href":"https:\/\/www.copealcoy.es\/es\/wp-json\/wp\/v2\/tags?post=41221"}],"curies":[{"name":"wp","href":"https:\/\/api.w.org\/{rel}","templated":true}]}}