{"id":41105,"date":"2018-04-11T16:13:05","date_gmt":"2018-04-11T16:13:05","guid":{"rendered":"http:\/\/copealcoi.es\/new\/?p=41105"},"modified":"2018-04-11T16:24:33","modified_gmt":"2018-04-11T16:24:33","slug":"compromis-reclama-agilidad-en-la-firma-del-convenio-entre-el-ayuntamiento-y-la-asj","status":"publish","type":"post","link":"https:\/\/www.copealcoy.es\/es\/compromis-reclama-agilidad-en-la-firma-del-convenio-entre-el-ayuntamiento-y-la-asj\/","title":{"rendered":"Comprom\u00eds reclama agilidad en la firma del convenio entre el Ayuntamiento y la ASJ"},"content":{"rendered":"<p style=\"text-align: justify;\">El Grupo Municipal de Comprom\u00eds Alcoi <strong>ha denunciado<\/strong> que a escasos d\u00edas de las Fiestas de Moros y Cristianos del 2018 el Gobierno Local <strong>no ha renovado todav\u00eda el convenio econ\u00f3mico<\/strong> con la Asociaci\u00f3n de San Jorge.<\/p>\n<p style=\"text-align: justify;\">La formaci\u00f3n pol\u00edtica ha pedido que para pr\u00f3ximos a\u00f1os <strong>este acuerdo entre el Casal y el Consistorio se adopte con la antelaci\u00f3n suficiente<\/strong> para que los grupos pol\u00edticos municipales <strong>puedan valorar la dotaci\u00f3n econ\u00f3mica<\/strong> que supone para las arcas locales &#8220;<em>desde el pasado mes de octubre llevamos preguntando en Comisiones Informativas sobre esta cuesti\u00f3n as\u00ed como en todos los plenos. El concejal siempre responde que nos lo dar\u00e1 ma\u00f1ana y a d\u00eda de hoy todav\u00eda no disponemos ni tan siquiera del borrador del convenio de fiestas<\/em>&#8220;, destaca el portavoz de Comprom\u00eds, <strong>M\u00e0rius Ivorra<\/strong>. De igual forma el mun\u00edcipe insiste en que <strong>a esta situaci\u00f3n se ha llegado por la falta de inter\u00e9s del concejal de Fiestas<\/strong> &#8220;<em>este es uno de los gastos m\u00e1s importantes de la concejal\u00eda de Fiestas. El convenio deber\u00eda ser el documento que nos ayudara a poder valorar si la dotaci\u00f3n econ\u00f3mica actual es adecuado o necesita mejorarse. Hasta ahora dependemos de las valoraciones subjetivas del responsable de la concejal\u00eda en cuesti\u00f3n<\/em>&#8220;, concluye Ivorra.<\/p>\n<p style=\"text-align: justify;\">Por \u00faltimo desde Comprom\u00eds Alcoi<strong> plantear\u00e1n un ruego en el pleno del lunes<\/strong> en el que pedir\u00e1n que <strong>se repongan aquellos elementos ornamentales de las Fiestas<\/strong> que han dejado de usarse como las banderas del Pont de Sant Jordi, las que remataban el Ayuntamiento o las que estaban en la Enramada con los escudos de las Filaes.<\/p>\n","protected":false},"excerpt":{"rendered":"<p>El Grupo Municipal de Comprom\u00eds Alcoi ha denunciado que a escasos d\u00edas de las Fiestas de Moros y Cristianos del&#8230;<\/p>\n","protected":false},"author":1,"featured_media":15624,"comment_status":"open","ping_status":"open","sticky":false,"template":"","format":"standard","meta":{"footnotes":""},"categories":[97,75,79],"tags":[5443,2115,229,152,590,5444,1087],"class_list":["post-41105","post","type-post","status-publish","format-standard","has-post-thumbnail","hentry","category-alcoy","category-noticias","category-politicayeconomia","tag-agilidad","tag-asj","tag-ayuntamiento","tag-compromis","tag-convenio","tag-firma","tag-pide"],"yoast_head":"<!-- This site is optimized with the Yoast SEO plugin v27.3 - https:\/\/yoast.com\/product\/yoast-seo-wordpress\/ -->\n<title>Comprom\u00eds reclama agilidad en la firma del convenio entre el Ayuntamiento y la ASJ - COPE Alcoy<\/title>\n<meta name=\"robots\" content=\"index, follow, max-snippet:-1, max-image-preview:large, max-video-preview:-1\" \/>\n<link rel=\"canonical\" href=\"https:\/\/www.copealcoy.es\/es\/compromis-reclama-agilidad-en-la-firma-del-convenio-entre-el-ayuntamiento-y-la-asj\/\" \/>\n<meta property=\"og:locale\" content=\"es_ES\" \/>\n<meta property=\"og:type\" content=\"article\" \/>\n<meta property=\"og:title\" content=\"Comprom\u00eds reclama agilidad en la firma del convenio entre el Ayuntamiento y la ASJ - COPE Alcoy\" \/>\n<meta property=\"og:description\" content=\"El Grupo Municipal de Comprom\u00eds Alcoi ha denunciado que a escasos d\u00edas de las Fiestas de Moros y Cristianos del...\" \/>\n<meta property=\"og:url\" content=\"https:\/\/www.copealcoy.es\/es\/compromis-reclama-agilidad-en-la-firma-del-convenio-entre-el-ayuntamiento-y-la-asj\/\" \/>\n<meta property=\"og:site_name\" content=\"COPE Alcoy\" \/>\n<meta property=\"article:published_time\" content=\"2018-04-11T16:13:05+00:00\" \/>\n<meta property=\"article:modified_time\" content=\"2018-04-11T16:24:33+00:00\" \/>\n<meta property=\"og:image\" content=\"https:\/\/www.copealcoy.es\/wp-content\/uploads\/2015\/09\/11041659_658681744275314_4176356789282073831_n.jpg\" \/>\n\t<meta property=\"og:image:width\" content=\"960\" \/>\n\t<meta property=\"og:image:height\" content=\"720\" \/>\n\t<meta property=\"og:image:type\" content=\"image\/jpeg\" \/>\n<meta name=\"author\" content=\"Cope Alcoy\" \/>\n<meta name=\"twitter:label1\" content=\"Escrito por\" \/>\n\t<meta name=\"twitter:data1\" content=\"Cope Alcoy\" \/>\n\t<meta name=\"twitter:label2\" content=\"Tiempo de lectura\" \/>\n\t<meta name=\"twitter:data2\" content=\"1 minuto\" \/>\n<script type=\"application\/ld+json\" class=\"yoast-schema-graph\">{\"@context\":\"https:\\\/\\\/schema.org\",\"@graph\":[{\"@type\":\"Article\",\"@id\":\"https:\\\/\\\/www.copealcoy.es\\\/es\\\/compromis-reclama-agilidad-en-la-firma-del-convenio-entre-el-ayuntamiento-y-la-asj\\\/#article\",\"isPartOf\":{\"@id\":\"https:\\\/\\\/www.copealcoy.es\\\/es\\\/compromis-reclama-agilidad-en-la-firma-del-convenio-entre-el-ayuntamiento-y-la-asj\\\/\"},\"author\":{\"name\":\"Cope Alcoy\",\"@id\":\"https:\\\/\\\/www.copealcoy.es\\\/es\\\/#\\\/schema\\\/person\\\/e777c87fa024e57d40170af9df39882c\"},\"headline\":\"Comprom\u00eds reclama agilidad en la firma del convenio entre el Ayuntamiento y la ASJ\",\"datePublished\":\"2018-04-11T16:13:05+00:00\",\"dateModified\":\"2018-04-11T16:24:33+00:00\",\"mainEntityOfPage\":{\"@id\":\"https:\\\/\\\/www.copealcoy.es\\\/es\\\/compromis-reclama-agilidad-en-la-firma-del-convenio-entre-el-ayuntamiento-y-la-asj\\\/\"},\"wordCount\":307,\"commentCount\":0,\"image\":{\"@id\":\"https:\\\/\\\/www.copealcoy.es\\\/es\\\/compromis-reclama-agilidad-en-la-firma-del-convenio-entre-el-ayuntamiento-y-la-asj\\\/#primaryimage\"},\"thumbnailUrl\":\"https:\\\/\\\/www.copealcoy.es\\\/wp-content\\\/uploads\\\/2015\\\/09\\\/11041659_658681744275314_4176356789282073831_n.jpg\",\"keywords\":[\"agilidad\",\"ASJ\",\"Ayuntamiento\",\"Comprom\u00eds\",\"Convenio\",\"firma\",\"pide\"],\"articleSection\":[\"Alcoy\",\"Noticias\",\"Pol\u00edtica y Econom\u00eda\"],\"inLanguage\":\"es\"},{\"@type\":\"WebPage\",\"@id\":\"https:\\\/\\\/www.copealcoy.es\\\/es\\\/compromis-reclama-agilidad-en-la-firma-del-convenio-entre-el-ayuntamiento-y-la-asj\\\/\",\"url\":\"https:\\\/\\\/www.copealcoy.es\\\/es\\\/compromis-reclama-agilidad-en-la-firma-del-convenio-entre-el-ayuntamiento-y-la-asj\\\/\",\"name\":\"Comprom\u00eds reclama agilidad en la firma del convenio entre el Ayuntamiento y la ASJ - COPE Alcoy\",\"isPartOf\":{\"@id\":\"https:\\\/\\\/www.copealcoy.es\\\/es\\\/#website\"},\"primaryImageOfPage\":{\"@id\":\"https:\\\/\\\/www.copealcoy.es\\\/es\\\/compromis-reclama-agilidad-en-la-firma-del-convenio-entre-el-ayuntamiento-y-la-asj\\\/#primaryimage\"},\"image\":{\"@id\":\"https:\\\/\\\/www.copealcoy.es\\\/es\\\/compromis-reclama-agilidad-en-la-firma-del-convenio-entre-el-ayuntamiento-y-la-asj\\\/#primaryimage\"},\"thumbnailUrl\":\"https:\\\/\\\/www.copealcoy.es\\\/wp-content\\\/uploads\\\/2015\\\/09\\\/11041659_658681744275314_4176356789282073831_n.jpg\",\"datePublished\":\"2018-04-11T16:13:05+00:00\",\"dateModified\":\"2018-04-11T16:24:33+00:00\",\"author\":{\"@id\":\"https:\\\/\\\/www.copealcoy.es\\\/es\\\/#\\\/schema\\\/person\\\/e777c87fa024e57d40170af9df39882c\"},\"breadcrumb\":{\"@id\":\"https:\\\/\\\/www.copealcoy.es\\\/es\\\/compromis-reclama-agilidad-en-la-firma-del-convenio-entre-el-ayuntamiento-y-la-asj\\\/#breadcrumb\"},\"inLanguage\":\"es\",\"potentialAction\":[{\"@type\":\"ReadAction\",\"target\":[\"https:\\\/\\\/www.copealcoy.es\\\/es\\\/compromis-reclama-agilidad-en-la-firma-del-convenio-entre-el-ayuntamiento-y-la-asj\\\/\"]}]},{\"@type\":\"ImageObject\",\"inLanguage\":\"es\",\"@id\":\"https:\\\/\\\/www.copealcoy.es\\\/es\\\/compromis-reclama-agilidad-en-la-firma-del-convenio-entre-el-ayuntamiento-y-la-asj\\\/#primaryimage\",\"url\":\"https:\\\/\\\/www.copealcoy.es\\\/wp-content\\\/uploads\\\/2015\\\/09\\\/11041659_658681744275314_4176356789282073831_n.jpg\",\"contentUrl\":\"https:\\\/\\\/www.copealcoy.es\\\/wp-content\\\/uploads\\\/2015\\\/09\\\/11041659_658681744275314_4176356789282073831_n.jpg\",\"width\":960,\"height\":720,\"caption\":\"Fiestas de moros y cristianos de Alcoy \\\/ Foto: G . Pascual\"},{\"@type\":\"BreadcrumbList\",\"@id\":\"https:\\\/\\\/www.copealcoy.es\\\/es\\\/compromis-reclama-agilidad-en-la-firma-del-convenio-entre-el-ayuntamiento-y-la-asj\\\/#breadcrumb\",\"itemListElement\":[{\"@type\":\"ListItem\",\"position\":1,\"name\":\"Portada\",\"item\":\"https:\\\/\\\/www.copealcoy.es\\\/es\\\/\"},{\"@type\":\"ListItem\",\"position\":2,\"name\":\"Comprom\u00eds reclama agilidad en la firma del convenio entre el Ayuntamiento y la ASJ\"}]},{\"@type\":\"WebSite\",\"@id\":\"https:\\\/\\\/www.copealcoy.es\\\/es\\\/#website\",\"url\":\"https:\\\/\\\/www.copealcoy.es\\\/es\\\/\",\"name\":\"COPE Alcoy\",\"description\":\"Emisora COPE de radio local con emisi\u00f3n online. Pont de Sant Jordi 8-10 03803 Alcoy\",\"potentialAction\":[{\"@type\":\"SearchAction\",\"target\":{\"@type\":\"EntryPoint\",\"urlTemplate\":\"https:\\\/\\\/www.copealcoy.es\\\/es\\\/?s={search_term_string}\"},\"query-input\":{\"@type\":\"PropertyValueSpecification\",\"valueRequired\":true,\"valueName\":\"search_term_string\"}}],\"inLanguage\":\"es\"},{\"@type\":\"Person\",\"@id\":\"https:\\\/\\\/www.copealcoy.es\\\/es\\\/#\\\/schema\\\/person\\\/e777c87fa024e57d40170af9df39882c\",\"name\":\"Cope Alcoy\",\"image\":{\"@type\":\"ImageObject\",\"inLanguage\":\"es\",\"@id\":\"https:\\\/\\\/secure.gravatar.com\\\/avatar\\\/bb65d0283347e303893ba14f0692005417c1e0e690a325a4c5d8bb2b3943ee14?s=96&d=mm&r=g\",\"url\":\"https:\\\/\\\/secure.gravatar.com\\\/avatar\\\/bb65d0283347e303893ba14f0692005417c1e0e690a325a4c5d8bb2b3943ee14?s=96&d=mm&r=g\",\"contentUrl\":\"https:\\\/\\\/secure.gravatar.com\\\/avatar\\\/bb65d0283347e303893ba14f0692005417c1e0e690a325a4c5d8bb2b3943ee14?s=96&d=mm&r=g\",\"caption\":\"Cope Alcoy\"}}]}<\/script>\n<!-- \/ Yoast SEO plugin. -->","yoast_head_json":{"title":"Comprom\u00eds reclama agilidad en la firma del convenio entre el Ayuntamiento y la ASJ - COPE Alcoy","robots":{"index":"index","follow":"follow","max-snippet":"max-snippet:-1","max-image-preview":"max-image-preview:large","max-video-preview":"max-video-preview:-1"},"canonical":"https:\/\/www.copealcoy.es\/es\/compromis-reclama-agilidad-en-la-firma-del-convenio-entre-el-ayuntamiento-y-la-asj\/","og_locale":"es_ES","og_type":"article","og_title":"Comprom\u00eds reclama agilidad en la firma del convenio entre el Ayuntamiento y la ASJ - COPE Alcoy","og_description":"El Grupo Municipal de Comprom\u00eds Alcoi ha denunciado que a escasos d\u00edas de las Fiestas de Moros y Cristianos del...","og_url":"https:\/\/www.copealcoy.es\/es\/compromis-reclama-agilidad-en-la-firma-del-convenio-entre-el-ayuntamiento-y-la-asj\/","og_site_name":"COPE Alcoy","article_published_time":"2018-04-11T16:13:05+00:00","article_modified_time":"2018-04-11T16:24:33+00:00","og_image":[{"width":960,"height":720,"url":"https:\/\/www.copealcoy.es\/wp-content\/uploads\/2015\/09\/11041659_658681744275314_4176356789282073831_n.jpg","type":"image\/jpeg"}],"author":"Cope Alcoy","twitter_misc":{"Escrito por":"Cope Alcoy","Tiempo de lectura":"1 minuto"},"schema":{"@context":"https:\/\/schema.org","@graph":[{"@type":"Article","@id":"https:\/\/www.copealcoy.es\/es\/compromis-reclama-agilidad-en-la-firma-del-convenio-entre-el-ayuntamiento-y-la-asj\/#article","isPartOf":{"@id":"https:\/\/www.copealcoy.es\/es\/compromis-reclama-agilidad-en-la-firma-del-convenio-entre-el-ayuntamiento-y-la-asj\/"},"author":{"name":"Cope Alcoy","@id":"https:\/\/www.copealcoy.es\/es\/#\/schema\/person\/e777c87fa024e57d40170af9df39882c"},"headline":"Comprom\u00eds reclama agilidad en la firma del convenio entre el Ayuntamiento y la ASJ","datePublished":"2018-04-11T16:13:05+00:00","dateModified":"2018-04-11T16:24:33+00:00","mainEntityOfPage":{"@id":"https:\/\/www.copealcoy.es\/es\/compromis-reclama-agilidad-en-la-firma-del-convenio-entre-el-ayuntamiento-y-la-asj\/"},"wordCount":307,"commentCount":0,"image":{"@id":"https:\/\/www.copealcoy.es\/es\/compromis-reclama-agilidad-en-la-firma-del-convenio-entre-el-ayuntamiento-y-la-asj\/#primaryimage"},"thumbnailUrl":"https:\/\/www.copealcoy.es\/wp-content\/uploads\/2015\/09\/11041659_658681744275314_4176356789282073831_n.jpg","keywords":["agilidad","ASJ","Ayuntamiento","Comprom\u00eds","Convenio","firma","pide"],"articleSection":["Alcoy","Noticias","Pol\u00edtica y Econom\u00eda"],"inLanguage":"es"},{"@type":"WebPage","@id":"https:\/\/www.copealcoy.es\/es\/compromis-reclama-agilidad-en-la-firma-del-convenio-entre-el-ayuntamiento-y-la-asj\/","url":"https:\/\/www.copealcoy.es\/es\/compromis-reclama-agilidad-en-la-firma-del-convenio-entre-el-ayuntamiento-y-la-asj\/","name":"Comprom\u00eds reclama agilidad en la firma del convenio entre el Ayuntamiento y la ASJ - COPE Alcoy","isPartOf":{"@id":"https:\/\/www.copealcoy.es\/es\/#website"},"primaryImageOfPage":{"@id":"https:\/\/www.copealcoy.es\/es\/compromis-reclama-agilidad-en-la-firma-del-convenio-entre-el-ayuntamiento-y-la-asj\/#primaryimage"},"image":{"@id":"https:\/\/www.copealcoy.es\/es\/compromis-reclama-agilidad-en-la-firma-del-convenio-entre-el-ayuntamiento-y-la-asj\/#primaryimage"},"thumbnailUrl":"https:\/\/www.copealcoy.es\/wp-content\/uploads\/2015\/09\/11041659_658681744275314_4176356789282073831_n.jpg","datePublished":"2018-04-11T16:13:05+00:00","dateModified":"2018-04-11T16:24:33+00:00","author":{"@id":"https:\/\/www.copealcoy.es\/es\/#\/schema\/person\/e777c87fa024e57d40170af9df39882c"},"breadcrumb":{"@id":"https:\/\/www.copealcoy.es\/es\/compromis-reclama-agilidad-en-la-firma-del-convenio-entre-el-ayuntamiento-y-la-asj\/#breadcrumb"},"inLanguage":"es","potentialAction":[{"@type":"ReadAction","target":["https:\/\/www.copealcoy.es\/es\/compromis-reclama-agilidad-en-la-firma-del-convenio-entre-el-ayuntamiento-y-la-asj\/"]}]},{"@type":"ImageObject","inLanguage":"es","@id":"https:\/\/www.copealcoy.es\/es\/compromis-reclama-agilidad-en-la-firma-del-convenio-entre-el-ayuntamiento-y-la-asj\/#primaryimage","url":"https:\/\/www.copealcoy.es\/wp-content\/uploads\/2015\/09\/11041659_658681744275314_4176356789282073831_n.jpg","contentUrl":"https:\/\/www.copealcoy.es\/wp-content\/uploads\/2015\/09\/11041659_658681744275314_4176356789282073831_n.jpg","width":960,"height":720,"caption":"Fiestas de moros y cristianos de Alcoy \/ Foto: G . Pascual"},{"@type":"BreadcrumbList","@id":"https:\/\/www.copealcoy.es\/es\/compromis-reclama-agilidad-en-la-firma-del-convenio-entre-el-ayuntamiento-y-la-asj\/#breadcrumb","itemListElement":[{"@type":"ListItem","position":1,"name":"Portada","item":"https:\/\/www.copealcoy.es\/es\/"},{"@type":"ListItem","position":2,"name":"Comprom\u00eds reclama agilidad en la firma del convenio entre el Ayuntamiento y la ASJ"}]},{"@type":"WebSite","@id":"https:\/\/www.copealcoy.es\/es\/#website","url":"https:\/\/www.copealcoy.es\/es\/","name":"COPE Alcoy","description":"Emisora COPE de radio local con emisi\u00f3n online. Pont de Sant Jordi 8-10 03803 Alcoy","potentialAction":[{"@type":"SearchAction","target":{"@type":"EntryPoint","urlTemplate":"https:\/\/www.copealcoy.es\/es\/?s={search_term_string}"},"query-input":{"@type":"PropertyValueSpecification","valueRequired":true,"valueName":"search_term_string"}}],"inLanguage":"es"},{"@type":"Person","@id":"https:\/\/www.copealcoy.es\/es\/#\/schema\/person\/e777c87fa024e57d40170af9df39882c","name":"Cope Alcoy","image":{"@type":"ImageObject","inLanguage":"es","@id":"https:\/\/secure.gravatar.com\/avatar\/bb65d0283347e303893ba14f0692005417c1e0e690a325a4c5d8bb2b3943ee14?s=96&d=mm&r=g","url":"https:\/\/secure.gravatar.com\/avatar\/bb65d0283347e303893ba14f0692005417c1e0e690a325a4c5d8bb2b3943ee14?s=96&d=mm&r=g","contentUrl":"https:\/\/secure.gravatar.com\/avatar\/bb65d0283347e303893ba14f0692005417c1e0e690a325a4c5d8bb2b3943ee14?s=96&d=mm&r=g","caption":"Cope Alcoy"}}]}},"_links":{"self":[{"href":"https:\/\/www.copealcoy.es\/es\/wp-json\/wp\/v2\/posts\/41105","targetHints":{"allow":["GET"]}}],"collection":[{"href":"https:\/\/www.copealcoy.es\/es\/wp-json\/wp\/v2\/posts"}],"about":[{"href":"https:\/\/www.copealcoy.es\/es\/wp-json\/wp\/v2\/types\/post"}],"author":[{"embeddable":true,"href":"https:\/\/www.copealcoy.es\/es\/wp-json\/wp\/v2\/users\/1"}],"replies":[{"embeddable":true,"href":"https:\/\/www.copealcoy.es\/es\/wp-json\/wp\/v2\/comments?post=41105"}],"version-history":[{"count":0,"href":"https:\/\/www.copealcoy.es\/es\/wp-json\/wp\/v2\/posts\/41105\/revisions"}],"wp:featuredmedia":[{"embeddable":true,"href":"https:\/\/www.copealcoy.es\/es\/wp-json\/wp\/v2\/media\/15624"}],"wp:attachment":[{"href":"https:\/\/www.copealcoy.es\/es\/wp-json\/wp\/v2\/media?parent=41105"}],"wp:term":[{"taxonomy":"category","embeddable":true,"href":"https:\/\/www.copealcoy.es\/es\/wp-json\/wp\/v2\/categories?post=41105"},{"taxonomy":"post_tag","embeddable":true,"href":"https:\/\/www.copealcoy.es\/es\/wp-json\/wp\/v2\/tags?post=41105"}],"curies":[{"name":"wp","href":"https:\/\/api.w.org\/{rel}","templated":true}]}}