{"id":40987,"date":"2018-04-24T21:30:41","date_gmt":"2018-04-24T21:30:41","guid":{"rendered":"http:\/\/copealcoi.es\/new\/?p=40987"},"modified":"2018-04-24T21:40:09","modified_gmt":"2018-04-24T21:40:09","slug":"la-aparicion-de-sant-jordiet-culmina-una-gran-festa","status":"publish","type":"post","link":"https:\/\/www.copealcoy.es\/es\/la-aparicion-de-sant-jordiet-culmina-una-gran-festa\/","title":{"rendered":"La Aparici\u00f3n de Sant Jordiet culmina una gran Festa"},"content":{"rendered":"<p style=\"text-align: justify;\">Alcoy ha puesto esta noche<strong> un brillante colof\u00f3n a sus Fiestas de Moros y Cristianos<\/strong> del 2018 y lo ha hecho con <strong>el tradicional acto<\/strong> de la <strong>Aparici\u00f3n del Sant Jordiet<\/strong> sobre las almenas del castillo.<\/p>\n<p style=\"text-align: justify;\">El reloj de la torre campanario de la iglesia de Santa Mar\u00eda <strong>marcaba las nueve y media en punto de la noche<\/strong> cuando la Plaza de Espa\u00f1a <strong>se ha quedado a oscuras<\/strong> y han empezado a <strong>sonar con fuerza las campanas del templo<\/strong> mientras arrancaban <strong>las primeras notas del Himno de Fiestas<\/strong>, una pieza coreada por el numeroso p\u00fablico que era testigo de este instante. Seguidamente en lo alto de la fortaleza<strong> ha aparecido la silueta <\/strong>del Sant Jordiet, <strong>Juanjo Valls Fuster<\/strong>, montado sobre el caballo blanco y <strong>dispuesto a lanzar miles de flechas<\/strong> de colores. De esta forma Alcoy ha recordado <strong>aquella milagrosa intercesi\u00f3n de San Jorge de 1.276<\/strong> en la batalla que enfrent\u00f3 a moros y cristianos por <strong>la conquista <\/strong>de \u00a0las tierras del Comtat y de l\u00b4Alcoi\u00e0. En la segunda interpretaci\u00f3n del Himno de Fiestas el Sant Jordiet <strong>ha seguido esparciendo flechas<\/strong> al mismo tiempo que se iniciaba <strong>el disparo<\/strong> de un vistoso castillo de fuegos artificiales que<strong> ha despertado las ovaciones<\/strong> de todos los asistentes a este final de Fiesta.<\/p>\n<p style=\"text-align: justify;\">Juanjo Valls Fuster, que es miembro de la Fil\u00e0 Mud\u00e9jares, <strong>ha vivido as\u00ed uno de los momentos que m\u00e1s ilusi\u00f3n le hac\u00eda<\/strong> como Sant Jordiet y ha puesto fin; con el lanzamiento de sus <strong>m\u00e1s de 20.000 flechas<\/strong>, a la trilog\u00eda de 2018. Culmina as\u00ed <strong>un intenso ciclo festero<\/strong> y <strong>nace uno nuevo<\/strong> que tiene en su horizonte las Fiestas de Moros y Cristianos de 2019, unas celebraciones que<strong> se llevar\u00e1n a cabo los d\u00edas\u00a04, 5 y 6 de mayo<\/strong> por\u00a0las altas fechas en las que caer\u00e1 la\u00a0Semana Santa ya que <strong>el 21 de abril <\/strong>ser\u00e1 Domingo de Resurrecci\u00f3n.<\/p>\n<p>&nbsp;<\/p>\n","protected":false},"excerpt":{"rendered":"<p>Alcoy ha puesto esta noche un brillante colof\u00f3n a sus Fiestas de Moros y Cristianos del 2018 y lo ha&#8230;<\/p>\n","protected":false},"author":1,"featured_media":41587,"comment_status":"open","ping_status":"open","sticky":false,"template":"","format":"standard","meta":{"footnotes":""},"categories":[97,78,75,125],"tags":[1494,1371,5431,609,5432,5430],"class_list":["post-40987","post","type-post","status-publish","format-standard","has-post-thumbnail","hentry","category-alcoy","category-fiestaycultura","category-noticias","category-portada","tag-alcoy","tag-aparicion","tag-flechas","tag-moros-y-cristianos","tag-san-jordiet","tag-veinte-mil"],"yoast_head":"<!-- This site is optimized with the Yoast SEO plugin v27.3 - https:\/\/yoast.com\/product\/yoast-seo-wordpress\/ -->\n<title>La Aparici\u00f3n de Sant Jordiet culmina una gran Festa - COPE Alcoy<\/title>\n<meta name=\"robots\" content=\"index, follow, max-snippet:-1, max-image-preview:large, max-video-preview:-1\" \/>\n<link rel=\"canonical\" href=\"https:\/\/www.copealcoy.es\/es\/la-aparicion-de-sant-jordiet-culmina-una-gran-festa\/\" \/>\n<meta property=\"og:locale\" content=\"es_ES\" \/>\n<meta property=\"og:type\" content=\"article\" \/>\n<meta property=\"og:title\" content=\"La Aparici\u00f3n de Sant Jordiet culmina una gran Festa - COPE Alcoy\" \/>\n<meta property=\"og:description\" content=\"Alcoy ha puesto esta noche un brillante colof\u00f3n a sus Fiestas de Moros y Cristianos del 2018 y lo ha...\" \/>\n<meta property=\"og:url\" content=\"https:\/\/www.copealcoy.es\/es\/la-aparicion-de-sant-jordiet-culmina-una-gran-festa\/\" \/>\n<meta property=\"og:site_name\" content=\"COPE Alcoy\" \/>\n<meta property=\"article:published_time\" content=\"2018-04-24T21:30:41+00:00\" \/>\n<meta property=\"article:modified_time\" content=\"2018-04-24T21:40:09+00:00\" \/>\n<meta property=\"og:image\" content=\"https:\/\/www.copealcoy.es\/wp-content\/uploads\/2018\/04\/31206247_2047577032132251_1658312982091792384_n.jpg\" \/>\n\t<meta property=\"og:image:width\" content=\"960\" \/>\n\t<meta property=\"og:image:height\" content=\"640\" \/>\n\t<meta property=\"og:image:type\" content=\"image\/jpeg\" \/>\n<meta name=\"author\" content=\"Cope Alcoy\" \/>\n<meta name=\"twitter:label1\" content=\"Escrito por\" \/>\n\t<meta name=\"twitter:data1\" content=\"Cope Alcoy\" \/>\n\t<meta name=\"twitter:label2\" content=\"Tiempo de lectura\" \/>\n\t<meta name=\"twitter:data2\" content=\"2 minutos\" \/>\n<script type=\"application\/ld+json\" class=\"yoast-schema-graph\">{\"@context\":\"https:\\\/\\\/schema.org\",\"@graph\":[{\"@type\":\"Article\",\"@id\":\"https:\\\/\\\/www.copealcoy.es\\\/es\\\/la-aparicion-de-sant-jordiet-culmina-una-gran-festa\\\/#article\",\"isPartOf\":{\"@id\":\"https:\\\/\\\/www.copealcoy.es\\\/es\\\/la-aparicion-de-sant-jordiet-culmina-una-gran-festa\\\/\"},\"author\":{\"name\":\"Cope Alcoy\",\"@id\":\"https:\\\/\\\/www.copealcoy.es\\\/es\\\/#\\\/schema\\\/person\\\/e777c87fa024e57d40170af9df39882c\"},\"headline\":\"La Aparici\u00f3n de Sant Jordiet culmina una gran Festa\",\"datePublished\":\"2018-04-24T21:30:41+00:00\",\"dateModified\":\"2018-04-24T21:40:09+00:00\",\"mainEntityOfPage\":{\"@id\":\"https:\\\/\\\/www.copealcoy.es\\\/es\\\/la-aparicion-de-sant-jordiet-culmina-una-gran-festa\\\/\"},\"wordCount\":331,\"commentCount\":0,\"image\":{\"@id\":\"https:\\\/\\\/www.copealcoy.es\\\/es\\\/la-aparicion-de-sant-jordiet-culmina-una-gran-festa\\\/#primaryimage\"},\"thumbnailUrl\":\"https:\\\/\\\/www.copealcoy.es\\\/wp-content\\\/uploads\\\/2018\\\/04\\\/31206247_2047577032132251_1658312982091792384_n.jpg\",\"keywords\":[\"Alcoy\",\"aparici\u00f3n\",\"flechas\",\"Moros Y Cristianos\",\"San Jordiet\",\"veinte mil\"],\"articleSection\":[\"Alcoy\",\"Fiesta y Cultura\",\"Noticias\",\"Portada\"],\"inLanguage\":\"es\"},{\"@type\":\"WebPage\",\"@id\":\"https:\\\/\\\/www.copealcoy.es\\\/es\\\/la-aparicion-de-sant-jordiet-culmina-una-gran-festa\\\/\",\"url\":\"https:\\\/\\\/www.copealcoy.es\\\/es\\\/la-aparicion-de-sant-jordiet-culmina-una-gran-festa\\\/\",\"name\":\"La Aparici\u00f3n de Sant Jordiet culmina una gran Festa - COPE Alcoy\",\"isPartOf\":{\"@id\":\"https:\\\/\\\/www.copealcoy.es\\\/es\\\/#website\"},\"primaryImageOfPage\":{\"@id\":\"https:\\\/\\\/www.copealcoy.es\\\/es\\\/la-aparicion-de-sant-jordiet-culmina-una-gran-festa\\\/#primaryimage\"},\"image\":{\"@id\":\"https:\\\/\\\/www.copealcoy.es\\\/es\\\/la-aparicion-de-sant-jordiet-culmina-una-gran-festa\\\/#primaryimage\"},\"thumbnailUrl\":\"https:\\\/\\\/www.copealcoy.es\\\/wp-content\\\/uploads\\\/2018\\\/04\\\/31206247_2047577032132251_1658312982091792384_n.jpg\",\"datePublished\":\"2018-04-24T21:30:41+00:00\",\"dateModified\":\"2018-04-24T21:40:09+00:00\",\"author\":{\"@id\":\"https:\\\/\\\/www.copealcoy.es\\\/es\\\/#\\\/schema\\\/person\\\/e777c87fa024e57d40170af9df39882c\"},\"breadcrumb\":{\"@id\":\"https:\\\/\\\/www.copealcoy.es\\\/es\\\/la-aparicion-de-sant-jordiet-culmina-una-gran-festa\\\/#breadcrumb\"},\"inLanguage\":\"es\",\"potentialAction\":[{\"@type\":\"ReadAction\",\"target\":[\"https:\\\/\\\/www.copealcoy.es\\\/es\\\/la-aparicion-de-sant-jordiet-culmina-una-gran-festa\\\/\"]}]},{\"@type\":\"ImageObject\",\"inLanguage\":\"es\",\"@id\":\"https:\\\/\\\/www.copealcoy.es\\\/es\\\/la-aparicion-de-sant-jordiet-culmina-una-gran-festa\\\/#primaryimage\",\"url\":\"https:\\\/\\\/www.copealcoy.es\\\/wp-content\\\/uploads\\\/2018\\\/04\\\/31206247_2047577032132251_1658312982091792384_n.jpg\",\"contentUrl\":\"https:\\\/\\\/www.copealcoy.es\\\/wp-content\\\/uploads\\\/2018\\\/04\\\/31206247_2047577032132251_1658312982091792384_n.jpg\",\"width\":960,\"height\":640,\"caption\":\"Juanjo Valls Fuster, Sant Jordiet 2018, protagonizando la Aparici\u00f3n \\\/ Foto: PST Fotograf\u00eda\"},{\"@type\":\"BreadcrumbList\",\"@id\":\"https:\\\/\\\/www.copealcoy.es\\\/es\\\/la-aparicion-de-sant-jordiet-culmina-una-gran-festa\\\/#breadcrumb\",\"itemListElement\":[{\"@type\":\"ListItem\",\"position\":1,\"name\":\"Portada\",\"item\":\"https:\\\/\\\/www.copealcoy.es\\\/es\\\/\"},{\"@type\":\"ListItem\",\"position\":2,\"name\":\"La Aparici\u00f3n de Sant Jordiet culmina una gran Festa\"}]},{\"@type\":\"WebSite\",\"@id\":\"https:\\\/\\\/www.copealcoy.es\\\/es\\\/#website\",\"url\":\"https:\\\/\\\/www.copealcoy.es\\\/es\\\/\",\"name\":\"COPE Alcoy\",\"description\":\"Emisora COPE de radio local con emisi\u00f3n online. Pont de Sant Jordi 8-10 03803 Alcoy\",\"potentialAction\":[{\"@type\":\"SearchAction\",\"target\":{\"@type\":\"EntryPoint\",\"urlTemplate\":\"https:\\\/\\\/www.copealcoy.es\\\/es\\\/?s={search_term_string}\"},\"query-input\":{\"@type\":\"PropertyValueSpecification\",\"valueRequired\":true,\"valueName\":\"search_term_string\"}}],\"inLanguage\":\"es\"},{\"@type\":\"Person\",\"@id\":\"https:\\\/\\\/www.copealcoy.es\\\/es\\\/#\\\/schema\\\/person\\\/e777c87fa024e57d40170af9df39882c\",\"name\":\"Cope Alcoy\",\"image\":{\"@type\":\"ImageObject\",\"inLanguage\":\"es\",\"@id\":\"https:\\\/\\\/secure.gravatar.com\\\/avatar\\\/bb65d0283347e303893ba14f0692005417c1e0e690a325a4c5d8bb2b3943ee14?s=96&d=mm&r=g\",\"url\":\"https:\\\/\\\/secure.gravatar.com\\\/avatar\\\/bb65d0283347e303893ba14f0692005417c1e0e690a325a4c5d8bb2b3943ee14?s=96&d=mm&r=g\",\"contentUrl\":\"https:\\\/\\\/secure.gravatar.com\\\/avatar\\\/bb65d0283347e303893ba14f0692005417c1e0e690a325a4c5d8bb2b3943ee14?s=96&d=mm&r=g\",\"caption\":\"Cope Alcoy\"}}]}<\/script>\n<!-- \/ Yoast SEO plugin. -->","yoast_head_json":{"title":"La Aparici\u00f3n de Sant Jordiet culmina una gran Festa - COPE Alcoy","robots":{"index":"index","follow":"follow","max-snippet":"max-snippet:-1","max-image-preview":"max-image-preview:large","max-video-preview":"max-video-preview:-1"},"canonical":"https:\/\/www.copealcoy.es\/es\/la-aparicion-de-sant-jordiet-culmina-una-gran-festa\/","og_locale":"es_ES","og_type":"article","og_title":"La Aparici\u00f3n de Sant Jordiet culmina una gran Festa - COPE Alcoy","og_description":"Alcoy ha puesto esta noche un brillante colof\u00f3n a sus Fiestas de Moros y Cristianos del 2018 y lo ha...","og_url":"https:\/\/www.copealcoy.es\/es\/la-aparicion-de-sant-jordiet-culmina-una-gran-festa\/","og_site_name":"COPE Alcoy","article_published_time":"2018-04-24T21:30:41+00:00","article_modified_time":"2018-04-24T21:40:09+00:00","og_image":[{"width":960,"height":640,"url":"https:\/\/www.copealcoy.es\/wp-content\/uploads\/2018\/04\/31206247_2047577032132251_1658312982091792384_n.jpg","type":"image\/jpeg"}],"author":"Cope Alcoy","twitter_misc":{"Escrito por":"Cope Alcoy","Tiempo de lectura":"2 minutos"},"schema":{"@context":"https:\/\/schema.org","@graph":[{"@type":"Article","@id":"https:\/\/www.copealcoy.es\/es\/la-aparicion-de-sant-jordiet-culmina-una-gran-festa\/#article","isPartOf":{"@id":"https:\/\/www.copealcoy.es\/es\/la-aparicion-de-sant-jordiet-culmina-una-gran-festa\/"},"author":{"name":"Cope Alcoy","@id":"https:\/\/www.copealcoy.es\/es\/#\/schema\/person\/e777c87fa024e57d40170af9df39882c"},"headline":"La Aparici\u00f3n de Sant Jordiet culmina una gran Festa","datePublished":"2018-04-24T21:30:41+00:00","dateModified":"2018-04-24T21:40:09+00:00","mainEntityOfPage":{"@id":"https:\/\/www.copealcoy.es\/es\/la-aparicion-de-sant-jordiet-culmina-una-gran-festa\/"},"wordCount":331,"commentCount":0,"image":{"@id":"https:\/\/www.copealcoy.es\/es\/la-aparicion-de-sant-jordiet-culmina-una-gran-festa\/#primaryimage"},"thumbnailUrl":"https:\/\/www.copealcoy.es\/wp-content\/uploads\/2018\/04\/31206247_2047577032132251_1658312982091792384_n.jpg","keywords":["Alcoy","aparici\u00f3n","flechas","Moros Y Cristianos","San Jordiet","veinte mil"],"articleSection":["Alcoy","Fiesta y Cultura","Noticias","Portada"],"inLanguage":"es"},{"@type":"WebPage","@id":"https:\/\/www.copealcoy.es\/es\/la-aparicion-de-sant-jordiet-culmina-una-gran-festa\/","url":"https:\/\/www.copealcoy.es\/es\/la-aparicion-de-sant-jordiet-culmina-una-gran-festa\/","name":"La Aparici\u00f3n de Sant Jordiet culmina una gran Festa - COPE Alcoy","isPartOf":{"@id":"https:\/\/www.copealcoy.es\/es\/#website"},"primaryImageOfPage":{"@id":"https:\/\/www.copealcoy.es\/es\/la-aparicion-de-sant-jordiet-culmina-una-gran-festa\/#primaryimage"},"image":{"@id":"https:\/\/www.copealcoy.es\/es\/la-aparicion-de-sant-jordiet-culmina-una-gran-festa\/#primaryimage"},"thumbnailUrl":"https:\/\/www.copealcoy.es\/wp-content\/uploads\/2018\/04\/31206247_2047577032132251_1658312982091792384_n.jpg","datePublished":"2018-04-24T21:30:41+00:00","dateModified":"2018-04-24T21:40:09+00:00","author":{"@id":"https:\/\/www.copealcoy.es\/es\/#\/schema\/person\/e777c87fa024e57d40170af9df39882c"},"breadcrumb":{"@id":"https:\/\/www.copealcoy.es\/es\/la-aparicion-de-sant-jordiet-culmina-una-gran-festa\/#breadcrumb"},"inLanguage":"es","potentialAction":[{"@type":"ReadAction","target":["https:\/\/www.copealcoy.es\/es\/la-aparicion-de-sant-jordiet-culmina-una-gran-festa\/"]}]},{"@type":"ImageObject","inLanguage":"es","@id":"https:\/\/www.copealcoy.es\/es\/la-aparicion-de-sant-jordiet-culmina-una-gran-festa\/#primaryimage","url":"https:\/\/www.copealcoy.es\/wp-content\/uploads\/2018\/04\/31206247_2047577032132251_1658312982091792384_n.jpg","contentUrl":"https:\/\/www.copealcoy.es\/wp-content\/uploads\/2018\/04\/31206247_2047577032132251_1658312982091792384_n.jpg","width":960,"height":640,"caption":"Juanjo Valls Fuster, Sant Jordiet 2018, protagonizando la Aparici\u00f3n \/ Foto: PST Fotograf\u00eda"},{"@type":"BreadcrumbList","@id":"https:\/\/www.copealcoy.es\/es\/la-aparicion-de-sant-jordiet-culmina-una-gran-festa\/#breadcrumb","itemListElement":[{"@type":"ListItem","position":1,"name":"Portada","item":"https:\/\/www.copealcoy.es\/es\/"},{"@type":"ListItem","position":2,"name":"La Aparici\u00f3n de Sant Jordiet culmina una gran Festa"}]},{"@type":"WebSite","@id":"https:\/\/www.copealcoy.es\/es\/#website","url":"https:\/\/www.copealcoy.es\/es\/","name":"COPE Alcoy","description":"Emisora COPE de radio local con emisi\u00f3n online. Pont de Sant Jordi 8-10 03803 Alcoy","potentialAction":[{"@type":"SearchAction","target":{"@type":"EntryPoint","urlTemplate":"https:\/\/www.copealcoy.es\/es\/?s={search_term_string}"},"query-input":{"@type":"PropertyValueSpecification","valueRequired":true,"valueName":"search_term_string"}}],"inLanguage":"es"},{"@type":"Person","@id":"https:\/\/www.copealcoy.es\/es\/#\/schema\/person\/e777c87fa024e57d40170af9df39882c","name":"Cope Alcoy","image":{"@type":"ImageObject","inLanguage":"es","@id":"https:\/\/secure.gravatar.com\/avatar\/bb65d0283347e303893ba14f0692005417c1e0e690a325a4c5d8bb2b3943ee14?s=96&d=mm&r=g","url":"https:\/\/secure.gravatar.com\/avatar\/bb65d0283347e303893ba14f0692005417c1e0e690a325a4c5d8bb2b3943ee14?s=96&d=mm&r=g","contentUrl":"https:\/\/secure.gravatar.com\/avatar\/bb65d0283347e303893ba14f0692005417c1e0e690a325a4c5d8bb2b3943ee14?s=96&d=mm&r=g","caption":"Cope Alcoy"}}]}},"_links":{"self":[{"href":"https:\/\/www.copealcoy.es\/es\/wp-json\/wp\/v2\/posts\/40987","targetHints":{"allow":["GET"]}}],"collection":[{"href":"https:\/\/www.copealcoy.es\/es\/wp-json\/wp\/v2\/posts"}],"about":[{"href":"https:\/\/www.copealcoy.es\/es\/wp-json\/wp\/v2\/types\/post"}],"author":[{"embeddable":true,"href":"https:\/\/www.copealcoy.es\/es\/wp-json\/wp\/v2\/users\/1"}],"replies":[{"embeddable":true,"href":"https:\/\/www.copealcoy.es\/es\/wp-json\/wp\/v2\/comments?post=40987"}],"version-history":[{"count":0,"href":"https:\/\/www.copealcoy.es\/es\/wp-json\/wp\/v2\/posts\/40987\/revisions"}],"wp:featuredmedia":[{"embeddable":true,"href":"https:\/\/www.copealcoy.es\/es\/wp-json\/wp\/v2\/media\/41587"}],"wp:attachment":[{"href":"https:\/\/www.copealcoy.es\/es\/wp-json\/wp\/v2\/media?parent=40987"}],"wp:term":[{"taxonomy":"category","embeddable":true,"href":"https:\/\/www.copealcoy.es\/es\/wp-json\/wp\/v2\/categories?post=40987"},{"taxonomy":"post_tag","embeddable":true,"href":"https:\/\/www.copealcoy.es\/es\/wp-json\/wp\/v2\/tags?post=40987"}],"curies":[{"name":"wp","href":"https:\/\/api.w.org\/{rel}","templated":true}]}}