{"id":40870,"date":"2018-04-05T15:37:51","date_gmt":"2018-04-05T15:37:51","guid":{"rendered":"http:\/\/copealcoi.es\/new\/?p=40870"},"modified":"2018-04-05T15:43:29","modified_gmt":"2018-04-05T15:43:29","slug":"alcoy-registro-un-aumento-de-visitas-turisticas-durante-semana-santa","status":"publish","type":"post","link":"https:\/\/www.copealcoy.es\/es\/alcoy-registro-un-aumento-de-visitas-turisticas-durante-semana-santa\/","title":{"rendered":"Alcoy registr\u00f3 un aumento de visitas tur\u00edsticas durante Semana Santa"},"content":{"rendered":"<p style=\"text-align: justify;\">Alcoy <strong>hace un balance positivo de la ocupaci\u00f3n tur\u00edstica<\/strong> que <strong>ha registrado la ciudad<\/strong> en los d\u00edas de la pasada Semana Santa.<\/p>\n<p style=\"text-align: justify;\">Desde el \u00e1rea de Turismo del Ayuntamiento explican que <strong>del Jueves Santo al Lunes de Pascua la turist info registr\u00f31.440 consultas<\/strong>, un <strong>56,86% m\u00e1s<\/strong> que en 2017 en estas fechas de Pascua cuando se contabilizaron 918. De estas hay que destacar que <strong>463 eran de fuera de la ciudad<\/strong>\u00a0mientras que en 2017 eran 397. De igual forma significan que el aumento en el porcentaje de turistas de fuera de Espa\u00f1a fue un 54,52%. En cuanto a la <strong>ocupaci\u00f3n hotelera<\/strong>, seg\u00fan cifras que han facilitado los mismos establecimientos respecto a los que est\u00e1n fuera de la ciudad, \u00a0han tenido <strong>un promedio del 75%<\/strong> en <strong>las inmediaciones del Parque Natural de la Font Roja<\/strong>. En el caso de los que hay dentro de Alcoy<strong> las cifras son variables<\/strong> y van desde un establecimiento con el 42%, otro al 100% el Viernes Santo, un tercero con un 50% el resto de los d\u00edas, y otro con un 75%.<\/p>\n<p style=\"text-align: justify;\">Lorena Zamorano, <strong>edil de Turismo en el Ayuntamiento de Alcoy<\/strong>, valora positivamente estos resultados y <strong>los atribuye a las diferentes campa\u00f1as<\/strong> que se realizan para <strong>promocionar a nuestra ciudad como destino tur\u00edstico<\/strong> &#8220;<em>estamos satisfechos porque vemos que la l\u00ednea de trabajo que estamos siguiendo de turismo y de promoci\u00f3n de nuestro destino est\u00e1 dando buenos resultados, pero no tenemos que distraernos y hemos de continuar trabajando administraci\u00f3n y sector todos a una para mejorar la oferta y consolidar Alcoy como destino de calidad todo el a\u00f1o, desde la concejal\u00eda trabajamos yendo a ferias, haciendo promociones en las Redes Sociales, entre otros<\/em>&#8220;, concluye.<\/p>\n<p style=\"text-align: justify;\">Tras esta campa\u00f1a de Semana Santa y Pascua el Departamento de Turismo del Ayuntamiento de Alcoy ya <strong>centra todos sus esfuerzos en la promoci\u00f3n<\/strong> de nuestras Fiestas de Moros y Cristianos.<\/p>\n","protected":false},"excerpt":{"rendered":"<p>Alcoy hace un balance positivo de la ocupaci\u00f3n tur\u00edstica que ha registrado la ciudad en los d\u00edas de la pasada&#8230;<\/p>\n","protected":false},"author":1,"featured_media":40873,"comment_status":"open","ping_status":"open","sticky":false,"template":"","format":"standard","meta":{"footnotes":""},"categories":[97,75,125],"tags":[1494,1796,745,5418],"class_list":["post-40870","post","type-post","status-publish","format-standard","has-post-thumbnail","hentry","category-alcoy","category-noticias","category-portada","tag-alcoy","tag-lorena-zamorano","tag-semana-santa","tag-visitas-turisticas"],"yoast_head":"<!-- This site is optimized with the Yoast SEO plugin v27.3 - https:\/\/yoast.com\/product\/yoast-seo-wordpress\/ -->\n<title>Alcoy registr\u00f3 un aumento de visitas tur\u00edsticas durante Semana Santa - COPE Alcoy<\/title>\n<meta name=\"robots\" content=\"index, follow, max-snippet:-1, max-image-preview:large, max-video-preview:-1\" \/>\n<link rel=\"canonical\" href=\"https:\/\/www.copealcoy.es\/es\/alcoy-registro-un-aumento-de-visitas-turisticas-durante-semana-santa\/\" \/>\n<meta property=\"og:locale\" content=\"es_ES\" \/>\n<meta property=\"og:type\" content=\"article\" \/>\n<meta property=\"og:title\" content=\"Alcoy registr\u00f3 un aumento de visitas tur\u00edsticas durante Semana Santa - COPE Alcoy\" \/>\n<meta property=\"og:description\" content=\"Alcoy hace un balance positivo de la ocupaci\u00f3n tur\u00edstica que ha registrado la ciudad en los d\u00edas de la pasada...\" \/>\n<meta property=\"og:url\" content=\"https:\/\/www.copealcoy.es\/es\/alcoy-registro-un-aumento-de-visitas-turisticas-durante-semana-santa\/\" \/>\n<meta property=\"og:site_name\" content=\"COPE Alcoy\" \/>\n<meta property=\"article:published_time\" content=\"2018-04-05T15:37:51+00:00\" \/>\n<meta property=\"article:modified_time\" content=\"2018-04-05T15:43:29+00:00\" \/>\n<meta property=\"og:image\" content=\"https:\/\/www.copealcoy.es\/wp-content\/uploads\/2018\/04\/23319061_1697611446957526_2676450435210406673_n-e1522942724246.jpg\" \/>\n\t<meta property=\"og:image:width\" content=\"960\" \/>\n\t<meta property=\"og:image:height\" content=\"544\" \/>\n\t<meta property=\"og:image:type\" content=\"image\/jpeg\" \/>\n<meta name=\"author\" content=\"Cope Alcoy\" \/>\n<meta name=\"twitter:label1\" content=\"Escrito por\" \/>\n\t<meta name=\"twitter:data1\" content=\"Cope Alcoy\" \/>\n\t<meta name=\"twitter:label2\" content=\"Tiempo de lectura\" \/>\n\t<meta name=\"twitter:data2\" content=\"2 minutos\" \/>\n<script type=\"application\/ld+json\" class=\"yoast-schema-graph\">{\"@context\":\"https:\\\/\\\/schema.org\",\"@graph\":[{\"@type\":\"Article\",\"@id\":\"https:\\\/\\\/www.copealcoy.es\\\/es\\\/alcoy-registro-un-aumento-de-visitas-turisticas-durante-semana-santa\\\/#article\",\"isPartOf\":{\"@id\":\"https:\\\/\\\/www.copealcoy.es\\\/es\\\/alcoy-registro-un-aumento-de-visitas-turisticas-durante-semana-santa\\\/\"},\"author\":{\"name\":\"Cope Alcoy\",\"@id\":\"https:\\\/\\\/www.copealcoy.es\\\/es\\\/#\\\/schema\\\/person\\\/e777c87fa024e57d40170af9df39882c\"},\"headline\":\"Alcoy registr\u00f3 un aumento de visitas tur\u00edsticas durante Semana Santa\",\"datePublished\":\"2018-04-05T15:37:51+00:00\",\"dateModified\":\"2018-04-05T15:43:29+00:00\",\"mainEntityOfPage\":{\"@id\":\"https:\\\/\\\/www.copealcoy.es\\\/es\\\/alcoy-registro-un-aumento-de-visitas-turisticas-durante-semana-santa\\\/\"},\"wordCount\":328,\"commentCount\":0,\"image\":{\"@id\":\"https:\\\/\\\/www.copealcoy.es\\\/es\\\/alcoy-registro-un-aumento-de-visitas-turisticas-durante-semana-santa\\\/#primaryimage\"},\"thumbnailUrl\":\"https:\\\/\\\/www.copealcoy.es\\\/wp-content\\\/uploads\\\/2018\\\/04\\\/23319061_1697611446957526_2676450435210406673_n-e1522942724246.jpg\",\"keywords\":[\"Alcoy\",\"Lorena Zamorano\",\"Semana Santa\",\"visitas tur\u00edsticas\"],\"articleSection\":[\"Alcoy\",\"Noticias\",\"Portada\"],\"inLanguage\":\"es\"},{\"@type\":\"WebPage\",\"@id\":\"https:\\\/\\\/www.copealcoy.es\\\/es\\\/alcoy-registro-un-aumento-de-visitas-turisticas-durante-semana-santa\\\/\",\"url\":\"https:\\\/\\\/www.copealcoy.es\\\/es\\\/alcoy-registro-un-aumento-de-visitas-turisticas-durante-semana-santa\\\/\",\"name\":\"Alcoy registr\u00f3 un aumento de visitas tur\u00edsticas durante Semana Santa - COPE Alcoy\",\"isPartOf\":{\"@id\":\"https:\\\/\\\/www.copealcoy.es\\\/es\\\/#website\"},\"primaryImageOfPage\":{\"@id\":\"https:\\\/\\\/www.copealcoy.es\\\/es\\\/alcoy-registro-un-aumento-de-visitas-turisticas-durante-semana-santa\\\/#primaryimage\"},\"image\":{\"@id\":\"https:\\\/\\\/www.copealcoy.es\\\/es\\\/alcoy-registro-un-aumento-de-visitas-turisticas-durante-semana-santa\\\/#primaryimage\"},\"thumbnailUrl\":\"https:\\\/\\\/www.copealcoy.es\\\/wp-content\\\/uploads\\\/2018\\\/04\\\/23319061_1697611446957526_2676450435210406673_n-e1522942724246.jpg\",\"datePublished\":\"2018-04-05T15:37:51+00:00\",\"dateModified\":\"2018-04-05T15:43:29+00:00\",\"author\":{\"@id\":\"https:\\\/\\\/www.copealcoy.es\\\/es\\\/#\\\/schema\\\/person\\\/e777c87fa024e57d40170af9df39882c\"},\"breadcrumb\":{\"@id\":\"https:\\\/\\\/www.copealcoy.es\\\/es\\\/alcoy-registro-un-aumento-de-visitas-turisticas-durante-semana-santa\\\/#breadcrumb\"},\"inLanguage\":\"es\",\"potentialAction\":[{\"@type\":\"ReadAction\",\"target\":[\"https:\\\/\\\/www.copealcoy.es\\\/es\\\/alcoy-registro-un-aumento-de-visitas-turisticas-durante-semana-santa\\\/\"]}]},{\"@type\":\"ImageObject\",\"inLanguage\":\"es\",\"@id\":\"https:\\\/\\\/www.copealcoy.es\\\/es\\\/alcoy-registro-un-aumento-de-visitas-turisticas-durante-semana-santa\\\/#primaryimage\",\"url\":\"https:\\\/\\\/www.copealcoy.es\\\/wp-content\\\/uploads\\\/2018\\\/04\\\/23319061_1697611446957526_2676450435210406673_n-e1522942724246.jpg\",\"contentUrl\":\"https:\\\/\\\/www.copealcoy.es\\\/wp-content\\\/uploads\\\/2018\\\/04\\\/23319061_1697611446957526_2676450435210406673_n-e1522942724246.jpg\",\"width\":960,\"height\":544},{\"@type\":\"BreadcrumbList\",\"@id\":\"https:\\\/\\\/www.copealcoy.es\\\/es\\\/alcoy-registro-un-aumento-de-visitas-turisticas-durante-semana-santa\\\/#breadcrumb\",\"itemListElement\":[{\"@type\":\"ListItem\",\"position\":1,\"name\":\"Portada\",\"item\":\"https:\\\/\\\/www.copealcoy.es\\\/es\\\/\"},{\"@type\":\"ListItem\",\"position\":2,\"name\":\"Alcoy registr\u00f3 un aumento de visitas tur\u00edsticas durante Semana Santa\"}]},{\"@type\":\"WebSite\",\"@id\":\"https:\\\/\\\/www.copealcoy.es\\\/es\\\/#website\",\"url\":\"https:\\\/\\\/www.copealcoy.es\\\/es\\\/\",\"name\":\"COPE Alcoy\",\"description\":\"Emisora COPE de radio local con emisi\u00f3n online. Pont de Sant Jordi 8-10 03803 Alcoy\",\"potentialAction\":[{\"@type\":\"SearchAction\",\"target\":{\"@type\":\"EntryPoint\",\"urlTemplate\":\"https:\\\/\\\/www.copealcoy.es\\\/es\\\/?s={search_term_string}\"},\"query-input\":{\"@type\":\"PropertyValueSpecification\",\"valueRequired\":true,\"valueName\":\"search_term_string\"}}],\"inLanguage\":\"es\"},{\"@type\":\"Person\",\"@id\":\"https:\\\/\\\/www.copealcoy.es\\\/es\\\/#\\\/schema\\\/person\\\/e777c87fa024e57d40170af9df39882c\",\"name\":\"Cope Alcoy\",\"image\":{\"@type\":\"ImageObject\",\"inLanguage\":\"es\",\"@id\":\"https:\\\/\\\/secure.gravatar.com\\\/avatar\\\/bb65d0283347e303893ba14f0692005417c1e0e690a325a4c5d8bb2b3943ee14?s=96&d=mm&r=g\",\"url\":\"https:\\\/\\\/secure.gravatar.com\\\/avatar\\\/bb65d0283347e303893ba14f0692005417c1e0e690a325a4c5d8bb2b3943ee14?s=96&d=mm&r=g\",\"contentUrl\":\"https:\\\/\\\/secure.gravatar.com\\\/avatar\\\/bb65d0283347e303893ba14f0692005417c1e0e690a325a4c5d8bb2b3943ee14?s=96&d=mm&r=g\",\"caption\":\"Cope Alcoy\"}}]}<\/script>\n<!-- \/ Yoast SEO plugin. -->","yoast_head_json":{"title":"Alcoy registr\u00f3 un aumento de visitas tur\u00edsticas durante Semana Santa - COPE Alcoy","robots":{"index":"index","follow":"follow","max-snippet":"max-snippet:-1","max-image-preview":"max-image-preview:large","max-video-preview":"max-video-preview:-1"},"canonical":"https:\/\/www.copealcoy.es\/es\/alcoy-registro-un-aumento-de-visitas-turisticas-durante-semana-santa\/","og_locale":"es_ES","og_type":"article","og_title":"Alcoy registr\u00f3 un aumento de visitas tur\u00edsticas durante Semana Santa - COPE Alcoy","og_description":"Alcoy hace un balance positivo de la ocupaci\u00f3n tur\u00edstica que ha registrado la ciudad en los d\u00edas de la pasada...","og_url":"https:\/\/www.copealcoy.es\/es\/alcoy-registro-un-aumento-de-visitas-turisticas-durante-semana-santa\/","og_site_name":"COPE Alcoy","article_published_time":"2018-04-05T15:37:51+00:00","article_modified_time":"2018-04-05T15:43:29+00:00","og_image":[{"width":960,"height":544,"url":"https:\/\/www.copealcoy.es\/wp-content\/uploads\/2018\/04\/23319061_1697611446957526_2676450435210406673_n-e1522942724246.jpg","type":"image\/jpeg"}],"author":"Cope Alcoy","twitter_misc":{"Escrito por":"Cope Alcoy","Tiempo de lectura":"2 minutos"},"schema":{"@context":"https:\/\/schema.org","@graph":[{"@type":"Article","@id":"https:\/\/www.copealcoy.es\/es\/alcoy-registro-un-aumento-de-visitas-turisticas-durante-semana-santa\/#article","isPartOf":{"@id":"https:\/\/www.copealcoy.es\/es\/alcoy-registro-un-aumento-de-visitas-turisticas-durante-semana-santa\/"},"author":{"name":"Cope Alcoy","@id":"https:\/\/www.copealcoy.es\/es\/#\/schema\/person\/e777c87fa024e57d40170af9df39882c"},"headline":"Alcoy registr\u00f3 un aumento de visitas tur\u00edsticas durante Semana Santa","datePublished":"2018-04-05T15:37:51+00:00","dateModified":"2018-04-05T15:43:29+00:00","mainEntityOfPage":{"@id":"https:\/\/www.copealcoy.es\/es\/alcoy-registro-un-aumento-de-visitas-turisticas-durante-semana-santa\/"},"wordCount":328,"commentCount":0,"image":{"@id":"https:\/\/www.copealcoy.es\/es\/alcoy-registro-un-aumento-de-visitas-turisticas-durante-semana-santa\/#primaryimage"},"thumbnailUrl":"https:\/\/www.copealcoy.es\/wp-content\/uploads\/2018\/04\/23319061_1697611446957526_2676450435210406673_n-e1522942724246.jpg","keywords":["Alcoy","Lorena Zamorano","Semana Santa","visitas tur\u00edsticas"],"articleSection":["Alcoy","Noticias","Portada"],"inLanguage":"es"},{"@type":"WebPage","@id":"https:\/\/www.copealcoy.es\/es\/alcoy-registro-un-aumento-de-visitas-turisticas-durante-semana-santa\/","url":"https:\/\/www.copealcoy.es\/es\/alcoy-registro-un-aumento-de-visitas-turisticas-durante-semana-santa\/","name":"Alcoy registr\u00f3 un aumento de visitas tur\u00edsticas durante Semana Santa - COPE Alcoy","isPartOf":{"@id":"https:\/\/www.copealcoy.es\/es\/#website"},"primaryImageOfPage":{"@id":"https:\/\/www.copealcoy.es\/es\/alcoy-registro-un-aumento-de-visitas-turisticas-durante-semana-santa\/#primaryimage"},"image":{"@id":"https:\/\/www.copealcoy.es\/es\/alcoy-registro-un-aumento-de-visitas-turisticas-durante-semana-santa\/#primaryimage"},"thumbnailUrl":"https:\/\/www.copealcoy.es\/wp-content\/uploads\/2018\/04\/23319061_1697611446957526_2676450435210406673_n-e1522942724246.jpg","datePublished":"2018-04-05T15:37:51+00:00","dateModified":"2018-04-05T15:43:29+00:00","author":{"@id":"https:\/\/www.copealcoy.es\/es\/#\/schema\/person\/e777c87fa024e57d40170af9df39882c"},"breadcrumb":{"@id":"https:\/\/www.copealcoy.es\/es\/alcoy-registro-un-aumento-de-visitas-turisticas-durante-semana-santa\/#breadcrumb"},"inLanguage":"es","potentialAction":[{"@type":"ReadAction","target":["https:\/\/www.copealcoy.es\/es\/alcoy-registro-un-aumento-de-visitas-turisticas-durante-semana-santa\/"]}]},{"@type":"ImageObject","inLanguage":"es","@id":"https:\/\/www.copealcoy.es\/es\/alcoy-registro-un-aumento-de-visitas-turisticas-durante-semana-santa\/#primaryimage","url":"https:\/\/www.copealcoy.es\/wp-content\/uploads\/2018\/04\/23319061_1697611446957526_2676450435210406673_n-e1522942724246.jpg","contentUrl":"https:\/\/www.copealcoy.es\/wp-content\/uploads\/2018\/04\/23319061_1697611446957526_2676450435210406673_n-e1522942724246.jpg","width":960,"height":544},{"@type":"BreadcrumbList","@id":"https:\/\/www.copealcoy.es\/es\/alcoy-registro-un-aumento-de-visitas-turisticas-durante-semana-santa\/#breadcrumb","itemListElement":[{"@type":"ListItem","position":1,"name":"Portada","item":"https:\/\/www.copealcoy.es\/es\/"},{"@type":"ListItem","position":2,"name":"Alcoy registr\u00f3 un aumento de visitas tur\u00edsticas durante Semana Santa"}]},{"@type":"WebSite","@id":"https:\/\/www.copealcoy.es\/es\/#website","url":"https:\/\/www.copealcoy.es\/es\/","name":"COPE Alcoy","description":"Emisora COPE de radio local con emisi\u00f3n online. Pont de Sant Jordi 8-10 03803 Alcoy","potentialAction":[{"@type":"SearchAction","target":{"@type":"EntryPoint","urlTemplate":"https:\/\/www.copealcoy.es\/es\/?s={search_term_string}"},"query-input":{"@type":"PropertyValueSpecification","valueRequired":true,"valueName":"search_term_string"}}],"inLanguage":"es"},{"@type":"Person","@id":"https:\/\/www.copealcoy.es\/es\/#\/schema\/person\/e777c87fa024e57d40170af9df39882c","name":"Cope Alcoy","image":{"@type":"ImageObject","inLanguage":"es","@id":"https:\/\/secure.gravatar.com\/avatar\/bb65d0283347e303893ba14f0692005417c1e0e690a325a4c5d8bb2b3943ee14?s=96&d=mm&r=g","url":"https:\/\/secure.gravatar.com\/avatar\/bb65d0283347e303893ba14f0692005417c1e0e690a325a4c5d8bb2b3943ee14?s=96&d=mm&r=g","contentUrl":"https:\/\/secure.gravatar.com\/avatar\/bb65d0283347e303893ba14f0692005417c1e0e690a325a4c5d8bb2b3943ee14?s=96&d=mm&r=g","caption":"Cope Alcoy"}}]}},"_links":{"self":[{"href":"https:\/\/www.copealcoy.es\/es\/wp-json\/wp\/v2\/posts\/40870","targetHints":{"allow":["GET"]}}],"collection":[{"href":"https:\/\/www.copealcoy.es\/es\/wp-json\/wp\/v2\/posts"}],"about":[{"href":"https:\/\/www.copealcoy.es\/es\/wp-json\/wp\/v2\/types\/post"}],"author":[{"embeddable":true,"href":"https:\/\/www.copealcoy.es\/es\/wp-json\/wp\/v2\/users\/1"}],"replies":[{"embeddable":true,"href":"https:\/\/www.copealcoy.es\/es\/wp-json\/wp\/v2\/comments?post=40870"}],"version-history":[{"count":0,"href":"https:\/\/www.copealcoy.es\/es\/wp-json\/wp\/v2\/posts\/40870\/revisions"}],"wp:featuredmedia":[{"embeddable":true,"href":"https:\/\/www.copealcoy.es\/es\/wp-json\/wp\/v2\/media\/40873"}],"wp:attachment":[{"href":"https:\/\/www.copealcoy.es\/es\/wp-json\/wp\/v2\/media?parent=40870"}],"wp:term":[{"taxonomy":"category","embeddable":true,"href":"https:\/\/www.copealcoy.es\/es\/wp-json\/wp\/v2\/categories?post=40870"},{"taxonomy":"post_tag","embeddable":true,"href":"https:\/\/www.copealcoy.es\/es\/wp-json\/wp\/v2\/tags?post=40870"}],"curies":[{"name":"wp","href":"https:\/\/api.w.org\/{rel}","templated":true}]}}