{"id":40702,"date":"2018-03-30T23:34:59","date_gmt":"2018-03-30T23:34:59","guid":{"rendered":"http:\/\/copealcoi.es\/new\/?p=40702"},"modified":"2018-03-31T07:38:35","modified_gmt":"2018-03-31T07:38:35","slug":"alcoy-revive-la-pasion-de-cristo-en-la-tarde-del-viernes-santo","status":"publish","type":"post","link":"https:\/\/www.copealcoy.es\/es\/alcoy-revive-la-pasion-de-cristo-en-la-tarde-del-viernes-santo\/","title":{"rendered":"Alcoy revive La Pasi\u00f3n de Cristo en la tarde del Viernes Santo"},"content":{"rendered":"<p style=\"text-align: justify;\">Alcoy celebr\u00f3 en la tarde del Viernes Santo <strong>la tradicional Procesi\u00f3n del Santo Entierro<\/strong>, un acto que discurri\u00f3 por <strong>las principales calles del Centro de la ciudad<\/strong> tras partir desde la parroquia de Santa Mar\u00eda.<\/p>\n<p style=\"text-align: justify;\">El desfile procesional <strong>no se vio afectado por la fuerte lluvia<\/strong> que cay\u00f3 en la ciudad a escasos minutos de que empezaran a salir las im\u00e1genes del templo aunque si que <strong>propici\u00f3 que el inicio del acto<\/strong> acumulase cierto retraso. Centenares de fieles, portando cirios y otros muchos ataviados con los habituales trajes de penitentes, <strong>siguieron a la cruz parroquial de gu\u00eda<\/strong> y acompa\u00f1aron a <strong>los pasos del Nazareno, el Cristo Crucificado, La Dolorosa, el Cristo Agonizante, la Soledad y el Criso Yacente<\/strong> en su recorrido por el Centro. Todos ellos tuvieron como tel\u00f3n de fondo <strong>la m\u00fasica tradicional<\/strong> de la dol\u00e7aina i el tabal as\u00ed como la de <strong>la Societat Musical Nova d\u00b4Alcoi<\/strong> que interpret\u00f3 diversas marchas procesionales en todo el itinerario del desfile.<\/p>\n<p style=\"text-align: justify;\">La procesi\u00f3n del Santo Entierro lo cerraron las autoridades municipales encabezadas por el alcalde, <strong>Antonio Franc\u00e9s<\/strong>, y con la presencia tambi\u00e9n de otros cargos pol\u00edticos como el Diputado Auton\u00f3mico del Partido Popular; <strong>Fernando Pastor<\/strong>.<\/p>\n<p><strong>M\u00e1s de 2.000 &#8216;Xiulitets&#8217; para festejar la Resurrecci\u00f3n<\/strong><\/p>\n<p style=\"text-align: justify;\">La Semana Santa Alcoyana <strong>concluir\u00e1 de forma alegre y festiva el Domingo de Pascua por la ma\u00f1ana<\/strong> tras la Vigilia Pascual que se celebrar\u00e1 esta noche en cada templo de la ciudad. Estrenaremos el mes de abril con <strong>la matinal procesi\u00f3n de &#8216;Els Xiulitets&#8217;<\/strong> en la que m\u00e1s de <strong>2.000 botijos de barro<\/strong> sonar\u00e1n con fuerza para emular el sonido de los p\u00e1jaros y acompa\u00f1ar <strong>el Encuentro Glorioso entre Cristo Resucitado y la Virgen Mar\u00eda<\/strong>. Posteriormente las dos im\u00e1genes realizar\u00e1n una breve procesi\u00f3n hasta concluir el acto en la parroquia de San Mauro y San Francisco. Tras ello las marchas procesionales y las saetas <strong>dar\u00e1n paso a la m\u00fasica festera<\/strong> puesto que a partir de las diez de la ma\u00f1ana <strong>La Gloria<\/strong> anunciar\u00e1 por las calles alcoyanas la llegada de la Festa en honor a San Jorge.<\/p>\n","protected":false},"excerpt":{"rendered":"<p>Alcoy celebr\u00f3 en la tarde del Viernes Santo la tradicional Procesi\u00f3n del Santo Entierro, un acto que discurri\u00f3 por las&#8230;<\/p>\n","protected":false},"author":1,"featured_media":40703,"comment_status":"open","ping_status":"open","sticky":false,"template":"","format":"standard","meta":{"footnotes":""},"categories":[97,78,75,125],"tags":[1494,917,2049,745],"class_list":["post-40702","post","type-post","status-publish","format-standard","has-post-thumbnail","hentry","category-alcoy","category-fiestaycultura","category-noticias","category-portada","tag-alcoy","tag-procesion","tag-santo-entierro","tag-semana-santa"],"yoast_head":"<!-- This site is optimized with the Yoast SEO plugin v27.3 - https:\/\/yoast.com\/product\/yoast-seo-wordpress\/ -->\n<title>Alcoy revive La Pasi\u00f3n de Cristo en la tarde del Viernes Santo - COPE Alcoy<\/title>\n<meta name=\"robots\" content=\"index, follow, max-snippet:-1, max-image-preview:large, max-video-preview:-1\" \/>\n<link rel=\"canonical\" href=\"https:\/\/www.copealcoy.es\/es\/alcoy-revive-la-pasion-de-cristo-en-la-tarde-del-viernes-santo\/\" \/>\n<meta property=\"og:locale\" content=\"es_ES\" \/>\n<meta property=\"og:type\" content=\"article\" \/>\n<meta property=\"og:title\" content=\"Alcoy revive La Pasi\u00f3n de Cristo en la tarde del Viernes Santo - COPE Alcoy\" \/>\n<meta property=\"og:description\" content=\"Alcoy celebr\u00f3 en la tarde del Viernes Santo la tradicional Procesi\u00f3n del Santo Entierro, un acto que discurri\u00f3 por las...\" \/>\n<meta property=\"og:url\" content=\"https:\/\/www.copealcoy.es\/es\/alcoy-revive-la-pasion-de-cristo-en-la-tarde-del-viernes-santo\/\" \/>\n<meta property=\"og:site_name\" content=\"COPE Alcoy\" \/>\n<meta property=\"article:published_time\" content=\"2018-03-30T23:34:59+00:00\" \/>\n<meta property=\"article:modified_time\" content=\"2018-03-31T07:38:35+00:00\" \/>\n<meta property=\"og:image\" content=\"https:\/\/www.copealcoy.es\/wp-content\/uploads\/2018\/03\/procesion-santo-entierro-alcoy-20_g-e1522452785509.jpg\" \/>\n\t<meta property=\"og:image:width\" content=\"995\" \/>\n\t<meta property=\"og:image:height\" content=\"545\" \/>\n\t<meta property=\"og:image:type\" content=\"image\/jpeg\" \/>\n<meta name=\"author\" content=\"Cope Alcoy\" \/>\n<meta name=\"twitter:label1\" content=\"Escrito por\" \/>\n\t<meta name=\"twitter:data1\" content=\"Cope Alcoy\" \/>\n\t<meta name=\"twitter:label2\" content=\"Tiempo de lectura\" \/>\n\t<meta name=\"twitter:data2\" content=\"2 minutos\" \/>\n<script type=\"application\/ld+json\" class=\"yoast-schema-graph\">{\"@context\":\"https:\\\/\\\/schema.org\",\"@graph\":[{\"@type\":\"Article\",\"@id\":\"https:\\\/\\\/www.copealcoy.es\\\/es\\\/alcoy-revive-la-pasion-de-cristo-en-la-tarde-del-viernes-santo\\\/#article\",\"isPartOf\":{\"@id\":\"https:\\\/\\\/www.copealcoy.es\\\/es\\\/alcoy-revive-la-pasion-de-cristo-en-la-tarde-del-viernes-santo\\\/\"},\"author\":{\"name\":\"Cope Alcoy\",\"@id\":\"https:\\\/\\\/www.copealcoy.es\\\/es\\\/#\\\/schema\\\/person\\\/e777c87fa024e57d40170af9df39882c\"},\"headline\":\"Alcoy revive La Pasi\u00f3n de Cristo en la tarde del Viernes Santo\",\"datePublished\":\"2018-03-30T23:34:59+00:00\",\"dateModified\":\"2018-03-31T07:38:35+00:00\",\"mainEntityOfPage\":{\"@id\":\"https:\\\/\\\/www.copealcoy.es\\\/es\\\/alcoy-revive-la-pasion-de-cristo-en-la-tarde-del-viernes-santo\\\/\"},\"wordCount\":379,\"commentCount\":0,\"image\":{\"@id\":\"https:\\\/\\\/www.copealcoy.es\\\/es\\\/alcoy-revive-la-pasion-de-cristo-en-la-tarde-del-viernes-santo\\\/#primaryimage\"},\"thumbnailUrl\":\"https:\\\/\\\/www.copealcoy.es\\\/wp-content\\\/uploads\\\/2018\\\/03\\\/procesion-santo-entierro-alcoy-20_g-e1522452785509.jpg\",\"keywords\":[\"Alcoy\",\"Procesi\u00f3n\",\"Santo Entierro\",\"Semana Santa\"],\"articleSection\":[\"Alcoy\",\"Fiesta y Cultura\",\"Noticias\",\"Portada\"],\"inLanguage\":\"es\"},{\"@type\":\"WebPage\",\"@id\":\"https:\\\/\\\/www.copealcoy.es\\\/es\\\/alcoy-revive-la-pasion-de-cristo-en-la-tarde-del-viernes-santo\\\/\",\"url\":\"https:\\\/\\\/www.copealcoy.es\\\/es\\\/alcoy-revive-la-pasion-de-cristo-en-la-tarde-del-viernes-santo\\\/\",\"name\":\"Alcoy revive La Pasi\u00f3n de Cristo en la tarde del Viernes Santo - COPE Alcoy\",\"isPartOf\":{\"@id\":\"https:\\\/\\\/www.copealcoy.es\\\/es\\\/#website\"},\"primaryImageOfPage\":{\"@id\":\"https:\\\/\\\/www.copealcoy.es\\\/es\\\/alcoy-revive-la-pasion-de-cristo-en-la-tarde-del-viernes-santo\\\/#primaryimage\"},\"image\":{\"@id\":\"https:\\\/\\\/www.copealcoy.es\\\/es\\\/alcoy-revive-la-pasion-de-cristo-en-la-tarde-del-viernes-santo\\\/#primaryimage\"},\"thumbnailUrl\":\"https:\\\/\\\/www.copealcoy.es\\\/wp-content\\\/uploads\\\/2018\\\/03\\\/procesion-santo-entierro-alcoy-20_g-e1522452785509.jpg\",\"datePublished\":\"2018-03-30T23:34:59+00:00\",\"dateModified\":\"2018-03-31T07:38:35+00:00\",\"author\":{\"@id\":\"https:\\\/\\\/www.copealcoy.es\\\/es\\\/#\\\/schema\\\/person\\\/e777c87fa024e57d40170af9df39882c\"},\"breadcrumb\":{\"@id\":\"https:\\\/\\\/www.copealcoy.es\\\/es\\\/alcoy-revive-la-pasion-de-cristo-en-la-tarde-del-viernes-santo\\\/#breadcrumb\"},\"inLanguage\":\"es\",\"potentialAction\":[{\"@type\":\"ReadAction\",\"target\":[\"https:\\\/\\\/www.copealcoy.es\\\/es\\\/alcoy-revive-la-pasion-de-cristo-en-la-tarde-del-viernes-santo\\\/\"]}]},{\"@type\":\"ImageObject\",\"inLanguage\":\"es\",\"@id\":\"https:\\\/\\\/www.copealcoy.es\\\/es\\\/alcoy-revive-la-pasion-de-cristo-en-la-tarde-del-viernes-santo\\\/#primaryimage\",\"url\":\"https:\\\/\\\/www.copealcoy.es\\\/wp-content\\\/uploads\\\/2018\\\/03\\\/procesion-santo-entierro-alcoy-20_g-e1522452785509.jpg\",\"contentUrl\":\"https:\\\/\\\/www.copealcoy.es\\\/wp-content\\\/uploads\\\/2018\\\/03\\\/procesion-santo-entierro-alcoy-20_g-e1522452785509.jpg\",\"width\":995,\"height\":545,\"caption\":\"La imagen del Cristo Yacente desfilando durante la procesi\u00f3n \\\/ Foto: Juani Ruz\"},{\"@type\":\"BreadcrumbList\",\"@id\":\"https:\\\/\\\/www.copealcoy.es\\\/es\\\/alcoy-revive-la-pasion-de-cristo-en-la-tarde-del-viernes-santo\\\/#breadcrumb\",\"itemListElement\":[{\"@type\":\"ListItem\",\"position\":1,\"name\":\"Portada\",\"item\":\"https:\\\/\\\/www.copealcoy.es\\\/es\\\/\"},{\"@type\":\"ListItem\",\"position\":2,\"name\":\"Alcoy revive La Pasi\u00f3n de Cristo en la tarde del Viernes Santo\"}]},{\"@type\":\"WebSite\",\"@id\":\"https:\\\/\\\/www.copealcoy.es\\\/es\\\/#website\",\"url\":\"https:\\\/\\\/www.copealcoy.es\\\/es\\\/\",\"name\":\"COPE Alcoy\",\"description\":\"Emisora COPE de radio local con emisi\u00f3n online. Pont de Sant Jordi 8-10 03803 Alcoy\",\"potentialAction\":[{\"@type\":\"SearchAction\",\"target\":{\"@type\":\"EntryPoint\",\"urlTemplate\":\"https:\\\/\\\/www.copealcoy.es\\\/es\\\/?s={search_term_string}\"},\"query-input\":{\"@type\":\"PropertyValueSpecification\",\"valueRequired\":true,\"valueName\":\"search_term_string\"}}],\"inLanguage\":\"es\"},{\"@type\":\"Person\",\"@id\":\"https:\\\/\\\/www.copealcoy.es\\\/es\\\/#\\\/schema\\\/person\\\/e777c87fa024e57d40170af9df39882c\",\"name\":\"Cope Alcoy\",\"image\":{\"@type\":\"ImageObject\",\"inLanguage\":\"es\",\"@id\":\"https:\\\/\\\/secure.gravatar.com\\\/avatar\\\/bb65d0283347e303893ba14f0692005417c1e0e690a325a4c5d8bb2b3943ee14?s=96&d=mm&r=g\",\"url\":\"https:\\\/\\\/secure.gravatar.com\\\/avatar\\\/bb65d0283347e303893ba14f0692005417c1e0e690a325a4c5d8bb2b3943ee14?s=96&d=mm&r=g\",\"contentUrl\":\"https:\\\/\\\/secure.gravatar.com\\\/avatar\\\/bb65d0283347e303893ba14f0692005417c1e0e690a325a4c5d8bb2b3943ee14?s=96&d=mm&r=g\",\"caption\":\"Cope Alcoy\"}}]}<\/script>\n<!-- \/ Yoast SEO plugin. -->","yoast_head_json":{"title":"Alcoy revive La Pasi\u00f3n de Cristo en la tarde del Viernes Santo - COPE Alcoy","robots":{"index":"index","follow":"follow","max-snippet":"max-snippet:-1","max-image-preview":"max-image-preview:large","max-video-preview":"max-video-preview:-1"},"canonical":"https:\/\/www.copealcoy.es\/es\/alcoy-revive-la-pasion-de-cristo-en-la-tarde-del-viernes-santo\/","og_locale":"es_ES","og_type":"article","og_title":"Alcoy revive La Pasi\u00f3n de Cristo en la tarde del Viernes Santo - COPE Alcoy","og_description":"Alcoy celebr\u00f3 en la tarde del Viernes Santo la tradicional Procesi\u00f3n del Santo Entierro, un acto que discurri\u00f3 por las...","og_url":"https:\/\/www.copealcoy.es\/es\/alcoy-revive-la-pasion-de-cristo-en-la-tarde-del-viernes-santo\/","og_site_name":"COPE Alcoy","article_published_time":"2018-03-30T23:34:59+00:00","article_modified_time":"2018-03-31T07:38:35+00:00","og_image":[{"width":995,"height":545,"url":"https:\/\/www.copealcoy.es\/wp-content\/uploads\/2018\/03\/procesion-santo-entierro-alcoy-20_g-e1522452785509.jpg","type":"image\/jpeg"}],"author":"Cope Alcoy","twitter_misc":{"Escrito por":"Cope Alcoy","Tiempo de lectura":"2 minutos"},"schema":{"@context":"https:\/\/schema.org","@graph":[{"@type":"Article","@id":"https:\/\/www.copealcoy.es\/es\/alcoy-revive-la-pasion-de-cristo-en-la-tarde-del-viernes-santo\/#article","isPartOf":{"@id":"https:\/\/www.copealcoy.es\/es\/alcoy-revive-la-pasion-de-cristo-en-la-tarde-del-viernes-santo\/"},"author":{"name":"Cope Alcoy","@id":"https:\/\/www.copealcoy.es\/es\/#\/schema\/person\/e777c87fa024e57d40170af9df39882c"},"headline":"Alcoy revive La Pasi\u00f3n de Cristo en la tarde del Viernes Santo","datePublished":"2018-03-30T23:34:59+00:00","dateModified":"2018-03-31T07:38:35+00:00","mainEntityOfPage":{"@id":"https:\/\/www.copealcoy.es\/es\/alcoy-revive-la-pasion-de-cristo-en-la-tarde-del-viernes-santo\/"},"wordCount":379,"commentCount":0,"image":{"@id":"https:\/\/www.copealcoy.es\/es\/alcoy-revive-la-pasion-de-cristo-en-la-tarde-del-viernes-santo\/#primaryimage"},"thumbnailUrl":"https:\/\/www.copealcoy.es\/wp-content\/uploads\/2018\/03\/procesion-santo-entierro-alcoy-20_g-e1522452785509.jpg","keywords":["Alcoy","Procesi\u00f3n","Santo Entierro","Semana Santa"],"articleSection":["Alcoy","Fiesta y Cultura","Noticias","Portada"],"inLanguage":"es"},{"@type":"WebPage","@id":"https:\/\/www.copealcoy.es\/es\/alcoy-revive-la-pasion-de-cristo-en-la-tarde-del-viernes-santo\/","url":"https:\/\/www.copealcoy.es\/es\/alcoy-revive-la-pasion-de-cristo-en-la-tarde-del-viernes-santo\/","name":"Alcoy revive La Pasi\u00f3n de Cristo en la tarde del Viernes Santo - COPE Alcoy","isPartOf":{"@id":"https:\/\/www.copealcoy.es\/es\/#website"},"primaryImageOfPage":{"@id":"https:\/\/www.copealcoy.es\/es\/alcoy-revive-la-pasion-de-cristo-en-la-tarde-del-viernes-santo\/#primaryimage"},"image":{"@id":"https:\/\/www.copealcoy.es\/es\/alcoy-revive-la-pasion-de-cristo-en-la-tarde-del-viernes-santo\/#primaryimage"},"thumbnailUrl":"https:\/\/www.copealcoy.es\/wp-content\/uploads\/2018\/03\/procesion-santo-entierro-alcoy-20_g-e1522452785509.jpg","datePublished":"2018-03-30T23:34:59+00:00","dateModified":"2018-03-31T07:38:35+00:00","author":{"@id":"https:\/\/www.copealcoy.es\/es\/#\/schema\/person\/e777c87fa024e57d40170af9df39882c"},"breadcrumb":{"@id":"https:\/\/www.copealcoy.es\/es\/alcoy-revive-la-pasion-de-cristo-en-la-tarde-del-viernes-santo\/#breadcrumb"},"inLanguage":"es","potentialAction":[{"@type":"ReadAction","target":["https:\/\/www.copealcoy.es\/es\/alcoy-revive-la-pasion-de-cristo-en-la-tarde-del-viernes-santo\/"]}]},{"@type":"ImageObject","inLanguage":"es","@id":"https:\/\/www.copealcoy.es\/es\/alcoy-revive-la-pasion-de-cristo-en-la-tarde-del-viernes-santo\/#primaryimage","url":"https:\/\/www.copealcoy.es\/wp-content\/uploads\/2018\/03\/procesion-santo-entierro-alcoy-20_g-e1522452785509.jpg","contentUrl":"https:\/\/www.copealcoy.es\/wp-content\/uploads\/2018\/03\/procesion-santo-entierro-alcoy-20_g-e1522452785509.jpg","width":995,"height":545,"caption":"La imagen del Cristo Yacente desfilando durante la procesi\u00f3n \/ Foto: Juani Ruz"},{"@type":"BreadcrumbList","@id":"https:\/\/www.copealcoy.es\/es\/alcoy-revive-la-pasion-de-cristo-en-la-tarde-del-viernes-santo\/#breadcrumb","itemListElement":[{"@type":"ListItem","position":1,"name":"Portada","item":"https:\/\/www.copealcoy.es\/es\/"},{"@type":"ListItem","position":2,"name":"Alcoy revive La Pasi\u00f3n de Cristo en la tarde del Viernes Santo"}]},{"@type":"WebSite","@id":"https:\/\/www.copealcoy.es\/es\/#website","url":"https:\/\/www.copealcoy.es\/es\/","name":"COPE Alcoy","description":"Emisora COPE de radio local con emisi\u00f3n online. Pont de Sant Jordi 8-10 03803 Alcoy","potentialAction":[{"@type":"SearchAction","target":{"@type":"EntryPoint","urlTemplate":"https:\/\/www.copealcoy.es\/es\/?s={search_term_string}"},"query-input":{"@type":"PropertyValueSpecification","valueRequired":true,"valueName":"search_term_string"}}],"inLanguage":"es"},{"@type":"Person","@id":"https:\/\/www.copealcoy.es\/es\/#\/schema\/person\/e777c87fa024e57d40170af9df39882c","name":"Cope Alcoy","image":{"@type":"ImageObject","inLanguage":"es","@id":"https:\/\/secure.gravatar.com\/avatar\/bb65d0283347e303893ba14f0692005417c1e0e690a325a4c5d8bb2b3943ee14?s=96&d=mm&r=g","url":"https:\/\/secure.gravatar.com\/avatar\/bb65d0283347e303893ba14f0692005417c1e0e690a325a4c5d8bb2b3943ee14?s=96&d=mm&r=g","contentUrl":"https:\/\/secure.gravatar.com\/avatar\/bb65d0283347e303893ba14f0692005417c1e0e690a325a4c5d8bb2b3943ee14?s=96&d=mm&r=g","caption":"Cope Alcoy"}}]}},"_links":{"self":[{"href":"https:\/\/www.copealcoy.es\/es\/wp-json\/wp\/v2\/posts\/40702","targetHints":{"allow":["GET"]}}],"collection":[{"href":"https:\/\/www.copealcoy.es\/es\/wp-json\/wp\/v2\/posts"}],"about":[{"href":"https:\/\/www.copealcoy.es\/es\/wp-json\/wp\/v2\/types\/post"}],"author":[{"embeddable":true,"href":"https:\/\/www.copealcoy.es\/es\/wp-json\/wp\/v2\/users\/1"}],"replies":[{"embeddable":true,"href":"https:\/\/www.copealcoy.es\/es\/wp-json\/wp\/v2\/comments?post=40702"}],"version-history":[{"count":0,"href":"https:\/\/www.copealcoy.es\/es\/wp-json\/wp\/v2\/posts\/40702\/revisions"}],"wp:featuredmedia":[{"embeddable":true,"href":"https:\/\/www.copealcoy.es\/es\/wp-json\/wp\/v2\/media\/40703"}],"wp:attachment":[{"href":"https:\/\/www.copealcoy.es\/es\/wp-json\/wp\/v2\/media?parent=40702"}],"wp:term":[{"taxonomy":"category","embeddable":true,"href":"https:\/\/www.copealcoy.es\/es\/wp-json\/wp\/v2\/categories?post=40702"},{"taxonomy":"post_tag","embeddable":true,"href":"https:\/\/www.copealcoy.es\/es\/wp-json\/wp\/v2\/tags?post=40702"}],"curies":[{"name":"wp","href":"https:\/\/api.w.org\/{rel}","templated":true}]}}