{"id":40691,"date":"2018-03-30T22:39:42","date_gmt":"2018-03-30T22:39:42","guid":{"rendered":"http:\/\/copealcoi.es\/new\/?p=40691"},"modified":"2018-03-30T22:43:12","modified_gmt":"2018-03-30T22:43:12","slug":"la-procesion-del-santo-entierro-llena-de-fervor-las-calles-de-muro","status":"publish","type":"post","link":"https:\/\/www.copealcoy.es\/es\/la-procesion-del-santo-entierro-llena-de-fervor-las-calles-de-muro\/","title":{"rendered":"La Procesi\u00f3n del Santo Entierro llena de fervor las calles de Muro"},"content":{"rendered":"<p style=\"text-align: justify;\">Muro celebr\u00f3 ayer, como cada Viernes Santo,<strong> la tradicional Procesi\u00f3n del Santo Entierro<\/strong> en la que tomaron parte <strong>todas las im\u00e1genes<\/strong> pertenecientes a las Cofrad\u00edas de la Semana Santa de este municipio del Comtat.<\/p>\n<p style=\"text-align: justify;\">El desfile procesional <strong>comenz\u00f3 pasadas las ocho y media de la tarde<\/strong> desde la iglesia de San Juan Bautista y el mismo estuvo encabezado por <strong>la Cruz Parroquial<\/strong> portada por monaguillos. A continuaci\u00f3n recorrieron las calles del casco antiguo de la poblaci\u00f3n <strong>los pasos del Cristo de la Columna, el Ecce Homo, el Nazareno, la Santa Cruz, el Cristo Yacente y la Dolorosa<\/strong>. Como novedad desfil\u00f3 <strong>un grupo de legionarios<\/strong>, acompa\u00f1ados de instrumentos de percusi\u00f3n y cornetas, para conmemorar el <strong>vig\u00e9simo aniversario<\/strong> de la constituci\u00f3n oficial de la mencionada Cofrad\u00eda de la Santa Cruz. Adem\u00e1s destac\u00f3<strong> la presencia de numerosos penitentes<\/strong> acompa\u00f1ando a cada imagen y portando las vestimentas con los colores que identifican a cada una de las Hermandades.<\/p>\n<p>La Procesi\u00f3n del Santo Entierro de Muro <strong>recorri\u00f3 buena parte del casco antiguo<\/strong> y finaliz\u00f3 de nuevo en la parroquia de San Juan Bautista con la interpretaci\u00f3n de varios cantos.<\/p>\n<p style=\"text-align: justify;\"><strong>Hoy Vigilia Pascual y reparto de La Mona<\/strong><\/p>\n<p style=\"text-align: justify;\">La Semana Santa de Muro seguir\u00e1 este S\u00e1bado Santo con <strong>la Vigilia Pascual<\/strong> en la parroquia a partir de las 22:30h. Al finalizar esta <strong>se disparar\u00e1 un castillo de fuegos artificiales<\/strong> y <strong>se repartir\u00e1n Monas y chocolate<\/strong> en la Plaza de la iglesia. Seguidamente comenzar\u00e1 el canto de\u00a0<em>La Aurora\u00a0<\/em>y este discurrir\u00e1 por diferentes calles del municipio.<\/p>\n","protected":false},"excerpt":{"rendered":"<p>Muro celebr\u00f3 ayer, como cada Viernes Santo, la tradicional Procesi\u00f3n del Santo Entierro en la que tomaron parte todas las&#8230;<\/p>\n","protected":false},"author":1,"featured_media":40692,"comment_status":"open","ping_status":"open","sticky":false,"template":"","format":"standard","meta":{"footnotes":""},"categories":[98,75],"tags":[135,917,2049,745,2050],"class_list":["post-40691","post","type-post","status-publish","format-standard","has-post-thumbnail","hentry","category-comarcas","category-noticias","tag-muro","tag-procesion","tag-santo-entierro","tag-semana-santa","tag-viernes-santo"],"yoast_head":"<!-- This site is optimized with the Yoast SEO plugin v27.3 - https:\/\/yoast.com\/product\/yoast-seo-wordpress\/ -->\n<title>La Procesi\u00f3n del Santo Entierro llena de fervor las calles de Muro - COPE Alcoy<\/title>\n<meta name=\"robots\" content=\"index, follow, max-snippet:-1, max-image-preview:large, max-video-preview:-1\" \/>\n<link rel=\"canonical\" href=\"https:\/\/www.copealcoy.es\/es\/la-procesion-del-santo-entierro-llena-de-fervor-las-calles-de-muro\/\" \/>\n<meta property=\"og:locale\" content=\"es_ES\" \/>\n<meta property=\"og:type\" content=\"article\" \/>\n<meta property=\"og:title\" content=\"La Procesi\u00f3n del Santo Entierro llena de fervor las calles de Muro - COPE Alcoy\" \/>\n<meta property=\"og:description\" content=\"Muro celebr\u00f3 ayer, como cada Viernes Santo, la tradicional Procesi\u00f3n del Santo Entierro en la que tomaron parte todas las...\" \/>\n<meta property=\"og:url\" content=\"https:\/\/www.copealcoy.es\/es\/la-procesion-del-santo-entierro-llena-de-fervor-las-calles-de-muro\/\" \/>\n<meta property=\"og:site_name\" content=\"COPE Alcoy\" \/>\n<meta property=\"article:published_time\" content=\"2018-03-30T22:39:42+00:00\" \/>\n<meta property=\"article:modified_time\" content=\"2018-03-30T22:43:12+00:00\" \/>\n<meta property=\"og:image\" content=\"https:\/\/www.copealcoy.es\/wp-content\/uploads\/2018\/03\/29573388_1927227107350680_573412275919816358_n-e1522448473996.jpg\" \/>\n\t<meta property=\"og:image:width\" content=\"960\" \/>\n\t<meta property=\"og:image:height\" content=\"528\" \/>\n\t<meta property=\"og:image:type\" content=\"image\/jpeg\" \/>\n<meta name=\"author\" content=\"Cope Alcoy\" \/>\n<meta name=\"twitter:label1\" content=\"Escrito por\" \/>\n\t<meta name=\"twitter:data1\" content=\"Cope Alcoy\" \/>\n\t<meta name=\"twitter:label2\" content=\"Tiempo de lectura\" \/>\n\t<meta name=\"twitter:data2\" content=\"1 minuto\" \/>\n<script type=\"application\/ld+json\" class=\"yoast-schema-graph\">{\"@context\":\"https:\\\/\\\/schema.org\",\"@graph\":[{\"@type\":\"Article\",\"@id\":\"https:\\\/\\\/www.copealcoy.es\\\/es\\\/la-procesion-del-santo-entierro-llena-de-fervor-las-calles-de-muro\\\/#article\",\"isPartOf\":{\"@id\":\"https:\\\/\\\/www.copealcoy.es\\\/es\\\/la-procesion-del-santo-entierro-llena-de-fervor-las-calles-de-muro\\\/\"},\"author\":{\"name\":\"Cope Alcoy\",\"@id\":\"https:\\\/\\\/www.copealcoy.es\\\/es\\\/#\\\/schema\\\/person\\\/e777c87fa024e57d40170af9df39882c\"},\"headline\":\"La Procesi\u00f3n del Santo Entierro llena de fervor las calles de Muro\",\"datePublished\":\"2018-03-30T22:39:42+00:00\",\"dateModified\":\"2018-03-30T22:43:12+00:00\",\"mainEntityOfPage\":{\"@id\":\"https:\\\/\\\/www.copealcoy.es\\\/es\\\/la-procesion-del-santo-entierro-llena-de-fervor-las-calles-de-muro\\\/\"},\"wordCount\":279,\"commentCount\":0,\"image\":{\"@id\":\"https:\\\/\\\/www.copealcoy.es\\\/es\\\/la-procesion-del-santo-entierro-llena-de-fervor-las-calles-de-muro\\\/#primaryimage\"},\"thumbnailUrl\":\"https:\\\/\\\/www.copealcoy.es\\\/wp-content\\\/uploads\\\/2018\\\/03\\\/29573388_1927227107350680_573412275919816358_n-e1522448473996.jpg\",\"keywords\":[\"Muro\",\"Procesi\u00f3n\",\"Santo Entierro\",\"Semana Santa\",\"Viernes Santo\"],\"articleSection\":[\"Comarcas\",\"Noticias\"],\"inLanguage\":\"es\"},{\"@type\":\"WebPage\",\"@id\":\"https:\\\/\\\/www.copealcoy.es\\\/es\\\/la-procesion-del-santo-entierro-llena-de-fervor-las-calles-de-muro\\\/\",\"url\":\"https:\\\/\\\/www.copealcoy.es\\\/es\\\/la-procesion-del-santo-entierro-llena-de-fervor-las-calles-de-muro\\\/\",\"name\":\"La Procesi\u00f3n del Santo Entierro llena de fervor las calles de Muro - COPE Alcoy\",\"isPartOf\":{\"@id\":\"https:\\\/\\\/www.copealcoy.es\\\/es\\\/#website\"},\"primaryImageOfPage\":{\"@id\":\"https:\\\/\\\/www.copealcoy.es\\\/es\\\/la-procesion-del-santo-entierro-llena-de-fervor-las-calles-de-muro\\\/#primaryimage\"},\"image\":{\"@id\":\"https:\\\/\\\/www.copealcoy.es\\\/es\\\/la-procesion-del-santo-entierro-llena-de-fervor-las-calles-de-muro\\\/#primaryimage\"},\"thumbnailUrl\":\"https:\\\/\\\/www.copealcoy.es\\\/wp-content\\\/uploads\\\/2018\\\/03\\\/29573388_1927227107350680_573412275919816358_n-e1522448473996.jpg\",\"datePublished\":\"2018-03-30T22:39:42+00:00\",\"dateModified\":\"2018-03-30T22:43:12+00:00\",\"author\":{\"@id\":\"https:\\\/\\\/www.copealcoy.es\\\/es\\\/#\\\/schema\\\/person\\\/e777c87fa024e57d40170af9df39882c\"},\"breadcrumb\":{\"@id\":\"https:\\\/\\\/www.copealcoy.es\\\/es\\\/la-procesion-del-santo-entierro-llena-de-fervor-las-calles-de-muro\\\/#breadcrumb\"},\"inLanguage\":\"es\",\"potentialAction\":[{\"@type\":\"ReadAction\",\"target\":[\"https:\\\/\\\/www.copealcoy.es\\\/es\\\/la-procesion-del-santo-entierro-llena-de-fervor-las-calles-de-muro\\\/\"]}]},{\"@type\":\"ImageObject\",\"inLanguage\":\"es\",\"@id\":\"https:\\\/\\\/www.copealcoy.es\\\/es\\\/la-procesion-del-santo-entierro-llena-de-fervor-las-calles-de-muro\\\/#primaryimage\",\"url\":\"https:\\\/\\\/www.copealcoy.es\\\/wp-content\\\/uploads\\\/2018\\\/03\\\/29573388_1927227107350680_573412275919816358_n-e1522448473996.jpg\",\"contentUrl\":\"https:\\\/\\\/www.copealcoy.es\\\/wp-content\\\/uploads\\\/2018\\\/03\\\/29573388_1927227107350680_573412275919816358_n-e1522448473996.jpg\",\"width\":960,\"height\":528,\"caption\":\"El paso del Ecce Homo es uno de los que ha desfilado en la procesi\u00f3n \\\/ Anneke van Dorresteijn\"},{\"@type\":\"BreadcrumbList\",\"@id\":\"https:\\\/\\\/www.copealcoy.es\\\/es\\\/la-procesion-del-santo-entierro-llena-de-fervor-las-calles-de-muro\\\/#breadcrumb\",\"itemListElement\":[{\"@type\":\"ListItem\",\"position\":1,\"name\":\"Portada\",\"item\":\"https:\\\/\\\/www.copealcoy.es\\\/es\\\/\"},{\"@type\":\"ListItem\",\"position\":2,\"name\":\"La Procesi\u00f3n del Santo Entierro llena de fervor las calles de Muro\"}]},{\"@type\":\"WebSite\",\"@id\":\"https:\\\/\\\/www.copealcoy.es\\\/es\\\/#website\",\"url\":\"https:\\\/\\\/www.copealcoy.es\\\/es\\\/\",\"name\":\"COPE Alcoy\",\"description\":\"Emisora COPE de radio local con emisi\u00f3n online. Pont de Sant Jordi 8-10 03803 Alcoy\",\"potentialAction\":[{\"@type\":\"SearchAction\",\"target\":{\"@type\":\"EntryPoint\",\"urlTemplate\":\"https:\\\/\\\/www.copealcoy.es\\\/es\\\/?s={search_term_string}\"},\"query-input\":{\"@type\":\"PropertyValueSpecification\",\"valueRequired\":true,\"valueName\":\"search_term_string\"}}],\"inLanguage\":\"es\"},{\"@type\":\"Person\",\"@id\":\"https:\\\/\\\/www.copealcoy.es\\\/es\\\/#\\\/schema\\\/person\\\/e777c87fa024e57d40170af9df39882c\",\"name\":\"Cope Alcoy\",\"image\":{\"@type\":\"ImageObject\",\"inLanguage\":\"es\",\"@id\":\"https:\\\/\\\/secure.gravatar.com\\\/avatar\\\/bb65d0283347e303893ba14f0692005417c1e0e690a325a4c5d8bb2b3943ee14?s=96&d=mm&r=g\",\"url\":\"https:\\\/\\\/secure.gravatar.com\\\/avatar\\\/bb65d0283347e303893ba14f0692005417c1e0e690a325a4c5d8bb2b3943ee14?s=96&d=mm&r=g\",\"contentUrl\":\"https:\\\/\\\/secure.gravatar.com\\\/avatar\\\/bb65d0283347e303893ba14f0692005417c1e0e690a325a4c5d8bb2b3943ee14?s=96&d=mm&r=g\",\"caption\":\"Cope Alcoy\"}}]}<\/script>\n<!-- \/ Yoast SEO plugin. -->","yoast_head_json":{"title":"La Procesi\u00f3n del Santo Entierro llena de fervor las calles de Muro - COPE Alcoy","robots":{"index":"index","follow":"follow","max-snippet":"max-snippet:-1","max-image-preview":"max-image-preview:large","max-video-preview":"max-video-preview:-1"},"canonical":"https:\/\/www.copealcoy.es\/es\/la-procesion-del-santo-entierro-llena-de-fervor-las-calles-de-muro\/","og_locale":"es_ES","og_type":"article","og_title":"La Procesi\u00f3n del Santo Entierro llena de fervor las calles de Muro - COPE Alcoy","og_description":"Muro celebr\u00f3 ayer, como cada Viernes Santo, la tradicional Procesi\u00f3n del Santo Entierro en la que tomaron parte todas las...","og_url":"https:\/\/www.copealcoy.es\/es\/la-procesion-del-santo-entierro-llena-de-fervor-las-calles-de-muro\/","og_site_name":"COPE Alcoy","article_published_time":"2018-03-30T22:39:42+00:00","article_modified_time":"2018-03-30T22:43:12+00:00","og_image":[{"width":960,"height":528,"url":"https:\/\/www.copealcoy.es\/wp-content\/uploads\/2018\/03\/29573388_1927227107350680_573412275919816358_n-e1522448473996.jpg","type":"image\/jpeg"}],"author":"Cope Alcoy","twitter_misc":{"Escrito por":"Cope Alcoy","Tiempo de lectura":"1 minuto"},"schema":{"@context":"https:\/\/schema.org","@graph":[{"@type":"Article","@id":"https:\/\/www.copealcoy.es\/es\/la-procesion-del-santo-entierro-llena-de-fervor-las-calles-de-muro\/#article","isPartOf":{"@id":"https:\/\/www.copealcoy.es\/es\/la-procesion-del-santo-entierro-llena-de-fervor-las-calles-de-muro\/"},"author":{"name":"Cope Alcoy","@id":"https:\/\/www.copealcoy.es\/es\/#\/schema\/person\/e777c87fa024e57d40170af9df39882c"},"headline":"La Procesi\u00f3n del Santo Entierro llena de fervor las calles de Muro","datePublished":"2018-03-30T22:39:42+00:00","dateModified":"2018-03-30T22:43:12+00:00","mainEntityOfPage":{"@id":"https:\/\/www.copealcoy.es\/es\/la-procesion-del-santo-entierro-llena-de-fervor-las-calles-de-muro\/"},"wordCount":279,"commentCount":0,"image":{"@id":"https:\/\/www.copealcoy.es\/es\/la-procesion-del-santo-entierro-llena-de-fervor-las-calles-de-muro\/#primaryimage"},"thumbnailUrl":"https:\/\/www.copealcoy.es\/wp-content\/uploads\/2018\/03\/29573388_1927227107350680_573412275919816358_n-e1522448473996.jpg","keywords":["Muro","Procesi\u00f3n","Santo Entierro","Semana Santa","Viernes Santo"],"articleSection":["Comarcas","Noticias"],"inLanguage":"es"},{"@type":"WebPage","@id":"https:\/\/www.copealcoy.es\/es\/la-procesion-del-santo-entierro-llena-de-fervor-las-calles-de-muro\/","url":"https:\/\/www.copealcoy.es\/es\/la-procesion-del-santo-entierro-llena-de-fervor-las-calles-de-muro\/","name":"La Procesi\u00f3n del Santo Entierro llena de fervor las calles de Muro - COPE Alcoy","isPartOf":{"@id":"https:\/\/www.copealcoy.es\/es\/#website"},"primaryImageOfPage":{"@id":"https:\/\/www.copealcoy.es\/es\/la-procesion-del-santo-entierro-llena-de-fervor-las-calles-de-muro\/#primaryimage"},"image":{"@id":"https:\/\/www.copealcoy.es\/es\/la-procesion-del-santo-entierro-llena-de-fervor-las-calles-de-muro\/#primaryimage"},"thumbnailUrl":"https:\/\/www.copealcoy.es\/wp-content\/uploads\/2018\/03\/29573388_1927227107350680_573412275919816358_n-e1522448473996.jpg","datePublished":"2018-03-30T22:39:42+00:00","dateModified":"2018-03-30T22:43:12+00:00","author":{"@id":"https:\/\/www.copealcoy.es\/es\/#\/schema\/person\/e777c87fa024e57d40170af9df39882c"},"breadcrumb":{"@id":"https:\/\/www.copealcoy.es\/es\/la-procesion-del-santo-entierro-llena-de-fervor-las-calles-de-muro\/#breadcrumb"},"inLanguage":"es","potentialAction":[{"@type":"ReadAction","target":["https:\/\/www.copealcoy.es\/es\/la-procesion-del-santo-entierro-llena-de-fervor-las-calles-de-muro\/"]}]},{"@type":"ImageObject","inLanguage":"es","@id":"https:\/\/www.copealcoy.es\/es\/la-procesion-del-santo-entierro-llena-de-fervor-las-calles-de-muro\/#primaryimage","url":"https:\/\/www.copealcoy.es\/wp-content\/uploads\/2018\/03\/29573388_1927227107350680_573412275919816358_n-e1522448473996.jpg","contentUrl":"https:\/\/www.copealcoy.es\/wp-content\/uploads\/2018\/03\/29573388_1927227107350680_573412275919816358_n-e1522448473996.jpg","width":960,"height":528,"caption":"El paso del Ecce Homo es uno de los que ha desfilado en la procesi\u00f3n \/ Anneke van Dorresteijn"},{"@type":"BreadcrumbList","@id":"https:\/\/www.copealcoy.es\/es\/la-procesion-del-santo-entierro-llena-de-fervor-las-calles-de-muro\/#breadcrumb","itemListElement":[{"@type":"ListItem","position":1,"name":"Portada","item":"https:\/\/www.copealcoy.es\/es\/"},{"@type":"ListItem","position":2,"name":"La Procesi\u00f3n del Santo Entierro llena de fervor las calles de Muro"}]},{"@type":"WebSite","@id":"https:\/\/www.copealcoy.es\/es\/#website","url":"https:\/\/www.copealcoy.es\/es\/","name":"COPE Alcoy","description":"Emisora COPE de radio local con emisi\u00f3n online. Pont de Sant Jordi 8-10 03803 Alcoy","potentialAction":[{"@type":"SearchAction","target":{"@type":"EntryPoint","urlTemplate":"https:\/\/www.copealcoy.es\/es\/?s={search_term_string}"},"query-input":{"@type":"PropertyValueSpecification","valueRequired":true,"valueName":"search_term_string"}}],"inLanguage":"es"},{"@type":"Person","@id":"https:\/\/www.copealcoy.es\/es\/#\/schema\/person\/e777c87fa024e57d40170af9df39882c","name":"Cope Alcoy","image":{"@type":"ImageObject","inLanguage":"es","@id":"https:\/\/secure.gravatar.com\/avatar\/bb65d0283347e303893ba14f0692005417c1e0e690a325a4c5d8bb2b3943ee14?s=96&d=mm&r=g","url":"https:\/\/secure.gravatar.com\/avatar\/bb65d0283347e303893ba14f0692005417c1e0e690a325a4c5d8bb2b3943ee14?s=96&d=mm&r=g","contentUrl":"https:\/\/secure.gravatar.com\/avatar\/bb65d0283347e303893ba14f0692005417c1e0e690a325a4c5d8bb2b3943ee14?s=96&d=mm&r=g","caption":"Cope Alcoy"}}]}},"_links":{"self":[{"href":"https:\/\/www.copealcoy.es\/es\/wp-json\/wp\/v2\/posts\/40691","targetHints":{"allow":["GET"]}}],"collection":[{"href":"https:\/\/www.copealcoy.es\/es\/wp-json\/wp\/v2\/posts"}],"about":[{"href":"https:\/\/www.copealcoy.es\/es\/wp-json\/wp\/v2\/types\/post"}],"author":[{"embeddable":true,"href":"https:\/\/www.copealcoy.es\/es\/wp-json\/wp\/v2\/users\/1"}],"replies":[{"embeddable":true,"href":"https:\/\/www.copealcoy.es\/es\/wp-json\/wp\/v2\/comments?post=40691"}],"version-history":[{"count":0,"href":"https:\/\/www.copealcoy.es\/es\/wp-json\/wp\/v2\/posts\/40691\/revisions"}],"wp:featuredmedia":[{"embeddable":true,"href":"https:\/\/www.copealcoy.es\/es\/wp-json\/wp\/v2\/media\/40692"}],"wp:attachment":[{"href":"https:\/\/www.copealcoy.es\/es\/wp-json\/wp\/v2\/media?parent=40691"}],"wp:term":[{"taxonomy":"category","embeddable":true,"href":"https:\/\/www.copealcoy.es\/es\/wp-json\/wp\/v2\/categories?post=40691"},{"taxonomy":"post_tag","embeddable":true,"href":"https:\/\/www.copealcoy.es\/es\/wp-json\/wp\/v2\/tags?post=40691"}],"curies":[{"name":"wp","href":"https:\/\/api.w.org\/{rel}","templated":true}]}}