{"id":40673,"date":"2018-03-12T07:14:55","date_gmt":"2018-03-12T07:14:55","guid":{"rendered":"http:\/\/copealcoi.es\/new\/?p=40673"},"modified":"2018-03-30T07:40:48","modified_gmt":"2018-03-30T07:40:48","slug":"la-union-musical-realiza-su-propio-particular-pregon-festero","status":"publish","type":"post","link":"https:\/\/www.copealcoy.es\/es\/la-union-musical-realiza-su-propio-particular-pregon-festero\/","title":{"rendered":"La Uni\u00f3n Musical realiza su propio particular preg\u00f3n festero"},"content":{"rendered":"<p style=\"text-align: justify;\">La <strong>Uni\u00f3n Musical de Alcoy<\/strong> efectu\u00f3 ayer domingo su <strong>tradicional Concierto de Exaltaci\u00f3n de la M\u00fasica Festera<\/strong>, una cita que lleg\u00f3 con <strong>varias novedades<\/strong> como por ejemplo la nueva presidencia de la banda, <strong>asumida por Alfonso Y\u00e9pez<\/strong>, y tambi\u00e9n la incorporaci\u00f3n del contestano <strong>I\u00f1aki Lecumberri Camps<\/strong> como nuevo director.<\/p>\n<p style=\"text-align: justify;\">El Concierto estuvo <strong>dividido en dos partes<\/strong> y en la primera los m\u00fasicos interpretaron el pasodoble\u00a0<em>El K\u00b4Sar el Jedid\u00a0<\/em>de Camilo P\u00e9rez Monllor, la marcha mora\u00a0<em>Moro de Granada\u00a0<\/em>de Gonzalo Blanes Colomer, el pasodoble\u00a0<em>Mirhab\u00a0<\/em>de Evaristo P\u00e9rez Monllor,\u00a0<em>Suspiros del Serpis\u00a0<\/em>de Jos\u00e9 Carbonell Garc\u00eda, la marcha mora\u00a0<em>Elda\u00a0<\/em>de Amando Blanquer Ponsoda y la cl\u00e1sica marcha cristiana\u00a0<em>Alcoi, Escata i Destral\u00a0<\/em>de Rafael Mullor Grau. Ya <strong>en la segunda sonaron piezas<\/strong> como\u00a0<em>Guitarra Espa\u00f1ola\u00a0<\/em>de Enrique Igual Blasco, la marcha mora\u00a0<em>Coram\u00a0<\/em>de Lu\u00eds Segu\u00ed Company, la marcha cristiana\u00a0<em>Edet\u00e0nia\u00a0<\/em>de I\u00f1aki Lecumberri Camps, el pasodoble\u00a0<em>A la meua Rosa\u00a0<\/em>de Alfonso Y\u00e9pez Santamar\u00eda y la marcha mora\u00a0<em>Lluna Llanera\u00a0<\/em>creada por Bene Ripoll. Finalmente <strong>pudimos escuchar<\/strong> la emblem\u00e1tica marcha cristiana\u00a0<em>Marfil\u00a0<\/em>del contestano Jos\u00e7e Vicente Egea Insa, una pieza que consigui\u00f3 el Primer Premio en el Concurso de Composici\u00f3n de M\u00fasica Festera de Alcoy en 1994.<\/p>\n<p>La <strong>interpretaci\u00f3n del Himno de Fiestas<\/strong>, como es habitual en los Conciertos de Exaltaci\u00f3n a la M\u00fasica Festera, puso el punto y final al acto.<\/p>\n","protected":false},"excerpt":{"rendered":"<p>La Uni\u00f3n Musical de Alcoy efectu\u00f3 ayer domingo su tradicional Concierto de Exaltaci\u00f3n de la M\u00fasica Festera, una cita que&#8230;<\/p>\n","protected":false},"author":1,"featured_media":40674,"comment_status":"open","ping_status":"open","sticky":false,"template":"","format":"standard","meta":{"footnotes":""},"categories":[97,78,75],"tags":[1494,701,700,5395,1552],"class_list":["post-40673","post","type-post","status-publish","format-standard","has-post-thumbnail","hentry","category-alcoy","category-fiestaycultura","category-noticias","tag-alcoy","tag-concierto","tag-musica-festera","tag-pregon-festero","tag-union-musical"],"yoast_head":"<!-- This site is optimized with the Yoast SEO plugin v27.3 - https:\/\/yoast.com\/product\/yoast-seo-wordpress\/ -->\n<title>La Uni\u00f3n Musical realiza su propio particular preg\u00f3n festero - COPE Alcoy<\/title>\n<meta name=\"robots\" content=\"index, follow, max-snippet:-1, max-image-preview:large, max-video-preview:-1\" \/>\n<link rel=\"canonical\" href=\"https:\/\/www.copealcoy.es\/es\/la-union-musical-realiza-su-propio-particular-pregon-festero\/\" \/>\n<meta property=\"og:locale\" content=\"es_ES\" \/>\n<meta property=\"og:type\" content=\"article\" \/>\n<meta property=\"og:title\" content=\"La Uni\u00f3n Musical realiza su propio particular preg\u00f3n festero - COPE Alcoy\" \/>\n<meta property=\"og:description\" content=\"La Uni\u00f3n Musical de Alcoy efectu\u00f3 ayer domingo su tradicional Concierto de Exaltaci\u00f3n de la M\u00fasica Festera, una cita que...\" \/>\n<meta property=\"og:url\" content=\"https:\/\/www.copealcoy.es\/es\/la-union-musical-realiza-su-propio-particular-pregon-festero\/\" \/>\n<meta property=\"og:site_name\" content=\"COPE Alcoy\" \/>\n<meta property=\"article:published_time\" content=\"2018-03-12T07:14:55+00:00\" \/>\n<meta property=\"article:modified_time\" content=\"2018-03-30T07:40:48+00:00\" \/>\n<meta property=\"og:image\" content=\"https:\/\/www.copealcoy.es\/wp-content\/uploads\/2018\/03\/29103374_10216210063112402_1282768394713563136_n.jpg\" \/>\n\t<meta property=\"og:image:width\" content=\"960\" \/>\n\t<meta property=\"og:image:height\" content=\"672\" \/>\n\t<meta property=\"og:image:type\" content=\"image\/jpeg\" \/>\n<meta name=\"author\" content=\"Cope Alcoy\" \/>\n<meta name=\"twitter:label1\" content=\"Escrito por\" \/>\n\t<meta name=\"twitter:data1\" content=\"Cope Alcoy\" \/>\n\t<meta name=\"twitter:label2\" content=\"Tiempo de lectura\" \/>\n\t<meta name=\"twitter:data2\" content=\"1 minuto\" \/>\n<script type=\"application\/ld+json\" class=\"yoast-schema-graph\">{\"@context\":\"https:\\\/\\\/schema.org\",\"@graph\":[{\"@type\":\"Article\",\"@id\":\"https:\\\/\\\/www.copealcoy.es\\\/es\\\/la-union-musical-realiza-su-propio-particular-pregon-festero\\\/#article\",\"isPartOf\":{\"@id\":\"https:\\\/\\\/www.copealcoy.es\\\/es\\\/la-union-musical-realiza-su-propio-particular-pregon-festero\\\/\"},\"author\":{\"name\":\"Cope Alcoy\",\"@id\":\"https:\\\/\\\/www.copealcoy.es\\\/es\\\/#\\\/schema\\\/person\\\/e777c87fa024e57d40170af9df39882c\"},\"headline\":\"La Uni\u00f3n Musical realiza su propio particular preg\u00f3n festero\",\"datePublished\":\"2018-03-12T07:14:55+00:00\",\"dateModified\":\"2018-03-30T07:40:48+00:00\",\"mainEntityOfPage\":{\"@id\":\"https:\\\/\\\/www.copealcoy.es\\\/es\\\/la-union-musical-realiza-su-propio-particular-pregon-festero\\\/\"},\"wordCount\":261,\"commentCount\":0,\"image\":{\"@id\":\"https:\\\/\\\/www.copealcoy.es\\\/es\\\/la-union-musical-realiza-su-propio-particular-pregon-festero\\\/#primaryimage\"},\"thumbnailUrl\":\"https:\\\/\\\/www.copealcoy.es\\\/wp-content\\\/uploads\\\/2018\\\/03\\\/29103374_10216210063112402_1282768394713563136_n.jpg\",\"keywords\":[\"Alcoy\",\"Concierto\",\"M\u00fasica Festera\",\"preg\u00f3n festero\",\"Uni\u00f3n Musical\"],\"articleSection\":[\"Alcoy\",\"Fiesta y Cultura\",\"Noticias\"],\"inLanguage\":\"es\"},{\"@type\":\"WebPage\",\"@id\":\"https:\\\/\\\/www.copealcoy.es\\\/es\\\/la-union-musical-realiza-su-propio-particular-pregon-festero\\\/\",\"url\":\"https:\\\/\\\/www.copealcoy.es\\\/es\\\/la-union-musical-realiza-su-propio-particular-pregon-festero\\\/\",\"name\":\"La Uni\u00f3n Musical realiza su propio particular preg\u00f3n festero - COPE Alcoy\",\"isPartOf\":{\"@id\":\"https:\\\/\\\/www.copealcoy.es\\\/es\\\/#website\"},\"primaryImageOfPage\":{\"@id\":\"https:\\\/\\\/www.copealcoy.es\\\/es\\\/la-union-musical-realiza-su-propio-particular-pregon-festero\\\/#primaryimage\"},\"image\":{\"@id\":\"https:\\\/\\\/www.copealcoy.es\\\/es\\\/la-union-musical-realiza-su-propio-particular-pregon-festero\\\/#primaryimage\"},\"thumbnailUrl\":\"https:\\\/\\\/www.copealcoy.es\\\/wp-content\\\/uploads\\\/2018\\\/03\\\/29103374_10216210063112402_1282768394713563136_n.jpg\",\"datePublished\":\"2018-03-12T07:14:55+00:00\",\"dateModified\":\"2018-03-30T07:40:48+00:00\",\"author\":{\"@id\":\"https:\\\/\\\/www.copealcoy.es\\\/es\\\/#\\\/schema\\\/person\\\/e777c87fa024e57d40170af9df39882c\"},\"breadcrumb\":{\"@id\":\"https:\\\/\\\/www.copealcoy.es\\\/es\\\/la-union-musical-realiza-su-propio-particular-pregon-festero\\\/#breadcrumb\"},\"inLanguage\":\"es\",\"potentialAction\":[{\"@type\":\"ReadAction\",\"target\":[\"https:\\\/\\\/www.copealcoy.es\\\/es\\\/la-union-musical-realiza-su-propio-particular-pregon-festero\\\/\"]}]},{\"@type\":\"ImageObject\",\"inLanguage\":\"es\",\"@id\":\"https:\\\/\\\/www.copealcoy.es\\\/es\\\/la-union-musical-realiza-su-propio-particular-pregon-festero\\\/#primaryimage\",\"url\":\"https:\\\/\\\/www.copealcoy.es\\\/wp-content\\\/uploads\\\/2018\\\/03\\\/29103374_10216210063112402_1282768394713563136_n.jpg\",\"contentUrl\":\"https:\\\/\\\/www.copealcoy.es\\\/wp-content\\\/uploads\\\/2018\\\/03\\\/29103374_10216210063112402_1282768394713563136_n.jpg\",\"width\":960,\"height\":672,\"caption\":\"El concierto tuvo lugar en el Teatro Calder\u00f3n ayer por la ma\u00f1ana\"},{\"@type\":\"BreadcrumbList\",\"@id\":\"https:\\\/\\\/www.copealcoy.es\\\/es\\\/la-union-musical-realiza-su-propio-particular-pregon-festero\\\/#breadcrumb\",\"itemListElement\":[{\"@type\":\"ListItem\",\"position\":1,\"name\":\"Portada\",\"item\":\"https:\\\/\\\/www.copealcoy.es\\\/es\\\/\"},{\"@type\":\"ListItem\",\"position\":2,\"name\":\"La Uni\u00f3n Musical realiza su propio particular preg\u00f3n festero\"}]},{\"@type\":\"WebSite\",\"@id\":\"https:\\\/\\\/www.copealcoy.es\\\/es\\\/#website\",\"url\":\"https:\\\/\\\/www.copealcoy.es\\\/es\\\/\",\"name\":\"COPE Alcoy\",\"description\":\"Emisora COPE de radio local con emisi\u00f3n online. Pont de Sant Jordi 8-10 03803 Alcoy\",\"potentialAction\":[{\"@type\":\"SearchAction\",\"target\":{\"@type\":\"EntryPoint\",\"urlTemplate\":\"https:\\\/\\\/www.copealcoy.es\\\/es\\\/?s={search_term_string}\"},\"query-input\":{\"@type\":\"PropertyValueSpecification\",\"valueRequired\":true,\"valueName\":\"search_term_string\"}}],\"inLanguage\":\"es\"},{\"@type\":\"Person\",\"@id\":\"https:\\\/\\\/www.copealcoy.es\\\/es\\\/#\\\/schema\\\/person\\\/e777c87fa024e57d40170af9df39882c\",\"name\":\"Cope Alcoy\",\"image\":{\"@type\":\"ImageObject\",\"inLanguage\":\"es\",\"@id\":\"https:\\\/\\\/secure.gravatar.com\\\/avatar\\\/bb65d0283347e303893ba14f0692005417c1e0e690a325a4c5d8bb2b3943ee14?s=96&d=mm&r=g\",\"url\":\"https:\\\/\\\/secure.gravatar.com\\\/avatar\\\/bb65d0283347e303893ba14f0692005417c1e0e690a325a4c5d8bb2b3943ee14?s=96&d=mm&r=g\",\"contentUrl\":\"https:\\\/\\\/secure.gravatar.com\\\/avatar\\\/bb65d0283347e303893ba14f0692005417c1e0e690a325a4c5d8bb2b3943ee14?s=96&d=mm&r=g\",\"caption\":\"Cope Alcoy\"}}]}<\/script>\n<!-- \/ Yoast SEO plugin. -->","yoast_head_json":{"title":"La Uni\u00f3n Musical realiza su propio particular preg\u00f3n festero - COPE Alcoy","robots":{"index":"index","follow":"follow","max-snippet":"max-snippet:-1","max-image-preview":"max-image-preview:large","max-video-preview":"max-video-preview:-1"},"canonical":"https:\/\/www.copealcoy.es\/es\/la-union-musical-realiza-su-propio-particular-pregon-festero\/","og_locale":"es_ES","og_type":"article","og_title":"La Uni\u00f3n Musical realiza su propio particular preg\u00f3n festero - COPE Alcoy","og_description":"La Uni\u00f3n Musical de Alcoy efectu\u00f3 ayer domingo su tradicional Concierto de Exaltaci\u00f3n de la M\u00fasica Festera, una cita que...","og_url":"https:\/\/www.copealcoy.es\/es\/la-union-musical-realiza-su-propio-particular-pregon-festero\/","og_site_name":"COPE Alcoy","article_published_time":"2018-03-12T07:14:55+00:00","article_modified_time":"2018-03-30T07:40:48+00:00","og_image":[{"width":960,"height":672,"url":"https:\/\/www.copealcoy.es\/wp-content\/uploads\/2018\/03\/29103374_10216210063112402_1282768394713563136_n.jpg","type":"image\/jpeg"}],"author":"Cope Alcoy","twitter_misc":{"Escrito por":"Cope Alcoy","Tiempo de lectura":"1 minuto"},"schema":{"@context":"https:\/\/schema.org","@graph":[{"@type":"Article","@id":"https:\/\/www.copealcoy.es\/es\/la-union-musical-realiza-su-propio-particular-pregon-festero\/#article","isPartOf":{"@id":"https:\/\/www.copealcoy.es\/es\/la-union-musical-realiza-su-propio-particular-pregon-festero\/"},"author":{"name":"Cope Alcoy","@id":"https:\/\/www.copealcoy.es\/es\/#\/schema\/person\/e777c87fa024e57d40170af9df39882c"},"headline":"La Uni\u00f3n Musical realiza su propio particular preg\u00f3n festero","datePublished":"2018-03-12T07:14:55+00:00","dateModified":"2018-03-30T07:40:48+00:00","mainEntityOfPage":{"@id":"https:\/\/www.copealcoy.es\/es\/la-union-musical-realiza-su-propio-particular-pregon-festero\/"},"wordCount":261,"commentCount":0,"image":{"@id":"https:\/\/www.copealcoy.es\/es\/la-union-musical-realiza-su-propio-particular-pregon-festero\/#primaryimage"},"thumbnailUrl":"https:\/\/www.copealcoy.es\/wp-content\/uploads\/2018\/03\/29103374_10216210063112402_1282768394713563136_n.jpg","keywords":["Alcoy","Concierto","M\u00fasica Festera","preg\u00f3n festero","Uni\u00f3n Musical"],"articleSection":["Alcoy","Fiesta y Cultura","Noticias"],"inLanguage":"es"},{"@type":"WebPage","@id":"https:\/\/www.copealcoy.es\/es\/la-union-musical-realiza-su-propio-particular-pregon-festero\/","url":"https:\/\/www.copealcoy.es\/es\/la-union-musical-realiza-su-propio-particular-pregon-festero\/","name":"La Uni\u00f3n Musical realiza su propio particular preg\u00f3n festero - COPE Alcoy","isPartOf":{"@id":"https:\/\/www.copealcoy.es\/es\/#website"},"primaryImageOfPage":{"@id":"https:\/\/www.copealcoy.es\/es\/la-union-musical-realiza-su-propio-particular-pregon-festero\/#primaryimage"},"image":{"@id":"https:\/\/www.copealcoy.es\/es\/la-union-musical-realiza-su-propio-particular-pregon-festero\/#primaryimage"},"thumbnailUrl":"https:\/\/www.copealcoy.es\/wp-content\/uploads\/2018\/03\/29103374_10216210063112402_1282768394713563136_n.jpg","datePublished":"2018-03-12T07:14:55+00:00","dateModified":"2018-03-30T07:40:48+00:00","author":{"@id":"https:\/\/www.copealcoy.es\/es\/#\/schema\/person\/e777c87fa024e57d40170af9df39882c"},"breadcrumb":{"@id":"https:\/\/www.copealcoy.es\/es\/la-union-musical-realiza-su-propio-particular-pregon-festero\/#breadcrumb"},"inLanguage":"es","potentialAction":[{"@type":"ReadAction","target":["https:\/\/www.copealcoy.es\/es\/la-union-musical-realiza-su-propio-particular-pregon-festero\/"]}]},{"@type":"ImageObject","inLanguage":"es","@id":"https:\/\/www.copealcoy.es\/es\/la-union-musical-realiza-su-propio-particular-pregon-festero\/#primaryimage","url":"https:\/\/www.copealcoy.es\/wp-content\/uploads\/2018\/03\/29103374_10216210063112402_1282768394713563136_n.jpg","contentUrl":"https:\/\/www.copealcoy.es\/wp-content\/uploads\/2018\/03\/29103374_10216210063112402_1282768394713563136_n.jpg","width":960,"height":672,"caption":"El concierto tuvo lugar en el Teatro Calder\u00f3n ayer por la ma\u00f1ana"},{"@type":"BreadcrumbList","@id":"https:\/\/www.copealcoy.es\/es\/la-union-musical-realiza-su-propio-particular-pregon-festero\/#breadcrumb","itemListElement":[{"@type":"ListItem","position":1,"name":"Portada","item":"https:\/\/www.copealcoy.es\/es\/"},{"@type":"ListItem","position":2,"name":"La Uni\u00f3n Musical realiza su propio particular preg\u00f3n festero"}]},{"@type":"WebSite","@id":"https:\/\/www.copealcoy.es\/es\/#website","url":"https:\/\/www.copealcoy.es\/es\/","name":"COPE Alcoy","description":"Emisora COPE de radio local con emisi\u00f3n online. Pont de Sant Jordi 8-10 03803 Alcoy","potentialAction":[{"@type":"SearchAction","target":{"@type":"EntryPoint","urlTemplate":"https:\/\/www.copealcoy.es\/es\/?s={search_term_string}"},"query-input":{"@type":"PropertyValueSpecification","valueRequired":true,"valueName":"search_term_string"}}],"inLanguage":"es"},{"@type":"Person","@id":"https:\/\/www.copealcoy.es\/es\/#\/schema\/person\/e777c87fa024e57d40170af9df39882c","name":"Cope Alcoy","image":{"@type":"ImageObject","inLanguage":"es","@id":"https:\/\/secure.gravatar.com\/avatar\/bb65d0283347e303893ba14f0692005417c1e0e690a325a4c5d8bb2b3943ee14?s=96&d=mm&r=g","url":"https:\/\/secure.gravatar.com\/avatar\/bb65d0283347e303893ba14f0692005417c1e0e690a325a4c5d8bb2b3943ee14?s=96&d=mm&r=g","contentUrl":"https:\/\/secure.gravatar.com\/avatar\/bb65d0283347e303893ba14f0692005417c1e0e690a325a4c5d8bb2b3943ee14?s=96&d=mm&r=g","caption":"Cope Alcoy"}}]}},"_links":{"self":[{"href":"https:\/\/www.copealcoy.es\/es\/wp-json\/wp\/v2\/posts\/40673","targetHints":{"allow":["GET"]}}],"collection":[{"href":"https:\/\/www.copealcoy.es\/es\/wp-json\/wp\/v2\/posts"}],"about":[{"href":"https:\/\/www.copealcoy.es\/es\/wp-json\/wp\/v2\/types\/post"}],"author":[{"embeddable":true,"href":"https:\/\/www.copealcoy.es\/es\/wp-json\/wp\/v2\/users\/1"}],"replies":[{"embeddable":true,"href":"https:\/\/www.copealcoy.es\/es\/wp-json\/wp\/v2\/comments?post=40673"}],"version-history":[{"count":0,"href":"https:\/\/www.copealcoy.es\/es\/wp-json\/wp\/v2\/posts\/40673\/revisions"}],"wp:featuredmedia":[{"embeddable":true,"href":"https:\/\/www.copealcoy.es\/es\/wp-json\/wp\/v2\/media\/40674"}],"wp:attachment":[{"href":"https:\/\/www.copealcoy.es\/es\/wp-json\/wp\/v2\/media?parent=40673"}],"wp:term":[{"taxonomy":"category","embeddable":true,"href":"https:\/\/www.copealcoy.es\/es\/wp-json\/wp\/v2\/categories?post=40673"},{"taxonomy":"post_tag","embeddable":true,"href":"https:\/\/www.copealcoy.es\/es\/wp-json\/wp\/v2\/tags?post=40673"}],"curies":[{"name":"wp","href":"https:\/\/api.w.org\/{rel}","templated":true}]}}