{"id":40668,"date":"2018-03-29T22:19:31","date_gmt":"2018-03-29T22:19:31","guid":{"rendered":"http:\/\/copealcoi.es\/new\/?p=40668"},"modified":"2018-03-29T22:19:45","modified_gmt":"2018-03-29T22:19:45","slug":"el-silencio-envuelve-la-zona-alta-de-alcoy-el-jueves-santo","status":"publish","type":"post","link":"https:\/\/www.copealcoy.es\/es\/el-silencio-envuelve-la-zona-alta-de-alcoy-el-jueves-santo\/","title":{"rendered":"El silencio envuelve la Zona Alta de Alcoy el Jueves Santo"},"content":{"rendered":"<p style=\"text-align: justify;\">Las calles de la <strong>Zona Alta de Alcoy<\/strong> han sido testigo un <strong>Jueves Santo<\/strong> m\u00e1s de <strong>la tradicional Procesi\u00f3n del Silencio<\/strong> que organiza cada a\u00f1o en esta noche <strong>la Cofrad\u00eda del Cristo Agonizante<\/strong>.<\/p>\n<p style=\"text-align: justify;\">El acto ha comenzado pasadas las nueve <strong>desde la parroquia de San Vicente y San Antonio de los Padres Franciscanos<\/strong> y en el mismo <strong>han participado<\/strong> numerosos fieles con cirios en las manos. Tambi\u00e9n ha destacado la presencia de<strong> gran cantidad de penitentes<\/strong> portando t\u00fanicas y llevando los cl\u00e1sicos capirotes en la cabeza as\u00ed como se\u00f1oras ataviadas con mantillas. La m\u00fasica solemne ha marcado el paso de las im\u00e1genes del\u00a0<strong>Cristo Agonizante y de la Virgen de la Soledad<\/strong>,<strong>\u00a0<\/strong>portadas ambas por m\u00e1s de sesenta costaleros, al mismo tiempo que <strong>no ha faltado la interpretaci\u00f3n de Saetas<\/strong> para romper el silencio \u00a0del Jueves Santo bajo la luna llena de este 29 de marzo.<\/p>\n<p style=\"text-align: justify;\">La Procesi\u00f3n del Silencio, que siempre es seguida por muchos alcoyanos, discurri\u00f3 por\u00a0<strong>\u00a0Sant Nicolauet, El Cam\u00ed, La Sardina y placeta Les Eres\u00a0<\/strong>hasta finalizar de nuevo en la citada parroquia de San Vicente y de San Antonio.<\/p>\n<p><strong>La Semana Santa Alcoyana vive el Viernes Santo<\/strong><\/p>\n<p style=\"text-align: justify;\">La Semana Santa Alcoyana seguir\u00e1 este Viernes Santo con <strong>la celebraci\u00f3n del V\u00eda Crucis<\/strong> en la gran mayor\u00eda de templos durante toda la ma\u00f1ana. A partir de las 20 horas, y desde la parroquia de Santa Mar\u00eda,<strong> se iniciar\u00e1 la Procesi\u00f3n del Santo Entierro<\/strong> en la que participar\u00e1n las im\u00e1genes del Nazareno, la Dolorosa, el Cristo Crucificado, la Soledad, el Cristo Agonizante y el Cristo Yacente. Al finalizar la misa, en la Placeta del Fossar,<strong> habr\u00e1 una oraci\u00f3n<\/strong> ante todos los pasos.<\/p>\n","protected":false},"excerpt":{"rendered":"<p>Las calles de la Zona Alta de Alcoy han sido testigo un Jueves Santo m\u00e1s de la tradicional Procesi\u00f3n del&#8230;<\/p>\n","protected":false},"author":1,"featured_media":40671,"comment_status":"open","ping_status":"open","sticky":false,"template":"","format":"standard","meta":{"footnotes":""},"categories":[97,78,75,125],"tags":[1494,4169,3983,745,447],"class_list":["post-40668","post","type-post","status-publish","format-standard","has-post-thumbnail","hentry","category-alcoy","category-fiestaycultura","category-noticias","category-portada","tag-alcoy","tag-cristo-agonizante","tag-procesion-del-silencio","tag-semana-santa","tag-tradiciones"],"yoast_head":"<!-- This site is optimized with the Yoast SEO plugin v27.3 - https:\/\/yoast.com\/product\/yoast-seo-wordpress\/ -->\n<title>El silencio envuelve la Zona Alta de Alcoy el Jueves Santo - COPE Alcoy<\/title>\n<meta name=\"robots\" content=\"index, follow, max-snippet:-1, max-image-preview:large, max-video-preview:-1\" \/>\n<link rel=\"canonical\" href=\"https:\/\/www.copealcoy.es\/es\/el-silencio-envuelve-la-zona-alta-de-alcoy-el-jueves-santo\/\" \/>\n<meta property=\"og:locale\" content=\"es_ES\" \/>\n<meta property=\"og:type\" content=\"article\" \/>\n<meta property=\"og:title\" content=\"El silencio envuelve la Zona Alta de Alcoy el Jueves Santo - COPE Alcoy\" \/>\n<meta property=\"og:description\" content=\"Las calles de la Zona Alta de Alcoy han sido testigo un Jueves Santo m\u00e1s de la tradicional Procesi\u00f3n del...\" \/>\n<meta property=\"og:url\" content=\"https:\/\/www.copealcoy.es\/es\/el-silencio-envuelve-la-zona-alta-de-alcoy-el-jueves-santo\/\" \/>\n<meta property=\"og:site_name\" content=\"COPE Alcoy\" \/>\n<meta property=\"article:published_time\" content=\"2018-03-29T22:19:31+00:00\" \/>\n<meta property=\"article:modified_time\" content=\"2018-03-29T22:19:45+00:00\" \/>\n<meta property=\"og:image\" content=\"https:\/\/www.copealcoy.es\/wp-content\/uploads\/2018\/03\/Procesion-Silencio.jpg\" \/>\n\t<meta property=\"og:image:width\" content=\"660\" \/>\n\t<meta property=\"og:image:height\" content=\"330\" \/>\n\t<meta property=\"og:image:type\" content=\"image\/jpeg\" \/>\n<meta name=\"author\" content=\"Cope Alcoy\" \/>\n<meta name=\"twitter:label1\" content=\"Escrito por\" \/>\n\t<meta name=\"twitter:data1\" content=\"Cope Alcoy\" \/>\n\t<meta name=\"twitter:label2\" content=\"Tiempo de lectura\" \/>\n\t<meta name=\"twitter:data2\" content=\"1 minuto\" \/>\n<script type=\"application\/ld+json\" class=\"yoast-schema-graph\">{\"@context\":\"https:\\\/\\\/schema.org\",\"@graph\":[{\"@type\":\"Article\",\"@id\":\"https:\\\/\\\/www.copealcoy.es\\\/es\\\/el-silencio-envuelve-la-zona-alta-de-alcoy-el-jueves-santo\\\/#article\",\"isPartOf\":{\"@id\":\"https:\\\/\\\/www.copealcoy.es\\\/es\\\/el-silencio-envuelve-la-zona-alta-de-alcoy-el-jueves-santo\\\/\"},\"author\":{\"name\":\"Cope Alcoy\",\"@id\":\"https:\\\/\\\/www.copealcoy.es\\\/es\\\/#\\\/schema\\\/person\\\/e777c87fa024e57d40170af9df39882c\"},\"headline\":\"El silencio envuelve la Zona Alta de Alcoy el Jueves Santo\",\"datePublished\":\"2018-03-29T22:19:31+00:00\",\"dateModified\":\"2018-03-29T22:19:45+00:00\",\"mainEntityOfPage\":{\"@id\":\"https:\\\/\\\/www.copealcoy.es\\\/es\\\/el-silencio-envuelve-la-zona-alta-de-alcoy-el-jueves-santo\\\/\"},\"wordCount\":305,\"commentCount\":0,\"image\":{\"@id\":\"https:\\\/\\\/www.copealcoy.es\\\/es\\\/el-silencio-envuelve-la-zona-alta-de-alcoy-el-jueves-santo\\\/#primaryimage\"},\"thumbnailUrl\":\"https:\\\/\\\/www.copealcoy.es\\\/wp-content\\\/uploads\\\/2018\\\/03\\\/Procesion-Silencio-e1648666112612.jpg\",\"keywords\":[\"Alcoy\",\"Cristo Agonizante\",\"Procesi\u00f3n del Silencio\",\"Semana Santa\",\"Tradiciones\"],\"articleSection\":[\"Alcoy\",\"Fiesta y Cultura\",\"Noticias\",\"Portada\"],\"inLanguage\":\"es\"},{\"@type\":\"WebPage\",\"@id\":\"https:\\\/\\\/www.copealcoy.es\\\/es\\\/el-silencio-envuelve-la-zona-alta-de-alcoy-el-jueves-santo\\\/\",\"url\":\"https:\\\/\\\/www.copealcoy.es\\\/es\\\/el-silencio-envuelve-la-zona-alta-de-alcoy-el-jueves-santo\\\/\",\"name\":\"El silencio envuelve la Zona Alta de Alcoy el Jueves Santo - COPE Alcoy\",\"isPartOf\":{\"@id\":\"https:\\\/\\\/www.copealcoy.es\\\/es\\\/#website\"},\"primaryImageOfPage\":{\"@id\":\"https:\\\/\\\/www.copealcoy.es\\\/es\\\/el-silencio-envuelve-la-zona-alta-de-alcoy-el-jueves-santo\\\/#primaryimage\"},\"image\":{\"@id\":\"https:\\\/\\\/www.copealcoy.es\\\/es\\\/el-silencio-envuelve-la-zona-alta-de-alcoy-el-jueves-santo\\\/#primaryimage\"},\"thumbnailUrl\":\"https:\\\/\\\/www.copealcoy.es\\\/wp-content\\\/uploads\\\/2018\\\/03\\\/Procesion-Silencio-e1648666112612.jpg\",\"datePublished\":\"2018-03-29T22:19:31+00:00\",\"dateModified\":\"2018-03-29T22:19:45+00:00\",\"author\":{\"@id\":\"https:\\\/\\\/www.copealcoy.es\\\/es\\\/#\\\/schema\\\/person\\\/e777c87fa024e57d40170af9df39882c\"},\"breadcrumb\":{\"@id\":\"https:\\\/\\\/www.copealcoy.es\\\/es\\\/el-silencio-envuelve-la-zona-alta-de-alcoy-el-jueves-santo\\\/#breadcrumb\"},\"inLanguage\":\"es\",\"potentialAction\":[{\"@type\":\"ReadAction\",\"target\":[\"https:\\\/\\\/www.copealcoy.es\\\/es\\\/el-silencio-envuelve-la-zona-alta-de-alcoy-el-jueves-santo\\\/\"]}]},{\"@type\":\"ImageObject\",\"inLanguage\":\"es\",\"@id\":\"https:\\\/\\\/www.copealcoy.es\\\/es\\\/el-silencio-envuelve-la-zona-alta-de-alcoy-el-jueves-santo\\\/#primaryimage\",\"url\":\"https:\\\/\\\/www.copealcoy.es\\\/wp-content\\\/uploads\\\/2018\\\/03\\\/Procesion-Silencio-e1648666112612.jpg\",\"contentUrl\":\"https:\\\/\\\/www.copealcoy.es\\\/wp-content\\\/uploads\\\/2018\\\/03\\\/Procesion-Silencio-e1648666112612.jpg\",\"width\":640,\"height\":320,\"caption\":\"El Cristo Agonizante ha recorrido las calles de la Zona Alta de Alcoy \\\/ Foto: G. Pascual\"},{\"@type\":\"BreadcrumbList\",\"@id\":\"https:\\\/\\\/www.copealcoy.es\\\/es\\\/el-silencio-envuelve-la-zona-alta-de-alcoy-el-jueves-santo\\\/#breadcrumb\",\"itemListElement\":[{\"@type\":\"ListItem\",\"position\":1,\"name\":\"Portada\",\"item\":\"https:\\\/\\\/www.copealcoy.es\\\/es\\\/\"},{\"@type\":\"ListItem\",\"position\":2,\"name\":\"El silencio envuelve la Zona Alta de Alcoy el Jueves Santo\"}]},{\"@type\":\"WebSite\",\"@id\":\"https:\\\/\\\/www.copealcoy.es\\\/es\\\/#website\",\"url\":\"https:\\\/\\\/www.copealcoy.es\\\/es\\\/\",\"name\":\"COPE Alcoy\",\"description\":\"Emisora COPE de radio local con emisi\u00f3n online. Pont de Sant Jordi 8-10 03803 Alcoy\",\"potentialAction\":[{\"@type\":\"SearchAction\",\"target\":{\"@type\":\"EntryPoint\",\"urlTemplate\":\"https:\\\/\\\/www.copealcoy.es\\\/es\\\/?s={search_term_string}\"},\"query-input\":{\"@type\":\"PropertyValueSpecification\",\"valueRequired\":true,\"valueName\":\"search_term_string\"}}],\"inLanguage\":\"es\"},{\"@type\":\"Person\",\"@id\":\"https:\\\/\\\/www.copealcoy.es\\\/es\\\/#\\\/schema\\\/person\\\/e777c87fa024e57d40170af9df39882c\",\"name\":\"Cope Alcoy\",\"image\":{\"@type\":\"ImageObject\",\"inLanguage\":\"es\",\"@id\":\"https:\\\/\\\/secure.gravatar.com\\\/avatar\\\/bb65d0283347e303893ba14f0692005417c1e0e690a325a4c5d8bb2b3943ee14?s=96&d=mm&r=g\",\"url\":\"https:\\\/\\\/secure.gravatar.com\\\/avatar\\\/bb65d0283347e303893ba14f0692005417c1e0e690a325a4c5d8bb2b3943ee14?s=96&d=mm&r=g\",\"contentUrl\":\"https:\\\/\\\/secure.gravatar.com\\\/avatar\\\/bb65d0283347e303893ba14f0692005417c1e0e690a325a4c5d8bb2b3943ee14?s=96&d=mm&r=g\",\"caption\":\"Cope Alcoy\"}}]}<\/script>\n<!-- \/ Yoast SEO plugin. -->","yoast_head_json":{"title":"El silencio envuelve la Zona Alta de Alcoy el Jueves Santo - COPE Alcoy","robots":{"index":"index","follow":"follow","max-snippet":"max-snippet:-1","max-image-preview":"max-image-preview:large","max-video-preview":"max-video-preview:-1"},"canonical":"https:\/\/www.copealcoy.es\/es\/el-silencio-envuelve-la-zona-alta-de-alcoy-el-jueves-santo\/","og_locale":"es_ES","og_type":"article","og_title":"El silencio envuelve la Zona Alta de Alcoy el Jueves Santo - COPE Alcoy","og_description":"Las calles de la Zona Alta de Alcoy han sido testigo un Jueves Santo m\u00e1s de la tradicional Procesi\u00f3n del...","og_url":"https:\/\/www.copealcoy.es\/es\/el-silencio-envuelve-la-zona-alta-de-alcoy-el-jueves-santo\/","og_site_name":"COPE Alcoy","article_published_time":"2018-03-29T22:19:31+00:00","article_modified_time":"2018-03-29T22:19:45+00:00","og_image":[{"width":660,"height":330,"url":"https:\/\/www.copealcoy.es\/wp-content\/uploads\/2018\/03\/Procesion-Silencio.jpg","type":"image\/jpeg"}],"author":"Cope Alcoy","twitter_misc":{"Escrito por":"Cope Alcoy","Tiempo de lectura":"1 minuto"},"schema":{"@context":"https:\/\/schema.org","@graph":[{"@type":"Article","@id":"https:\/\/www.copealcoy.es\/es\/el-silencio-envuelve-la-zona-alta-de-alcoy-el-jueves-santo\/#article","isPartOf":{"@id":"https:\/\/www.copealcoy.es\/es\/el-silencio-envuelve-la-zona-alta-de-alcoy-el-jueves-santo\/"},"author":{"name":"Cope Alcoy","@id":"https:\/\/www.copealcoy.es\/es\/#\/schema\/person\/e777c87fa024e57d40170af9df39882c"},"headline":"El silencio envuelve la Zona Alta de Alcoy el Jueves Santo","datePublished":"2018-03-29T22:19:31+00:00","dateModified":"2018-03-29T22:19:45+00:00","mainEntityOfPage":{"@id":"https:\/\/www.copealcoy.es\/es\/el-silencio-envuelve-la-zona-alta-de-alcoy-el-jueves-santo\/"},"wordCount":305,"commentCount":0,"image":{"@id":"https:\/\/www.copealcoy.es\/es\/el-silencio-envuelve-la-zona-alta-de-alcoy-el-jueves-santo\/#primaryimage"},"thumbnailUrl":"https:\/\/www.copealcoy.es\/wp-content\/uploads\/2018\/03\/Procesion-Silencio-e1648666112612.jpg","keywords":["Alcoy","Cristo Agonizante","Procesi\u00f3n del Silencio","Semana Santa","Tradiciones"],"articleSection":["Alcoy","Fiesta y Cultura","Noticias","Portada"],"inLanguage":"es"},{"@type":"WebPage","@id":"https:\/\/www.copealcoy.es\/es\/el-silencio-envuelve-la-zona-alta-de-alcoy-el-jueves-santo\/","url":"https:\/\/www.copealcoy.es\/es\/el-silencio-envuelve-la-zona-alta-de-alcoy-el-jueves-santo\/","name":"El silencio envuelve la Zona Alta de Alcoy el Jueves Santo - COPE Alcoy","isPartOf":{"@id":"https:\/\/www.copealcoy.es\/es\/#website"},"primaryImageOfPage":{"@id":"https:\/\/www.copealcoy.es\/es\/el-silencio-envuelve-la-zona-alta-de-alcoy-el-jueves-santo\/#primaryimage"},"image":{"@id":"https:\/\/www.copealcoy.es\/es\/el-silencio-envuelve-la-zona-alta-de-alcoy-el-jueves-santo\/#primaryimage"},"thumbnailUrl":"https:\/\/www.copealcoy.es\/wp-content\/uploads\/2018\/03\/Procesion-Silencio-e1648666112612.jpg","datePublished":"2018-03-29T22:19:31+00:00","dateModified":"2018-03-29T22:19:45+00:00","author":{"@id":"https:\/\/www.copealcoy.es\/es\/#\/schema\/person\/e777c87fa024e57d40170af9df39882c"},"breadcrumb":{"@id":"https:\/\/www.copealcoy.es\/es\/el-silencio-envuelve-la-zona-alta-de-alcoy-el-jueves-santo\/#breadcrumb"},"inLanguage":"es","potentialAction":[{"@type":"ReadAction","target":["https:\/\/www.copealcoy.es\/es\/el-silencio-envuelve-la-zona-alta-de-alcoy-el-jueves-santo\/"]}]},{"@type":"ImageObject","inLanguage":"es","@id":"https:\/\/www.copealcoy.es\/es\/el-silencio-envuelve-la-zona-alta-de-alcoy-el-jueves-santo\/#primaryimage","url":"https:\/\/www.copealcoy.es\/wp-content\/uploads\/2018\/03\/Procesion-Silencio-e1648666112612.jpg","contentUrl":"https:\/\/www.copealcoy.es\/wp-content\/uploads\/2018\/03\/Procesion-Silencio-e1648666112612.jpg","width":640,"height":320,"caption":"El Cristo Agonizante ha recorrido las calles de la Zona Alta de Alcoy \/ Foto: G. Pascual"},{"@type":"BreadcrumbList","@id":"https:\/\/www.copealcoy.es\/es\/el-silencio-envuelve-la-zona-alta-de-alcoy-el-jueves-santo\/#breadcrumb","itemListElement":[{"@type":"ListItem","position":1,"name":"Portada","item":"https:\/\/www.copealcoy.es\/es\/"},{"@type":"ListItem","position":2,"name":"El silencio envuelve la Zona Alta de Alcoy el Jueves Santo"}]},{"@type":"WebSite","@id":"https:\/\/www.copealcoy.es\/es\/#website","url":"https:\/\/www.copealcoy.es\/es\/","name":"COPE Alcoy","description":"Emisora COPE de radio local con emisi\u00f3n online. Pont de Sant Jordi 8-10 03803 Alcoy","potentialAction":[{"@type":"SearchAction","target":{"@type":"EntryPoint","urlTemplate":"https:\/\/www.copealcoy.es\/es\/?s={search_term_string}"},"query-input":{"@type":"PropertyValueSpecification","valueRequired":true,"valueName":"search_term_string"}}],"inLanguage":"es"},{"@type":"Person","@id":"https:\/\/www.copealcoy.es\/es\/#\/schema\/person\/e777c87fa024e57d40170af9df39882c","name":"Cope Alcoy","image":{"@type":"ImageObject","inLanguage":"es","@id":"https:\/\/secure.gravatar.com\/avatar\/bb65d0283347e303893ba14f0692005417c1e0e690a325a4c5d8bb2b3943ee14?s=96&d=mm&r=g","url":"https:\/\/secure.gravatar.com\/avatar\/bb65d0283347e303893ba14f0692005417c1e0e690a325a4c5d8bb2b3943ee14?s=96&d=mm&r=g","contentUrl":"https:\/\/secure.gravatar.com\/avatar\/bb65d0283347e303893ba14f0692005417c1e0e690a325a4c5d8bb2b3943ee14?s=96&d=mm&r=g","caption":"Cope Alcoy"}}]}},"_links":{"self":[{"href":"https:\/\/www.copealcoy.es\/es\/wp-json\/wp\/v2\/posts\/40668","targetHints":{"allow":["GET"]}}],"collection":[{"href":"https:\/\/www.copealcoy.es\/es\/wp-json\/wp\/v2\/posts"}],"about":[{"href":"https:\/\/www.copealcoy.es\/es\/wp-json\/wp\/v2\/types\/post"}],"author":[{"embeddable":true,"href":"https:\/\/www.copealcoy.es\/es\/wp-json\/wp\/v2\/users\/1"}],"replies":[{"embeddable":true,"href":"https:\/\/www.copealcoy.es\/es\/wp-json\/wp\/v2\/comments?post=40668"}],"version-history":[{"count":0,"href":"https:\/\/www.copealcoy.es\/es\/wp-json\/wp\/v2\/posts\/40668\/revisions"}],"wp:featuredmedia":[{"embeddable":true,"href":"https:\/\/www.copealcoy.es\/es\/wp-json\/wp\/v2\/media\/40671"}],"wp:attachment":[{"href":"https:\/\/www.copealcoy.es\/es\/wp-json\/wp\/v2\/media?parent=40668"}],"wp:term":[{"taxonomy":"category","embeddable":true,"href":"https:\/\/www.copealcoy.es\/es\/wp-json\/wp\/v2\/categories?post=40668"},{"taxonomy":"post_tag","embeddable":true,"href":"https:\/\/www.copealcoy.es\/es\/wp-json\/wp\/v2\/tags?post=40668"}],"curies":[{"name":"wp","href":"https:\/\/api.w.org\/{rel}","templated":true}]}}