{"id":40662,"date":"2018-03-29T12:31:04","date_gmt":"2018-03-29T12:31:04","guid":{"rendered":"http:\/\/copealcoi.es\/new\/?p=40662"},"modified":"2018-03-29T12:34:33","modified_gmt":"2018-03-29T12:34:33","slug":"la-font-roja-tendra-servicio-especial-de-autobus-en-semana-santa","status":"publish","type":"post","link":"https:\/\/www.copealcoy.es\/es\/la-font-roja-tendra-servicio-especial-de-autobus-en-semana-santa\/","title":{"rendered":"La Font Roja tendr\u00e1 servicio especial de autob\u00fas en Semana Santa"},"content":{"rendered":"<p style=\"text-align: justify;\">El Ayuntamiento de Alcoy ha vuelto a<strong> regular el acceso en veh\u00edculo a la Font Roja<\/strong> durante los d\u00edas de Semana Santa y Pascua.<\/p>\n<p style=\"text-align: justify;\">Desde el Consistorio han informado que <strong>estar\u00e1 restringido el poder subir en coche hasta el Santuario y todo el Parque Natural<\/strong> al mismo tiempo que han dado cuenta de <strong>la puesta en marcha de un servicio especial de autobuses<\/strong> para los d\u00edas 30 y 31 de marzo as\u00ed como el 1 y 2 de abril. En estas cuatro jornadas\u00a0la carretera de acceso a la Font Roja <strong>permanecer\u00e1 cerrada<\/strong> a la altura de la conocida como pista del Cola-Cao. El citado bus <strong>saldr\u00e1 cada media hora desde el casco urbano de Alcoy<\/strong> entre las once y las dos y cuarto del mediod\u00eda mientras que <strong>para regresar<\/strong> habr\u00e1 servicio\u00a0cada treinta minutos entre las 12 y las dos as\u00ed como cada hora entre las dos\u00a0y las seis de la tarde.<\/p>\n<p style=\"text-align: justify;\">El concejal de Medio Ambiente en el Ayuntamiento de Alcoy, <strong>Jordi Mart\u00ednez<\/strong>, ha recordado que esta medida <strong>ha funcionado en los \u00faltimos a\u00f1os<\/strong> al mismo tiempo que ha afirmado que esta se adopta <em>&#8220;para evitar que se acumulen veh\u00edculos en el Parque Natural con los consiguientes inconvenientes que esto puede generar como la falta de aparcamiento o las consecuencuencias para la flora y la fauna<\/em>&#8220;, detalla.<\/p>\n<p style=\"text-align: justify;\">Recordar que todos aquellos que hagan uso del aubob\u00fas<strong> tendr\u00e1n que abonar un euro<\/strong> que les valdr\u00e1 para el tiquet de ida y vuelta.<\/p>\n","protected":false},"excerpt":{"rendered":"<p>El Ayuntamiento de Alcoy ha vuelto a regular el acceso en veh\u00edculo a la Font Roja durante los d\u00edas de&#8230;<\/p>\n","protected":false},"author":1,"featured_media":30472,"comment_status":"open","ping_status":"open","sticky":false,"template":"","format":"standard","meta":{"footnotes":""},"categories":[97,75,125],"tags":[1494,203,437,927,745,4833],"class_list":["post-40662","post","type-post","status-publish","format-standard","has-post-thumbnail","hentry","category-alcoy","category-noticias","category-portada","tag-alcoy","tag-autobus","tag-font-roja","tag-jordi-martinez","tag-semana-santa","tag-servicio-especial"],"yoast_head":"<!-- This site is optimized with the Yoast SEO plugin v27.3 - https:\/\/yoast.com\/product\/yoast-seo-wordpress\/ -->\n<title>La Font Roja tendr\u00e1 servicio especial de autob\u00fas en Semana Santa - COPE Alcoy<\/title>\n<meta name=\"robots\" content=\"index, follow, max-snippet:-1, max-image-preview:large, max-video-preview:-1\" \/>\n<link rel=\"canonical\" href=\"https:\/\/www.copealcoy.es\/es\/la-font-roja-tendra-servicio-especial-de-autobus-en-semana-santa\/\" \/>\n<meta property=\"og:locale\" content=\"es_ES\" \/>\n<meta property=\"og:type\" content=\"article\" \/>\n<meta property=\"og:title\" content=\"La Font Roja tendr\u00e1 servicio especial de autob\u00fas en Semana Santa - COPE Alcoy\" \/>\n<meta property=\"og:description\" content=\"El Ayuntamiento de Alcoy ha vuelto a regular el acceso en veh\u00edculo a la Font Roja durante los d\u00edas de...\" \/>\n<meta property=\"og:url\" content=\"https:\/\/www.copealcoy.es\/es\/la-font-roja-tendra-servicio-especial-de-autobus-en-semana-santa\/\" \/>\n<meta property=\"og:site_name\" content=\"COPE Alcoy\" \/>\n<meta property=\"article:published_time\" content=\"2018-03-29T12:31:04+00:00\" \/>\n<meta property=\"article:modified_time\" content=\"2018-03-29T12:34:33+00:00\" \/>\n<meta property=\"og:image\" content=\"https:\/\/www.copealcoy.es\/wp-content\/uploads\/2017\/04\/tur_fotos_roja_5_foto.jpg\" \/>\n\t<meta property=\"og:image:width\" content=\"747\" \/>\n\t<meta property=\"og:image:height\" content=\"505\" \/>\n\t<meta property=\"og:image:type\" content=\"image\/jpeg\" \/>\n<meta name=\"author\" content=\"Cope Alcoy\" \/>\n<meta name=\"twitter:label1\" content=\"Escrito por\" \/>\n\t<meta name=\"twitter:data1\" content=\"Cope Alcoy\" \/>\n\t<meta name=\"twitter:label2\" content=\"Tiempo de lectura\" \/>\n\t<meta name=\"twitter:data2\" content=\"1 minuto\" \/>\n<script type=\"application\/ld+json\" class=\"yoast-schema-graph\">{\"@context\":\"https:\\\/\\\/schema.org\",\"@graph\":[{\"@type\":\"Article\",\"@id\":\"https:\\\/\\\/www.copealcoy.es\\\/es\\\/la-font-roja-tendra-servicio-especial-de-autobus-en-semana-santa\\\/#article\",\"isPartOf\":{\"@id\":\"https:\\\/\\\/www.copealcoy.es\\\/es\\\/la-font-roja-tendra-servicio-especial-de-autobus-en-semana-santa\\\/\"},\"author\":{\"name\":\"Cope Alcoy\",\"@id\":\"https:\\\/\\\/www.copealcoy.es\\\/es\\\/#\\\/schema\\\/person\\\/e777c87fa024e57d40170af9df39882c\"},\"headline\":\"La Font Roja tendr\u00e1 servicio especial de autob\u00fas en Semana Santa\",\"datePublished\":\"2018-03-29T12:31:04+00:00\",\"dateModified\":\"2018-03-29T12:34:33+00:00\",\"mainEntityOfPage\":{\"@id\":\"https:\\\/\\\/www.copealcoy.es\\\/es\\\/la-font-roja-tendra-servicio-especial-de-autobus-en-semana-santa\\\/\"},\"wordCount\":260,\"commentCount\":0,\"image\":{\"@id\":\"https:\\\/\\\/www.copealcoy.es\\\/es\\\/la-font-roja-tendra-servicio-especial-de-autobus-en-semana-santa\\\/#primaryimage\"},\"thumbnailUrl\":\"https:\\\/\\\/www.copealcoy.es\\\/wp-content\\\/uploads\\\/2017\\\/04\\\/tur_fotos_roja_5_foto.jpg\",\"keywords\":[\"Alcoy\",\"Autob\u00fas\",\"Font Roja\",\"Jordi Mart\u00ednez\",\"Semana Santa\",\"Servicio Especial\"],\"articleSection\":[\"Alcoy\",\"Noticias\",\"Portada\"],\"inLanguage\":\"es\"},{\"@type\":\"WebPage\",\"@id\":\"https:\\\/\\\/www.copealcoy.es\\\/es\\\/la-font-roja-tendra-servicio-especial-de-autobus-en-semana-santa\\\/\",\"url\":\"https:\\\/\\\/www.copealcoy.es\\\/es\\\/la-font-roja-tendra-servicio-especial-de-autobus-en-semana-santa\\\/\",\"name\":\"La Font Roja tendr\u00e1 servicio especial de autob\u00fas en Semana Santa - COPE Alcoy\",\"isPartOf\":{\"@id\":\"https:\\\/\\\/www.copealcoy.es\\\/es\\\/#website\"},\"primaryImageOfPage\":{\"@id\":\"https:\\\/\\\/www.copealcoy.es\\\/es\\\/la-font-roja-tendra-servicio-especial-de-autobus-en-semana-santa\\\/#primaryimage\"},\"image\":{\"@id\":\"https:\\\/\\\/www.copealcoy.es\\\/es\\\/la-font-roja-tendra-servicio-especial-de-autobus-en-semana-santa\\\/#primaryimage\"},\"thumbnailUrl\":\"https:\\\/\\\/www.copealcoy.es\\\/wp-content\\\/uploads\\\/2017\\\/04\\\/tur_fotos_roja_5_foto.jpg\",\"datePublished\":\"2018-03-29T12:31:04+00:00\",\"dateModified\":\"2018-03-29T12:34:33+00:00\",\"author\":{\"@id\":\"https:\\\/\\\/www.copealcoy.es\\\/es\\\/#\\\/schema\\\/person\\\/e777c87fa024e57d40170af9df39882c\"},\"breadcrumb\":{\"@id\":\"https:\\\/\\\/www.copealcoy.es\\\/es\\\/la-font-roja-tendra-servicio-especial-de-autobus-en-semana-santa\\\/#breadcrumb\"},\"inLanguage\":\"es\",\"potentialAction\":[{\"@type\":\"ReadAction\",\"target\":[\"https:\\\/\\\/www.copealcoy.es\\\/es\\\/la-font-roja-tendra-servicio-especial-de-autobus-en-semana-santa\\\/\"]}]},{\"@type\":\"ImageObject\",\"inLanguage\":\"es\",\"@id\":\"https:\\\/\\\/www.copealcoy.es\\\/es\\\/la-font-roja-tendra-servicio-especial-de-autobus-en-semana-santa\\\/#primaryimage\",\"url\":\"https:\\\/\\\/www.copealcoy.es\\\/wp-content\\\/uploads\\\/2017\\\/04\\\/tur_fotos_roja_5_foto.jpg\",\"contentUrl\":\"https:\\\/\\\/www.copealcoy.es\\\/wp-content\\\/uploads\\\/2017\\\/04\\\/tur_fotos_roja_5_foto.jpg\",\"width\":747,\"height\":505},{\"@type\":\"BreadcrumbList\",\"@id\":\"https:\\\/\\\/www.copealcoy.es\\\/es\\\/la-font-roja-tendra-servicio-especial-de-autobus-en-semana-santa\\\/#breadcrumb\",\"itemListElement\":[{\"@type\":\"ListItem\",\"position\":1,\"name\":\"Portada\",\"item\":\"https:\\\/\\\/www.copealcoy.es\\\/es\\\/\"},{\"@type\":\"ListItem\",\"position\":2,\"name\":\"La Font Roja tendr\u00e1 servicio especial de autob\u00fas en Semana Santa\"}]},{\"@type\":\"WebSite\",\"@id\":\"https:\\\/\\\/www.copealcoy.es\\\/es\\\/#website\",\"url\":\"https:\\\/\\\/www.copealcoy.es\\\/es\\\/\",\"name\":\"COPE Alcoy\",\"description\":\"Emisora COPE de radio local con emisi\u00f3n online. Pont de Sant Jordi 8-10 03803 Alcoy\",\"potentialAction\":[{\"@type\":\"SearchAction\",\"target\":{\"@type\":\"EntryPoint\",\"urlTemplate\":\"https:\\\/\\\/www.copealcoy.es\\\/es\\\/?s={search_term_string}\"},\"query-input\":{\"@type\":\"PropertyValueSpecification\",\"valueRequired\":true,\"valueName\":\"search_term_string\"}}],\"inLanguage\":\"es\"},{\"@type\":\"Person\",\"@id\":\"https:\\\/\\\/www.copealcoy.es\\\/es\\\/#\\\/schema\\\/person\\\/e777c87fa024e57d40170af9df39882c\",\"name\":\"Cope Alcoy\",\"image\":{\"@type\":\"ImageObject\",\"inLanguage\":\"es\",\"@id\":\"https:\\\/\\\/secure.gravatar.com\\\/avatar\\\/bb65d0283347e303893ba14f0692005417c1e0e690a325a4c5d8bb2b3943ee14?s=96&d=mm&r=g\",\"url\":\"https:\\\/\\\/secure.gravatar.com\\\/avatar\\\/bb65d0283347e303893ba14f0692005417c1e0e690a325a4c5d8bb2b3943ee14?s=96&d=mm&r=g\",\"contentUrl\":\"https:\\\/\\\/secure.gravatar.com\\\/avatar\\\/bb65d0283347e303893ba14f0692005417c1e0e690a325a4c5d8bb2b3943ee14?s=96&d=mm&r=g\",\"caption\":\"Cope Alcoy\"}}]}<\/script>\n<!-- \/ Yoast SEO plugin. -->","yoast_head_json":{"title":"La Font Roja tendr\u00e1 servicio especial de autob\u00fas en Semana Santa - COPE Alcoy","robots":{"index":"index","follow":"follow","max-snippet":"max-snippet:-1","max-image-preview":"max-image-preview:large","max-video-preview":"max-video-preview:-1"},"canonical":"https:\/\/www.copealcoy.es\/es\/la-font-roja-tendra-servicio-especial-de-autobus-en-semana-santa\/","og_locale":"es_ES","og_type":"article","og_title":"La Font Roja tendr\u00e1 servicio especial de autob\u00fas en Semana Santa - COPE Alcoy","og_description":"El Ayuntamiento de Alcoy ha vuelto a regular el acceso en veh\u00edculo a la Font Roja durante los d\u00edas de...","og_url":"https:\/\/www.copealcoy.es\/es\/la-font-roja-tendra-servicio-especial-de-autobus-en-semana-santa\/","og_site_name":"COPE Alcoy","article_published_time":"2018-03-29T12:31:04+00:00","article_modified_time":"2018-03-29T12:34:33+00:00","og_image":[{"width":747,"height":505,"url":"https:\/\/www.copealcoy.es\/wp-content\/uploads\/2017\/04\/tur_fotos_roja_5_foto.jpg","type":"image\/jpeg"}],"author":"Cope Alcoy","twitter_misc":{"Escrito por":"Cope Alcoy","Tiempo de lectura":"1 minuto"},"schema":{"@context":"https:\/\/schema.org","@graph":[{"@type":"Article","@id":"https:\/\/www.copealcoy.es\/es\/la-font-roja-tendra-servicio-especial-de-autobus-en-semana-santa\/#article","isPartOf":{"@id":"https:\/\/www.copealcoy.es\/es\/la-font-roja-tendra-servicio-especial-de-autobus-en-semana-santa\/"},"author":{"name":"Cope Alcoy","@id":"https:\/\/www.copealcoy.es\/es\/#\/schema\/person\/e777c87fa024e57d40170af9df39882c"},"headline":"La Font Roja tendr\u00e1 servicio especial de autob\u00fas en Semana Santa","datePublished":"2018-03-29T12:31:04+00:00","dateModified":"2018-03-29T12:34:33+00:00","mainEntityOfPage":{"@id":"https:\/\/www.copealcoy.es\/es\/la-font-roja-tendra-servicio-especial-de-autobus-en-semana-santa\/"},"wordCount":260,"commentCount":0,"image":{"@id":"https:\/\/www.copealcoy.es\/es\/la-font-roja-tendra-servicio-especial-de-autobus-en-semana-santa\/#primaryimage"},"thumbnailUrl":"https:\/\/www.copealcoy.es\/wp-content\/uploads\/2017\/04\/tur_fotos_roja_5_foto.jpg","keywords":["Alcoy","Autob\u00fas","Font Roja","Jordi Mart\u00ednez","Semana Santa","Servicio Especial"],"articleSection":["Alcoy","Noticias","Portada"],"inLanguage":"es"},{"@type":"WebPage","@id":"https:\/\/www.copealcoy.es\/es\/la-font-roja-tendra-servicio-especial-de-autobus-en-semana-santa\/","url":"https:\/\/www.copealcoy.es\/es\/la-font-roja-tendra-servicio-especial-de-autobus-en-semana-santa\/","name":"La Font Roja tendr\u00e1 servicio especial de autob\u00fas en Semana Santa - COPE Alcoy","isPartOf":{"@id":"https:\/\/www.copealcoy.es\/es\/#website"},"primaryImageOfPage":{"@id":"https:\/\/www.copealcoy.es\/es\/la-font-roja-tendra-servicio-especial-de-autobus-en-semana-santa\/#primaryimage"},"image":{"@id":"https:\/\/www.copealcoy.es\/es\/la-font-roja-tendra-servicio-especial-de-autobus-en-semana-santa\/#primaryimage"},"thumbnailUrl":"https:\/\/www.copealcoy.es\/wp-content\/uploads\/2017\/04\/tur_fotos_roja_5_foto.jpg","datePublished":"2018-03-29T12:31:04+00:00","dateModified":"2018-03-29T12:34:33+00:00","author":{"@id":"https:\/\/www.copealcoy.es\/es\/#\/schema\/person\/e777c87fa024e57d40170af9df39882c"},"breadcrumb":{"@id":"https:\/\/www.copealcoy.es\/es\/la-font-roja-tendra-servicio-especial-de-autobus-en-semana-santa\/#breadcrumb"},"inLanguage":"es","potentialAction":[{"@type":"ReadAction","target":["https:\/\/www.copealcoy.es\/es\/la-font-roja-tendra-servicio-especial-de-autobus-en-semana-santa\/"]}]},{"@type":"ImageObject","inLanguage":"es","@id":"https:\/\/www.copealcoy.es\/es\/la-font-roja-tendra-servicio-especial-de-autobus-en-semana-santa\/#primaryimage","url":"https:\/\/www.copealcoy.es\/wp-content\/uploads\/2017\/04\/tur_fotos_roja_5_foto.jpg","contentUrl":"https:\/\/www.copealcoy.es\/wp-content\/uploads\/2017\/04\/tur_fotos_roja_5_foto.jpg","width":747,"height":505},{"@type":"BreadcrumbList","@id":"https:\/\/www.copealcoy.es\/es\/la-font-roja-tendra-servicio-especial-de-autobus-en-semana-santa\/#breadcrumb","itemListElement":[{"@type":"ListItem","position":1,"name":"Portada","item":"https:\/\/www.copealcoy.es\/es\/"},{"@type":"ListItem","position":2,"name":"La Font Roja tendr\u00e1 servicio especial de autob\u00fas en Semana Santa"}]},{"@type":"WebSite","@id":"https:\/\/www.copealcoy.es\/es\/#website","url":"https:\/\/www.copealcoy.es\/es\/","name":"COPE Alcoy","description":"Emisora COPE de radio local con emisi\u00f3n online. Pont de Sant Jordi 8-10 03803 Alcoy","potentialAction":[{"@type":"SearchAction","target":{"@type":"EntryPoint","urlTemplate":"https:\/\/www.copealcoy.es\/es\/?s={search_term_string}"},"query-input":{"@type":"PropertyValueSpecification","valueRequired":true,"valueName":"search_term_string"}}],"inLanguage":"es"},{"@type":"Person","@id":"https:\/\/www.copealcoy.es\/es\/#\/schema\/person\/e777c87fa024e57d40170af9df39882c","name":"Cope Alcoy","image":{"@type":"ImageObject","inLanguage":"es","@id":"https:\/\/secure.gravatar.com\/avatar\/bb65d0283347e303893ba14f0692005417c1e0e690a325a4c5d8bb2b3943ee14?s=96&d=mm&r=g","url":"https:\/\/secure.gravatar.com\/avatar\/bb65d0283347e303893ba14f0692005417c1e0e690a325a4c5d8bb2b3943ee14?s=96&d=mm&r=g","contentUrl":"https:\/\/secure.gravatar.com\/avatar\/bb65d0283347e303893ba14f0692005417c1e0e690a325a4c5d8bb2b3943ee14?s=96&d=mm&r=g","caption":"Cope Alcoy"}}]}},"_links":{"self":[{"href":"https:\/\/www.copealcoy.es\/es\/wp-json\/wp\/v2\/posts\/40662","targetHints":{"allow":["GET"]}}],"collection":[{"href":"https:\/\/www.copealcoy.es\/es\/wp-json\/wp\/v2\/posts"}],"about":[{"href":"https:\/\/www.copealcoy.es\/es\/wp-json\/wp\/v2\/types\/post"}],"author":[{"embeddable":true,"href":"https:\/\/www.copealcoy.es\/es\/wp-json\/wp\/v2\/users\/1"}],"replies":[{"embeddable":true,"href":"https:\/\/www.copealcoy.es\/es\/wp-json\/wp\/v2\/comments?post=40662"}],"version-history":[{"count":0,"href":"https:\/\/www.copealcoy.es\/es\/wp-json\/wp\/v2\/posts\/40662\/revisions"}],"wp:featuredmedia":[{"embeddable":true,"href":"https:\/\/www.copealcoy.es\/es\/wp-json\/wp\/v2\/media\/30472"}],"wp:attachment":[{"href":"https:\/\/www.copealcoy.es\/es\/wp-json\/wp\/v2\/media?parent=40662"}],"wp:term":[{"taxonomy":"category","embeddable":true,"href":"https:\/\/www.copealcoy.es\/es\/wp-json\/wp\/v2\/categories?post=40662"},{"taxonomy":"post_tag","embeddable":true,"href":"https:\/\/www.copealcoy.es\/es\/wp-json\/wp\/v2\/tags?post=40662"}],"curies":[{"name":"wp","href":"https:\/\/api.w.org\/{rel}","templated":true}]}}