{"id":40634,"date":"2018-03-28T17:12:03","date_gmt":"2018-03-28T17:12:03","guid":{"rendered":"http:\/\/copealcoi.es\/new\/?p=40634"},"modified":"2018-03-28T17:12:03","modified_gmt":"2018-03-28T17:12:03","slug":"alumnos-de-la-salle-participan-en-la-jornada-la-salle-suena-ciencia","status":"publish","type":"post","link":"https:\/\/www.copealcoy.es\/es\/alumnos-de-la-salle-participan-en-la-jornada-la-salle-suena-ciencia\/","title":{"rendered":"Alumnos de La Salle participan en la jornada &#8216;La Salle sue\u00f1a Ciencia&#8217;"},"content":{"rendered":"<div class=\"page\" title=\"Page 1\">\n<div class=\"layoutArea\">\n<div class=\"column\">\n<p style=\"text-align: justify;\">Alrededor de <strong>6.000 alumnos de los 11 colegios de La Salle en la Islas Baleares y la Comunidad Valenciana<\/strong> han compartido este martes 27 de marzo en sus respectivos centros <strong>la jornada &#8216;La Salle sue\u00f1a ciencia&#8217;<\/strong>, una iniciativa del equipo de trabajo <strong>&#8216;Proyecto Natura&#8217;<\/strong> en el que participan todos los centros educativos de La Salle de estas dos comunidades aut\u00f3nomas.<\/p>\n<p style=\"text-align: justify;\">La idea <strong>surge de los encargados del &#8216;Proyecto Natura&#8217;<\/strong> (un \u00e1rea dedicada a fomentar la curiosidad por la ciencia entre los alumnos) de todos los centros, que forman parte de los diferentes departamentos de ciencias, <strong>para celebrar<\/strong> \u201cun d\u00eda de ciencia experimental\u201d en la que los alumnos de cursos superiores (3o, 4o eso, 1o Bach.) <strong>guiar\u00e1n experiencias<\/strong> de \u201claboratorio\u201d con compa\u00f1eros de cursos de Educaci\u00f3n Primaria\/Infantil.<\/p>\n<p style=\"text-align: justify;\">El objetivo de esta jornada, que <strong>este a\u00f1o celebra su segunda edici\u00f3n<\/strong> y se repetir\u00e1 todos los a\u00f1os, es <strong>promover las vocaciones<\/strong> y el inter\u00e9s por la ciencia.<\/p>\n<p style=\"text-align: justify;\">Entre los diferentes<strong> experimentos que han realizado los alumnos de ESO y Bachillerato<\/strong> junto a sus compa\u00f1eros de Infantil y Primaria podemos destacar <strong>experimentos de F\u00edsica, Matem\u00e1ticas o Qu\u00edmica<\/strong> como: El extintor invisible, remolino de leche, diablillo de Descartes, detecci\u00f3n de Ph, congelaci\u00f3n de agua instant\u00e1nea, los huevos m\u00e1gicos, observaci\u00f3n de c\u00e9lulas de la epidermis de la cebolla, las lentejas que suben y bajan, la sublimaci\u00f3n del yodo, y un largo etc\u00e9tera.<\/p>\n<p style=\"text-align: justify;\">Los experimentos <strong>se han ido realizando a lo largo de toda la jornada del martes 27 de marzo<\/strong>, desde primera hora de la ma\u00f1ana hasta finalizar el horario lectivo.<\/p>\n<p style=\"text-align: justify;\">En el caso del colegio de Alcoy, <strong>las actividades han tenido lugar durante la ma\u00f1ana<\/strong>, ya que la tarde se ha dedicado a otra actividad.<\/p>\n<\/div>\n<\/div>\n<\/div>\n","protected":false},"excerpt":{"rendered":"<p>Alrededor de 6.000 alumnos de los 11 colegios de La Salle en la Islas Baleares y la Comunidad Valenciana han&#8230;<\/p>\n","protected":false},"author":1,"featured_media":40635,"comment_status":"open","ping_status":"open","sticky":false,"template":"","format":"standard","meta":{"footnotes":""},"categories":[97,900,75],"tags":[1494,1322,5392,423,1057],"class_list":["post-40634","post","type-post","status-publish","format-standard","has-post-thumbnail","hentry","category-alcoy","category-educacion","category-noticias","tag-alcoy","tag-alumnos","tag-ciencia","tag-educacion","tag-la-salle"],"yoast_head":"<!-- This site is optimized with the Yoast SEO plugin v27.3 - https:\/\/yoast.com\/product\/yoast-seo-wordpress\/ -->\n<title>Alumnos de La Salle participan en la jornada &#039;La Salle sue\u00f1a Ciencia&#039; - COPE Alcoy<\/title>\n<meta name=\"robots\" content=\"index, follow, max-snippet:-1, max-image-preview:large, max-video-preview:-1\" \/>\n<link rel=\"canonical\" href=\"https:\/\/www.copealcoy.es\/es\/alumnos-de-la-salle-participan-en-la-jornada-la-salle-suena-ciencia\/\" \/>\n<meta property=\"og:locale\" content=\"es_ES\" \/>\n<meta property=\"og:type\" content=\"article\" \/>\n<meta property=\"og:title\" content=\"Alumnos de La Salle participan en la jornada &#039;La Salle sue\u00f1a Ciencia&#039; - COPE Alcoy\" \/>\n<meta property=\"og:description\" content=\"Alrededor de 6.000 alumnos de los 11 colegios de La Salle en la Islas Baleares y la Comunidad Valenciana han...\" \/>\n<meta property=\"og:url\" content=\"https:\/\/www.copealcoy.es\/es\/alumnos-de-la-salle-participan-en-la-jornada-la-salle-suena-ciencia\/\" \/>\n<meta property=\"og:site_name\" content=\"COPE Alcoy\" \/>\n<meta property=\"article:published_time\" content=\"2018-03-28T17:12:03+00:00\" \/>\n<meta property=\"og:image\" content=\"https:\/\/www.copealcoy.es\/wp-content\/uploads\/2018\/03\/foto3.jpg\" \/>\n\t<meta property=\"og:image:width\" content=\"1920\" \/>\n\t<meta property=\"og:image:height\" content=\"1080\" \/>\n\t<meta property=\"og:image:type\" content=\"image\/jpeg\" \/>\n<meta name=\"author\" content=\"Cope Alcoy\" \/>\n<meta name=\"twitter:label1\" content=\"Escrito por\" \/>\n\t<meta name=\"twitter:data1\" content=\"Cope Alcoy\" \/>\n\t<meta name=\"twitter:label2\" content=\"Tiempo de lectura\" \/>\n\t<meta name=\"twitter:data2\" content=\"2 minutos\" \/>\n<script type=\"application\/ld+json\" class=\"yoast-schema-graph\">{\"@context\":\"https:\\\/\\\/schema.org\",\"@graph\":[{\"@type\":\"Article\",\"@id\":\"https:\\\/\\\/www.copealcoy.es\\\/es\\\/alumnos-de-la-salle-participan-en-la-jornada-la-salle-suena-ciencia\\\/#article\",\"isPartOf\":{\"@id\":\"https:\\\/\\\/www.copealcoy.es\\\/es\\\/alumnos-de-la-salle-participan-en-la-jornada-la-salle-suena-ciencia\\\/\"},\"author\":{\"name\":\"Cope Alcoy\",\"@id\":\"https:\\\/\\\/www.copealcoy.es\\\/es\\\/#\\\/schema\\\/person\\\/e777c87fa024e57d40170af9df39882c\"},\"headline\":\"Alumnos de La Salle participan en la jornada &#8216;La Salle sue\u00f1a Ciencia&#8217;\",\"datePublished\":\"2018-03-28T17:12:03+00:00\",\"mainEntityOfPage\":{\"@id\":\"https:\\\/\\\/www.copealcoy.es\\\/es\\\/alumnos-de-la-salle-participan-en-la-jornada-la-salle-suena-ciencia\\\/\"},\"wordCount\":314,\"commentCount\":0,\"image\":{\"@id\":\"https:\\\/\\\/www.copealcoy.es\\\/es\\\/alumnos-de-la-salle-participan-en-la-jornada-la-salle-suena-ciencia\\\/#primaryimage\"},\"thumbnailUrl\":\"https:\\\/\\\/www.copealcoy.es\\\/wp-content\\\/uploads\\\/2018\\\/03\\\/foto3.jpg\",\"keywords\":[\"Alcoy\",\"alumnos\",\"Ciencia\",\"Educaci\u00f3n\",\"La Salle\"],\"articleSection\":[\"Alcoy\",\"Educaci\u00f3n\",\"Noticias\"],\"inLanguage\":\"es\"},{\"@type\":\"WebPage\",\"@id\":\"https:\\\/\\\/www.copealcoy.es\\\/es\\\/alumnos-de-la-salle-participan-en-la-jornada-la-salle-suena-ciencia\\\/\",\"url\":\"https:\\\/\\\/www.copealcoy.es\\\/es\\\/alumnos-de-la-salle-participan-en-la-jornada-la-salle-suena-ciencia\\\/\",\"name\":\"Alumnos de La Salle participan en la jornada 'La Salle sue\u00f1a Ciencia' - COPE Alcoy\",\"isPartOf\":{\"@id\":\"https:\\\/\\\/www.copealcoy.es\\\/es\\\/#website\"},\"primaryImageOfPage\":{\"@id\":\"https:\\\/\\\/www.copealcoy.es\\\/es\\\/alumnos-de-la-salle-participan-en-la-jornada-la-salle-suena-ciencia\\\/#primaryimage\"},\"image\":{\"@id\":\"https:\\\/\\\/www.copealcoy.es\\\/es\\\/alumnos-de-la-salle-participan-en-la-jornada-la-salle-suena-ciencia\\\/#primaryimage\"},\"thumbnailUrl\":\"https:\\\/\\\/www.copealcoy.es\\\/wp-content\\\/uploads\\\/2018\\\/03\\\/foto3.jpg\",\"datePublished\":\"2018-03-28T17:12:03+00:00\",\"author\":{\"@id\":\"https:\\\/\\\/www.copealcoy.es\\\/es\\\/#\\\/schema\\\/person\\\/e777c87fa024e57d40170af9df39882c\"},\"breadcrumb\":{\"@id\":\"https:\\\/\\\/www.copealcoy.es\\\/es\\\/alumnos-de-la-salle-participan-en-la-jornada-la-salle-suena-ciencia\\\/#breadcrumb\"},\"inLanguage\":\"es\",\"potentialAction\":[{\"@type\":\"ReadAction\",\"target\":[\"https:\\\/\\\/www.copealcoy.es\\\/es\\\/alumnos-de-la-salle-participan-en-la-jornada-la-salle-suena-ciencia\\\/\"]}]},{\"@type\":\"ImageObject\",\"inLanguage\":\"es\",\"@id\":\"https:\\\/\\\/www.copealcoy.es\\\/es\\\/alumnos-de-la-salle-participan-en-la-jornada-la-salle-suena-ciencia\\\/#primaryimage\",\"url\":\"https:\\\/\\\/www.copealcoy.es\\\/wp-content\\\/uploads\\\/2018\\\/03\\\/foto3.jpg\",\"contentUrl\":\"https:\\\/\\\/www.copealcoy.es\\\/wp-content\\\/uploads\\\/2018\\\/03\\\/foto3.jpg\",\"width\":1920,\"height\":1080},{\"@type\":\"BreadcrumbList\",\"@id\":\"https:\\\/\\\/www.copealcoy.es\\\/es\\\/alumnos-de-la-salle-participan-en-la-jornada-la-salle-suena-ciencia\\\/#breadcrumb\",\"itemListElement\":[{\"@type\":\"ListItem\",\"position\":1,\"name\":\"Portada\",\"item\":\"https:\\\/\\\/www.copealcoy.es\\\/es\\\/\"},{\"@type\":\"ListItem\",\"position\":2,\"name\":\"Alumnos de La Salle participan en la jornada &#8216;La Salle sue\u00f1a Ciencia&#8217;\"}]},{\"@type\":\"WebSite\",\"@id\":\"https:\\\/\\\/www.copealcoy.es\\\/es\\\/#website\",\"url\":\"https:\\\/\\\/www.copealcoy.es\\\/es\\\/\",\"name\":\"COPE Alcoy\",\"description\":\"Emisora COPE de radio local con emisi\u00f3n online. Pont de Sant Jordi 8-10 03803 Alcoy\",\"potentialAction\":[{\"@type\":\"SearchAction\",\"target\":{\"@type\":\"EntryPoint\",\"urlTemplate\":\"https:\\\/\\\/www.copealcoy.es\\\/es\\\/?s={search_term_string}\"},\"query-input\":{\"@type\":\"PropertyValueSpecification\",\"valueRequired\":true,\"valueName\":\"search_term_string\"}}],\"inLanguage\":\"es\"},{\"@type\":\"Person\",\"@id\":\"https:\\\/\\\/www.copealcoy.es\\\/es\\\/#\\\/schema\\\/person\\\/e777c87fa024e57d40170af9df39882c\",\"name\":\"Cope Alcoy\",\"image\":{\"@type\":\"ImageObject\",\"inLanguage\":\"es\",\"@id\":\"https:\\\/\\\/secure.gravatar.com\\\/avatar\\\/bb65d0283347e303893ba14f0692005417c1e0e690a325a4c5d8bb2b3943ee14?s=96&d=mm&r=g\",\"url\":\"https:\\\/\\\/secure.gravatar.com\\\/avatar\\\/bb65d0283347e303893ba14f0692005417c1e0e690a325a4c5d8bb2b3943ee14?s=96&d=mm&r=g\",\"contentUrl\":\"https:\\\/\\\/secure.gravatar.com\\\/avatar\\\/bb65d0283347e303893ba14f0692005417c1e0e690a325a4c5d8bb2b3943ee14?s=96&d=mm&r=g\",\"caption\":\"Cope Alcoy\"}}]}<\/script>\n<!-- \/ Yoast SEO plugin. -->","yoast_head_json":{"title":"Alumnos de La Salle participan en la jornada 'La Salle sue\u00f1a Ciencia' - COPE Alcoy","robots":{"index":"index","follow":"follow","max-snippet":"max-snippet:-1","max-image-preview":"max-image-preview:large","max-video-preview":"max-video-preview:-1"},"canonical":"https:\/\/www.copealcoy.es\/es\/alumnos-de-la-salle-participan-en-la-jornada-la-salle-suena-ciencia\/","og_locale":"es_ES","og_type":"article","og_title":"Alumnos de La Salle participan en la jornada 'La Salle sue\u00f1a Ciencia' - COPE Alcoy","og_description":"Alrededor de 6.000 alumnos de los 11 colegios de La Salle en la Islas Baleares y la Comunidad Valenciana han...","og_url":"https:\/\/www.copealcoy.es\/es\/alumnos-de-la-salle-participan-en-la-jornada-la-salle-suena-ciencia\/","og_site_name":"COPE Alcoy","article_published_time":"2018-03-28T17:12:03+00:00","og_image":[{"width":1920,"height":1080,"url":"https:\/\/www.copealcoy.es\/wp-content\/uploads\/2018\/03\/foto3.jpg","type":"image\/jpeg"}],"author":"Cope Alcoy","twitter_misc":{"Escrito por":"Cope Alcoy","Tiempo de lectura":"2 minutos"},"schema":{"@context":"https:\/\/schema.org","@graph":[{"@type":"Article","@id":"https:\/\/www.copealcoy.es\/es\/alumnos-de-la-salle-participan-en-la-jornada-la-salle-suena-ciencia\/#article","isPartOf":{"@id":"https:\/\/www.copealcoy.es\/es\/alumnos-de-la-salle-participan-en-la-jornada-la-salle-suena-ciencia\/"},"author":{"name":"Cope Alcoy","@id":"https:\/\/www.copealcoy.es\/es\/#\/schema\/person\/e777c87fa024e57d40170af9df39882c"},"headline":"Alumnos de La Salle participan en la jornada &#8216;La Salle sue\u00f1a Ciencia&#8217;","datePublished":"2018-03-28T17:12:03+00:00","mainEntityOfPage":{"@id":"https:\/\/www.copealcoy.es\/es\/alumnos-de-la-salle-participan-en-la-jornada-la-salle-suena-ciencia\/"},"wordCount":314,"commentCount":0,"image":{"@id":"https:\/\/www.copealcoy.es\/es\/alumnos-de-la-salle-participan-en-la-jornada-la-salle-suena-ciencia\/#primaryimage"},"thumbnailUrl":"https:\/\/www.copealcoy.es\/wp-content\/uploads\/2018\/03\/foto3.jpg","keywords":["Alcoy","alumnos","Ciencia","Educaci\u00f3n","La Salle"],"articleSection":["Alcoy","Educaci\u00f3n","Noticias"],"inLanguage":"es"},{"@type":"WebPage","@id":"https:\/\/www.copealcoy.es\/es\/alumnos-de-la-salle-participan-en-la-jornada-la-salle-suena-ciencia\/","url":"https:\/\/www.copealcoy.es\/es\/alumnos-de-la-salle-participan-en-la-jornada-la-salle-suena-ciencia\/","name":"Alumnos de La Salle participan en la jornada 'La Salle sue\u00f1a Ciencia' - COPE Alcoy","isPartOf":{"@id":"https:\/\/www.copealcoy.es\/es\/#website"},"primaryImageOfPage":{"@id":"https:\/\/www.copealcoy.es\/es\/alumnos-de-la-salle-participan-en-la-jornada-la-salle-suena-ciencia\/#primaryimage"},"image":{"@id":"https:\/\/www.copealcoy.es\/es\/alumnos-de-la-salle-participan-en-la-jornada-la-salle-suena-ciencia\/#primaryimage"},"thumbnailUrl":"https:\/\/www.copealcoy.es\/wp-content\/uploads\/2018\/03\/foto3.jpg","datePublished":"2018-03-28T17:12:03+00:00","author":{"@id":"https:\/\/www.copealcoy.es\/es\/#\/schema\/person\/e777c87fa024e57d40170af9df39882c"},"breadcrumb":{"@id":"https:\/\/www.copealcoy.es\/es\/alumnos-de-la-salle-participan-en-la-jornada-la-salle-suena-ciencia\/#breadcrumb"},"inLanguage":"es","potentialAction":[{"@type":"ReadAction","target":["https:\/\/www.copealcoy.es\/es\/alumnos-de-la-salle-participan-en-la-jornada-la-salle-suena-ciencia\/"]}]},{"@type":"ImageObject","inLanguage":"es","@id":"https:\/\/www.copealcoy.es\/es\/alumnos-de-la-salle-participan-en-la-jornada-la-salle-suena-ciencia\/#primaryimage","url":"https:\/\/www.copealcoy.es\/wp-content\/uploads\/2018\/03\/foto3.jpg","contentUrl":"https:\/\/www.copealcoy.es\/wp-content\/uploads\/2018\/03\/foto3.jpg","width":1920,"height":1080},{"@type":"BreadcrumbList","@id":"https:\/\/www.copealcoy.es\/es\/alumnos-de-la-salle-participan-en-la-jornada-la-salle-suena-ciencia\/#breadcrumb","itemListElement":[{"@type":"ListItem","position":1,"name":"Portada","item":"https:\/\/www.copealcoy.es\/es\/"},{"@type":"ListItem","position":2,"name":"Alumnos de La Salle participan en la jornada &#8216;La Salle sue\u00f1a Ciencia&#8217;"}]},{"@type":"WebSite","@id":"https:\/\/www.copealcoy.es\/es\/#website","url":"https:\/\/www.copealcoy.es\/es\/","name":"COPE Alcoy","description":"Emisora COPE de radio local con emisi\u00f3n online. Pont de Sant Jordi 8-10 03803 Alcoy","potentialAction":[{"@type":"SearchAction","target":{"@type":"EntryPoint","urlTemplate":"https:\/\/www.copealcoy.es\/es\/?s={search_term_string}"},"query-input":{"@type":"PropertyValueSpecification","valueRequired":true,"valueName":"search_term_string"}}],"inLanguage":"es"},{"@type":"Person","@id":"https:\/\/www.copealcoy.es\/es\/#\/schema\/person\/e777c87fa024e57d40170af9df39882c","name":"Cope Alcoy","image":{"@type":"ImageObject","inLanguage":"es","@id":"https:\/\/secure.gravatar.com\/avatar\/bb65d0283347e303893ba14f0692005417c1e0e690a325a4c5d8bb2b3943ee14?s=96&d=mm&r=g","url":"https:\/\/secure.gravatar.com\/avatar\/bb65d0283347e303893ba14f0692005417c1e0e690a325a4c5d8bb2b3943ee14?s=96&d=mm&r=g","contentUrl":"https:\/\/secure.gravatar.com\/avatar\/bb65d0283347e303893ba14f0692005417c1e0e690a325a4c5d8bb2b3943ee14?s=96&d=mm&r=g","caption":"Cope Alcoy"}}]}},"_links":{"self":[{"href":"https:\/\/www.copealcoy.es\/es\/wp-json\/wp\/v2\/posts\/40634","targetHints":{"allow":["GET"]}}],"collection":[{"href":"https:\/\/www.copealcoy.es\/es\/wp-json\/wp\/v2\/posts"}],"about":[{"href":"https:\/\/www.copealcoy.es\/es\/wp-json\/wp\/v2\/types\/post"}],"author":[{"embeddable":true,"href":"https:\/\/www.copealcoy.es\/es\/wp-json\/wp\/v2\/users\/1"}],"replies":[{"embeddable":true,"href":"https:\/\/www.copealcoy.es\/es\/wp-json\/wp\/v2\/comments?post=40634"}],"version-history":[{"count":0,"href":"https:\/\/www.copealcoy.es\/es\/wp-json\/wp\/v2\/posts\/40634\/revisions"}],"wp:featuredmedia":[{"embeddable":true,"href":"https:\/\/www.copealcoy.es\/es\/wp-json\/wp\/v2\/media\/40635"}],"wp:attachment":[{"href":"https:\/\/www.copealcoy.es\/es\/wp-json\/wp\/v2\/media?parent=40634"}],"wp:term":[{"taxonomy":"category","embeddable":true,"href":"https:\/\/www.copealcoy.es\/es\/wp-json\/wp\/v2\/categories?post=40634"},{"taxonomy":"post_tag","embeddable":true,"href":"https:\/\/www.copealcoy.es\/es\/wp-json\/wp\/v2\/tags?post=40634"}],"curies":[{"name":"wp","href":"https:\/\/api.w.org\/{rel}","templated":true}]}}