{"id":40600,"date":"2018-03-28T16:14:15","date_gmt":"2018-03-28T16:14:15","guid":{"rendered":"http:\/\/copealcoi.es\/new\/?p=40600"},"modified":"2018-03-28T16:22:40","modified_gmt":"2018-03-28T16:22:40","slug":"la-ocupacion-turistica-roza-el-70-de-cara-a-semana-santa","status":"publish","type":"post","link":"https:\/\/www.copealcoy.es\/es\/la-ocupacion-turistica-roza-el-70-de-cara-a-semana-santa\/","title":{"rendered":"La ocupaci\u00f3n tur\u00edstica roza el 70% de cara a Semana Santa"},"content":{"rendered":"<p style=\"text-align: justify;\">La <strong>ocupaci\u00f3n tur\u00edstica<\/strong> de cara a <strong>la Semana Santa<\/strong> de este a\u00f1o<strong> roza el 70% en el total de los alojamientos rurales y los hoteles de Alcoy<\/strong> as\u00ed como del conjunto de las comarcas del Comtat y de l\u00b4Alcoi\u00e0.<\/p>\n<p style=\"text-align: justify;\">El Presidente de la Asociaci\u00f3n de Turismo Alicante Interior, <strong>Jordi Llinares<\/strong>, explicaba el pasado lunes en el espacio La Ma\u00f1ana de COPE ALCOY que <strong>la mayor concentraci\u00f3n de turistas<\/strong> en estos d\u00edas se registrar\u00e1 entre el Viernes Santo y el Lunes de Pascua al ser este a\u00f1o laborable el Jueves Santo. Adem\u00e1s remarc\u00f3 que <strong>existen en la zona casos concretos de Casas Rurales que cuentan con el 100% de ocupaci\u00f3n<\/strong> mientras que por ejemplo otros hoteles situados en los cascos urbanos de Alcoy, Cocentaina o Muro <strong>tienen un nivel de contrataci\u00f3n de habitaciones del 40%<\/strong>. Llinares expuso asimismo que en Semana Santa llegan hasta el interior de la provincia de Alicante <strong>familias y grupos de j\u00f3venes<\/strong> en busca de <strong>una oferta que fusiona naturaleza con descanso<\/strong> &#8220;<em>tenemos un entorno \u00fanico con dos Parques Naturales, el de la Font Roja y la Serra de Mariola, que son un polo de atracci\u00f3n para muchos visitantes. Adem\u00e1s los que vienen hasta nuestras comarcas persiguen el objetivo de\u00a0disfrutar de nuestra gastronom\u00eda, conocer el patrimonio hist\u00f3rico y cultural e incluso descubrir actos festivos como las procesiones de Semana Santa o La Gloria<\/em>&#8220;, matiza. Finalmente <strong>Jordi Llinares abog\u00f3 por seguir caminando hacia una estrategia com\u00fan<\/strong> de todos los municipios de interior &#8220;<em>para ofrecer al turista una oferta \u00fanica que le permita adentrarse en particularidades como la historia del juguete de la Foia de Castalla, el Modernismo de Alcoy, las Fiestas de Moros y Cristianos, los parajes naturales de la comarca y todo el patrimonio que tenemos. Incluso podemos hacer que la m\u00fasica sea un reclamo ya que somos tierra de m\u00fasicos y en Cocentaina mismo se puede visitar la partitura original del pasodoble &#8216;Paquito El Chocolatero<\/em>&#8220;, conluy\u00f3.<\/p>\n<p style=\"text-align: justify;\">Indicar que estas cifras, seg\u00fan apuntan desde el sector, <strong>pueden ser superiores a medida que avancen los d\u00edas centrales de Semana Santa<\/strong> gracias a las reservas de \u00faltima hora en establecimientos hosteleros y tambi\u00e9n de restauraci\u00f3n<\/p>\n","protected":false},"excerpt":{"rendered":"<p>La ocupaci\u00f3n tur\u00edstica de cara a la Semana Santa de este a\u00f1o roza el 70% en el total de los&#8230;<\/p>\n","protected":false},"author":1,"featured_media":12501,"comment_status":"open","ping_status":"open","sticky":false,"template":"","format":"standard","meta":{"footnotes":""},"categories":[75,125],"tags":[482,237,3475,728,745,1816],"class_list":["post-40600","post","type-post","status-publish","format-standard","has-post-thumbnail","hentry","category-noticias","category-portada","tag-alcoia","tag-comtat","tag-jordi-llinares","tag-ocupacion","tag-semana-santa","tag-turismo-interior"],"yoast_head":"<!-- This site is optimized with the Yoast SEO plugin v27.3 - https:\/\/yoast.com\/product\/yoast-seo-wordpress\/ -->\n<title>La ocupaci\u00f3n tur\u00edstica roza el 70% de cara a Semana Santa - COPE Alcoy<\/title>\n<meta name=\"robots\" content=\"index, follow, max-snippet:-1, max-image-preview:large, max-video-preview:-1\" \/>\n<link rel=\"canonical\" href=\"https:\/\/www.copealcoy.es\/es\/la-ocupacion-turistica-roza-el-70-de-cara-a-semana-santa\/\" \/>\n<meta property=\"og:locale\" content=\"es_ES\" \/>\n<meta property=\"og:type\" content=\"article\" \/>\n<meta property=\"og:title\" content=\"La ocupaci\u00f3n tur\u00edstica roza el 70% de cara a Semana Santa - COPE Alcoy\" \/>\n<meta property=\"og:description\" content=\"La ocupaci\u00f3n tur\u00edstica de cara a la Semana Santa de este a\u00f1o roza el 70% en el total de los...\" \/>\n<meta property=\"og:url\" content=\"https:\/\/www.copealcoy.es\/es\/la-ocupacion-turistica-roza-el-70-de-cara-a-semana-santa\/\" \/>\n<meta property=\"og:site_name\" content=\"COPE Alcoy\" \/>\n<meta property=\"article:published_time\" content=\"2018-03-28T16:14:15+00:00\" \/>\n<meta property=\"article:modified_time\" content=\"2018-03-28T16:22:40+00:00\" \/>\n<meta property=\"og:image\" content=\"https:\/\/www.copealcoy.es\/wp-content\/uploads\/2015\/04\/VistaAgres1.jpg\" \/>\n\t<meta property=\"og:image:width\" content=\"600\" \/>\n\t<meta property=\"og:image:height\" content=\"400\" \/>\n\t<meta property=\"og:image:type\" content=\"image\/jpeg\" \/>\n<meta name=\"author\" content=\"Cope Alcoy\" \/>\n<meta name=\"twitter:label1\" content=\"Escrito por\" \/>\n\t<meta name=\"twitter:data1\" content=\"Cope Alcoy\" \/>\n\t<meta name=\"twitter:label2\" content=\"Tiempo de lectura\" \/>\n\t<meta name=\"twitter:data2\" content=\"2 minutos\" \/>\n<script type=\"application\/ld+json\" class=\"yoast-schema-graph\">{\"@context\":\"https:\\\/\\\/schema.org\",\"@graph\":[{\"@type\":\"Article\",\"@id\":\"https:\\\/\\\/www.copealcoy.es\\\/es\\\/la-ocupacion-turistica-roza-el-70-de-cara-a-semana-santa\\\/#article\",\"isPartOf\":{\"@id\":\"https:\\\/\\\/www.copealcoy.es\\\/es\\\/la-ocupacion-turistica-roza-el-70-de-cara-a-semana-santa\\\/\"},\"author\":{\"name\":\"Cope Alcoy\",\"@id\":\"https:\\\/\\\/www.copealcoy.es\\\/es\\\/#\\\/schema\\\/person\\\/e777c87fa024e57d40170af9df39882c\"},\"headline\":\"La ocupaci\u00f3n tur\u00edstica roza el 70% de cara a Semana Santa\",\"datePublished\":\"2018-03-28T16:14:15+00:00\",\"dateModified\":\"2018-03-28T16:22:40+00:00\",\"mainEntityOfPage\":{\"@id\":\"https:\\\/\\\/www.copealcoy.es\\\/es\\\/la-ocupacion-turistica-roza-el-70-de-cara-a-semana-santa\\\/\"},\"wordCount\":390,\"commentCount\":0,\"image\":{\"@id\":\"https:\\\/\\\/www.copealcoy.es\\\/es\\\/la-ocupacion-turistica-roza-el-70-de-cara-a-semana-santa\\\/#primaryimage\"},\"thumbnailUrl\":\"https:\\\/\\\/www.copealcoy.es\\\/wp-content\\\/uploads\\\/2015\\\/04\\\/VistaAgres1.jpg\",\"keywords\":[\"Alcoi\u00e0\",\"Comtat\",\"Jordi Llinares\",\"Ocupaci\u00f3n\",\"Semana Santa\",\"Turismo Interior\"],\"articleSection\":[\"Noticias\",\"Portada\"],\"inLanguage\":\"es\"},{\"@type\":\"WebPage\",\"@id\":\"https:\\\/\\\/www.copealcoy.es\\\/es\\\/la-ocupacion-turistica-roza-el-70-de-cara-a-semana-santa\\\/\",\"url\":\"https:\\\/\\\/www.copealcoy.es\\\/es\\\/la-ocupacion-turistica-roza-el-70-de-cara-a-semana-santa\\\/\",\"name\":\"La ocupaci\u00f3n tur\u00edstica roza el 70% de cara a Semana Santa - COPE Alcoy\",\"isPartOf\":{\"@id\":\"https:\\\/\\\/www.copealcoy.es\\\/es\\\/#website\"},\"primaryImageOfPage\":{\"@id\":\"https:\\\/\\\/www.copealcoy.es\\\/es\\\/la-ocupacion-turistica-roza-el-70-de-cara-a-semana-santa\\\/#primaryimage\"},\"image\":{\"@id\":\"https:\\\/\\\/www.copealcoy.es\\\/es\\\/la-ocupacion-turistica-roza-el-70-de-cara-a-semana-santa\\\/#primaryimage\"},\"thumbnailUrl\":\"https:\\\/\\\/www.copealcoy.es\\\/wp-content\\\/uploads\\\/2015\\\/04\\\/VistaAgres1.jpg\",\"datePublished\":\"2018-03-28T16:14:15+00:00\",\"dateModified\":\"2018-03-28T16:22:40+00:00\",\"author\":{\"@id\":\"https:\\\/\\\/www.copealcoy.es\\\/es\\\/#\\\/schema\\\/person\\\/e777c87fa024e57d40170af9df39882c\"},\"breadcrumb\":{\"@id\":\"https:\\\/\\\/www.copealcoy.es\\\/es\\\/la-ocupacion-turistica-roza-el-70-de-cara-a-semana-santa\\\/#breadcrumb\"},\"inLanguage\":\"es\",\"potentialAction\":[{\"@type\":\"ReadAction\",\"target\":[\"https:\\\/\\\/www.copealcoy.es\\\/es\\\/la-ocupacion-turistica-roza-el-70-de-cara-a-semana-santa\\\/\"]}]},{\"@type\":\"ImageObject\",\"inLanguage\":\"es\",\"@id\":\"https:\\\/\\\/www.copealcoy.es\\\/es\\\/la-ocupacion-turistica-roza-el-70-de-cara-a-semana-santa\\\/#primaryimage\",\"url\":\"https:\\\/\\\/www.copealcoy.es\\\/wp-content\\\/uploads\\\/2015\\\/04\\\/VistaAgres1.jpg\",\"contentUrl\":\"https:\\\/\\\/www.copealcoy.es\\\/wp-content\\\/uploads\\\/2015\\\/04\\\/VistaAgres1.jpg\",\"width\":600,\"height\":400},{\"@type\":\"BreadcrumbList\",\"@id\":\"https:\\\/\\\/www.copealcoy.es\\\/es\\\/la-ocupacion-turistica-roza-el-70-de-cara-a-semana-santa\\\/#breadcrumb\",\"itemListElement\":[{\"@type\":\"ListItem\",\"position\":1,\"name\":\"Portada\",\"item\":\"https:\\\/\\\/www.copealcoy.es\\\/es\\\/\"},{\"@type\":\"ListItem\",\"position\":2,\"name\":\"La ocupaci\u00f3n tur\u00edstica roza el 70% de cara a Semana Santa\"}]},{\"@type\":\"WebSite\",\"@id\":\"https:\\\/\\\/www.copealcoy.es\\\/es\\\/#website\",\"url\":\"https:\\\/\\\/www.copealcoy.es\\\/es\\\/\",\"name\":\"COPE Alcoy\",\"description\":\"Emisora COPE de radio local con emisi\u00f3n online. Pont de Sant Jordi 8-10 03803 Alcoy\",\"potentialAction\":[{\"@type\":\"SearchAction\",\"target\":{\"@type\":\"EntryPoint\",\"urlTemplate\":\"https:\\\/\\\/www.copealcoy.es\\\/es\\\/?s={search_term_string}\"},\"query-input\":{\"@type\":\"PropertyValueSpecification\",\"valueRequired\":true,\"valueName\":\"search_term_string\"}}],\"inLanguage\":\"es\"},{\"@type\":\"Person\",\"@id\":\"https:\\\/\\\/www.copealcoy.es\\\/es\\\/#\\\/schema\\\/person\\\/e777c87fa024e57d40170af9df39882c\",\"name\":\"Cope Alcoy\",\"image\":{\"@type\":\"ImageObject\",\"inLanguage\":\"es\",\"@id\":\"https:\\\/\\\/secure.gravatar.com\\\/avatar\\\/bb65d0283347e303893ba14f0692005417c1e0e690a325a4c5d8bb2b3943ee14?s=96&d=mm&r=g\",\"url\":\"https:\\\/\\\/secure.gravatar.com\\\/avatar\\\/bb65d0283347e303893ba14f0692005417c1e0e690a325a4c5d8bb2b3943ee14?s=96&d=mm&r=g\",\"contentUrl\":\"https:\\\/\\\/secure.gravatar.com\\\/avatar\\\/bb65d0283347e303893ba14f0692005417c1e0e690a325a4c5d8bb2b3943ee14?s=96&d=mm&r=g\",\"caption\":\"Cope Alcoy\"}}]}<\/script>\n<!-- \/ Yoast SEO plugin. -->","yoast_head_json":{"title":"La ocupaci\u00f3n tur\u00edstica roza el 70% de cara a Semana Santa - COPE Alcoy","robots":{"index":"index","follow":"follow","max-snippet":"max-snippet:-1","max-image-preview":"max-image-preview:large","max-video-preview":"max-video-preview:-1"},"canonical":"https:\/\/www.copealcoy.es\/es\/la-ocupacion-turistica-roza-el-70-de-cara-a-semana-santa\/","og_locale":"es_ES","og_type":"article","og_title":"La ocupaci\u00f3n tur\u00edstica roza el 70% de cara a Semana Santa - COPE Alcoy","og_description":"La ocupaci\u00f3n tur\u00edstica de cara a la Semana Santa de este a\u00f1o roza el 70% en el total de los...","og_url":"https:\/\/www.copealcoy.es\/es\/la-ocupacion-turistica-roza-el-70-de-cara-a-semana-santa\/","og_site_name":"COPE Alcoy","article_published_time":"2018-03-28T16:14:15+00:00","article_modified_time":"2018-03-28T16:22:40+00:00","og_image":[{"width":600,"height":400,"url":"https:\/\/www.copealcoy.es\/wp-content\/uploads\/2015\/04\/VistaAgres1.jpg","type":"image\/jpeg"}],"author":"Cope Alcoy","twitter_misc":{"Escrito por":"Cope Alcoy","Tiempo de lectura":"2 minutos"},"schema":{"@context":"https:\/\/schema.org","@graph":[{"@type":"Article","@id":"https:\/\/www.copealcoy.es\/es\/la-ocupacion-turistica-roza-el-70-de-cara-a-semana-santa\/#article","isPartOf":{"@id":"https:\/\/www.copealcoy.es\/es\/la-ocupacion-turistica-roza-el-70-de-cara-a-semana-santa\/"},"author":{"name":"Cope Alcoy","@id":"https:\/\/www.copealcoy.es\/es\/#\/schema\/person\/e777c87fa024e57d40170af9df39882c"},"headline":"La ocupaci\u00f3n tur\u00edstica roza el 70% de cara a Semana Santa","datePublished":"2018-03-28T16:14:15+00:00","dateModified":"2018-03-28T16:22:40+00:00","mainEntityOfPage":{"@id":"https:\/\/www.copealcoy.es\/es\/la-ocupacion-turistica-roza-el-70-de-cara-a-semana-santa\/"},"wordCount":390,"commentCount":0,"image":{"@id":"https:\/\/www.copealcoy.es\/es\/la-ocupacion-turistica-roza-el-70-de-cara-a-semana-santa\/#primaryimage"},"thumbnailUrl":"https:\/\/www.copealcoy.es\/wp-content\/uploads\/2015\/04\/VistaAgres1.jpg","keywords":["Alcoi\u00e0","Comtat","Jordi Llinares","Ocupaci\u00f3n","Semana Santa","Turismo Interior"],"articleSection":["Noticias","Portada"],"inLanguage":"es"},{"@type":"WebPage","@id":"https:\/\/www.copealcoy.es\/es\/la-ocupacion-turistica-roza-el-70-de-cara-a-semana-santa\/","url":"https:\/\/www.copealcoy.es\/es\/la-ocupacion-turistica-roza-el-70-de-cara-a-semana-santa\/","name":"La ocupaci\u00f3n tur\u00edstica roza el 70% de cara a Semana Santa - COPE Alcoy","isPartOf":{"@id":"https:\/\/www.copealcoy.es\/es\/#website"},"primaryImageOfPage":{"@id":"https:\/\/www.copealcoy.es\/es\/la-ocupacion-turistica-roza-el-70-de-cara-a-semana-santa\/#primaryimage"},"image":{"@id":"https:\/\/www.copealcoy.es\/es\/la-ocupacion-turistica-roza-el-70-de-cara-a-semana-santa\/#primaryimage"},"thumbnailUrl":"https:\/\/www.copealcoy.es\/wp-content\/uploads\/2015\/04\/VistaAgres1.jpg","datePublished":"2018-03-28T16:14:15+00:00","dateModified":"2018-03-28T16:22:40+00:00","author":{"@id":"https:\/\/www.copealcoy.es\/es\/#\/schema\/person\/e777c87fa024e57d40170af9df39882c"},"breadcrumb":{"@id":"https:\/\/www.copealcoy.es\/es\/la-ocupacion-turistica-roza-el-70-de-cara-a-semana-santa\/#breadcrumb"},"inLanguage":"es","potentialAction":[{"@type":"ReadAction","target":["https:\/\/www.copealcoy.es\/es\/la-ocupacion-turistica-roza-el-70-de-cara-a-semana-santa\/"]}]},{"@type":"ImageObject","inLanguage":"es","@id":"https:\/\/www.copealcoy.es\/es\/la-ocupacion-turistica-roza-el-70-de-cara-a-semana-santa\/#primaryimage","url":"https:\/\/www.copealcoy.es\/wp-content\/uploads\/2015\/04\/VistaAgres1.jpg","contentUrl":"https:\/\/www.copealcoy.es\/wp-content\/uploads\/2015\/04\/VistaAgres1.jpg","width":600,"height":400},{"@type":"BreadcrumbList","@id":"https:\/\/www.copealcoy.es\/es\/la-ocupacion-turistica-roza-el-70-de-cara-a-semana-santa\/#breadcrumb","itemListElement":[{"@type":"ListItem","position":1,"name":"Portada","item":"https:\/\/www.copealcoy.es\/es\/"},{"@type":"ListItem","position":2,"name":"La ocupaci\u00f3n tur\u00edstica roza el 70% de cara a Semana Santa"}]},{"@type":"WebSite","@id":"https:\/\/www.copealcoy.es\/es\/#website","url":"https:\/\/www.copealcoy.es\/es\/","name":"COPE Alcoy","description":"Emisora COPE de radio local con emisi\u00f3n online. Pont de Sant Jordi 8-10 03803 Alcoy","potentialAction":[{"@type":"SearchAction","target":{"@type":"EntryPoint","urlTemplate":"https:\/\/www.copealcoy.es\/es\/?s={search_term_string}"},"query-input":{"@type":"PropertyValueSpecification","valueRequired":true,"valueName":"search_term_string"}}],"inLanguage":"es"},{"@type":"Person","@id":"https:\/\/www.copealcoy.es\/es\/#\/schema\/person\/e777c87fa024e57d40170af9df39882c","name":"Cope Alcoy","image":{"@type":"ImageObject","inLanguage":"es","@id":"https:\/\/secure.gravatar.com\/avatar\/bb65d0283347e303893ba14f0692005417c1e0e690a325a4c5d8bb2b3943ee14?s=96&d=mm&r=g","url":"https:\/\/secure.gravatar.com\/avatar\/bb65d0283347e303893ba14f0692005417c1e0e690a325a4c5d8bb2b3943ee14?s=96&d=mm&r=g","contentUrl":"https:\/\/secure.gravatar.com\/avatar\/bb65d0283347e303893ba14f0692005417c1e0e690a325a4c5d8bb2b3943ee14?s=96&d=mm&r=g","caption":"Cope Alcoy"}}]}},"_links":{"self":[{"href":"https:\/\/www.copealcoy.es\/es\/wp-json\/wp\/v2\/posts\/40600","targetHints":{"allow":["GET"]}}],"collection":[{"href":"https:\/\/www.copealcoy.es\/es\/wp-json\/wp\/v2\/posts"}],"about":[{"href":"https:\/\/www.copealcoy.es\/es\/wp-json\/wp\/v2\/types\/post"}],"author":[{"embeddable":true,"href":"https:\/\/www.copealcoy.es\/es\/wp-json\/wp\/v2\/users\/1"}],"replies":[{"embeddable":true,"href":"https:\/\/www.copealcoy.es\/es\/wp-json\/wp\/v2\/comments?post=40600"}],"version-history":[{"count":0,"href":"https:\/\/www.copealcoy.es\/es\/wp-json\/wp\/v2\/posts\/40600\/revisions"}],"wp:featuredmedia":[{"embeddable":true,"href":"https:\/\/www.copealcoy.es\/es\/wp-json\/wp\/v2\/media\/12501"}],"wp:attachment":[{"href":"https:\/\/www.copealcoy.es\/es\/wp-json\/wp\/v2\/media?parent=40600"}],"wp:term":[{"taxonomy":"category","embeddable":true,"href":"https:\/\/www.copealcoy.es\/es\/wp-json\/wp\/v2\/categories?post=40600"},{"taxonomy":"post_tag","embeddable":true,"href":"https:\/\/www.copealcoy.es\/es\/wp-json\/wp\/v2\/tags?post=40600"}],"curies":[{"name":"wp","href":"https:\/\/api.w.org\/{rel}","templated":true}]}}