{"id":40570,"date":"2018-03-28T14:40:07","date_gmt":"2018-03-28T14:40:07","guid":{"rendered":"http:\/\/copealcoi.es\/new\/?p=40570"},"modified":"2018-03-28T14:44:47","modified_gmt":"2018-03-28T14:44:47","slug":"la-pasion-regreso-el-sabado-a-las-calles-de-cocentaina","status":"publish","type":"post","link":"https:\/\/www.copealcoy.es\/es\/la-pasion-regreso-el-sabado-a-las-calles-de-cocentaina\/","title":{"rendered":"La Pasi\u00f3n regres\u00f3 el s\u00e1bado a las calles de Cocentaina"},"content":{"rendered":"<p style=\"text-align: justify;\">Las calles de Cocentaina acogieron el pasado s\u00e1bado <strong>la representaci\u00f3n de La Pasi\u00f3n<\/strong>, una actividad organizada por <strong>el Grup de Teatre del Patronat<\/strong> y en la que tambi\u00e9n colaboraron numerosos vecinos.<\/p>\n<p style=\"text-align: justify;\">El acto comenz\u00f3 a las ocho de la tarde en el <strong>Pla de la Font<\/strong> con la <strong>recreaci\u00f3n de la Entrada de Jes\u00fas en Jerusal\u00e9n<\/strong> y continu\u00f3 a las<strong> puertas de la iglesia de Santa Mar\u00eda<\/strong> con la <strong>\u00daltima Cena<\/strong>. Ya en la <strong>Plaza del Pla<\/strong> se pudo ver <strong>la Oraci\u00f3n en el Huerto de Getseman\u00ed<\/strong> y el <strong>prendimiento<\/strong> mientras que dentro del <strong>patio de armas del Palau Comtal<\/strong> se simul\u00f3 <strong>el juicio ante Pilatos<\/strong>. Como novedad se aprovecharon las ventanas situadas encima de las arcadas para representar <strong>la Flagelaci\u00f3n \u00a0y las escenas b\u00edblicas<\/strong> en las que la esposa de Pilatos le pide a este \u00faltimo que no condene a Jes\u00fas. Finalmente <strong>se represent\u00f3 la subida al Calvario y la Crucifixi\u00f3n en lo alto de la calle Sant\u00edsima Trinidad<\/strong>. En este enclave, situado a los pies de la Serra de Mariola, destac\u00f3 tambi\u00e9n la incorporaci\u00f3n del momento en el que <strong>la Virgen Mar\u00eda recibe en sus brazos a Cristo Yacente<\/strong> tras ser bajado de la cruz . Esta obra viviente, en la que participaron de forma directa e indirecta <strong>cerca de un centenar de actores<\/strong>, finaliz\u00f3 con la puesta en escena de<strong> la Resurrecci\u00f3n<\/strong>.<\/p>\n<p style=\"text-align: justify;\">Numeroso p\u00fablico <strong>se agolp\u00f3 en las aceras del trayecto<\/strong> por donde discurri\u00f3 este acto que se llev\u00f3 a cabo en el municipio <strong>por quinto a\u00f1o consecutivo<\/strong>.<\/p>\n","protected":false},"excerpt":{"rendered":"<p>Las calles de Cocentaina acogieron el pasado s\u00e1bado la representaci\u00f3n de La Pasi\u00f3n, una actividad organizada por el Grup de&#8230;<\/p>\n","protected":false},"author":1,"featured_media":40571,"comment_status":"open","ping_status":"open","sticky":false,"template":"","format":"standard","meta":{"footnotes":""},"categories":[98,75],"tags":[132,237,3967,4011,745],"class_list":["post-40570","post","type-post","status-publish","format-standard","has-post-thumbnail","hentry","category-comarcas","category-noticias","tag-cocentaina","tag-comtat","tag-la-pasion","tag-representacion","tag-semana-santa"],"yoast_head":"<!-- This site is optimized with the Yoast SEO plugin v27.3 - https:\/\/yoast.com\/product\/yoast-seo-wordpress\/ -->\n<title>La Pasi\u00f3n regres\u00f3 el s\u00e1bado a las calles de Cocentaina - COPE Alcoy<\/title>\n<meta name=\"robots\" content=\"index, follow, max-snippet:-1, max-image-preview:large, max-video-preview:-1\" \/>\n<link rel=\"canonical\" href=\"https:\/\/www.copealcoy.es\/es\/la-pasion-regreso-el-sabado-a-las-calles-de-cocentaina\/\" \/>\n<meta property=\"og:locale\" content=\"es_ES\" \/>\n<meta property=\"og:type\" content=\"article\" \/>\n<meta property=\"og:title\" content=\"La Pasi\u00f3n regres\u00f3 el s\u00e1bado a las calles de Cocentaina - COPE Alcoy\" \/>\n<meta property=\"og:description\" content=\"Las calles de Cocentaina acogieron el pasado s\u00e1bado la representaci\u00f3n de La Pasi\u00f3n, una actividad organizada por el Grup de...\" \/>\n<meta property=\"og:url\" content=\"https:\/\/www.copealcoy.es\/es\/la-pasion-regreso-el-sabado-a-las-calles-de-cocentaina\/\" \/>\n<meta property=\"og:site_name\" content=\"COPE Alcoy\" \/>\n<meta property=\"article:published_time\" content=\"2018-03-28T14:40:07+00:00\" \/>\n<meta property=\"article:modified_time\" content=\"2018-03-28T14:44:47+00:00\" \/>\n<meta property=\"og:image\" content=\"https:\/\/www.copealcoy.es\/wp-content\/uploads\/2018\/03\/16-La-Pasi\u00f3n-se-represent\u00f3-el-pasado-s\u00e1bado-en-Cocentaina-Foto-Gabriel-Pascual-e1522247902614.jpg\" \/>\n\t<meta property=\"og:image:width\" content=\"960\" \/>\n\t<meta property=\"og:image:height\" content=\"508\" \/>\n\t<meta property=\"og:image:type\" content=\"image\/jpeg\" \/>\n<meta name=\"author\" content=\"Cope Alcoy\" \/>\n<meta name=\"twitter:label1\" content=\"Escrito por\" \/>\n\t<meta name=\"twitter:data1\" content=\"Cope Alcoy\" \/>\n\t<meta name=\"twitter:label2\" content=\"Tiempo de lectura\" \/>\n\t<meta name=\"twitter:data2\" content=\"1 minuto\" \/>\n<script type=\"application\/ld+json\" class=\"yoast-schema-graph\">{\"@context\":\"https:\\\/\\\/schema.org\",\"@graph\":[{\"@type\":\"Article\",\"@id\":\"https:\\\/\\\/www.copealcoy.es\\\/es\\\/la-pasion-regreso-el-sabado-a-las-calles-de-cocentaina\\\/#article\",\"isPartOf\":{\"@id\":\"https:\\\/\\\/www.copealcoy.es\\\/es\\\/la-pasion-regreso-el-sabado-a-las-calles-de-cocentaina\\\/\"},\"author\":{\"name\":\"Cope Alcoy\",\"@id\":\"https:\\\/\\\/www.copealcoy.es\\\/es\\\/#\\\/schema\\\/person\\\/e777c87fa024e57d40170af9df39882c\"},\"headline\":\"La Pasi\u00f3n regres\u00f3 el s\u00e1bado a las calles de Cocentaina\",\"datePublished\":\"2018-03-28T14:40:07+00:00\",\"dateModified\":\"2018-03-28T14:44:47+00:00\",\"mainEntityOfPage\":{\"@id\":\"https:\\\/\\\/www.copealcoy.es\\\/es\\\/la-pasion-regreso-el-sabado-a-las-calles-de-cocentaina\\\/\"},\"wordCount\":282,\"commentCount\":0,\"image\":{\"@id\":\"https:\\\/\\\/www.copealcoy.es\\\/es\\\/la-pasion-regreso-el-sabado-a-las-calles-de-cocentaina\\\/#primaryimage\"},\"thumbnailUrl\":\"https:\\\/\\\/www.copealcoy.es\\\/wp-content\\\/uploads\\\/2018\\\/03\\\/16-La-Pasi\u00f3n-se-represent\u00f3-el-pasado-s\u00e1bado-en-Cocentaina-Foto-Gabriel-Pascual-e1522247902614.jpg\",\"keywords\":[\"Cocentaina\",\"Comtat\",\"La Pasi\u00f3n\",\"representaci\u00f3n\",\"Semana Santa\"],\"articleSection\":[\"Comarcas\",\"Noticias\"],\"inLanguage\":\"es\"},{\"@type\":\"WebPage\",\"@id\":\"https:\\\/\\\/www.copealcoy.es\\\/es\\\/la-pasion-regreso-el-sabado-a-las-calles-de-cocentaina\\\/\",\"url\":\"https:\\\/\\\/www.copealcoy.es\\\/es\\\/la-pasion-regreso-el-sabado-a-las-calles-de-cocentaina\\\/\",\"name\":\"La Pasi\u00f3n regres\u00f3 el s\u00e1bado a las calles de Cocentaina - COPE Alcoy\",\"isPartOf\":{\"@id\":\"https:\\\/\\\/www.copealcoy.es\\\/es\\\/#website\"},\"primaryImageOfPage\":{\"@id\":\"https:\\\/\\\/www.copealcoy.es\\\/es\\\/la-pasion-regreso-el-sabado-a-las-calles-de-cocentaina\\\/#primaryimage\"},\"image\":{\"@id\":\"https:\\\/\\\/www.copealcoy.es\\\/es\\\/la-pasion-regreso-el-sabado-a-las-calles-de-cocentaina\\\/#primaryimage\"},\"thumbnailUrl\":\"https:\\\/\\\/www.copealcoy.es\\\/wp-content\\\/uploads\\\/2018\\\/03\\\/16-La-Pasi\u00f3n-se-represent\u00f3-el-pasado-s\u00e1bado-en-Cocentaina-Foto-Gabriel-Pascual-e1522247902614.jpg\",\"datePublished\":\"2018-03-28T14:40:07+00:00\",\"dateModified\":\"2018-03-28T14:44:47+00:00\",\"author\":{\"@id\":\"https:\\\/\\\/www.copealcoy.es\\\/es\\\/#\\\/schema\\\/person\\\/e777c87fa024e57d40170af9df39882c\"},\"breadcrumb\":{\"@id\":\"https:\\\/\\\/www.copealcoy.es\\\/es\\\/la-pasion-regreso-el-sabado-a-las-calles-de-cocentaina\\\/#breadcrumb\"},\"inLanguage\":\"es\",\"potentialAction\":[{\"@type\":\"ReadAction\",\"target\":[\"https:\\\/\\\/www.copealcoy.es\\\/es\\\/la-pasion-regreso-el-sabado-a-las-calles-de-cocentaina\\\/\"]}]},{\"@type\":\"ImageObject\",\"inLanguage\":\"es\",\"@id\":\"https:\\\/\\\/www.copealcoy.es\\\/es\\\/la-pasion-regreso-el-sabado-a-las-calles-de-cocentaina\\\/#primaryimage\",\"url\":\"https:\\\/\\\/www.copealcoy.es\\\/wp-content\\\/uploads\\\/2018\\\/03\\\/16-La-Pasi\u00f3n-se-represent\u00f3-el-pasado-s\u00e1bado-en-Cocentaina-Foto-Gabriel-Pascual-e1522247902614.jpg\",\"contentUrl\":\"https:\\\/\\\/www.copealcoy.es\\\/wp-content\\\/uploads\\\/2018\\\/03\\\/16-La-Pasi\u00f3n-se-represent\u00f3-el-pasado-s\u00e1bado-en-Cocentaina-Foto-Gabriel-Pascual-e1522247902614.jpg\",\"width\":960,\"height\":508,\"caption\":\"La representaci\u00f3n de La Pasi\u00f3n recorri\u00f3 las calles de Cocentaina el s\u00e1bado \\\/ Foto: Gabriel Pascual\"},{\"@type\":\"BreadcrumbList\",\"@id\":\"https:\\\/\\\/www.copealcoy.es\\\/es\\\/la-pasion-regreso-el-sabado-a-las-calles-de-cocentaina\\\/#breadcrumb\",\"itemListElement\":[{\"@type\":\"ListItem\",\"position\":1,\"name\":\"Portada\",\"item\":\"https:\\\/\\\/www.copealcoy.es\\\/es\\\/\"},{\"@type\":\"ListItem\",\"position\":2,\"name\":\"La Pasi\u00f3n regres\u00f3 el s\u00e1bado a las calles de Cocentaina\"}]},{\"@type\":\"WebSite\",\"@id\":\"https:\\\/\\\/www.copealcoy.es\\\/es\\\/#website\",\"url\":\"https:\\\/\\\/www.copealcoy.es\\\/es\\\/\",\"name\":\"COPE Alcoy\",\"description\":\"Emisora COPE de radio local con emisi\u00f3n online. Pont de Sant Jordi 8-10 03803 Alcoy\",\"potentialAction\":[{\"@type\":\"SearchAction\",\"target\":{\"@type\":\"EntryPoint\",\"urlTemplate\":\"https:\\\/\\\/www.copealcoy.es\\\/es\\\/?s={search_term_string}\"},\"query-input\":{\"@type\":\"PropertyValueSpecification\",\"valueRequired\":true,\"valueName\":\"search_term_string\"}}],\"inLanguage\":\"es\"},{\"@type\":\"Person\",\"@id\":\"https:\\\/\\\/www.copealcoy.es\\\/es\\\/#\\\/schema\\\/person\\\/e777c87fa024e57d40170af9df39882c\",\"name\":\"Cope Alcoy\",\"image\":{\"@type\":\"ImageObject\",\"inLanguage\":\"es\",\"@id\":\"https:\\\/\\\/secure.gravatar.com\\\/avatar\\\/bb65d0283347e303893ba14f0692005417c1e0e690a325a4c5d8bb2b3943ee14?s=96&d=mm&r=g\",\"url\":\"https:\\\/\\\/secure.gravatar.com\\\/avatar\\\/bb65d0283347e303893ba14f0692005417c1e0e690a325a4c5d8bb2b3943ee14?s=96&d=mm&r=g\",\"contentUrl\":\"https:\\\/\\\/secure.gravatar.com\\\/avatar\\\/bb65d0283347e303893ba14f0692005417c1e0e690a325a4c5d8bb2b3943ee14?s=96&d=mm&r=g\",\"caption\":\"Cope Alcoy\"}}]}<\/script>\n<!-- \/ Yoast SEO plugin. -->","yoast_head_json":{"title":"La Pasi\u00f3n regres\u00f3 el s\u00e1bado a las calles de Cocentaina - COPE Alcoy","robots":{"index":"index","follow":"follow","max-snippet":"max-snippet:-1","max-image-preview":"max-image-preview:large","max-video-preview":"max-video-preview:-1"},"canonical":"https:\/\/www.copealcoy.es\/es\/la-pasion-regreso-el-sabado-a-las-calles-de-cocentaina\/","og_locale":"es_ES","og_type":"article","og_title":"La Pasi\u00f3n regres\u00f3 el s\u00e1bado a las calles de Cocentaina - COPE Alcoy","og_description":"Las calles de Cocentaina acogieron el pasado s\u00e1bado la representaci\u00f3n de La Pasi\u00f3n, una actividad organizada por el Grup de...","og_url":"https:\/\/www.copealcoy.es\/es\/la-pasion-regreso-el-sabado-a-las-calles-de-cocentaina\/","og_site_name":"COPE Alcoy","article_published_time":"2018-03-28T14:40:07+00:00","article_modified_time":"2018-03-28T14:44:47+00:00","og_image":[{"width":960,"height":508,"url":"https:\/\/www.copealcoy.es\/wp-content\/uploads\/2018\/03\/16-La-Pasi\u00f3n-se-represent\u00f3-el-pasado-s\u00e1bado-en-Cocentaina-Foto-Gabriel-Pascual-e1522247902614.jpg","type":"image\/jpeg"}],"author":"Cope Alcoy","twitter_misc":{"Escrito por":"Cope Alcoy","Tiempo de lectura":"1 minuto"},"schema":{"@context":"https:\/\/schema.org","@graph":[{"@type":"Article","@id":"https:\/\/www.copealcoy.es\/es\/la-pasion-regreso-el-sabado-a-las-calles-de-cocentaina\/#article","isPartOf":{"@id":"https:\/\/www.copealcoy.es\/es\/la-pasion-regreso-el-sabado-a-las-calles-de-cocentaina\/"},"author":{"name":"Cope Alcoy","@id":"https:\/\/www.copealcoy.es\/es\/#\/schema\/person\/e777c87fa024e57d40170af9df39882c"},"headline":"La Pasi\u00f3n regres\u00f3 el s\u00e1bado a las calles de Cocentaina","datePublished":"2018-03-28T14:40:07+00:00","dateModified":"2018-03-28T14:44:47+00:00","mainEntityOfPage":{"@id":"https:\/\/www.copealcoy.es\/es\/la-pasion-regreso-el-sabado-a-las-calles-de-cocentaina\/"},"wordCount":282,"commentCount":0,"image":{"@id":"https:\/\/www.copealcoy.es\/es\/la-pasion-regreso-el-sabado-a-las-calles-de-cocentaina\/#primaryimage"},"thumbnailUrl":"https:\/\/www.copealcoy.es\/wp-content\/uploads\/2018\/03\/16-La-Pasi\u00f3n-se-represent\u00f3-el-pasado-s\u00e1bado-en-Cocentaina-Foto-Gabriel-Pascual-e1522247902614.jpg","keywords":["Cocentaina","Comtat","La Pasi\u00f3n","representaci\u00f3n","Semana Santa"],"articleSection":["Comarcas","Noticias"],"inLanguage":"es"},{"@type":"WebPage","@id":"https:\/\/www.copealcoy.es\/es\/la-pasion-regreso-el-sabado-a-las-calles-de-cocentaina\/","url":"https:\/\/www.copealcoy.es\/es\/la-pasion-regreso-el-sabado-a-las-calles-de-cocentaina\/","name":"La Pasi\u00f3n regres\u00f3 el s\u00e1bado a las calles de Cocentaina - COPE Alcoy","isPartOf":{"@id":"https:\/\/www.copealcoy.es\/es\/#website"},"primaryImageOfPage":{"@id":"https:\/\/www.copealcoy.es\/es\/la-pasion-regreso-el-sabado-a-las-calles-de-cocentaina\/#primaryimage"},"image":{"@id":"https:\/\/www.copealcoy.es\/es\/la-pasion-regreso-el-sabado-a-las-calles-de-cocentaina\/#primaryimage"},"thumbnailUrl":"https:\/\/www.copealcoy.es\/wp-content\/uploads\/2018\/03\/16-La-Pasi\u00f3n-se-represent\u00f3-el-pasado-s\u00e1bado-en-Cocentaina-Foto-Gabriel-Pascual-e1522247902614.jpg","datePublished":"2018-03-28T14:40:07+00:00","dateModified":"2018-03-28T14:44:47+00:00","author":{"@id":"https:\/\/www.copealcoy.es\/es\/#\/schema\/person\/e777c87fa024e57d40170af9df39882c"},"breadcrumb":{"@id":"https:\/\/www.copealcoy.es\/es\/la-pasion-regreso-el-sabado-a-las-calles-de-cocentaina\/#breadcrumb"},"inLanguage":"es","potentialAction":[{"@type":"ReadAction","target":["https:\/\/www.copealcoy.es\/es\/la-pasion-regreso-el-sabado-a-las-calles-de-cocentaina\/"]}]},{"@type":"ImageObject","inLanguage":"es","@id":"https:\/\/www.copealcoy.es\/es\/la-pasion-regreso-el-sabado-a-las-calles-de-cocentaina\/#primaryimage","url":"https:\/\/www.copealcoy.es\/wp-content\/uploads\/2018\/03\/16-La-Pasi\u00f3n-se-represent\u00f3-el-pasado-s\u00e1bado-en-Cocentaina-Foto-Gabriel-Pascual-e1522247902614.jpg","contentUrl":"https:\/\/www.copealcoy.es\/wp-content\/uploads\/2018\/03\/16-La-Pasi\u00f3n-se-represent\u00f3-el-pasado-s\u00e1bado-en-Cocentaina-Foto-Gabriel-Pascual-e1522247902614.jpg","width":960,"height":508,"caption":"La representaci\u00f3n de La Pasi\u00f3n recorri\u00f3 las calles de Cocentaina el s\u00e1bado \/ Foto: Gabriel Pascual"},{"@type":"BreadcrumbList","@id":"https:\/\/www.copealcoy.es\/es\/la-pasion-regreso-el-sabado-a-las-calles-de-cocentaina\/#breadcrumb","itemListElement":[{"@type":"ListItem","position":1,"name":"Portada","item":"https:\/\/www.copealcoy.es\/es\/"},{"@type":"ListItem","position":2,"name":"La Pasi\u00f3n regres\u00f3 el s\u00e1bado a las calles de Cocentaina"}]},{"@type":"WebSite","@id":"https:\/\/www.copealcoy.es\/es\/#website","url":"https:\/\/www.copealcoy.es\/es\/","name":"COPE Alcoy","description":"Emisora COPE de radio local con emisi\u00f3n online. Pont de Sant Jordi 8-10 03803 Alcoy","potentialAction":[{"@type":"SearchAction","target":{"@type":"EntryPoint","urlTemplate":"https:\/\/www.copealcoy.es\/es\/?s={search_term_string}"},"query-input":{"@type":"PropertyValueSpecification","valueRequired":true,"valueName":"search_term_string"}}],"inLanguage":"es"},{"@type":"Person","@id":"https:\/\/www.copealcoy.es\/es\/#\/schema\/person\/e777c87fa024e57d40170af9df39882c","name":"Cope Alcoy","image":{"@type":"ImageObject","inLanguage":"es","@id":"https:\/\/secure.gravatar.com\/avatar\/bb65d0283347e303893ba14f0692005417c1e0e690a325a4c5d8bb2b3943ee14?s=96&d=mm&r=g","url":"https:\/\/secure.gravatar.com\/avatar\/bb65d0283347e303893ba14f0692005417c1e0e690a325a4c5d8bb2b3943ee14?s=96&d=mm&r=g","contentUrl":"https:\/\/secure.gravatar.com\/avatar\/bb65d0283347e303893ba14f0692005417c1e0e690a325a4c5d8bb2b3943ee14?s=96&d=mm&r=g","caption":"Cope Alcoy"}}]}},"_links":{"self":[{"href":"https:\/\/www.copealcoy.es\/es\/wp-json\/wp\/v2\/posts\/40570","targetHints":{"allow":["GET"]}}],"collection":[{"href":"https:\/\/www.copealcoy.es\/es\/wp-json\/wp\/v2\/posts"}],"about":[{"href":"https:\/\/www.copealcoy.es\/es\/wp-json\/wp\/v2\/types\/post"}],"author":[{"embeddable":true,"href":"https:\/\/www.copealcoy.es\/es\/wp-json\/wp\/v2\/users\/1"}],"replies":[{"embeddable":true,"href":"https:\/\/www.copealcoy.es\/es\/wp-json\/wp\/v2\/comments?post=40570"}],"version-history":[{"count":0,"href":"https:\/\/www.copealcoy.es\/es\/wp-json\/wp\/v2\/posts\/40570\/revisions"}],"wp:featuredmedia":[{"embeddable":true,"href":"https:\/\/www.copealcoy.es\/es\/wp-json\/wp\/v2\/media\/40571"}],"wp:attachment":[{"href":"https:\/\/www.copealcoy.es\/es\/wp-json\/wp\/v2\/media?parent=40570"}],"wp:term":[{"taxonomy":"category","embeddable":true,"href":"https:\/\/www.copealcoy.es\/es\/wp-json\/wp\/v2\/categories?post=40570"},{"taxonomy":"post_tag","embeddable":true,"href":"https:\/\/www.copealcoy.es\/es\/wp-json\/wp\/v2\/tags?post=40570"}],"curies":[{"name":"wp","href":"https:\/\/api.w.org\/{rel}","templated":true}]}}