{"id":40496,"date":"2018-03-26T14:10:49","date_gmt":"2018-03-26T14:10:49","guid":{"rendered":"http:\/\/copealcoi.es\/new\/?p=40496"},"modified":"2018-03-26T14:12:39","modified_gmt":"2018-03-26T14:12:39","slug":"la-procesion-de-la-dolorosa-culmina-el-domingo-de-ramos-en-cocentaina","status":"publish","type":"post","link":"https:\/\/www.copealcoy.es\/es\/la-procesion-de-la-dolorosa-culmina-el-domingo-de-ramos-en-cocentaina\/","title":{"rendered":"La procesi\u00f3n de La Dolorosa culmina el Domingo de Ramos en Cocentaina"},"content":{"rendered":"<p style=\"text-align: justify;\">Cocentaina <strong>culmin\u00f3 anoche el Domingo de Ramos<\/strong> con la habitual <strong>procesi\u00f3n de La Dolorosa<\/strong>, un acto que parti\u00f3 pasadas las ocho de la tarde <strong>desde la parroquia del Salvador<\/strong> y que <strong>transcurri\u00f3 con normalidad<\/strong> tras la fina lluvia que cay\u00f3 a media tarde.<\/p>\n<p style=\"text-align: justify;\">La citada procesi\u00f3n <strong>discurri\u00f3<\/strong> por las calles del Raval, las inmediaciones del Convento de los Franciscanos y la ronda sur, la zona del Ferrocarril, el Passeig del Comtat, la calle San Francisco y la calle del Horno. En la misma <strong>participaron numerosos fieles as\u00ed como penitentes<\/strong> ataviados con las t\u00fanicas de tonos morados y amarillos que identifican a esta cofrad\u00eda contestana. Tras la imagen de <strong>la Virgen de los Dolores<\/strong>, portada en andas sobre ruedas y bajo palio, tomaron parte en la comitiva\u00a0los componentes de <strong>la Junta de la Dolorosa<\/strong> acompa\u00f1ados por el p\u00e1rroco del Salvador, <strong>Don Ram\u00f3n Mic\u00f3<\/strong>.<\/p>\n<p style=\"text-align: justify;\">Los actos de la Semana Santa de Cocentaina siguen esta tarde con <strong>el triduo al Nazareno<\/strong> que se llevar\u00e1 a cabo en el Monasterio de la Mare de D\u00e9u del Miracle hasta el Mi\u00e9rcoles Santo a partir de las seis y media de la tarde. Tambi\u00e9n este Lunes Santo, a las 20:15, <strong>la cofrad\u00eda\u00a0Jes\u00fas del Huerto realizar\u00e1 la Oraci\u00f3n de Getseman\u00ed<\/strong> en el Convento de los Padres Franciscanos.<\/p>\n","protected":false},"excerpt":{"rendered":"<p>Cocentaina culmin\u00f3 anoche el Domingo de Ramos con la habitual procesi\u00f3n de La Dolorosa, un acto que parti\u00f3 pasadas las&#8230;<\/p>\n","protected":false},"author":1,"featured_media":40497,"comment_status":"open","ping_status":"open","sticky":false,"template":"","format":"standard","meta":{"footnotes":""},"categories":[98,75],"tags":[132,237,2029,917,745],"class_list":["post-40496","post","type-post","status-publish","format-standard","has-post-thumbnail","hentry","category-comarcas","category-noticias","tag-cocentaina","tag-comtat","tag-dolorosa","tag-procesion","tag-semana-santa"],"yoast_head":"<!-- This site is optimized with the Yoast SEO plugin v27.3 - https:\/\/yoast.com\/product\/yoast-seo-wordpress\/ -->\n<title>La procesi\u00f3n de La Dolorosa culmina el Domingo de Ramos en Cocentaina - COPE Alcoy<\/title>\n<meta name=\"robots\" content=\"index, follow, max-snippet:-1, max-image-preview:large, max-video-preview:-1\" \/>\n<link rel=\"canonical\" href=\"https:\/\/www.copealcoy.es\/es\/la-procesion-de-la-dolorosa-culmina-el-domingo-de-ramos-en-cocentaina\/\" \/>\n<meta property=\"og:locale\" content=\"es_ES\" \/>\n<meta property=\"og:type\" content=\"article\" \/>\n<meta property=\"og:title\" content=\"La procesi\u00f3n de La Dolorosa culmina el Domingo de Ramos en Cocentaina - COPE Alcoy\" \/>\n<meta property=\"og:description\" content=\"Cocentaina culmin\u00f3 anoche el Domingo de Ramos con la habitual procesi\u00f3n de La Dolorosa, un acto que parti\u00f3 pasadas las...\" \/>\n<meta property=\"og:url\" content=\"https:\/\/www.copealcoy.es\/es\/la-procesion-de-la-dolorosa-culmina-el-domingo-de-ramos-en-cocentaina\/\" \/>\n<meta property=\"og:site_name\" content=\"COPE Alcoy\" \/>\n<meta property=\"article:published_time\" content=\"2018-03-26T14:10:49+00:00\" \/>\n<meta property=\"article:modified_time\" content=\"2018-03-26T14:12:39+00:00\" \/>\n<meta property=\"og:image\" content=\"https:\/\/www.copealcoy.es\/wp-content\/uploads\/2018\/03\/29542481_1988933648025647_1908605112489815112_n-e1522073400165.jpg\" \/>\n\t<meta property=\"og:image:width\" content=\"960\" \/>\n\t<meta property=\"og:image:height\" content=\"595\" \/>\n\t<meta property=\"og:image:type\" content=\"image\/jpeg\" \/>\n<meta name=\"author\" content=\"Cope Alcoy\" \/>\n<meta name=\"twitter:label1\" content=\"Escrito por\" \/>\n\t<meta name=\"twitter:data1\" content=\"Cope Alcoy\" \/>\n\t<meta name=\"twitter:label2\" content=\"Tiempo de lectura\" \/>\n\t<meta name=\"twitter:data2\" content=\"1 minuto\" \/>\n<script type=\"application\/ld+json\" class=\"yoast-schema-graph\">{\"@context\":\"https:\\\/\\\/schema.org\",\"@graph\":[{\"@type\":\"Article\",\"@id\":\"https:\\\/\\\/www.copealcoy.es\\\/es\\\/la-procesion-de-la-dolorosa-culmina-el-domingo-de-ramos-en-cocentaina\\\/#article\",\"isPartOf\":{\"@id\":\"https:\\\/\\\/www.copealcoy.es\\\/es\\\/la-procesion-de-la-dolorosa-culmina-el-domingo-de-ramos-en-cocentaina\\\/\"},\"author\":{\"name\":\"Cope Alcoy\",\"@id\":\"https:\\\/\\\/www.copealcoy.es\\\/es\\\/#\\\/schema\\\/person\\\/e777c87fa024e57d40170af9df39882c\"},\"headline\":\"La procesi\u00f3n de La Dolorosa culmina el Domingo de Ramos en Cocentaina\",\"datePublished\":\"2018-03-26T14:10:49+00:00\",\"dateModified\":\"2018-03-26T14:12:39+00:00\",\"mainEntityOfPage\":{\"@id\":\"https:\\\/\\\/www.copealcoy.es\\\/es\\\/la-procesion-de-la-dolorosa-culmina-el-domingo-de-ramos-en-cocentaina\\\/\"},\"wordCount\":237,\"commentCount\":0,\"image\":{\"@id\":\"https:\\\/\\\/www.copealcoy.es\\\/es\\\/la-procesion-de-la-dolorosa-culmina-el-domingo-de-ramos-en-cocentaina\\\/#primaryimage\"},\"thumbnailUrl\":\"https:\\\/\\\/www.copealcoy.es\\\/wp-content\\\/uploads\\\/2018\\\/03\\\/29542481_1988933648025647_1908605112489815112_n-e1522073400165.jpg\",\"keywords\":[\"Cocentaina\",\"Comtat\",\"Dolorosa\",\"Procesi\u00f3n\",\"Semana Santa\"],\"articleSection\":[\"Comarcas\",\"Noticias\"],\"inLanguage\":\"es\"},{\"@type\":\"WebPage\",\"@id\":\"https:\\\/\\\/www.copealcoy.es\\\/es\\\/la-procesion-de-la-dolorosa-culmina-el-domingo-de-ramos-en-cocentaina\\\/\",\"url\":\"https:\\\/\\\/www.copealcoy.es\\\/es\\\/la-procesion-de-la-dolorosa-culmina-el-domingo-de-ramos-en-cocentaina\\\/\",\"name\":\"La procesi\u00f3n de La Dolorosa culmina el Domingo de Ramos en Cocentaina - COPE Alcoy\",\"isPartOf\":{\"@id\":\"https:\\\/\\\/www.copealcoy.es\\\/es\\\/#website\"},\"primaryImageOfPage\":{\"@id\":\"https:\\\/\\\/www.copealcoy.es\\\/es\\\/la-procesion-de-la-dolorosa-culmina-el-domingo-de-ramos-en-cocentaina\\\/#primaryimage\"},\"image\":{\"@id\":\"https:\\\/\\\/www.copealcoy.es\\\/es\\\/la-procesion-de-la-dolorosa-culmina-el-domingo-de-ramos-en-cocentaina\\\/#primaryimage\"},\"thumbnailUrl\":\"https:\\\/\\\/www.copealcoy.es\\\/wp-content\\\/uploads\\\/2018\\\/03\\\/29542481_1988933648025647_1908605112489815112_n-e1522073400165.jpg\",\"datePublished\":\"2018-03-26T14:10:49+00:00\",\"dateModified\":\"2018-03-26T14:12:39+00:00\",\"author\":{\"@id\":\"https:\\\/\\\/www.copealcoy.es\\\/es\\\/#\\\/schema\\\/person\\\/e777c87fa024e57d40170af9df39882c\"},\"breadcrumb\":{\"@id\":\"https:\\\/\\\/www.copealcoy.es\\\/es\\\/la-procesion-de-la-dolorosa-culmina-el-domingo-de-ramos-en-cocentaina\\\/#breadcrumb\"},\"inLanguage\":\"es\",\"potentialAction\":[{\"@type\":\"ReadAction\",\"target\":[\"https:\\\/\\\/www.copealcoy.es\\\/es\\\/la-procesion-de-la-dolorosa-culmina-el-domingo-de-ramos-en-cocentaina\\\/\"]}]},{\"@type\":\"ImageObject\",\"inLanguage\":\"es\",\"@id\":\"https:\\\/\\\/www.copealcoy.es\\\/es\\\/la-procesion-de-la-dolorosa-culmina-el-domingo-de-ramos-en-cocentaina\\\/#primaryimage\",\"url\":\"https:\\\/\\\/www.copealcoy.es\\\/wp-content\\\/uploads\\\/2018\\\/03\\\/29542481_1988933648025647_1908605112489815112_n-e1522073400165.jpg\",\"contentUrl\":\"https:\\\/\\\/www.copealcoy.es\\\/wp-content\\\/uploads\\\/2018\\\/03\\\/29542481_1988933648025647_1908605112489815112_n-e1522073400165.jpg\",\"width\":960,\"height\":595,\"caption\":\"La procesi\u00f3n recorri\u00f3 algunas calles de Cocentaina ayer por la noche \\\/ Foto: parroquia del Salvador\"},{\"@type\":\"BreadcrumbList\",\"@id\":\"https:\\\/\\\/www.copealcoy.es\\\/es\\\/la-procesion-de-la-dolorosa-culmina-el-domingo-de-ramos-en-cocentaina\\\/#breadcrumb\",\"itemListElement\":[{\"@type\":\"ListItem\",\"position\":1,\"name\":\"Portada\",\"item\":\"https:\\\/\\\/www.copealcoy.es\\\/es\\\/\"},{\"@type\":\"ListItem\",\"position\":2,\"name\":\"La procesi\u00f3n de La Dolorosa culmina el Domingo de Ramos en Cocentaina\"}]},{\"@type\":\"WebSite\",\"@id\":\"https:\\\/\\\/www.copealcoy.es\\\/es\\\/#website\",\"url\":\"https:\\\/\\\/www.copealcoy.es\\\/es\\\/\",\"name\":\"COPE Alcoy\",\"description\":\"Emisora COPE de radio local con emisi\u00f3n online. Pont de Sant Jordi 8-10 03803 Alcoy\",\"potentialAction\":[{\"@type\":\"SearchAction\",\"target\":{\"@type\":\"EntryPoint\",\"urlTemplate\":\"https:\\\/\\\/www.copealcoy.es\\\/es\\\/?s={search_term_string}\"},\"query-input\":{\"@type\":\"PropertyValueSpecification\",\"valueRequired\":true,\"valueName\":\"search_term_string\"}}],\"inLanguage\":\"es\"},{\"@type\":\"Person\",\"@id\":\"https:\\\/\\\/www.copealcoy.es\\\/es\\\/#\\\/schema\\\/person\\\/e777c87fa024e57d40170af9df39882c\",\"name\":\"Cope Alcoy\",\"image\":{\"@type\":\"ImageObject\",\"inLanguage\":\"es\",\"@id\":\"https:\\\/\\\/secure.gravatar.com\\\/avatar\\\/bb65d0283347e303893ba14f0692005417c1e0e690a325a4c5d8bb2b3943ee14?s=96&d=mm&r=g\",\"url\":\"https:\\\/\\\/secure.gravatar.com\\\/avatar\\\/bb65d0283347e303893ba14f0692005417c1e0e690a325a4c5d8bb2b3943ee14?s=96&d=mm&r=g\",\"contentUrl\":\"https:\\\/\\\/secure.gravatar.com\\\/avatar\\\/bb65d0283347e303893ba14f0692005417c1e0e690a325a4c5d8bb2b3943ee14?s=96&d=mm&r=g\",\"caption\":\"Cope Alcoy\"}}]}<\/script>\n<!-- \/ Yoast SEO plugin. -->","yoast_head_json":{"title":"La procesi\u00f3n de La Dolorosa culmina el Domingo de Ramos en Cocentaina - COPE Alcoy","robots":{"index":"index","follow":"follow","max-snippet":"max-snippet:-1","max-image-preview":"max-image-preview:large","max-video-preview":"max-video-preview:-1"},"canonical":"https:\/\/www.copealcoy.es\/es\/la-procesion-de-la-dolorosa-culmina-el-domingo-de-ramos-en-cocentaina\/","og_locale":"es_ES","og_type":"article","og_title":"La procesi\u00f3n de La Dolorosa culmina el Domingo de Ramos en Cocentaina - COPE Alcoy","og_description":"Cocentaina culmin\u00f3 anoche el Domingo de Ramos con la habitual procesi\u00f3n de La Dolorosa, un acto que parti\u00f3 pasadas las...","og_url":"https:\/\/www.copealcoy.es\/es\/la-procesion-de-la-dolorosa-culmina-el-domingo-de-ramos-en-cocentaina\/","og_site_name":"COPE Alcoy","article_published_time":"2018-03-26T14:10:49+00:00","article_modified_time":"2018-03-26T14:12:39+00:00","og_image":[{"width":960,"height":595,"url":"https:\/\/www.copealcoy.es\/wp-content\/uploads\/2018\/03\/29542481_1988933648025647_1908605112489815112_n-e1522073400165.jpg","type":"image\/jpeg"}],"author":"Cope Alcoy","twitter_misc":{"Escrito por":"Cope Alcoy","Tiempo de lectura":"1 minuto"},"schema":{"@context":"https:\/\/schema.org","@graph":[{"@type":"Article","@id":"https:\/\/www.copealcoy.es\/es\/la-procesion-de-la-dolorosa-culmina-el-domingo-de-ramos-en-cocentaina\/#article","isPartOf":{"@id":"https:\/\/www.copealcoy.es\/es\/la-procesion-de-la-dolorosa-culmina-el-domingo-de-ramos-en-cocentaina\/"},"author":{"name":"Cope Alcoy","@id":"https:\/\/www.copealcoy.es\/es\/#\/schema\/person\/e777c87fa024e57d40170af9df39882c"},"headline":"La procesi\u00f3n de La Dolorosa culmina el Domingo de Ramos en Cocentaina","datePublished":"2018-03-26T14:10:49+00:00","dateModified":"2018-03-26T14:12:39+00:00","mainEntityOfPage":{"@id":"https:\/\/www.copealcoy.es\/es\/la-procesion-de-la-dolorosa-culmina-el-domingo-de-ramos-en-cocentaina\/"},"wordCount":237,"commentCount":0,"image":{"@id":"https:\/\/www.copealcoy.es\/es\/la-procesion-de-la-dolorosa-culmina-el-domingo-de-ramos-en-cocentaina\/#primaryimage"},"thumbnailUrl":"https:\/\/www.copealcoy.es\/wp-content\/uploads\/2018\/03\/29542481_1988933648025647_1908605112489815112_n-e1522073400165.jpg","keywords":["Cocentaina","Comtat","Dolorosa","Procesi\u00f3n","Semana Santa"],"articleSection":["Comarcas","Noticias"],"inLanguage":"es"},{"@type":"WebPage","@id":"https:\/\/www.copealcoy.es\/es\/la-procesion-de-la-dolorosa-culmina-el-domingo-de-ramos-en-cocentaina\/","url":"https:\/\/www.copealcoy.es\/es\/la-procesion-de-la-dolorosa-culmina-el-domingo-de-ramos-en-cocentaina\/","name":"La procesi\u00f3n de La Dolorosa culmina el Domingo de Ramos en Cocentaina - COPE Alcoy","isPartOf":{"@id":"https:\/\/www.copealcoy.es\/es\/#website"},"primaryImageOfPage":{"@id":"https:\/\/www.copealcoy.es\/es\/la-procesion-de-la-dolorosa-culmina-el-domingo-de-ramos-en-cocentaina\/#primaryimage"},"image":{"@id":"https:\/\/www.copealcoy.es\/es\/la-procesion-de-la-dolorosa-culmina-el-domingo-de-ramos-en-cocentaina\/#primaryimage"},"thumbnailUrl":"https:\/\/www.copealcoy.es\/wp-content\/uploads\/2018\/03\/29542481_1988933648025647_1908605112489815112_n-e1522073400165.jpg","datePublished":"2018-03-26T14:10:49+00:00","dateModified":"2018-03-26T14:12:39+00:00","author":{"@id":"https:\/\/www.copealcoy.es\/es\/#\/schema\/person\/e777c87fa024e57d40170af9df39882c"},"breadcrumb":{"@id":"https:\/\/www.copealcoy.es\/es\/la-procesion-de-la-dolorosa-culmina-el-domingo-de-ramos-en-cocentaina\/#breadcrumb"},"inLanguage":"es","potentialAction":[{"@type":"ReadAction","target":["https:\/\/www.copealcoy.es\/es\/la-procesion-de-la-dolorosa-culmina-el-domingo-de-ramos-en-cocentaina\/"]}]},{"@type":"ImageObject","inLanguage":"es","@id":"https:\/\/www.copealcoy.es\/es\/la-procesion-de-la-dolorosa-culmina-el-domingo-de-ramos-en-cocentaina\/#primaryimage","url":"https:\/\/www.copealcoy.es\/wp-content\/uploads\/2018\/03\/29542481_1988933648025647_1908605112489815112_n-e1522073400165.jpg","contentUrl":"https:\/\/www.copealcoy.es\/wp-content\/uploads\/2018\/03\/29542481_1988933648025647_1908605112489815112_n-e1522073400165.jpg","width":960,"height":595,"caption":"La procesi\u00f3n recorri\u00f3 algunas calles de Cocentaina ayer por la noche \/ Foto: parroquia del Salvador"},{"@type":"BreadcrumbList","@id":"https:\/\/www.copealcoy.es\/es\/la-procesion-de-la-dolorosa-culmina-el-domingo-de-ramos-en-cocentaina\/#breadcrumb","itemListElement":[{"@type":"ListItem","position":1,"name":"Portada","item":"https:\/\/www.copealcoy.es\/es\/"},{"@type":"ListItem","position":2,"name":"La procesi\u00f3n de La Dolorosa culmina el Domingo de Ramos en Cocentaina"}]},{"@type":"WebSite","@id":"https:\/\/www.copealcoy.es\/es\/#website","url":"https:\/\/www.copealcoy.es\/es\/","name":"COPE Alcoy","description":"Emisora COPE de radio local con emisi\u00f3n online. Pont de Sant Jordi 8-10 03803 Alcoy","potentialAction":[{"@type":"SearchAction","target":{"@type":"EntryPoint","urlTemplate":"https:\/\/www.copealcoy.es\/es\/?s={search_term_string}"},"query-input":{"@type":"PropertyValueSpecification","valueRequired":true,"valueName":"search_term_string"}}],"inLanguage":"es"},{"@type":"Person","@id":"https:\/\/www.copealcoy.es\/es\/#\/schema\/person\/e777c87fa024e57d40170af9df39882c","name":"Cope Alcoy","image":{"@type":"ImageObject","inLanguage":"es","@id":"https:\/\/secure.gravatar.com\/avatar\/bb65d0283347e303893ba14f0692005417c1e0e690a325a4c5d8bb2b3943ee14?s=96&d=mm&r=g","url":"https:\/\/secure.gravatar.com\/avatar\/bb65d0283347e303893ba14f0692005417c1e0e690a325a4c5d8bb2b3943ee14?s=96&d=mm&r=g","contentUrl":"https:\/\/secure.gravatar.com\/avatar\/bb65d0283347e303893ba14f0692005417c1e0e690a325a4c5d8bb2b3943ee14?s=96&d=mm&r=g","caption":"Cope Alcoy"}}]}},"_links":{"self":[{"href":"https:\/\/www.copealcoy.es\/es\/wp-json\/wp\/v2\/posts\/40496","targetHints":{"allow":["GET"]}}],"collection":[{"href":"https:\/\/www.copealcoy.es\/es\/wp-json\/wp\/v2\/posts"}],"about":[{"href":"https:\/\/www.copealcoy.es\/es\/wp-json\/wp\/v2\/types\/post"}],"author":[{"embeddable":true,"href":"https:\/\/www.copealcoy.es\/es\/wp-json\/wp\/v2\/users\/1"}],"replies":[{"embeddable":true,"href":"https:\/\/www.copealcoy.es\/es\/wp-json\/wp\/v2\/comments?post=40496"}],"version-history":[{"count":0,"href":"https:\/\/www.copealcoy.es\/es\/wp-json\/wp\/v2\/posts\/40496\/revisions"}],"wp:featuredmedia":[{"embeddable":true,"href":"https:\/\/www.copealcoy.es\/es\/wp-json\/wp\/v2\/media\/40497"}],"wp:attachment":[{"href":"https:\/\/www.copealcoy.es\/es\/wp-json\/wp\/v2\/media?parent=40496"}],"wp:term":[{"taxonomy":"category","embeddable":true,"href":"https:\/\/www.copealcoy.es\/es\/wp-json\/wp\/v2\/categories?post=40496"},{"taxonomy":"post_tag","embeddable":true,"href":"https:\/\/www.copealcoy.es\/es\/wp-json\/wp\/v2\/tags?post=40496"}],"curies":[{"name":"wp","href":"https:\/\/api.w.org\/{rel}","templated":true}]}}