{"id":40427,"date":"2018-03-23T20:09:32","date_gmt":"2018-03-23T20:09:32","guid":{"rendered":"http:\/\/copealcoi.es\/new\/?p=40427"},"modified":"2018-03-23T20:14:16","modified_gmt":"2018-03-23T20:14:16","slug":"alcoy-y-el-conjunto-de-la-comarca-viven-el-inicio-de-la-semana-santa","status":"publish","type":"post","link":"https:\/\/www.copealcoy.es\/es\/alcoy-y-el-conjunto-de-la-comarca-viven-el-inicio-de-la-semana-santa\/","title":{"rendered":"Alcoy y el conjunto de la comarca viven el inicio de la Semana Santa"},"content":{"rendered":"<p style=\"text-align: justify;\">Alcoy inicia este fin de semana <strong>los actos centrales de la Semana Santa<\/strong> con las celebraciones del<strong> Domingo de Ramos<\/strong>. En la jornada del 25 de marzo <strong>tendr\u00e1n lugar las bendiciones de ramos y palmas en los diferentes templos<\/strong> de la ciudad mientras que a las 11:15 <strong>saldr\u00e1 el paso de &#8216;La Burreta&#8217;<\/strong> desde la parroquia de San Vicente y San Antonio para ser trasladado hasta La Glorieta. All\u00ed se efectuar\u00e1 <strong>la bendici\u00f3n de las palmas con car\u00e1cter interparroquial<\/strong> y seguidamente se llevar\u00e1 a cabo <strong>la procesi\u00f3n de la &#8216;Entrada de Jes\u00fas en Jerusal\u00e9n&#8217;<\/strong> por la calle San Nicol\u00e1s y la Plaza de Espa\u00f1a hasta concluir en la parroquia de Santa Mar\u00eda. Finalmente en el interior de este \u00faltimo templo <strong>se oficiar\u00e1 la misa solemne<\/strong> a partir de las doce y media del mediod\u00eda.\u00a0Por la tarde, sobre las ocho y media, <strong>tendr\u00e1 lugar la procesi\u00f3n del La Despedida entre La Dolorosa y el Nazareno<\/strong>, un instante que se producir\u00e1 en el \u2018Cant\u00f3 Piny\u00f3\u2019 &#8220;<em>es un acto muy emotivo y lleno de solemnidad. La Virgen bajar\u00e1 desde San Mauro por la calle San Nicol\u00e1s y el Nazareno saldr\u00e1 desde su capilla en la calle Mayor para ascender hac\u00eda la Bandeja. El momento m\u00e1s destacado es cuando ambas im\u00e1genes se encuentran y se hacen las correspondientes reverencias. Este a\u00f1o hemos preparado alguna que otra sorpresa as\u00ed que animamos a todos a venir<\/em>&#8220;, explicaba en el espacio #LaNostraFesta de COPE ALCOY <strong>Paco Gisbert<\/strong>, representante del Gremio de Labradores.<\/p>\n<p style=\"text-align: justify;\"><b>Numerosos actos tambi\u00e9n en el Comtat y L\u00b4Alcoi\u00e0\u00a0<\/b><\/p>\n<p style=\"text-align: justify;\">En <strong>Cocentaina<\/strong> las actividades propias de la Semana Santa comenzar\u00e1n oficialmente esta tarde con <strong>la representaci\u00f3n de La Pasi\u00f3n<\/strong> por las calles del casco antiguo. Esta obra viviente, que cuenta con la implicaci\u00f3n de unas doscientas personas, <strong>partir\u00e1 sobre las ocho de la tarde desde el Pla de la Font<\/strong> con la puesta en escena de<strong> la Entrada de Jes\u00fas en Jerusal\u00e9n<\/strong>. A continuaci\u00f3n se podr\u00e1 ver <strong>la \u00daltima Cena<\/strong> a las puertas de la iglesia de Santa Mar\u00eda y seguidamente en El Pla se llevar\u00e1 a cabo <strong>la Oraci\u00f3n en el Huerto de Getseman\u00ed<\/strong>. Posteriormente en el interior del patio del Palau Comtal, con sus caracter\u00edsticas arcadas de fondo, se recrear\u00e1 <strong>el Juicio ante Pilatos<\/strong>. Finalmente se recordar\u00e1 <strong>la Crucifixi\u00f3n<\/strong> en lo alto de la calle Sant\u00edsima Trinidad, un enclave situado a los pies de la Serra de Mariola. El <strong>Domingo de Ramos<\/strong> la <strong>bendici\u00f3n de las palmas<\/strong> se realizar\u00e1 en el Convento de los Franciscanos a las once de la ma\u00f1ana y tras esta s<strong>e iniciar\u00e1 la procesi\u00f3n hasta El Pla<\/strong> donde tendr\u00e1 lugar <strong>la misa de campa\u00f1a<\/strong> \u201c<em>si llueve se ha planteado como opci\u00f3n realizar los actos en el interior de la iglesia de Santa Mar\u00eda ya que el templo permite que haya mayor n\u00famero de personas<\/em>\u201d, explica <strong>Rafael Sala<\/strong>, presidente de la Cofrad\u00eda del Ecce Homo y entidad encargada de coordinar este a\u00f1o la Junta Central de Cofrad\u00edas. Por la noche, a partir de las ocho, est\u00e1 prevista <strong>la procesi\u00f3n de La Dolorosa<\/strong> desde la iglesia del Salvador.<\/p>\n<p style=\"text-align: justify;\">Por su parte en <strong>Muro<\/strong> la <strong>bendici\u00f3n de las palmas<\/strong> ser\u00e1 a las once y media de la ma\u00f1ana <strong>a las puertas de la Ermita de la Virgen<\/strong> y desde all\u00ed se iniciar\u00e1 la procesi\u00f3n. En esta, como es tradici\u00f3n, <strong>participar\u00e1n los ni\u00f1os de Primera Comuni\u00f3n acompa\u00f1ados de sus familiares<\/strong> \u201c<em>ellos son los encargados de llevar la cruz hasta la parroquia de San Juan Bautista, lugar donde despu\u00e9s se oficiar\u00e1 la misa que destaca todos los a\u00f1os por la asistencia numerosa de fieles <\/em>\u201d, comenta <strong>Fran Catal\u00e1<\/strong>, Presidente de la Junta de Hermandades de la Semana Santa murera.<\/p>\n<p style=\"text-align: justify;\">El mismo ritual <strong>se repetir\u00e1 tambi\u00e9n en otras poblaciones de la comarca<\/strong> como por ejemplo Banyeres, Ibi, Agres, Benilloba, Planes o Beniarr\u00e9s.<\/p>\n","protected":false},"excerpt":{"rendered":"<p>Alcoy inicia este fin de semana los actos centrales de la Semana Santa con las celebraciones del Domingo de Ramos&#8230;.<\/p>\n","protected":false},"author":1,"featured_media":11713,"comment_status":"open","ping_status":"open","sticky":false,"template":"","format":"standard","meta":{"footnotes":""},"categories":[97,75,125],"tags":[482,1494,237,889,878,745,447],"class_list":["post-40427","post","type-post","status-publish","format-standard","has-post-thumbnail","hentry","category-alcoy","category-noticias","category-portada","tag-alcoia","tag-alcoy","tag-comtat","tag-domingo-de-ramos","tag-pasion","tag-semana-santa","tag-tradiciones"],"yoast_head":"<!-- This site is optimized with the Yoast SEO plugin v27.3 - https:\/\/yoast.com\/product\/yoast-seo-wordpress\/ -->\n<title>Alcoy y el conjunto de la comarca viven el inicio de la Semana Santa - COPE Alcoy<\/title>\n<meta name=\"robots\" content=\"index, follow, max-snippet:-1, max-image-preview:large, max-video-preview:-1\" \/>\n<link rel=\"canonical\" href=\"https:\/\/www.copealcoy.es\/es\/alcoy-y-el-conjunto-de-la-comarca-viven-el-inicio-de-la-semana-santa\/\" \/>\n<meta property=\"og:locale\" content=\"es_ES\" \/>\n<meta property=\"og:type\" content=\"article\" \/>\n<meta property=\"og:title\" content=\"Alcoy y el conjunto de la comarca viven el inicio de la Semana Santa - COPE Alcoy\" \/>\n<meta property=\"og:description\" content=\"Alcoy inicia este fin de semana los actos centrales de la Semana Santa con las celebraciones del Domingo de Ramos....\" \/>\n<meta property=\"og:url\" content=\"https:\/\/www.copealcoy.es\/es\/alcoy-y-el-conjunto-de-la-comarca-viven-el-inicio-de-la-semana-santa\/\" \/>\n<meta property=\"og:site_name\" content=\"COPE Alcoy\" \/>\n<meta property=\"article:published_time\" content=\"2018-03-23T20:09:32+00:00\" \/>\n<meta property=\"article:modified_time\" content=\"2018-03-23T20:14:16+00:00\" \/>\n<meta property=\"og:image\" content=\"https:\/\/www.copealcoy.es\/wp-content\/uploads\/2015\/03\/image78.jpg\" \/>\n\t<meta property=\"og:image:width\" content=\"640\" \/>\n\t<meta property=\"og:image:height\" content=\"480\" \/>\n\t<meta property=\"og:image:type\" content=\"image\/jpeg\" \/>\n<meta name=\"author\" content=\"Cope Alcoy\" \/>\n<meta name=\"twitter:label1\" content=\"Escrito por\" \/>\n\t<meta name=\"twitter:data1\" content=\"Cope Alcoy\" \/>\n\t<meta name=\"twitter:label2\" content=\"Tiempo de lectura\" \/>\n\t<meta name=\"twitter:data2\" content=\"3 minutos\" \/>\n<script type=\"application\/ld+json\" class=\"yoast-schema-graph\">{\"@context\":\"https:\\\/\\\/schema.org\",\"@graph\":[{\"@type\":\"Article\",\"@id\":\"https:\\\/\\\/www.copealcoy.es\\\/es\\\/alcoy-y-el-conjunto-de-la-comarca-viven-el-inicio-de-la-semana-santa\\\/#article\",\"isPartOf\":{\"@id\":\"https:\\\/\\\/www.copealcoy.es\\\/es\\\/alcoy-y-el-conjunto-de-la-comarca-viven-el-inicio-de-la-semana-santa\\\/\"},\"author\":{\"name\":\"Cope Alcoy\",\"@id\":\"https:\\\/\\\/www.copealcoy.es\\\/es\\\/#\\\/schema\\\/person\\\/e777c87fa024e57d40170af9df39882c\"},\"headline\":\"Alcoy y el conjunto de la comarca viven el inicio de la Semana Santa\",\"datePublished\":\"2018-03-23T20:09:32+00:00\",\"dateModified\":\"2018-03-23T20:14:16+00:00\",\"mainEntityOfPage\":{\"@id\":\"https:\\\/\\\/www.copealcoy.es\\\/es\\\/alcoy-y-el-conjunto-de-la-comarca-viven-el-inicio-de-la-semana-santa\\\/\"},\"wordCount\":690,\"commentCount\":0,\"image\":{\"@id\":\"https:\\\/\\\/www.copealcoy.es\\\/es\\\/alcoy-y-el-conjunto-de-la-comarca-viven-el-inicio-de-la-semana-santa\\\/#primaryimage\"},\"thumbnailUrl\":\"https:\\\/\\\/www.copealcoy.es\\\/wp-content\\\/uploads\\\/2015\\\/03\\\/image78.jpg\",\"keywords\":[\"Alcoi\u00e0\",\"Alcoy\",\"Comtat\",\"Domingo de Ramos\",\"Pasi\u00f3n\",\"Semana Santa\",\"Tradiciones\"],\"articleSection\":[\"Alcoy\",\"Noticias\",\"Portada\"],\"inLanguage\":\"es\"},{\"@type\":\"WebPage\",\"@id\":\"https:\\\/\\\/www.copealcoy.es\\\/es\\\/alcoy-y-el-conjunto-de-la-comarca-viven-el-inicio-de-la-semana-santa\\\/\",\"url\":\"https:\\\/\\\/www.copealcoy.es\\\/es\\\/alcoy-y-el-conjunto-de-la-comarca-viven-el-inicio-de-la-semana-santa\\\/\",\"name\":\"Alcoy y el conjunto de la comarca viven el inicio de la Semana Santa - COPE Alcoy\",\"isPartOf\":{\"@id\":\"https:\\\/\\\/www.copealcoy.es\\\/es\\\/#website\"},\"primaryImageOfPage\":{\"@id\":\"https:\\\/\\\/www.copealcoy.es\\\/es\\\/alcoy-y-el-conjunto-de-la-comarca-viven-el-inicio-de-la-semana-santa\\\/#primaryimage\"},\"image\":{\"@id\":\"https:\\\/\\\/www.copealcoy.es\\\/es\\\/alcoy-y-el-conjunto-de-la-comarca-viven-el-inicio-de-la-semana-santa\\\/#primaryimage\"},\"thumbnailUrl\":\"https:\\\/\\\/www.copealcoy.es\\\/wp-content\\\/uploads\\\/2015\\\/03\\\/image78.jpg\",\"datePublished\":\"2018-03-23T20:09:32+00:00\",\"dateModified\":\"2018-03-23T20:14:16+00:00\",\"author\":{\"@id\":\"https:\\\/\\\/www.copealcoy.es\\\/es\\\/#\\\/schema\\\/person\\\/e777c87fa024e57d40170af9df39882c\"},\"breadcrumb\":{\"@id\":\"https:\\\/\\\/www.copealcoy.es\\\/es\\\/alcoy-y-el-conjunto-de-la-comarca-viven-el-inicio-de-la-semana-santa\\\/#breadcrumb\"},\"inLanguage\":\"es\",\"potentialAction\":[{\"@type\":\"ReadAction\",\"target\":[\"https:\\\/\\\/www.copealcoy.es\\\/es\\\/alcoy-y-el-conjunto-de-la-comarca-viven-el-inicio-de-la-semana-santa\\\/\"]}]},{\"@type\":\"ImageObject\",\"inLanguage\":\"es\",\"@id\":\"https:\\\/\\\/www.copealcoy.es\\\/es\\\/alcoy-y-el-conjunto-de-la-comarca-viven-el-inicio-de-la-semana-santa\\\/#primaryimage\",\"url\":\"https:\\\/\\\/www.copealcoy.es\\\/wp-content\\\/uploads\\\/2015\\\/03\\\/image78.jpg\",\"contentUrl\":\"https:\\\/\\\/www.copealcoy.es\\\/wp-content\\\/uploads\\\/2015\\\/03\\\/image78.jpg\",\"width\":640,\"height\":480,\"caption\":\"La Pasi\u00f3n es uno de los actos consolidados en la Semana Santa contestana\"},{\"@type\":\"BreadcrumbList\",\"@id\":\"https:\\\/\\\/www.copealcoy.es\\\/es\\\/alcoy-y-el-conjunto-de-la-comarca-viven-el-inicio-de-la-semana-santa\\\/#breadcrumb\",\"itemListElement\":[{\"@type\":\"ListItem\",\"position\":1,\"name\":\"Portada\",\"item\":\"https:\\\/\\\/www.copealcoy.es\\\/es\\\/\"},{\"@type\":\"ListItem\",\"position\":2,\"name\":\"Alcoy y el conjunto de la comarca viven el inicio de la Semana Santa\"}]},{\"@type\":\"WebSite\",\"@id\":\"https:\\\/\\\/www.copealcoy.es\\\/es\\\/#website\",\"url\":\"https:\\\/\\\/www.copealcoy.es\\\/es\\\/\",\"name\":\"COPE Alcoy\",\"description\":\"Emisora COPE de radio local con emisi\u00f3n online. Pont de Sant Jordi 8-10 03803 Alcoy\",\"potentialAction\":[{\"@type\":\"SearchAction\",\"target\":{\"@type\":\"EntryPoint\",\"urlTemplate\":\"https:\\\/\\\/www.copealcoy.es\\\/es\\\/?s={search_term_string}\"},\"query-input\":{\"@type\":\"PropertyValueSpecification\",\"valueRequired\":true,\"valueName\":\"search_term_string\"}}],\"inLanguage\":\"es\"},{\"@type\":\"Person\",\"@id\":\"https:\\\/\\\/www.copealcoy.es\\\/es\\\/#\\\/schema\\\/person\\\/e777c87fa024e57d40170af9df39882c\",\"name\":\"Cope Alcoy\",\"image\":{\"@type\":\"ImageObject\",\"inLanguage\":\"es\",\"@id\":\"https:\\\/\\\/secure.gravatar.com\\\/avatar\\\/bb65d0283347e303893ba14f0692005417c1e0e690a325a4c5d8bb2b3943ee14?s=96&d=mm&r=g\",\"url\":\"https:\\\/\\\/secure.gravatar.com\\\/avatar\\\/bb65d0283347e303893ba14f0692005417c1e0e690a325a4c5d8bb2b3943ee14?s=96&d=mm&r=g\",\"contentUrl\":\"https:\\\/\\\/secure.gravatar.com\\\/avatar\\\/bb65d0283347e303893ba14f0692005417c1e0e690a325a4c5d8bb2b3943ee14?s=96&d=mm&r=g\",\"caption\":\"Cope Alcoy\"}}]}<\/script>\n<!-- \/ Yoast SEO plugin. -->","yoast_head_json":{"title":"Alcoy y el conjunto de la comarca viven el inicio de la Semana Santa - COPE Alcoy","robots":{"index":"index","follow":"follow","max-snippet":"max-snippet:-1","max-image-preview":"max-image-preview:large","max-video-preview":"max-video-preview:-1"},"canonical":"https:\/\/www.copealcoy.es\/es\/alcoy-y-el-conjunto-de-la-comarca-viven-el-inicio-de-la-semana-santa\/","og_locale":"es_ES","og_type":"article","og_title":"Alcoy y el conjunto de la comarca viven el inicio de la Semana Santa - COPE Alcoy","og_description":"Alcoy inicia este fin de semana los actos centrales de la Semana Santa con las celebraciones del Domingo de Ramos....","og_url":"https:\/\/www.copealcoy.es\/es\/alcoy-y-el-conjunto-de-la-comarca-viven-el-inicio-de-la-semana-santa\/","og_site_name":"COPE Alcoy","article_published_time":"2018-03-23T20:09:32+00:00","article_modified_time":"2018-03-23T20:14:16+00:00","og_image":[{"width":640,"height":480,"url":"https:\/\/www.copealcoy.es\/wp-content\/uploads\/2015\/03\/image78.jpg","type":"image\/jpeg"}],"author":"Cope Alcoy","twitter_misc":{"Escrito por":"Cope Alcoy","Tiempo de lectura":"3 minutos"},"schema":{"@context":"https:\/\/schema.org","@graph":[{"@type":"Article","@id":"https:\/\/www.copealcoy.es\/es\/alcoy-y-el-conjunto-de-la-comarca-viven-el-inicio-de-la-semana-santa\/#article","isPartOf":{"@id":"https:\/\/www.copealcoy.es\/es\/alcoy-y-el-conjunto-de-la-comarca-viven-el-inicio-de-la-semana-santa\/"},"author":{"name":"Cope Alcoy","@id":"https:\/\/www.copealcoy.es\/es\/#\/schema\/person\/e777c87fa024e57d40170af9df39882c"},"headline":"Alcoy y el conjunto de la comarca viven el inicio de la Semana Santa","datePublished":"2018-03-23T20:09:32+00:00","dateModified":"2018-03-23T20:14:16+00:00","mainEntityOfPage":{"@id":"https:\/\/www.copealcoy.es\/es\/alcoy-y-el-conjunto-de-la-comarca-viven-el-inicio-de-la-semana-santa\/"},"wordCount":690,"commentCount":0,"image":{"@id":"https:\/\/www.copealcoy.es\/es\/alcoy-y-el-conjunto-de-la-comarca-viven-el-inicio-de-la-semana-santa\/#primaryimage"},"thumbnailUrl":"https:\/\/www.copealcoy.es\/wp-content\/uploads\/2015\/03\/image78.jpg","keywords":["Alcoi\u00e0","Alcoy","Comtat","Domingo de Ramos","Pasi\u00f3n","Semana Santa","Tradiciones"],"articleSection":["Alcoy","Noticias","Portada"],"inLanguage":"es"},{"@type":"WebPage","@id":"https:\/\/www.copealcoy.es\/es\/alcoy-y-el-conjunto-de-la-comarca-viven-el-inicio-de-la-semana-santa\/","url":"https:\/\/www.copealcoy.es\/es\/alcoy-y-el-conjunto-de-la-comarca-viven-el-inicio-de-la-semana-santa\/","name":"Alcoy y el conjunto de la comarca viven el inicio de la Semana Santa - COPE Alcoy","isPartOf":{"@id":"https:\/\/www.copealcoy.es\/es\/#website"},"primaryImageOfPage":{"@id":"https:\/\/www.copealcoy.es\/es\/alcoy-y-el-conjunto-de-la-comarca-viven-el-inicio-de-la-semana-santa\/#primaryimage"},"image":{"@id":"https:\/\/www.copealcoy.es\/es\/alcoy-y-el-conjunto-de-la-comarca-viven-el-inicio-de-la-semana-santa\/#primaryimage"},"thumbnailUrl":"https:\/\/www.copealcoy.es\/wp-content\/uploads\/2015\/03\/image78.jpg","datePublished":"2018-03-23T20:09:32+00:00","dateModified":"2018-03-23T20:14:16+00:00","author":{"@id":"https:\/\/www.copealcoy.es\/es\/#\/schema\/person\/e777c87fa024e57d40170af9df39882c"},"breadcrumb":{"@id":"https:\/\/www.copealcoy.es\/es\/alcoy-y-el-conjunto-de-la-comarca-viven-el-inicio-de-la-semana-santa\/#breadcrumb"},"inLanguage":"es","potentialAction":[{"@type":"ReadAction","target":["https:\/\/www.copealcoy.es\/es\/alcoy-y-el-conjunto-de-la-comarca-viven-el-inicio-de-la-semana-santa\/"]}]},{"@type":"ImageObject","inLanguage":"es","@id":"https:\/\/www.copealcoy.es\/es\/alcoy-y-el-conjunto-de-la-comarca-viven-el-inicio-de-la-semana-santa\/#primaryimage","url":"https:\/\/www.copealcoy.es\/wp-content\/uploads\/2015\/03\/image78.jpg","contentUrl":"https:\/\/www.copealcoy.es\/wp-content\/uploads\/2015\/03\/image78.jpg","width":640,"height":480,"caption":"La Pasi\u00f3n es uno de los actos consolidados en la Semana Santa contestana"},{"@type":"BreadcrumbList","@id":"https:\/\/www.copealcoy.es\/es\/alcoy-y-el-conjunto-de-la-comarca-viven-el-inicio-de-la-semana-santa\/#breadcrumb","itemListElement":[{"@type":"ListItem","position":1,"name":"Portada","item":"https:\/\/www.copealcoy.es\/es\/"},{"@type":"ListItem","position":2,"name":"Alcoy y el conjunto de la comarca viven el inicio de la Semana Santa"}]},{"@type":"WebSite","@id":"https:\/\/www.copealcoy.es\/es\/#website","url":"https:\/\/www.copealcoy.es\/es\/","name":"COPE Alcoy","description":"Emisora COPE de radio local con emisi\u00f3n online. Pont de Sant Jordi 8-10 03803 Alcoy","potentialAction":[{"@type":"SearchAction","target":{"@type":"EntryPoint","urlTemplate":"https:\/\/www.copealcoy.es\/es\/?s={search_term_string}"},"query-input":{"@type":"PropertyValueSpecification","valueRequired":true,"valueName":"search_term_string"}}],"inLanguage":"es"},{"@type":"Person","@id":"https:\/\/www.copealcoy.es\/es\/#\/schema\/person\/e777c87fa024e57d40170af9df39882c","name":"Cope Alcoy","image":{"@type":"ImageObject","inLanguage":"es","@id":"https:\/\/secure.gravatar.com\/avatar\/bb65d0283347e303893ba14f0692005417c1e0e690a325a4c5d8bb2b3943ee14?s=96&d=mm&r=g","url":"https:\/\/secure.gravatar.com\/avatar\/bb65d0283347e303893ba14f0692005417c1e0e690a325a4c5d8bb2b3943ee14?s=96&d=mm&r=g","contentUrl":"https:\/\/secure.gravatar.com\/avatar\/bb65d0283347e303893ba14f0692005417c1e0e690a325a4c5d8bb2b3943ee14?s=96&d=mm&r=g","caption":"Cope Alcoy"}}]}},"_links":{"self":[{"href":"https:\/\/www.copealcoy.es\/es\/wp-json\/wp\/v2\/posts\/40427","targetHints":{"allow":["GET"]}}],"collection":[{"href":"https:\/\/www.copealcoy.es\/es\/wp-json\/wp\/v2\/posts"}],"about":[{"href":"https:\/\/www.copealcoy.es\/es\/wp-json\/wp\/v2\/types\/post"}],"author":[{"embeddable":true,"href":"https:\/\/www.copealcoy.es\/es\/wp-json\/wp\/v2\/users\/1"}],"replies":[{"embeddable":true,"href":"https:\/\/www.copealcoy.es\/es\/wp-json\/wp\/v2\/comments?post=40427"}],"version-history":[{"count":0,"href":"https:\/\/www.copealcoy.es\/es\/wp-json\/wp\/v2\/posts\/40427\/revisions"}],"wp:featuredmedia":[{"embeddable":true,"href":"https:\/\/www.copealcoy.es\/es\/wp-json\/wp\/v2\/media\/11713"}],"wp:attachment":[{"href":"https:\/\/www.copealcoy.es\/es\/wp-json\/wp\/v2\/media?parent=40427"}],"wp:term":[{"taxonomy":"category","embeddable":true,"href":"https:\/\/www.copealcoy.es\/es\/wp-json\/wp\/v2\/categories?post=40427"},{"taxonomy":"post_tag","embeddable":true,"href":"https:\/\/www.copealcoy.es\/es\/wp-json\/wp\/v2\/tags?post=40427"}],"curies":[{"name":"wp","href":"https:\/\/api.w.org\/{rel}","templated":true}]}}