{"id":40417,"date":"2018-03-23T17:36:54","date_gmt":"2018-03-23T17:36:54","guid":{"rendered":"http:\/\/copealcoi.es\/new\/?p=40417"},"modified":"2018-03-23T17:39:00","modified_gmt":"2018-03-23T17:39:00","slug":"carmelitas-recuerda-los-762-anos-de-la-fundacion-de-alcoy","status":"publish","type":"post","link":"https:\/\/www.copealcoy.es\/es\/carmelitas-recuerda-los-762-anos-de-la-fundacion-de-alcoy\/","title":{"rendered":"Carmelitas recuerda los 762 a\u00f1os de la Fundaci\u00f3n de Alcoy"},"content":{"rendered":"<p style=\"text-align: justify;\">El 17 de marzo es <strong>una fecha muy importante para la ciudad de Alcoy<\/strong> y que, sin embargo, es desconocida por muchos de nuestros conciudadanos. Fue en ese d\u00eda, pero de 1256, cuando <strong>se nos otorg\u00f3 la \u201ccarta puebla\u201d<\/strong> y por tanto es la fecha de nacimiento de nuestra localidad. En ella s<strong>e nos otorgaban una serie de privilegios y donaciones<\/strong> que marcar\u00edan la vida de los pobladores llegados del reino de Arag\u00f3n para instalarse en estas tierras.\u00a0Se cumplen ahora <strong>762 a\u00f1os<\/strong> y, lamentablemente, el documento original no se conserva. Pero no por ello deber\u00eda de quedar en el olvido, y <strong>el colegio Carmelitas quiere que esta sea una fecha importante<\/strong> en el calendario de sus alumnos.<\/p>\n<p style=\"text-align: justify;\">Por este motivo los estudiantes \u00a0realizaron, por cuarto a\u00f1o consecutivo, <strong>una recreaci\u00f3n hist\u00f3rica con la lectura y acto de entrega de la \u201ccarta puebla\u201d a los primeros pobladores<\/strong> de nuestra ciudad. Un viaje en el tiempo para meterse en la piel de los primeros ciudadanos de Alcoy. Una celebraci\u00f3n que <strong>se tuvo que adelantar al viernes 16 de marzo<\/strong> dado que este a\u00f1o el aniversario cay\u00f3 en s\u00e1bado.<\/p>\n<p style=\"text-align: justify;\">La representaci\u00f3n tuvo lugar <strong>a las diez y media de la ma\u00f1ana en el sal\u00f3n de plenos del Ayuntamiento<\/strong>, hasta donde llegaron en comitiva todos los actores que participaron en la puesta en escena, <strong>31 en total<\/strong>, desde los m\u00e1s peque\u00f1os de infantil hasta los mayores de secundaria.<\/p>\n<p style=\"text-align: justify;\">Un emotivo acto que, junto con su preparaci\u00f3n durante toda la semana, <strong>sirvi\u00f3 para que los alumnos aprendan la historia de Alcoy y las costumbres de la Edad Media\u00a0<\/strong>de una forma vivencial. Sin lugar a dudas l<strong>a mejor manera de acercar los contenidos acad\u00e9micos<\/strong> del colegio.<\/p>\n","protected":false},"excerpt":{"rendered":"<p>El 17 de marzo es una fecha muy importante para la ciudad de Alcoy y que, sin embargo, es desconocida&#8230;<\/p>\n","protected":false},"author":1,"featured_media":40418,"comment_status":"open","ping_status":"open","sticky":false,"template":"","format":"standard","meta":{"footnotes":""},"categories":[97,900,75],"tags":[1494,718,1381,1743],"class_list":["post-40417","post","type-post","status-publish","format-standard","has-post-thumbnail","hentry","category-alcoy","category-educacion","category-noticias","tag-alcoy","tag-carmelitas","tag-ciudad","tag-fundacion"],"yoast_head":"<!-- This site is optimized with the Yoast SEO plugin v27.3 - https:\/\/yoast.com\/product\/yoast-seo-wordpress\/ -->\n<title>Carmelitas recuerda los 762 a\u00f1os de la Fundaci\u00f3n de Alcoy - COPE Alcoy<\/title>\n<meta name=\"robots\" content=\"index, follow, max-snippet:-1, max-image-preview:large, max-video-preview:-1\" \/>\n<link rel=\"canonical\" href=\"https:\/\/www.copealcoy.es\/es\/carmelitas-recuerda-los-762-anos-de-la-fundacion-de-alcoy\/\" \/>\n<meta property=\"og:locale\" content=\"es_ES\" \/>\n<meta property=\"og:type\" content=\"article\" \/>\n<meta property=\"og:title\" content=\"Carmelitas recuerda los 762 a\u00f1os de la Fundaci\u00f3n de Alcoy - COPE Alcoy\" \/>\n<meta property=\"og:description\" content=\"El 17 de marzo es una fecha muy importante para la ciudad de Alcoy y que, sin embargo, es desconocida...\" \/>\n<meta property=\"og:url\" content=\"https:\/\/www.copealcoy.es\/es\/carmelitas-recuerda-los-762-anos-de-la-fundacion-de-alcoy\/\" \/>\n<meta property=\"og:site_name\" content=\"COPE Alcoy\" \/>\n<meta property=\"article:published_time\" content=\"2018-03-23T17:36:54+00:00\" \/>\n<meta property=\"article:modified_time\" content=\"2018-03-23T17:39:00+00:00\" \/>\n<meta property=\"og:image\" content=\"https:\/\/www.copealcoy.es\/wp-content\/uploads\/2018\/03\/P1030026-e1521826385165-1024x584.jpg\" \/>\n\t<meta property=\"og:image:width\" content=\"1024\" \/>\n\t<meta property=\"og:image:height\" content=\"584\" \/>\n\t<meta property=\"og:image:type\" content=\"image\/jpeg\" \/>\n<meta name=\"author\" content=\"Cope Alcoy\" \/>\n<meta name=\"twitter:label1\" content=\"Escrito por\" \/>\n\t<meta name=\"twitter:data1\" content=\"Cope Alcoy\" \/>\n\t<meta name=\"twitter:label2\" content=\"Tiempo de lectura\" \/>\n\t<meta name=\"twitter:data2\" content=\"1 minuto\" \/>\n<script type=\"application\/ld+json\" class=\"yoast-schema-graph\">{\"@context\":\"https:\\\/\\\/schema.org\",\"@graph\":[{\"@type\":\"Article\",\"@id\":\"https:\\\/\\\/www.copealcoy.es\\\/es\\\/carmelitas-recuerda-los-762-anos-de-la-fundacion-de-alcoy\\\/#article\",\"isPartOf\":{\"@id\":\"https:\\\/\\\/www.copealcoy.es\\\/es\\\/carmelitas-recuerda-los-762-anos-de-la-fundacion-de-alcoy\\\/\"},\"author\":{\"name\":\"Cope Alcoy\",\"@id\":\"https:\\\/\\\/www.copealcoy.es\\\/es\\\/#\\\/schema\\\/person\\\/e777c87fa024e57d40170af9df39882c\"},\"headline\":\"Carmelitas recuerda los 762 a\u00f1os de la Fundaci\u00f3n de Alcoy\",\"datePublished\":\"2018-03-23T17:36:54+00:00\",\"dateModified\":\"2018-03-23T17:39:00+00:00\",\"mainEntityOfPage\":{\"@id\":\"https:\\\/\\\/www.copealcoy.es\\\/es\\\/carmelitas-recuerda-los-762-anos-de-la-fundacion-de-alcoy\\\/\"},\"wordCount\":305,\"commentCount\":0,\"image\":{\"@id\":\"https:\\\/\\\/www.copealcoy.es\\\/es\\\/carmelitas-recuerda-los-762-anos-de-la-fundacion-de-alcoy\\\/#primaryimage\"},\"thumbnailUrl\":\"https:\\\/\\\/www.copealcoy.es\\\/wp-content\\\/uploads\\\/2018\\\/03\\\/P1030026-e1521826385165.jpg\",\"keywords\":[\"Alcoy\",\"Carmelitas\",\"Ciudad\",\"Fundaci\u00f3n\"],\"articleSection\":[\"Alcoy\",\"Educaci\u00f3n\",\"Noticias\"],\"inLanguage\":\"es\"},{\"@type\":\"WebPage\",\"@id\":\"https:\\\/\\\/www.copealcoy.es\\\/es\\\/carmelitas-recuerda-los-762-anos-de-la-fundacion-de-alcoy\\\/\",\"url\":\"https:\\\/\\\/www.copealcoy.es\\\/es\\\/carmelitas-recuerda-los-762-anos-de-la-fundacion-de-alcoy\\\/\",\"name\":\"Carmelitas recuerda los 762 a\u00f1os de la Fundaci\u00f3n de Alcoy - COPE Alcoy\",\"isPartOf\":{\"@id\":\"https:\\\/\\\/www.copealcoy.es\\\/es\\\/#website\"},\"primaryImageOfPage\":{\"@id\":\"https:\\\/\\\/www.copealcoy.es\\\/es\\\/carmelitas-recuerda-los-762-anos-de-la-fundacion-de-alcoy\\\/#primaryimage\"},\"image\":{\"@id\":\"https:\\\/\\\/www.copealcoy.es\\\/es\\\/carmelitas-recuerda-los-762-anos-de-la-fundacion-de-alcoy\\\/#primaryimage\"},\"thumbnailUrl\":\"https:\\\/\\\/www.copealcoy.es\\\/wp-content\\\/uploads\\\/2018\\\/03\\\/P1030026-e1521826385165.jpg\",\"datePublished\":\"2018-03-23T17:36:54+00:00\",\"dateModified\":\"2018-03-23T17:39:00+00:00\",\"author\":{\"@id\":\"https:\\\/\\\/www.copealcoy.es\\\/es\\\/#\\\/schema\\\/person\\\/e777c87fa024e57d40170af9df39882c\"},\"breadcrumb\":{\"@id\":\"https:\\\/\\\/www.copealcoy.es\\\/es\\\/carmelitas-recuerda-los-762-anos-de-la-fundacion-de-alcoy\\\/#breadcrumb\"},\"inLanguage\":\"es\",\"potentialAction\":[{\"@type\":\"ReadAction\",\"target\":[\"https:\\\/\\\/www.copealcoy.es\\\/es\\\/carmelitas-recuerda-los-762-anos-de-la-fundacion-de-alcoy\\\/\"]}]},{\"@type\":\"ImageObject\",\"inLanguage\":\"es\",\"@id\":\"https:\\\/\\\/www.copealcoy.es\\\/es\\\/carmelitas-recuerda-los-762-anos-de-la-fundacion-de-alcoy\\\/#primaryimage\",\"url\":\"https:\\\/\\\/www.copealcoy.es\\\/wp-content\\\/uploads\\\/2018\\\/03\\\/P1030026-e1521826385165.jpg\",\"contentUrl\":\"https:\\\/\\\/www.copealcoy.es\\\/wp-content\\\/uploads\\\/2018\\\/03\\\/P1030026-e1521826385165.jpg\",\"width\":4608,\"height\":2626},{\"@type\":\"BreadcrumbList\",\"@id\":\"https:\\\/\\\/www.copealcoy.es\\\/es\\\/carmelitas-recuerda-los-762-anos-de-la-fundacion-de-alcoy\\\/#breadcrumb\",\"itemListElement\":[{\"@type\":\"ListItem\",\"position\":1,\"name\":\"Portada\",\"item\":\"https:\\\/\\\/www.copealcoy.es\\\/es\\\/\"},{\"@type\":\"ListItem\",\"position\":2,\"name\":\"Carmelitas recuerda los 762 a\u00f1os de la Fundaci\u00f3n de Alcoy\"}]},{\"@type\":\"WebSite\",\"@id\":\"https:\\\/\\\/www.copealcoy.es\\\/es\\\/#website\",\"url\":\"https:\\\/\\\/www.copealcoy.es\\\/es\\\/\",\"name\":\"COPE Alcoy\",\"description\":\"Emisora COPE de radio local con emisi\u00f3n online. Pont de Sant Jordi 8-10 03803 Alcoy\",\"potentialAction\":[{\"@type\":\"SearchAction\",\"target\":{\"@type\":\"EntryPoint\",\"urlTemplate\":\"https:\\\/\\\/www.copealcoy.es\\\/es\\\/?s={search_term_string}\"},\"query-input\":{\"@type\":\"PropertyValueSpecification\",\"valueRequired\":true,\"valueName\":\"search_term_string\"}}],\"inLanguage\":\"es\"},{\"@type\":\"Person\",\"@id\":\"https:\\\/\\\/www.copealcoy.es\\\/es\\\/#\\\/schema\\\/person\\\/e777c87fa024e57d40170af9df39882c\",\"name\":\"Cope Alcoy\",\"image\":{\"@type\":\"ImageObject\",\"inLanguage\":\"es\",\"@id\":\"https:\\\/\\\/secure.gravatar.com\\\/avatar\\\/bb65d0283347e303893ba14f0692005417c1e0e690a325a4c5d8bb2b3943ee14?s=96&d=mm&r=g\",\"url\":\"https:\\\/\\\/secure.gravatar.com\\\/avatar\\\/bb65d0283347e303893ba14f0692005417c1e0e690a325a4c5d8bb2b3943ee14?s=96&d=mm&r=g\",\"contentUrl\":\"https:\\\/\\\/secure.gravatar.com\\\/avatar\\\/bb65d0283347e303893ba14f0692005417c1e0e690a325a4c5d8bb2b3943ee14?s=96&d=mm&r=g\",\"caption\":\"Cope Alcoy\"}}]}<\/script>\n<!-- \/ Yoast SEO plugin. -->","yoast_head_json":{"title":"Carmelitas recuerda los 762 a\u00f1os de la Fundaci\u00f3n de Alcoy - COPE Alcoy","robots":{"index":"index","follow":"follow","max-snippet":"max-snippet:-1","max-image-preview":"max-image-preview:large","max-video-preview":"max-video-preview:-1"},"canonical":"https:\/\/www.copealcoy.es\/es\/carmelitas-recuerda-los-762-anos-de-la-fundacion-de-alcoy\/","og_locale":"es_ES","og_type":"article","og_title":"Carmelitas recuerda los 762 a\u00f1os de la Fundaci\u00f3n de Alcoy - COPE Alcoy","og_description":"El 17 de marzo es una fecha muy importante para la ciudad de Alcoy y que, sin embargo, es desconocida...","og_url":"https:\/\/www.copealcoy.es\/es\/carmelitas-recuerda-los-762-anos-de-la-fundacion-de-alcoy\/","og_site_name":"COPE Alcoy","article_published_time":"2018-03-23T17:36:54+00:00","article_modified_time":"2018-03-23T17:39:00+00:00","og_image":[{"width":1024,"height":584,"url":"https:\/\/www.copealcoy.es\/wp-content\/uploads\/2018\/03\/P1030026-e1521826385165-1024x584.jpg","type":"image\/jpeg"}],"author":"Cope Alcoy","twitter_misc":{"Escrito por":"Cope Alcoy","Tiempo de lectura":"1 minuto"},"schema":{"@context":"https:\/\/schema.org","@graph":[{"@type":"Article","@id":"https:\/\/www.copealcoy.es\/es\/carmelitas-recuerda-los-762-anos-de-la-fundacion-de-alcoy\/#article","isPartOf":{"@id":"https:\/\/www.copealcoy.es\/es\/carmelitas-recuerda-los-762-anos-de-la-fundacion-de-alcoy\/"},"author":{"name":"Cope Alcoy","@id":"https:\/\/www.copealcoy.es\/es\/#\/schema\/person\/e777c87fa024e57d40170af9df39882c"},"headline":"Carmelitas recuerda los 762 a\u00f1os de la Fundaci\u00f3n de Alcoy","datePublished":"2018-03-23T17:36:54+00:00","dateModified":"2018-03-23T17:39:00+00:00","mainEntityOfPage":{"@id":"https:\/\/www.copealcoy.es\/es\/carmelitas-recuerda-los-762-anos-de-la-fundacion-de-alcoy\/"},"wordCount":305,"commentCount":0,"image":{"@id":"https:\/\/www.copealcoy.es\/es\/carmelitas-recuerda-los-762-anos-de-la-fundacion-de-alcoy\/#primaryimage"},"thumbnailUrl":"https:\/\/www.copealcoy.es\/wp-content\/uploads\/2018\/03\/P1030026-e1521826385165.jpg","keywords":["Alcoy","Carmelitas","Ciudad","Fundaci\u00f3n"],"articleSection":["Alcoy","Educaci\u00f3n","Noticias"],"inLanguage":"es"},{"@type":"WebPage","@id":"https:\/\/www.copealcoy.es\/es\/carmelitas-recuerda-los-762-anos-de-la-fundacion-de-alcoy\/","url":"https:\/\/www.copealcoy.es\/es\/carmelitas-recuerda-los-762-anos-de-la-fundacion-de-alcoy\/","name":"Carmelitas recuerda los 762 a\u00f1os de la Fundaci\u00f3n de Alcoy - COPE Alcoy","isPartOf":{"@id":"https:\/\/www.copealcoy.es\/es\/#website"},"primaryImageOfPage":{"@id":"https:\/\/www.copealcoy.es\/es\/carmelitas-recuerda-los-762-anos-de-la-fundacion-de-alcoy\/#primaryimage"},"image":{"@id":"https:\/\/www.copealcoy.es\/es\/carmelitas-recuerda-los-762-anos-de-la-fundacion-de-alcoy\/#primaryimage"},"thumbnailUrl":"https:\/\/www.copealcoy.es\/wp-content\/uploads\/2018\/03\/P1030026-e1521826385165.jpg","datePublished":"2018-03-23T17:36:54+00:00","dateModified":"2018-03-23T17:39:00+00:00","author":{"@id":"https:\/\/www.copealcoy.es\/es\/#\/schema\/person\/e777c87fa024e57d40170af9df39882c"},"breadcrumb":{"@id":"https:\/\/www.copealcoy.es\/es\/carmelitas-recuerda-los-762-anos-de-la-fundacion-de-alcoy\/#breadcrumb"},"inLanguage":"es","potentialAction":[{"@type":"ReadAction","target":["https:\/\/www.copealcoy.es\/es\/carmelitas-recuerda-los-762-anos-de-la-fundacion-de-alcoy\/"]}]},{"@type":"ImageObject","inLanguage":"es","@id":"https:\/\/www.copealcoy.es\/es\/carmelitas-recuerda-los-762-anos-de-la-fundacion-de-alcoy\/#primaryimage","url":"https:\/\/www.copealcoy.es\/wp-content\/uploads\/2018\/03\/P1030026-e1521826385165.jpg","contentUrl":"https:\/\/www.copealcoy.es\/wp-content\/uploads\/2018\/03\/P1030026-e1521826385165.jpg","width":4608,"height":2626},{"@type":"BreadcrumbList","@id":"https:\/\/www.copealcoy.es\/es\/carmelitas-recuerda-los-762-anos-de-la-fundacion-de-alcoy\/#breadcrumb","itemListElement":[{"@type":"ListItem","position":1,"name":"Portada","item":"https:\/\/www.copealcoy.es\/es\/"},{"@type":"ListItem","position":2,"name":"Carmelitas recuerda los 762 a\u00f1os de la Fundaci\u00f3n de Alcoy"}]},{"@type":"WebSite","@id":"https:\/\/www.copealcoy.es\/es\/#website","url":"https:\/\/www.copealcoy.es\/es\/","name":"COPE Alcoy","description":"Emisora COPE de radio local con emisi\u00f3n online. Pont de Sant Jordi 8-10 03803 Alcoy","potentialAction":[{"@type":"SearchAction","target":{"@type":"EntryPoint","urlTemplate":"https:\/\/www.copealcoy.es\/es\/?s={search_term_string}"},"query-input":{"@type":"PropertyValueSpecification","valueRequired":true,"valueName":"search_term_string"}}],"inLanguage":"es"},{"@type":"Person","@id":"https:\/\/www.copealcoy.es\/es\/#\/schema\/person\/e777c87fa024e57d40170af9df39882c","name":"Cope Alcoy","image":{"@type":"ImageObject","inLanguage":"es","@id":"https:\/\/secure.gravatar.com\/avatar\/bb65d0283347e303893ba14f0692005417c1e0e690a325a4c5d8bb2b3943ee14?s=96&d=mm&r=g","url":"https:\/\/secure.gravatar.com\/avatar\/bb65d0283347e303893ba14f0692005417c1e0e690a325a4c5d8bb2b3943ee14?s=96&d=mm&r=g","contentUrl":"https:\/\/secure.gravatar.com\/avatar\/bb65d0283347e303893ba14f0692005417c1e0e690a325a4c5d8bb2b3943ee14?s=96&d=mm&r=g","caption":"Cope Alcoy"}}]}},"_links":{"self":[{"href":"https:\/\/www.copealcoy.es\/es\/wp-json\/wp\/v2\/posts\/40417","targetHints":{"allow":["GET"]}}],"collection":[{"href":"https:\/\/www.copealcoy.es\/es\/wp-json\/wp\/v2\/posts"}],"about":[{"href":"https:\/\/www.copealcoy.es\/es\/wp-json\/wp\/v2\/types\/post"}],"author":[{"embeddable":true,"href":"https:\/\/www.copealcoy.es\/es\/wp-json\/wp\/v2\/users\/1"}],"replies":[{"embeddable":true,"href":"https:\/\/www.copealcoy.es\/es\/wp-json\/wp\/v2\/comments?post=40417"}],"version-history":[{"count":0,"href":"https:\/\/www.copealcoy.es\/es\/wp-json\/wp\/v2\/posts\/40417\/revisions"}],"wp:featuredmedia":[{"embeddable":true,"href":"https:\/\/www.copealcoy.es\/es\/wp-json\/wp\/v2\/media\/40418"}],"wp:attachment":[{"href":"https:\/\/www.copealcoy.es\/es\/wp-json\/wp\/v2\/media?parent=40417"}],"wp:term":[{"taxonomy":"category","embeddable":true,"href":"https:\/\/www.copealcoy.es\/es\/wp-json\/wp\/v2\/categories?post=40417"},{"taxonomy":"post_tag","embeddable":true,"href":"https:\/\/www.copealcoy.es\/es\/wp-json\/wp\/v2\/tags?post=40417"}],"curies":[{"name":"wp","href":"https:\/\/api.w.org\/{rel}","templated":true}]}}